{"id":1018,"date":"2014-10-10T17:10:51","date_gmt":"2014-10-10T15:10:51","guid":{"rendered":"http:\/\/rhusarski.wordpress.com\/?p=1018"},"modified":"2021-03-13T17:35:00","modified_gmt":"2021-03-13T16:35:00","slug":"jak-pojechac-do-korei-polnocnej","status":"publish","type":"post","link":"https:\/\/wloczykij.org\/blog\/2014\/10\/10\/jak-pojechac-do-korei-polnocnej\/","title":{"rendered":"Jak pojecha\u0107 do Korei P\u00f3\u0142nocnej?"},"content":{"rendered":"<p><a href=\"https:\/\/wloczykij.org\/blog\/wp-content\/uploads\/sites\/2\/2014\/10\/img_2481.jpg\"><img loading=\"lazy\" decoding=\"async\" width=\"787\" height=\"1181\" data-attachment-id=\"1031\" data-permalink=\"https:\/\/wloczykij.org\/blog\/2014\/10\/10\/jak-pojechac-do-korei-polnocnej\/img_2481\/\" data-orig-file=\"https:\/\/wloczykij.org\/blog\/wp-content\/uploads\/sites\/2\/2014\/10\/img_2481.jpg\" data-orig-size=\"787,1181\" data-comments-opened=\"0\" data-image-meta=\"{&quot;aperture&quot;:&quot;0&quot;,&quot;credit&quot;:&quot;&quot;,&quot;camera&quot;:&quot;&quot;,&quot;caption&quot;:&quot;&quot;,&quot;created_timestamp&quot;:&quot;0&quot;,&quot;copyright&quot;:&quot;&quot;,&quot;focal_length&quot;:&quot;0&quot;,&quot;iso&quot;:&quot;0&quot;,&quot;shutter_speed&quot;:&quot;0&quot;,&quot;title&quot;:&quot;&quot;,&quot;orientation&quot;:&quot;0&quot;}\" data-image-title=\"Fot. Roman Husarski\" data-image-description=\"\" data-image-caption=\"\" data-large-file=\"https:\/\/wloczykij.org\/blog\/wp-content\/uploads\/sites\/2\/2014\/10\/img_2481-666x1000.jpg\" class=\"wp-image-1031 size-large\" src=\"https:\/\/wloczykij.org\/blog\/wp-content\/uploads\/sites\/2\/2014\/10\/img_2481.jpg\" alt=\"Fot. Roman Husarski\" srcset=\"https:\/\/wloczykij.org\/blog\/wp-content\/uploads\/sites\/2\/2014\/10\/img_2481.jpg 787w, https:\/\/wloczykij.org\/blog\/wp-content\/uploads\/sites\/2\/2014\/10\/img_2481-666x1000.jpg 666w, https:\/\/wloczykij.org\/blog\/wp-content\/uploads\/sites\/2\/2014\/10\/img_2481-512x768.jpg 512w, https:\/\/wloczykij.org\/blog\/wp-content\/uploads\/sites\/2\/2014\/10\/img_2481-768x1152.jpg 768w, https:\/\/wloczykij.org\/blog\/wp-content\/uploads\/sites\/2\/2014\/10\/img_2481-682x1024.jpg 682w, https:\/\/wloczykij.org\/blog\/wp-content\/uploads\/sites\/2\/2014\/10\/img_2481-200x300.jpg 200w\" sizes=\"auto, (max-width: 787px) 100vw, 787px\" \/><\/a><\/p>\n<p>Poni\u017cszy tekst jest odpowiedzi\u0105 na wszystkie maile i pytania na temat wizy, koszt\u00f3w i organizacji podr\u00f3\u017cy do Korei P\u00f3\u0142nocnej.<\/p>\n<p>Podr\u00f3\u017c do Korei P\u00f3\u0142nocnej nie jest tania. Na ten moment w najta\u0144szym wariancie nale\u017cy si\u0119 liczy\u0107 na wydatek ok. $150 za dzie\u0144, plus koszty dotarcia na miejsce. Dla por\u00f3wnania podczas miesi\u0105ca w Iranie wyda\u0142em $170 (nie licz\u0105c koszt\u00f3w wizy). W Korei P\u00f3\u0142nocnej sposoby podr\u00f3\u017cowania s\u0105 bardzo ograniczone. Nie mo\u017cna spa\u0107 w namiocie, \u0142apa\u0107 stopa czy u\u017cywa\u0107 couchsurfingu (cho\u0107 pod has\u0142em &#8222;Pyongyang&#8221; znajduj\u0105 si\u0119 jacy\u015b nauczyciele angielskiego i personel dyplomatyczny, to nie miejcie z\u0142udze\u0144). Prawd\u0119 m\u00f3wi\u0105c, Korea P\u00f3\u0142nocna pod wzgl\u0119dem kontroli bije na g\u0142ow\u0119 wszystkie inne pa\u0144stwa autorytarnych, jakie odwiedzi\u0142em.<\/p>\n<figure id=\"attachment_1030\" aria-describedby=\"caption-attachment-1030\" style=\"width: 1000px\" class=\"wp-caption alignnone\"><a href=\"https:\/\/wloczykij.org\/blog\/wp-content\/uploads\/sites\/2\/2014\/10\/img_2303.jpg\"><img loading=\"lazy\" decoding=\"async\" data-attachment-id=\"1030\" data-permalink=\"https:\/\/wloczykij.org\/blog\/2014\/10\/10\/jak-pojechac-do-korei-polnocnej\/img_2303\/\" data-orig-file=\"https:\/\/wloczykij.org\/blog\/wp-content\/uploads\/sites\/2\/2014\/10\/img_2303.jpg\" data-orig-size=\"1181,787\" data-comments-opened=\"0\" data-image-meta=\"{&quot;aperture&quot;:&quot;0&quot;,&quot;credit&quot;:&quot;&quot;,&quot;camera&quot;:&quot;&quot;,&quot;caption&quot;:&quot;&quot;,&quot;created_timestamp&quot;:&quot;0&quot;,&quot;copyright&quot;:&quot;&quot;,&quot;focal_length&quot;:&quot;0&quot;,&quot;iso&quot;:&quot;0&quot;,&quot;shutter_speed&quot;:&quot;0&quot;,&quot;title&quot;:&quot;&quot;,&quot;orientation&quot;:&quot;0&quot;}\" data-image-title=\"Fot. Roman Husarski\" data-image-description=\"\" data-image-caption=\"\" data-large-file=\"https:\/\/wloczykij.org\/blog\/wp-content\/uploads\/sites\/2\/2014\/10\/img_2303-1000x666.jpg\" class=\"wp-image-1030\" src=\"https:\/\/wloczykij.org\/blog\/wp-content\/uploads\/sites\/2\/2014\/10\/img_2303.jpg\" alt=\"Fot. Roman Husarski\" width=\"1000\" height=\"666\" srcset=\"https:\/\/wloczykij.org\/blog\/wp-content\/uploads\/sites\/2\/2014\/10\/img_2303.jpg 1181w, https:\/\/wloczykij.org\/blog\/wp-content\/uploads\/sites\/2\/2014\/10\/img_2303-1000x666.jpg 1000w, https:\/\/wloczykij.org\/blog\/wp-content\/uploads\/sites\/2\/2014\/10\/img_2303-768x512.jpg 768w, https:\/\/wloczykij.org\/blog\/wp-content\/uploads\/sites\/2\/2014\/10\/img_2303-920x613.jpg 920w, https:\/\/wloczykij.org\/blog\/wp-content\/uploads\/sites\/2\/2014\/10\/img_2303-1024x682.jpg 1024w, https:\/\/wloczykij.org\/blog\/wp-content\/uploads\/sites\/2\/2014\/10\/img_2303-300x200.jpg 300w\" sizes=\"auto, (max-width: 1000px) 100vw, 1000px\" \/><\/a><figcaption id=\"caption-attachment-1030\" class=\"wp-caption-text\">Nawet Korea P\u00f3\u0142nocna si\u0119 zmienia. <br \/>Fot. Roman Husarski<\/figcaption><\/figure>\n<p>Podczas ca\u0142ego pobytu b\u0119d\u0105 towarzyszy\u0107 wam oficjalni przewodnicy, a wy b\u0119dziecie musieli stosowa\u0107 si\u0119 do wielu zasad. Zapomnijcie o wypadzie na miasto po ci\u0119\u017ckim dniu zwiedzania. Zdj\u0119cia mo\u017cna robi\u0107, ale tylko za zgodn\u0105 przewodnika. Przygotujcie si\u0119 na wys\u0142uchiwanie propagandy i k\u0142anianie si\u0119 przed pomnikami przyw\u00f3dc\u00f3w Korei. Niesubordynacja grozi upomnieniem, a w gorszym razie szybk\u0105 deportacj\u0105. Nie wszystko te\u017c mo\u017cna wwozi\u0107 do Korei P\u00f3\u0142nocnej. Biblia, nawet prywatna, jest absolutnie niedopuszczalna. Jednemu z cz\u0142onk\u00f3w mojej grupy, kt\u00f3ry by\u0142 kontrolowany przede mn\u0105, zarekwirowano ksi\u0105\u017ck\u0119 &#8222;North Korean Cinema&#8221; (sk\u0105din\u0105d niespecjalnie krytyczn\u0105 wobec KRLD). Niestety nie otrzyma\u0142 jej z powrotem.<\/p>\n<p>Zosta\u0142em te\u017c poinformowany przez biuro podr\u00f3\u017cy, \u017ce za b\u0142\u0119dy naszej grupy, mog\u0105 zosta\u0107 ukarani nasi przewodnicy. Jest to raczej elitarna praca i jej utrata mo\u017ce dotkn\u0105\u0107 ca\u0142\u0105 rodzin\u0119. Innymi s\u0142owy, w Korei P\u00f3\u0142nocnej stawka zawsze jest wysoka. Je\u017celi jednak si\u0119 zdecydowa\u0142e\u015b na podr\u00f3\u017c do &#8222;Pustelniczego Kr\u00f3lestwa&#8221;, to raczej wiesz, \u017ce szykuje si\u0119 inna podr\u00f3\u017c, ni\u017c do Tajlandii. Wszystkie zasady otrzymasz od biura podr\u00f3\u017cy. Wystarczy ich przestrzega\u0107. Najprawdopodobniej b\u0119dzie to jedna z najbezpieczniejszych podr\u00f3\u017cy w waszym \u017cyciu. W ko\u0144cu wasze bezpiecze\u0144stwo te\u017c jest pilnowane ca\u0142y czas. Jeste\u015bcie pod czu\u0142\u0105 obserwacj\u0105 Wielkiego Wodza.<\/p>\n<p>Do Korei P\u00f3\u0142nocnej mo\u017cna wjecha\u0107 samemu, jednak podr\u00f3\u017c w grupie jest ta\u0144sza. Jest bardzo wiele grup, kt\u00f3re oferuj\u0105 wycieczki. Podr\u00f3\u017c mo\u017cna te\u017c za\u0142atwi\u0107 przez ambasad\u0119. Wszystkim zarz\u0105dza pa\u0144stwowa instytucja Korea International Travel Company. Nie dajcie si\u0119 nabra\u0107 na has\u0142a niekt\u00f3rych biur turystycznych o &#8222;wyj\u0105tkowym dost\u0119pie&#8221; do kraju.<\/p>\n<figure id=\"attachment_1029\" aria-describedby=\"caption-attachment-1029\" style=\"width: 1000px\" class=\"wp-caption alignnone\"><a href=\"https:\/\/wloczykij.org\/blog\/wp-content\/uploads\/sites\/2\/2014\/10\/img_1865.jpg\"><img loading=\"lazy\" decoding=\"async\" data-attachment-id=\"1029\" data-permalink=\"https:\/\/wloczykij.org\/blog\/2014\/10\/10\/jak-pojechac-do-korei-polnocnej\/img_1865\/\" data-orig-file=\"https:\/\/wloczykij.org\/blog\/wp-content\/uploads\/sites\/2\/2014\/10\/img_1865.jpg\" data-orig-size=\"1181,787\" data-comments-opened=\"0\" data-image-meta=\"{&quot;aperture&quot;:&quot;0&quot;,&quot;credit&quot;:&quot;&quot;,&quot;camera&quot;:&quot;&quot;,&quot;caption&quot;:&quot;&quot;,&quot;created_timestamp&quot;:&quot;0&quot;,&quot;copyright&quot;:&quot;&quot;,&quot;focal_length&quot;:&quot;0&quot;,&quot;iso&quot;:&quot;0&quot;,&quot;shutter_speed&quot;:&quot;0&quot;,&quot;title&quot;:&quot;&quot;,&quot;orientation&quot;:&quot;0&quot;}\" data-image-title=\"Fot. Roman Husarski\" data-image-description=\"\" data-image-caption=\"\" data-large-file=\"https:\/\/wloczykij.org\/blog\/wp-content\/uploads\/sites\/2\/2014\/10\/img_1865-1000x666.jpg\" class=\"wp-image-1029\" src=\"https:\/\/wloczykij.org\/blog\/wp-content\/uploads\/sites\/2\/2014\/10\/img_1865.jpg\" alt=\"Fot. Roman Husarski\" width=\"1000\" height=\"666\" srcset=\"https:\/\/wloczykij.org\/blog\/wp-content\/uploads\/sites\/2\/2014\/10\/img_1865.jpg 1181w, https:\/\/wloczykij.org\/blog\/wp-content\/uploads\/sites\/2\/2014\/10\/img_1865-1000x666.jpg 1000w, https:\/\/wloczykij.org\/blog\/wp-content\/uploads\/sites\/2\/2014\/10\/img_1865-768x512.jpg 768w, https:\/\/wloczykij.org\/blog\/wp-content\/uploads\/sites\/2\/2014\/10\/img_1865-920x613.jpg 920w, https:\/\/wloczykij.org\/blog\/wp-content\/uploads\/sites\/2\/2014\/10\/img_1865-1024x682.jpg 1024w, https:\/\/wloczykij.org\/blog\/wp-content\/uploads\/sites\/2\/2014\/10\/img_1865-300x200.jpg 300w\" sizes=\"auto, (max-width: 1000px) 100vw, 1000px\" \/><\/a><figcaption id=\"caption-attachment-1029\" class=\"wp-caption-text\">Korea P\u00f3\u0142nocna daje szanse na zrobienie wielu \u015bwietnych zdj\u0119\u0107 Oczywi\u015bcie w kontrolowanych warunkach\/\u00a0<br \/>Fot. Roman Husarski<\/figcaption><\/figure>\n<p>A jednak s\u0105 r\u00f3\u017cnice i decyzja o wyborze biura powinna by\u0107 przemy\u015blana. Najta\u0144sz\u0105 opcj\u0105 s\u0105 <a href=\"http:\/\/www.youngpioneertours.com\/\">Young Pioneer Tours<\/a>. Biuro to posiada wiele objazdowych grupowych wycieczek, ale niestety nie potrafili mi pom\u00f3c w udziale w Festiwalu Filmowym. Dlatego wybra\u0142em <a href=\"http:\/\/www.koryogroup.com\/about_history.php\">Koryo Tours<\/a>, kt\u00f3rzy jako jedyni przygotowali wycieczk\u0119 specjalnie pod festiwal. Za\u0142o\u017cyciel biura <a href=\"https:\/\/wloczykij.org\/blog\/2014\/12\/07\/o-podrozach-turystyce-i-przemysle-filmowym-w-korei-polnocnej-rozmowa-z-nickiem-bonnerem\/\">Nick Bonner<\/a> od lat kolekcjonuje sztuk\u0119 i fascynuje si\u0119 Kore\u0105 P\u00f3\u0142nocn\u0105. Pierwszych turyst\u00f3w przywozi\u0142 ju\u017c w 1989 roku. Od tamtej pory stale negocjuje z KITC i stara si\u0119 powi\u0119ksza\u0107 mo\u017cliwo\u015bci podr\u00f3\u017cowania po Korei. To m.in. dzi\u0119ki jego wysi\u0142kom coraz wi\u0119cej miejsc staje si\u0119 mo\u017cliwych do odwiedzenia. To dzi\u0119ki Nickowi re\u017cyser Daniel Gordon m\u00f3g\u0142 nakr\u0119ci\u0107 swoj\u0105 trylogi\u0119 fascynuj\u0105cych dokument\u00f3w. Koryo ma te\u017c wiele specjalnych wycieczek jak cho\u0107by wspomniany festiwal filmowy. Minusem pozostaje jednak wy\u017csza cena. Ciesz\u0119 si\u0119 o tyle, \u017ce, \u017ce unikn\u0105\u0142em podr\u00f3\u017cy w grupie z lud\u017ami, kt\u00f3rzy chcieli po prostu zaliczy\u0107 kolejn\u0105 egzotyczn\u0105 lokalizacj\u0119. W mojej o\u015bmioosobowej dru\u017cynie znalaz\u0142o si\u0119 kilka bardzo ciekawych os\u00f3b ze spor\u0105 wiedz\u0105 i do\u015bwiadczeniem.<\/p>\n<figure id=\"attachment_1027\" aria-describedby=\"caption-attachment-1027\" style=\"width: 1000px\" class=\"wp-caption alignnone\"><a href=\"https:\/\/wloczykij.org\/blog\/wp-content\/uploads\/sites\/2\/2014\/10\/img_1616.jpg\"><img loading=\"lazy\" decoding=\"async\" data-attachment-id=\"1027\" data-permalink=\"https:\/\/wloczykij.org\/blog\/2014\/10\/10\/jak-pojechac-do-korei-polnocnej\/img_1616\/\" data-orig-file=\"https:\/\/wloczykij.org\/blog\/wp-content\/uploads\/sites\/2\/2014\/10\/img_1616.jpg\" data-orig-size=\"1181,787\" data-comments-opened=\"0\" data-image-meta=\"{&quot;aperture&quot;:&quot;0&quot;,&quot;credit&quot;:&quot;&quot;,&quot;camera&quot;:&quot;&quot;,&quot;caption&quot;:&quot;&quot;,&quot;created_timestamp&quot;:&quot;0&quot;,&quot;copyright&quot;:&quot;&quot;,&quot;focal_length&quot;:&quot;0&quot;,&quot;iso&quot;:&quot;0&quot;,&quot;shutter_speed&quot;:&quot;0&quot;,&quot;title&quot;:&quot;&quot;,&quot;orientation&quot;:&quot;0&quot;}\" data-image-title=\"Fot. Roman Husarski\" data-image-description=\"\" data-image-caption=\"\" data-large-file=\"https:\/\/wloczykij.org\/blog\/wp-content\/uploads\/sites\/2\/2014\/10\/img_1616-1000x666.jpg\" class=\"wp-image-1027\" src=\"https:\/\/wloczykij.org\/blog\/wp-content\/uploads\/sites\/2\/2014\/10\/img_1616.jpg\" alt=\"Fot. Roman Husarski\" width=\"1000\" height=\"666\" srcset=\"https:\/\/wloczykij.org\/blog\/wp-content\/uploads\/sites\/2\/2014\/10\/img_1616.jpg 1181w, https:\/\/wloczykij.org\/blog\/wp-content\/uploads\/sites\/2\/2014\/10\/img_1616-1000x666.jpg 1000w, https:\/\/wloczykij.org\/blog\/wp-content\/uploads\/sites\/2\/2014\/10\/img_1616-768x512.jpg 768w, https:\/\/wloczykij.org\/blog\/wp-content\/uploads\/sites\/2\/2014\/10\/img_1616-920x613.jpg 920w, https:\/\/wloczykij.org\/blog\/wp-content\/uploads\/sites\/2\/2014\/10\/img_1616-1024x682.jpg 1024w, https:\/\/wloczykij.org\/blog\/wp-content\/uploads\/sites\/2\/2014\/10\/img_1616-300x200.jpg 300w\" sizes=\"auto, (max-width: 1000px) 100vw, 1000px\" \/><\/a><figcaption id=\"caption-attachment-1027\" class=\"wp-caption-text\">Korea\u0144ska kuchnia jest wspania\u0142a. Gorzej, gdy pr\u00f3bowali na\u015bladowa\u0107 Zach\u00f3d&#8230; <br \/>Fot. Roman Husarski<\/figcaption><\/figure>\n<p>Sprawy wizowe biuro za\u0142atwia za was. Mo\u017cna liczy\u0107 si\u0119 z tym, \u017ce wasze nazwiska zostan\u0105 sprawdzone. Pono\u0107 rzadko odmawiaj\u0105 ludziom wizy, ale zdarzy\u0142o si\u0119 to mojemu <a href=\"https:\/\/wloczykij.org\/blog\/2015\/01\/14\/birma-milosc-od-pierwszego-wejrzenia-wywiad-z-michalem-lubina\/\">wyk\u0142adowcy<\/a>. I to kilkakrotnie! Co jest o tyle dziwne, \u017ce nie pisa\u0142 nigdy na temat Korei P\u00f3\u0142nocnej, a o innym, azjatyckim wojskowym re\u017cimie. Za to w mojej grupie znalaz\u0142o si\u0119 dw\u00f3ch reporter\u00f3w. Cho\u0107 wiza reporterska do KRLD jest bardzo trudna do dostania, to wielu wje\u017cd\u017ca na wizy turystycznej (w porozumieniu z biurem). Wje\u017cd\u017caj\u0105c do Korei P\u00f3\u0142nocnej, nie dostaje si\u0119 piecz\u0105tki do paszportu (zaw\u00f3d dla kolekcjoner\u00f3w!). Po naszym pobycie nie zostaje \u015blad. Mo\u017cna si\u0119 poczu\u0107 jak duch.<\/p>\n<p>Niezale\u017cnie na jakie biuro si\u0119 zdecydujecie, koniecznie sprawd\u017acie wcze\u015bniej, czy przypadkiem nie jest prowadzone przez Ko\u0142o Przyjaci\u00f3\u0142 D\u017cucze, Korea\u0144skie Towarzystwo Przyja\u017ani czy inn\u0105 prore\u017cimow\u0105 organizacje. Istnieje sporo opowie\u015bci o wykorzystywaniu turyst\u00f3w przez tego typu grupy, do w\u0142asnych politycznych cel\u00f3w (zob. np. film dokumentalny <a href=\"http:\/\/www.youtube.com\/watch?v=DtwVs_G5myw\">Friends of Kim<\/a>). Oczywi\u015bcie nie istnieje &#8222;neutralna&#8221; wycieczka do KRLD&#8230;<\/p>\n<figure id=\"attachment_1028\" aria-describedby=\"caption-attachment-1028\" style=\"width: 1000px\" class=\"wp-caption alignnone\"><a href=\"https:\/\/wloczykij.org\/blog\/wp-content\/uploads\/sites\/2\/2014\/10\/img_1825.jpg\"><img loading=\"lazy\" decoding=\"async\" data-attachment-id=\"1028\" data-permalink=\"https:\/\/wloczykij.org\/blog\/2014\/10\/10\/jak-pojechac-do-korei-polnocnej\/img_1825\/\" data-orig-file=\"https:\/\/wloczykij.org\/blog\/wp-content\/uploads\/sites\/2\/2014\/10\/img_1825.jpg\" data-orig-size=\"1181,787\" data-comments-opened=\"0\" data-image-meta=\"{&quot;aperture&quot;:&quot;0&quot;,&quot;credit&quot;:&quot;&quot;,&quot;camera&quot;:&quot;&quot;,&quot;caption&quot;:&quot;&quot;,&quot;created_timestamp&quot;:&quot;0&quot;,&quot;copyright&quot;:&quot;&quot;,&quot;focal_length&quot;:&quot;0&quot;,&quot;iso&quot;:&quot;0&quot;,&quot;shutter_speed&quot;:&quot;0&quot;,&quot;title&quot;:&quot;&quot;,&quot;orientation&quot;:&quot;0&quot;}\" data-image-title=\"Fot. Roman Husarski\" data-image-description=\"\" data-image-caption=\"\" data-large-file=\"https:\/\/wloczykij.org\/blog\/wp-content\/uploads\/sites\/2\/2014\/10\/img_1825-1000x666.jpg\" class=\"wp-image-1028\" src=\"https:\/\/wloczykij.org\/blog\/wp-content\/uploads\/sites\/2\/2014\/10\/img_1825.jpg\" alt=\"Fot. Roman Husarski\" width=\"1000\" height=\"666\" srcset=\"https:\/\/wloczykij.org\/blog\/wp-content\/uploads\/sites\/2\/2014\/10\/img_1825.jpg 1181w, https:\/\/wloczykij.org\/blog\/wp-content\/uploads\/sites\/2\/2014\/10\/img_1825-1000x666.jpg 1000w, https:\/\/wloczykij.org\/blog\/wp-content\/uploads\/sites\/2\/2014\/10\/img_1825-768x512.jpg 768w, https:\/\/wloczykij.org\/blog\/wp-content\/uploads\/sites\/2\/2014\/10\/img_1825-920x613.jpg 920w, https:\/\/wloczykij.org\/blog\/wp-content\/uploads\/sites\/2\/2014\/10\/img_1825-1024x682.jpg 1024w, https:\/\/wloczykij.org\/blog\/wp-content\/uploads\/sites\/2\/2014\/10\/img_1825-300x200.jpg 300w\" sizes=\"auto, (max-width: 1000px) 100vw, 1000px\" \/><\/a><figcaption id=\"caption-attachment-1028\" class=\"wp-caption-text\">Monument\u00f3w ci u nas dostatek. <br \/>Fot. Roman Husarski<\/figcaption><\/figure>\n<p>Na koniec jeszcze kilka uwag co do samej formy podr\u00f3\u017cy. Sporo mo\u017cna uzgodni\u0107 z biurem turystycznym. Jakby kto\u015b chcia\u0142by odwiedzi\u0107 jakie\u015b specjalne miejsce (je\u015bli tylko nie jest to gu\u0142ag, czy prowincja Chagang) to istnieje mo\u017cliwo\u015b\u0107 skonstruowania w\u0142asnej podr\u00f3\u017cy (koszty rosn\u0105 jednak dwukrotnie). Do Korei P\u00f3\u0142nocnej zazwyczaj wlatuje si\u0119 samolotem, ale mo\u017cna te\u017c wybra\u0107 poci\u0105g (moja opcja na powr\u00f3t do Chin). Istniej\u0105 nawet wycieczki rowerowe (przewodnicy pod\u0105\u017caj\u0105 za nami w samochodzie). Prawd\u0119 m\u00f3wi\u0105c, Korea P\u00f3\u0142nocna nie jest tak egzotyczna, jak zak\u0142adaj\u0105 zazwyczaj ludzie Zachodu. Nowobogaccy z Rosji, Chin czy Mongolii przyje\u017cd\u017caj\u0105 tu na narty, do du\u017cych o\u015brodk\u00f3w spa lub do morskich kurort\u00f3w. Zostawiam was z kr\u00f3tkim filmem prosto od Korean Central News Agency:<\/p>\n<div class=\"jetpack-video-wrapper\"><span class=\"embed-youtube\" style=\"text-align:center; display: block;\"><iframe loading=\"lazy\" class=\"youtube-player\" width=\"640\" height=\"360\" src=\"https:\/\/www.youtube.com\/embed\/0lapQ_cbsnU?version=3&#038;rel=1&#038;showsearch=0&#038;showinfo=1&#038;iv_load_policy=1&#038;fs=1&#038;hl=pl-PL&#038;autohide=2&#038;wmode=transparent\" allowfullscreen=\"true\" style=\"border:0;\" sandbox=\"allow-scripts allow-same-origin allow-popups allow-presentation allow-popups-to-escape-sandbox\"><\/iframe><\/span><\/div>\n","protected":false},"excerpt":{"rendered":"<p>Poni\u017cszy tekst jest odpowiedzi\u0105 na wszystkie maile i pytania na temat wizy, koszt\u00f3w i organizacji podr\u00f3\u017cy do Korei P\u00f3\u0142nocnej. Podr\u00f3\u017c do Korei P\u00f3\u0142nocnej nie jest tania. Na ten moment w najta\u0144szym wariancie nale\u017cy si\u0119 liczy\u0107 na wydatek ok. $150 za dzie\u0144, plus koszty dotarcia na miejsce. Dla por\u00f3wnania podczas miesi\u0105ca w Iranie wyda\u0142em $170 (nie &hellip; <\/p>\n","protected":false},"author":1,"featured_media":1030,"comment_status":"open","ping_status":"open","sticky":false,"template":"","format":"standard","meta":{"_jetpack_memberships_contains_paid_content":false,"footnotes":"","jetpack_publicize_message":"","jetpack_publicize_feature_enabled":true,"jetpack_social_post_already_shared":true,"jetpack_social_options":{"image_generator_settings":{"template":"highway","default_image_id":0,"font":"","enabled":false},"version":2}},"categories":[17],"tags":[154,95,126],"class_list":["post-1018","post","type-post","status-publish","format-standard","has-post-thumbnail","hentry","category-korea-polnocna","tag-etyka","tag-podroz","tag-wiza"],"yoast_head":"<!-- This site is optimized with the Yoast SEO plugin v27.5 - https:\/\/yoast.com\/product\/yoast-seo-wordpress\/ -->\n<title>Jak pojecha\u0107 do Korei P\u00f3\u0142nocnej? - W\u0142\u00f3czykij - Roman Husarski<\/title>\n<meta name=\"robots\" content=\"index, follow, max-snippet:-1, max-image-preview:large, max-video-preview:-1\" \/>\n<link rel=\"canonical\" href=\"https:\/\/wloczykij.org\/blog\/2014\/10\/10\/jak-pojechac-do-korei-polnocnej\/\" \/>\n<meta property=\"og:locale\" content=\"pl_PL\" \/>\n<meta property=\"og:type\" content=\"article\" \/>\n<meta property=\"og:title\" content=\"Jak pojecha\u0107 do Korei P\u00f3\u0142nocnej? - W\u0142\u00f3czykij - Roman Husarski\" \/>\n<meta property=\"og:description\" content=\"Poni\u017cszy tekst jest odpowiedzi\u0105 na wszystkie maile i pytania na temat wizy, koszt\u00f3w i organizacji podr\u00f3\u017cy do Korei P\u00f3\u0142nocnej. Podr\u00f3\u017c do Korei P\u00f3\u0142nocnej nie jest tania. Na ten moment w najta\u0144szym wariancie nale\u017cy si\u0119 liczy\u0107 na wydatek ok. $150 za dzie\u0144, plus koszty dotarcia na miejsce. Dla por\u00f3wnania podczas miesi\u0105ca w Iranie wyda\u0142em $170 (nie &hellip;\" \/>\n<meta property=\"og:url\" content=\"https:\/\/wloczykij.org\/blog\/2014\/10\/10\/jak-pojechac-do-korei-polnocnej\/\" \/>\n<meta property=\"og:site_name\" content=\"W\u0142\u00f3czykij - Roman Husarski\" \/>\n<meta property=\"article:publisher\" content=\"https:\/\/www.facebook.com\/pages\/W%c5%82%c3%b3czykij\/282838631839707\" \/>\n<meta property=\"article:published_time\" content=\"2014-10-10T15:10:51+00:00\" \/>\n<meta property=\"article:modified_time\" content=\"2021-03-13T16:35:00+00:00\" \/>\n<meta property=\"og:image\" content=\"https:\/\/wloczykij.org\/blog\/wp-content\/uploads\/sites\/2\/2014\/10\/img_2303.jpg\" \/>\n\t<meta property=\"og:image:width\" content=\"1181\" \/>\n\t<meta property=\"og:image:height\" content=\"787\" \/>\n\t<meta property=\"og:image:type\" content=\"image\/jpeg\" \/>\n<meta name=\"author\" content=\"Roman\" \/>\n<meta name=\"twitter:label1\" content=\"Napisane przez\" \/>\n\t<meta name=\"twitter:data1\" content=\"Roman\" \/>\n\t<meta name=\"twitter:label2\" content=\"Szacowany czas czytania\" \/>\n\t<meta name=\"twitter:data2\" content=\"5 minut\" \/>\n<script type=\"application\/ld+json\" class=\"yoast-schema-graph\">{\"@context\":\"https:\\\/\\\/schema.org\",\"@graph\":[{\"@type\":\"Article\",\"@id\":\"https:\\\/\\\/wloczykij.org\\\/blog\\\/2014\\\/10\\\/10\\\/jak-pojechac-do-korei-polnocnej\\\/#article\",\"isPartOf\":{\"@id\":\"https:\\\/\\\/wloczykij.org\\\/blog\\\/2014\\\/10\\\/10\\\/jak-pojechac-do-korei-polnocnej\\\/\"},\"author\":{\"name\":\"Roman\",\"@id\":\"https:\\\/\\\/wloczykij.org\\\/blog\\\/#\\\/schema\\\/person\\\/5715e17c214052b93c6c53e27ea498e5\"},\"headline\":\"Jak pojecha\u0107 do Korei P\u00f3\u0142nocnej?\",\"datePublished\":\"2014-10-10T15:10:51+00:00\",\"dateModified\":\"2021-03-13T16:35:00+00:00\",\"mainEntityOfPage\":{\"@id\":\"https:\\\/\\\/wloczykij.org\\\/blog\\\/2014\\\/10\\\/10\\\/jak-pojechac-do-korei-polnocnej\\\/\"},\"wordCount\":1022,\"commentCount\":7,\"image\":{\"@id\":\"https:\\\/\\\/wloczykij.org\\\/blog\\\/2014\\\/10\\\/10\\\/jak-pojechac-do-korei-polnocnej\\\/#primaryimage\"},\"thumbnailUrl\":\"https:\\\/\\\/wloczykij.org\\\/blog\\\/wp-content\\\/uploads\\\/sites\\\/2\\\/2014\\\/10\\\/img_2303.jpg\",\"keywords\":[\"etyka\",\"podr\u00f3\u017c\",\"wiza\"],\"articleSection\":[\"Korea P\u00f3\u0142nocna\"],\"inLanguage\":\"pl-PL\",\"potentialAction\":[{\"@type\":\"CommentAction\",\"name\":\"Comment\",\"target\":[\"https:\\\/\\\/wloczykij.org\\\/blog\\\/2014\\\/10\\\/10\\\/jak-pojechac-do-korei-polnocnej\\\/#respond\"]}]},{\"@type\":\"WebPage\",\"@id\":\"https:\\\/\\\/wloczykij.org\\\/blog\\\/2014\\\/10\\\/10\\\/jak-pojechac-do-korei-polnocnej\\\/\",\"url\":\"https:\\\/\\\/wloczykij.org\\\/blog\\\/2014\\\/10\\\/10\\\/jak-pojechac-do-korei-polnocnej\\\/\",\"name\":\"Jak pojecha\u0107 do Korei P\u00f3\u0142nocnej? - W\u0142\u00f3czykij - Roman Husarski\",\"isPartOf\":{\"@id\":\"https:\\\/\\\/wloczykij.org\\\/blog\\\/#website\"},\"primaryImageOfPage\":{\"@id\":\"https:\\\/\\\/wloczykij.org\\\/blog\\\/2014\\\/10\\\/10\\\/jak-pojechac-do-korei-polnocnej\\\/#primaryimage\"},\"image\":{\"@id\":\"https:\\\/\\\/wloczykij.org\\\/blog\\\/2014\\\/10\\\/10\\\/jak-pojechac-do-korei-polnocnej\\\/#primaryimage\"},\"thumbnailUrl\":\"https:\\\/\\\/wloczykij.org\\\/blog\\\/wp-content\\\/uploads\\\/sites\\\/2\\\/2014\\\/10\\\/img_2303.jpg\",\"datePublished\":\"2014-10-10T15:10:51+00:00\",\"dateModified\":\"2021-03-13T16:35:00+00:00\",\"author\":{\"@id\":\"https:\\\/\\\/wloczykij.org\\\/blog\\\/#\\\/schema\\\/person\\\/5715e17c214052b93c6c53e27ea498e5\"},\"breadcrumb\":{\"@id\":\"https:\\\/\\\/wloczykij.org\\\/blog\\\/2014\\\/10\\\/10\\\/jak-pojechac-do-korei-polnocnej\\\/#breadcrumb\"},\"inLanguage\":\"pl-PL\",\"potentialAction\":[{\"@type\":\"ReadAction\",\"target\":[\"https:\\\/\\\/wloczykij.org\\\/blog\\\/2014\\\/10\\\/10\\\/jak-pojechac-do-korei-polnocnej\\\/\"]}]},{\"@type\":\"ImageObject\",\"inLanguage\":\"pl-PL\",\"@id\":\"https:\\\/\\\/wloczykij.org\\\/blog\\\/2014\\\/10\\\/10\\\/jak-pojechac-do-korei-polnocnej\\\/#primaryimage\",\"url\":\"https:\\\/\\\/wloczykij.org\\\/blog\\\/wp-content\\\/uploads\\\/sites\\\/2\\\/2014\\\/10\\\/img_2303.jpg\",\"contentUrl\":\"https:\\\/\\\/wloczykij.org\\\/blog\\\/wp-content\\\/uploads\\\/sites\\\/2\\\/2014\\\/10\\\/img_2303.jpg\",\"width\":1181,\"height\":787},{\"@type\":\"BreadcrumbList\",\"@id\":\"https:\\\/\\\/wloczykij.org\\\/blog\\\/2014\\\/10\\\/10\\\/jak-pojechac-do-korei-polnocnej\\\/#breadcrumb\",\"itemListElement\":[{\"@type\":\"ListItem\",\"position\":1,\"name\":\"Strona g\u0142\u00f3wna\",\"item\":\"https:\\\/\\\/wloczykij.org\\\/blog\\\/\"},{\"@type\":\"ListItem\",\"position\":2,\"name\":\"Jak pojecha\u0107 do Korei P\u00f3\u0142nocnej?\"}]},{\"@type\":\"WebSite\",\"@id\":\"https:\\\/\\\/wloczykij.org\\\/blog\\\/#website\",\"url\":\"https:\\\/\\\/wloczykij.org\\\/blog\\\/\",\"name\":\"W\u0142\u00f3czykij - Roman Husarski\",\"description\":\"\",\"potentialAction\":[{\"@type\":\"SearchAction\",\"target\":{\"@type\":\"EntryPoint\",\"urlTemplate\":\"https:\\\/\\\/wloczykij.org\\\/blog\\\/?s={search_term_string}\"},\"query-input\":{\"@type\":\"PropertyValueSpecification\",\"valueRequired\":true,\"valueName\":\"search_term_string\"}}],\"inLanguage\":\"pl-PL\"},{\"@type\":\"Person\",\"@id\":\"https:\\\/\\\/wloczykij.org\\\/blog\\\/#\\\/schema\\\/person\\\/5715e17c214052b93c6c53e27ea498e5\",\"name\":\"Roman\",\"image\":{\"@type\":\"ImageObject\",\"inLanguage\":\"pl-PL\",\"@id\":\"https:\\\/\\\/secure.gravatar.com\\\/avatar\\\/a4ad12ebb0eef153209fb3604f0a54cb2d9993a45803e045e020a86a4527c70b?s=96&d=mm&r=g\",\"url\":\"https:\\\/\\\/secure.gravatar.com\\\/avatar\\\/a4ad12ebb0eef153209fb3604f0a54cb2d9993a45803e045e020a86a4527c70b?s=96&d=mm&r=g\",\"contentUrl\":\"https:\\\/\\\/secure.gravatar.com\\\/avatar\\\/a4ad12ebb0eef153209fb3604f0a54cb2d9993a45803e045e020a86a4527c70b?s=96&d=mm&r=g\",\"caption\":\"Roman\"},\"url\":\"https:\\\/\\\/wloczykij.org\\\/blog\\\/author\\\/remus\\\/\"}]}<\/script>\n<!-- \/ Yoast SEO plugin. -->","yoast_head_json":{"title":"Jak pojecha\u0107 do Korei P\u00f3\u0142nocnej? - W\u0142\u00f3czykij - Roman Husarski","robots":{"index":"index","follow":"follow","max-snippet":"max-snippet:-1","max-image-preview":"max-image-preview:large","max-video-preview":"max-video-preview:-1"},"canonical":"https:\/\/wloczykij.org\/blog\/2014\/10\/10\/jak-pojechac-do-korei-polnocnej\/","og_locale":"pl_PL","og_type":"article","og_title":"Jak pojecha\u0107 do Korei P\u00f3\u0142nocnej? - W\u0142\u00f3czykij - Roman Husarski","og_description":"Poni\u017cszy tekst jest odpowiedzi\u0105 na wszystkie maile i pytania na temat wizy, koszt\u00f3w i organizacji podr\u00f3\u017cy do Korei P\u00f3\u0142nocnej. Podr\u00f3\u017c do Korei P\u00f3\u0142nocnej nie jest tania. Na ten moment w najta\u0144szym wariancie nale\u017cy si\u0119 liczy\u0107 na wydatek ok. $150 za dzie\u0144, plus koszty dotarcia na miejsce. Dla por\u00f3wnania podczas miesi\u0105ca w Iranie wyda\u0142em $170 (nie &hellip;","og_url":"https:\/\/wloczykij.org\/blog\/2014\/10\/10\/jak-pojechac-do-korei-polnocnej\/","og_site_name":"W\u0142\u00f3czykij - Roman Husarski","article_publisher":"https:\/\/www.facebook.com\/pages\/W%c5%82%c3%b3czykij\/282838631839707","article_published_time":"2014-10-10T15:10:51+00:00","article_modified_time":"2021-03-13T16:35:00+00:00","og_image":[{"width":1181,"height":787,"url":"https:\/\/wloczykij.org\/blog\/wp-content\/uploads\/sites\/2\/2014\/10\/img_2303.jpg","type":"image\/jpeg"}],"author":"Roman","twitter_misc":{"Napisane przez":"Roman","Szacowany czas czytania":"5 minut"},"schema":{"@context":"https:\/\/schema.org","@graph":[{"@type":"Article","@id":"https:\/\/wloczykij.org\/blog\/2014\/10\/10\/jak-pojechac-do-korei-polnocnej\/#article","isPartOf":{"@id":"https:\/\/wloczykij.org\/blog\/2014\/10\/10\/jak-pojechac-do-korei-polnocnej\/"},"author":{"name":"Roman","@id":"https:\/\/wloczykij.org\/blog\/#\/schema\/person\/5715e17c214052b93c6c53e27ea498e5"},"headline":"Jak pojecha\u0107 do Korei P\u00f3\u0142nocnej?","datePublished":"2014-10-10T15:10:51+00:00","dateModified":"2021-03-13T16:35:00+00:00","mainEntityOfPage":{"@id":"https:\/\/wloczykij.org\/blog\/2014\/10\/10\/jak-pojechac-do-korei-polnocnej\/"},"wordCount":1022,"commentCount":7,"image":{"@id":"https:\/\/wloczykij.org\/blog\/2014\/10\/10\/jak-pojechac-do-korei-polnocnej\/#primaryimage"},"thumbnailUrl":"https:\/\/wloczykij.org\/blog\/wp-content\/uploads\/sites\/2\/2014\/10\/img_2303.jpg","keywords":["etyka","podr\u00f3\u017c","wiza"],"articleSection":["Korea P\u00f3\u0142nocna"],"inLanguage":"pl-PL","potentialAction":[{"@type":"CommentAction","name":"Comment","target":["https:\/\/wloczykij.org\/blog\/2014\/10\/10\/jak-pojechac-do-korei-polnocnej\/#respond"]}]},{"@type":"WebPage","@id":"https:\/\/wloczykij.org\/blog\/2014\/10\/10\/jak-pojechac-do-korei-polnocnej\/","url":"https:\/\/wloczykij.org\/blog\/2014\/10\/10\/jak-pojechac-do-korei-polnocnej\/","name":"Jak pojecha\u0107 do Korei P\u00f3\u0142nocnej? - W\u0142\u00f3czykij - Roman Husarski","isPartOf":{"@id":"https:\/\/wloczykij.org\/blog\/#website"},"primaryImageOfPage":{"@id":"https:\/\/wloczykij.org\/blog\/2014\/10\/10\/jak-pojechac-do-korei-polnocnej\/#primaryimage"},"image":{"@id":"https:\/\/wloczykij.org\/blog\/2014\/10\/10\/jak-pojechac-do-korei-polnocnej\/#primaryimage"},"thumbnailUrl":"https:\/\/wloczykij.org\/blog\/wp-content\/uploads\/sites\/2\/2014\/10\/img_2303.jpg","datePublished":"2014-10-10T15:10:51+00:00","dateModified":"2021-03-13T16:35:00+00:00","author":{"@id":"https:\/\/wloczykij.org\/blog\/#\/schema\/person\/5715e17c214052b93c6c53e27ea498e5"},"breadcrumb":{"@id":"https:\/\/wloczykij.org\/blog\/2014\/10\/10\/jak-pojechac-do-korei-polnocnej\/#breadcrumb"},"inLanguage":"pl-PL","potentialAction":[{"@type":"ReadAction","target":["https:\/\/wloczykij.org\/blog\/2014\/10\/10\/jak-pojechac-do-korei-polnocnej\/"]}]},{"@type":"ImageObject","inLanguage":"pl-PL","@id":"https:\/\/wloczykij.org\/blog\/2014\/10\/10\/jak-pojechac-do-korei-polnocnej\/#primaryimage","url":"https:\/\/wloczykij.org\/blog\/wp-content\/uploads\/sites\/2\/2014\/10\/img_2303.jpg","contentUrl":"https:\/\/wloczykij.org\/blog\/wp-content\/uploads\/sites\/2\/2014\/10\/img_2303.jpg","width":1181,"height":787},{"@type":"BreadcrumbList","@id":"https:\/\/wloczykij.org\/blog\/2014\/10\/10\/jak-pojechac-do-korei-polnocnej\/#breadcrumb","itemListElement":[{"@type":"ListItem","position":1,"name":"Strona g\u0142\u00f3wna","item":"https:\/\/wloczykij.org\/blog\/"},{"@type":"ListItem","position":2,"name":"Jak pojecha\u0107 do Korei P\u00f3\u0142nocnej?"}]},{"@type":"WebSite","@id":"https:\/\/wloczykij.org\/blog\/#website","url":"https:\/\/wloczykij.org\/blog\/","name":"W\u0142\u00f3czykij - Roman Husarski","description":"","potentialAction":[{"@type":"SearchAction","target":{"@type":"EntryPoint","urlTemplate":"https:\/\/wloczykij.org\/blog\/?s={search_term_string}"},"query-input":{"@type":"PropertyValueSpecification","valueRequired":true,"valueName":"search_term_string"}}],"inLanguage":"pl-PL"},{"@type":"Person","@id":"https:\/\/wloczykij.org\/blog\/#\/schema\/person\/5715e17c214052b93c6c53e27ea498e5","name":"Roman","image":{"@type":"ImageObject","inLanguage":"pl-PL","@id":"https:\/\/secure.gravatar.com\/avatar\/a4ad12ebb0eef153209fb3604f0a54cb2d9993a45803e045e020a86a4527c70b?s=96&d=mm&r=g","url":"https:\/\/secure.gravatar.com\/avatar\/a4ad12ebb0eef153209fb3604f0a54cb2d9993a45803e045e020a86a4527c70b?s=96&d=mm&r=g","contentUrl":"https:\/\/secure.gravatar.com\/avatar\/a4ad12ebb0eef153209fb3604f0a54cb2d9993a45803e045e020a86a4527c70b?s=96&d=mm&r=g","caption":"Roman"},"url":"https:\/\/wloczykij.org\/blog\/author\/remus\/"}]}},"jetpack_publicize_connections":[],"jetpack_featured_media_url":"https:\/\/wloczykij.org\/blog\/wp-content\/uploads\/sites\/2\/2014\/10\/img_2303.jpg","jetpack_sharing_enabled":true,"_links":{"self":[{"href":"https:\/\/wloczykij.org\/blog\/wp-json\/wp\/v2\/posts\/1018","targetHints":{"allow":["GET"]}}],"collection":[{"href":"https:\/\/wloczykij.org\/blog\/wp-json\/wp\/v2\/posts"}],"about":[{"href":"https:\/\/wloczykij.org\/blog\/wp-json\/wp\/v2\/types\/post"}],"author":[{"embeddable":true,"href":"https:\/\/wloczykij.org\/blog\/wp-json\/wp\/v2\/users\/1"}],"replies":[{"embeddable":true,"href":"https:\/\/wloczykij.org\/blog\/wp-json\/wp\/v2\/comments?post=1018"}],"version-history":[{"count":3,"href":"https:\/\/wloczykij.org\/blog\/wp-json\/wp\/v2\/posts\/1018\/revisions"}],"predecessor-version":[{"id":3923,"href":"https:\/\/wloczykij.org\/blog\/wp-json\/wp\/v2\/posts\/1018\/revisions\/3923"}],"wp:featuredmedia":[{"embeddable":true,"href":"https:\/\/wloczykij.org\/blog\/wp-json\/wp\/v2\/media\/1030"}],"wp:attachment":[{"href":"https:\/\/wloczykij.org\/blog\/wp-json\/wp\/v2\/media?parent=1018"}],"wp:term":[{"taxonomy":"category","embeddable":true,"href":"https:\/\/wloczykij.org\/blog\/wp-json\/wp\/v2\/categories?post=1018"},{"taxonomy":"post_tag","embeddable":true,"href":"https:\/\/wloczykij.org\/blog\/wp-json\/wp\/v2\/tags?post=1018"}],"curies":[{"name":"wp","href":"https:\/\/api.w.org\/{rel}","templated":true}]}}