{"id":1115,"date":"2014-05-02T13:42:18","date_gmt":"2014-05-02T11:42:18","guid":{"rendered":"http:\/\/rhusarski.wordpress.com\/?p=844"},"modified":"2022-03-20T15:55:06","modified_gmt":"2022-03-20T14:55:06","slug":"autostopem-przez-mali","status":"publish","type":"post","link":"https:\/\/wloczykij.org\/blog\/2014\/05\/02\/autostopem-przez-mali\/","title":{"rendered":"Autostopem przez Mali"},"content":{"rendered":"<figure id=\"attachment_853\" aria-describedby=\"caption-attachment-853\" style=\"width: 1000px\" class=\"wp-caption alignnone\"><a href=\"https:\/\/wloczykij.org\/blog\/wp-content\/uploads\/sites\/2\/2014\/05\/img_8656.jpg\"><img loading=\"lazy\" decoding=\"async\" data-attachment-id=\"853\" data-permalink=\"https:\/\/wloczykij.org\/blog\/?attachment_id=853\" data-orig-file=\"https:\/\/wloczykij.org\/blog\/wp-content\/uploads\/sites\/2\/2014\/05\/img_8656.jpg\" data-orig-size=\"1181,787\" data-comments-opened=\"0\" data-image-meta=\"{&quot;aperture&quot;:&quot;0&quot;,&quot;credit&quot;:&quot;&quot;,&quot;camera&quot;:&quot;&quot;,&quot;caption&quot;:&quot;&quot;,&quot;created_timestamp&quot;:&quot;0&quot;,&quot;copyright&quot;:&quot;&quot;,&quot;focal_length&quot;:&quot;0&quot;,&quot;iso&quot;:&quot;0&quot;,&quot;shutter_speed&quot;:&quot;0&quot;,&quot;title&quot;:&quot;&quot;,&quot;orientation&quot;:&quot;0&quot;}\" data-image-title=\"IMG_8656\" data-image-description=\"\" data-image-caption=\"\" data-large-file=\"https:\/\/wloczykij.org\/blog\/wp-content\/uploads\/sites\/2\/2014\/05\/img_8656-1000x666.jpg\" class=\"wp-image-853\" src=\"https:\/\/wloczykij.org\/blog\/wp-content\/uploads\/sites\/2\/2014\/05\/img_8656.jpg\" alt=\"IMG_8656\" width=\"1000\" height=\"666\" srcset=\"https:\/\/wloczykij.org\/blog\/wp-content\/uploads\/sites\/2\/2014\/05\/img_8656.jpg 1181w, https:\/\/wloczykij.org\/blog\/wp-content\/uploads\/sites\/2\/2014\/05\/img_8656-1000x666.jpg 1000w, https:\/\/wloczykij.org\/blog\/wp-content\/uploads\/sites\/2\/2014\/05\/img_8656-768x512.jpg 768w, https:\/\/wloczykij.org\/blog\/wp-content\/uploads\/sites\/2\/2014\/05\/img_8656-920x613.jpg 920w, https:\/\/wloczykij.org\/blog\/wp-content\/uploads\/sites\/2\/2014\/05\/img_8656-1024x682.jpg 1024w, https:\/\/wloczykij.org\/blog\/wp-content\/uploads\/sites\/2\/2014\/05\/img_8656-300x200.jpg 300w\" sizes=\"auto, (max-width: 1000px) 100vw, 1000px\" \/><\/a><figcaption id=\"caption-attachment-853\" class=\"wp-caption-text\">Droga do Timbuktu.<br \/>Fot. Roman Husarski<\/figcaption><\/figure>\n<p style=\"margin-bottom: 0;\">Mali jest niezwykle atrakcyjnym krajem. Jeszcze kilka lat temu przyje\u017cd\u017ca\u0142o tu mn\u00f3stwo turyst\u00f3w. Niesamowite meczety, kolorowe targowiska, s\u0142ynna muzyka, <em>Festival au D\u00e9sert \u2013 <\/em><em><span style=\"font-style: normal;\">Mali mia\u0142o wiele do zaoferowanie. <\/span><\/em><em><span style=\"font-style: normal;\">Niestety, Tuareg\u00f3w w 2012 roku wyp\u0142oszy\u0142o odwiedzaj\u0105cych. Podczas ca\u0142ej naszej podr\u00f3\u017cy trwaj\u0105cej miesi\u0105c nie spotkali\u015bmy \u017cadnego innego turysty. Autostopem na szcz\u0119\u015bcie wci\u0105\u017c dzia\u0142a!<\/span><\/em><\/p>\n<figure id=\"attachment_849\" aria-describedby=\"caption-attachment-849\" style=\"width: 1000px\" class=\"wp-caption alignnone\"><a href=\"https:\/\/wloczykij.org\/blog\/wp-content\/uploads\/sites\/2\/2014\/05\/img_8353.jpg\"><img loading=\"lazy\" decoding=\"async\" data-attachment-id=\"849\" data-permalink=\"https:\/\/wloczykij.org\/blog\/?attachment_id=849\" data-orig-file=\"https:\/\/wloczykij.org\/blog\/wp-content\/uploads\/sites\/2\/2014\/05\/img_8353.jpg\" data-orig-size=\"1181,787\" data-comments-opened=\"0\" data-image-meta=\"{&quot;aperture&quot;:&quot;0&quot;,&quot;credit&quot;:&quot;&quot;,&quot;camera&quot;:&quot;&quot;,&quot;caption&quot;:&quot;&quot;,&quot;created_timestamp&quot;:&quot;0&quot;,&quot;copyright&quot;:&quot;&quot;,&quot;focal_length&quot;:&quot;0&quot;,&quot;iso&quot;:&quot;0&quot;,&quot;shutter_speed&quot;:&quot;0&quot;,&quot;title&quot;:&quot;&quot;,&quot;orientation&quot;:&quot;0&quot;}\" data-image-title=\"IMG_8353\" data-image-description=\"\" data-image-caption=\"\" data-large-file=\"https:\/\/wloczykij.org\/blog\/wp-content\/uploads\/sites\/2\/2014\/05\/img_8353-1000x666.jpg\" class=\"wp-image-849\" src=\"https:\/\/wloczykij.org\/blog\/wp-content\/uploads\/sites\/2\/2014\/05\/img_8353.jpg\" alt=\"\" width=\"1000\" height=\"666\" srcset=\"https:\/\/wloczykij.org\/blog\/wp-content\/uploads\/sites\/2\/2014\/05\/img_8353.jpg 1181w, https:\/\/wloczykij.org\/blog\/wp-content\/uploads\/sites\/2\/2014\/05\/img_8353-1000x666.jpg 1000w, https:\/\/wloczykij.org\/blog\/wp-content\/uploads\/sites\/2\/2014\/05\/img_8353-768x512.jpg 768w, https:\/\/wloczykij.org\/blog\/wp-content\/uploads\/sites\/2\/2014\/05\/img_8353-920x613.jpg 920w, https:\/\/wloczykij.org\/blog\/wp-content\/uploads\/sites\/2\/2014\/05\/img_8353-1024x682.jpg 1024w, https:\/\/wloczykij.org\/blog\/wp-content\/uploads\/sites\/2\/2014\/05\/img_8353-300x200.jpg 300w\" sizes=\"auto, (max-width: 1000px) 100vw, 1000px\" \/><\/a><figcaption id=\"caption-attachment-849\" class=\"wp-caption-text\">Tirowcy lubi\u0105 przyozdabia\u0107 swoje maszyny. Czasem troch\u0119 nieporadnie. <br \/>Fot. Roman Husarski<\/figcaption><\/figure>\n<p style=\"margin-bottom: 0;\"><em><span style=\"font-style: normal;\">Jeszcze przed wybuchem rewolucji i przewrotem wojskowym, Mali mia\u0142o opini\u0119 kraju niestabilnego. Zdarza\u0142y si\u0119 porwania. Tuaregowie <\/span><\/em><em><span style=\"font-style: normal;\">podnosili powstania regularnie<\/span><\/em><em><span style=\"font-style: normal;\"> od momentu, w kt\u00f3rym Mali uzyska\u0142<\/span><\/em><em><span style=\"font-style: normal;\">a<\/span><\/em><em><span style=\"font-style: normal;\"> niepodleg\u0142o\u015b\u0107. <\/span><\/em><em><span style=\"font-style: normal;\">O<\/span><\/em><em><span style=\"font-style: normal;\">bszar konfliktu (Azawad) to <\/span><\/em><em><span style=\"font-style: normal;\">p\u00f3\u0142nocna cz\u0119\u015b\u0107 <\/span><\/em><em><span style=\"font-style: normal;\">kraju, <\/span><\/em><em><span style=\"font-style: normal;\">ta pustynna i s\u0142abo zaludniona<\/span><\/em><em><span style=\"font-style: normal;\">. Zasadniczo przestrzega si\u0119 przed podr\u00f3\u017cowaniem w tym regionie. Na trasie Douentza \u2013 Timbuktu i Konna \u2013 Gao byli\u015bmy wyj\u0105tkowo czujni, \u0142apali\u015bmy np. z herbaciarni z pomoc\u0105 lokalnych ludzi, niemal\u017ce z centrum miasta, unikali\u015bmy szwendania si\u0119 po pustkowiu. Po\u0142udnie Mali jest raczej bezpieczne. My zdecydowali\u015bmy si\u0119 na podr\u00f3\u017c autostopem do Timbuktu, ale nie dalej. Wszyscy poznani przez nas Malijczycy odradzali podr\u00f3\u017c do Kidalu i na p\u00f3\u0142noc od Timbuktu. Raczej nikt nie chcia\u0142by by\u0107 porwanym, prawda? No, chyba \u017ce kto\u015b zamierza zapu\u015bci\u0107 brod\u0119, nawr\u00f3ci\u0107 si\u0119 na islam i wie\u015b\u0107 proste \u017cycie na pustyni&#8230;\u00a0<\/span><\/em><\/p>\n<figure id=\"attachment_850\" aria-describedby=\"caption-attachment-850\" style=\"width: 1000px\" class=\"wp-caption alignnone\"><a href=\"https:\/\/wloczykij.org\/blog\/wp-content\/uploads\/sites\/2\/2014\/05\/img_8356c.jpg\"><img loading=\"lazy\" decoding=\"async\" data-attachment-id=\"850\" data-permalink=\"https:\/\/wloczykij.org\/blog\/?attachment_id=850\" data-orig-file=\"https:\/\/wloczykij.org\/blog\/wp-content\/uploads\/sites\/2\/2014\/05\/img_8356c.jpg\" data-orig-size=\"1181,787\" data-comments-opened=\"0\" data-image-meta=\"{&quot;aperture&quot;:&quot;0&quot;,&quot;credit&quot;:&quot;&quot;,&quot;camera&quot;:&quot;&quot;,&quot;caption&quot;:&quot;&quot;,&quot;created_timestamp&quot;:&quot;0&quot;,&quot;copyright&quot;:&quot;&quot;,&quot;focal_length&quot;:&quot;0&quot;,&quot;iso&quot;:&quot;0&quot;,&quot;shutter_speed&quot;:&quot;0&quot;,&quot;title&quot;:&quot;&quot;,&quot;orientation&quot;:&quot;0&quot;}\" data-image-title=\"IMG_8356c\" data-image-description=\"\" data-image-caption=\"\" data-large-file=\"https:\/\/wloczykij.org\/blog\/wp-content\/uploads\/sites\/2\/2014\/05\/img_8356c-1000x666.jpg\" class=\"wp-image-850\" src=\"https:\/\/wloczykij.org\/blog\/wp-content\/uploads\/sites\/2\/2014\/05\/img_8356c.jpg\" alt=\"\" width=\"1000\" height=\"666\" srcset=\"https:\/\/wloczykij.org\/blog\/wp-content\/uploads\/sites\/2\/2014\/05\/img_8356c.jpg 1181w, https:\/\/wloczykij.org\/blog\/wp-content\/uploads\/sites\/2\/2014\/05\/img_8356c-1000x666.jpg 1000w, https:\/\/wloczykij.org\/blog\/wp-content\/uploads\/sites\/2\/2014\/05\/img_8356c-768x512.jpg 768w, https:\/\/wloczykij.org\/blog\/wp-content\/uploads\/sites\/2\/2014\/05\/img_8356c-920x613.jpg 920w, https:\/\/wloczykij.org\/blog\/wp-content\/uploads\/sites\/2\/2014\/05\/img_8356c-1024x682.jpg 1024w, https:\/\/wloczykij.org\/blog\/wp-content\/uploads\/sites\/2\/2014\/05\/img_8356c-300x200.jpg 300w\" sizes=\"auto, (max-width: 1000px) 100vw, 1000px\" \/><\/a><figcaption id=\"caption-attachment-850\" class=\"wp-caption-text\">Po drodze zdarzaj\u0105 si\u0119 porzucone samochody. Rozebrane z wszystkiego, co warto\u015bciowe, rdzewiej\u0105 sobie na pustyni. <br \/>Fot. Roman Husarski<\/figcaption><\/figure>\n<figure id=\"attachment_852\" aria-describedby=\"caption-attachment-852\" style=\"width: 1000px\" class=\"wp-caption alignnone\"><a href=\"https:\/\/wloczykij.org\/blog\/wp-content\/uploads\/sites\/2\/2014\/05\/img_8643.jpg\"><img loading=\"lazy\" decoding=\"async\" data-attachment-id=\"852\" data-permalink=\"https:\/\/wloczykij.org\/blog\/?attachment_id=852\" data-orig-file=\"https:\/\/wloczykij.org\/blog\/wp-content\/uploads\/sites\/2\/2014\/05\/img_8643.jpg\" data-orig-size=\"1181,787\" data-comments-opened=\"0\" data-image-meta=\"{&quot;aperture&quot;:&quot;0&quot;,&quot;credit&quot;:&quot;&quot;,&quot;camera&quot;:&quot;&quot;,&quot;caption&quot;:&quot;&quot;,&quot;created_timestamp&quot;:&quot;0&quot;,&quot;copyright&quot;:&quot;&quot;,&quot;focal_length&quot;:&quot;0&quot;,&quot;iso&quot;:&quot;0&quot;,&quot;shutter_speed&quot;:&quot;0&quot;,&quot;title&quot;:&quot;&quot;,&quot;orientation&quot;:&quot;0&quot;}\" data-image-title=\"IMG_8643\" data-image-description=\"\" data-image-caption=\"\" data-large-file=\"https:\/\/wloczykij.org\/blog\/wp-content\/uploads\/sites\/2\/2014\/05\/img_8643-1000x666.jpg\" class=\"wp-image-852\" src=\"https:\/\/wloczykij.org\/blog\/wp-content\/uploads\/sites\/2\/2014\/05\/img_8643.jpg\" alt=\"\" width=\"1000\" height=\"666\" srcset=\"https:\/\/wloczykij.org\/blog\/wp-content\/uploads\/sites\/2\/2014\/05\/img_8643.jpg 1181w, https:\/\/wloczykij.org\/blog\/wp-content\/uploads\/sites\/2\/2014\/05\/img_8643-1000x666.jpg 1000w, https:\/\/wloczykij.org\/blog\/wp-content\/uploads\/sites\/2\/2014\/05\/img_8643-768x512.jpg 768w, https:\/\/wloczykij.org\/blog\/wp-content\/uploads\/sites\/2\/2014\/05\/img_8643-920x613.jpg 920w, https:\/\/wloczykij.org\/blog\/wp-content\/uploads\/sites\/2\/2014\/05\/img_8643-1024x682.jpg 1024w, https:\/\/wloczykij.org\/blog\/wp-content\/uploads\/sites\/2\/2014\/05\/img_8643-300x200.jpg 300w\" sizes=\"auto, (max-width: 1000px) 100vw, 1000px\" \/><\/a><figcaption id=\"caption-attachment-852\" class=\"wp-caption-text\">Zdarzy si\u0119 i porzucony czo\u0142g.<br \/>Fot. Roman Husarski<\/figcaption><\/figure>\n<p style=\"margin-bottom: 0;\"><em><span style=\"font-style: normal;\">Podr\u00f3\u017c autostopem w po\u0142udniowej cz\u0119\u015bci kraju jest <\/span><\/em><em><span style=\"font-style: normal;\">stosunkowo <\/span><\/em><em><span style=\"font-style: normal;\">przyjemna. Mieszka\u0144cy <\/span><\/em><em><span style=\"font-style: normal;\">Mali byli dla nas wyj\u0105tkowo \u017cyczliwi. Autostop nas wiele razy zaskoczy\u0142. Nie zapomn\u0119, jak jechali\u015bmy z pewnym cz\u0142owiekiem, wykszta\u0142conym na Bia\u0142orusi, kt\u00f3ry rzucaj\u0105c ruskie przekle\u0144stwa na lewo i prawo, za\u0142atwi\u0142 nam jednym telefonem nocleg w mie\u015bcie, do kt\u00f3rego zmierzali\u015bmy. <\/span><\/em><em><span style=\"font-style: normal;\">Podstaw<\/span><\/em><em><span style=\"font-style: normal;\">\u0105 jest jednak nie rosyjski, a <\/span><\/em><em><span style=\"font-style: normal;\">francuski <\/span><\/em><em><span style=\"font-style: normal;\">(\u0142apa\u0107 stopa &#8211; faire l&#8217;autostop), ale i po angielsku <\/span><\/em><em><span style=\"font-style: normal;\">mo\u017cemy porozmawia\u0107<\/span><\/em><em><span style=\"font-style: normal;\"> w bardziej turystycznych miejscach. Zasadniczo po <\/span><\/em><em><span style=\"font-style: normal;\">zadeklarowaniu kierowcy<\/span><\/em><em><span style=\"font-style: normal;\">, \u017ce jedziemy stopem, <\/span><\/em><em><span style=\"font-style: normal;\">nie powinno by\u0107 nieprzyjemnych niespodzianek<\/span><\/em><em><span style=\"font-style: normal;\">. Niestety im bardziej na p\u00f3\u0142noc, tym <\/span><\/em><em><span style=\"font-style: normal;\">rz<\/span><\/em><em><span style=\"font-style: normal;\">adziej co\u015b je<\/span><\/em><em><span style=\"font-style: normal;\">\u017a<\/span><\/em><em><span style=\"font-style: normal;\">dzi i zaczynaj\u0105 pojawia\u0107 si\u0119 pytani<\/span><\/em><em><span style=\"font-style: normal;\">a<\/span><\/em><em><span style=\"font-style: normal;\"> o pieni\u0105dze. <\/span><\/em><\/p>\n<figure id=\"attachment_848\" aria-describedby=\"caption-attachment-848\" style=\"width: 1000px\" class=\"wp-caption alignnone\"><a href=\"https:\/\/wloczykij.org\/blog\/wp-content\/uploads\/sites\/2\/2014\/05\/img_8352.jpg\"><img loading=\"lazy\" decoding=\"async\" data-attachment-id=\"848\" data-permalink=\"https:\/\/wloczykij.org\/blog\/?attachment_id=848\" data-orig-file=\"https:\/\/wloczykij.org\/blog\/wp-content\/uploads\/sites\/2\/2014\/05\/img_8352.jpg\" data-orig-size=\"1181,787\" data-comments-opened=\"0\" data-image-meta=\"{&quot;aperture&quot;:&quot;0&quot;,&quot;credit&quot;:&quot;&quot;,&quot;camera&quot;:&quot;&quot;,&quot;caption&quot;:&quot;&quot;,&quot;created_timestamp&quot;:&quot;0&quot;,&quot;copyright&quot;:&quot;&quot;,&quot;focal_length&quot;:&quot;0&quot;,&quot;iso&quot;:&quot;0&quot;,&quot;shutter_speed&quot;:&quot;0&quot;,&quot;title&quot;:&quot;&quot;,&quot;orientation&quot;:&quot;0&quot;}\" data-image-title=\"IMG_8352\" data-image-description=\"\" data-image-caption=\"\" data-large-file=\"https:\/\/wloczykij.org\/blog\/wp-content\/uploads\/sites\/2\/2014\/05\/img_8352-1000x666.jpg\" class=\"wp-image-848\" src=\"https:\/\/wloczykij.org\/blog\/wp-content\/uploads\/sites\/2\/2014\/05\/img_8352.jpg\" alt=\"\" width=\"1000\" height=\"666\" srcset=\"https:\/\/wloczykij.org\/blog\/wp-content\/uploads\/sites\/2\/2014\/05\/img_8352.jpg 1181w, https:\/\/wloczykij.org\/blog\/wp-content\/uploads\/sites\/2\/2014\/05\/img_8352-1000x666.jpg 1000w, https:\/\/wloczykij.org\/blog\/wp-content\/uploads\/sites\/2\/2014\/05\/img_8352-768x512.jpg 768w, https:\/\/wloczykij.org\/blog\/wp-content\/uploads\/sites\/2\/2014\/05\/img_8352-920x613.jpg 920w, https:\/\/wloczykij.org\/blog\/wp-content\/uploads\/sites\/2\/2014\/05\/img_8352-1024x682.jpg 1024w, https:\/\/wloczykij.org\/blog\/wp-content\/uploads\/sites\/2\/2014\/05\/img_8352-300x200.jpg 300w\" sizes=\"auto, (max-width: 1000px) 100vw, 1000px\" \/><\/a><figcaption id=\"caption-attachment-848\" class=\"wp-caption-text\">Peace, liberty and Osama Bin Laden.<br \/>Fot. Roman Husarski<\/figcaption><\/figure>\n<p style=\"margin-bottom: 0;\"><em><span style=\"font-style: normal;\">O tym, \u017ce autostop jest dobrze zrozumia\u0142y, \u015bwiadczy historia pewnego Belga, kt\u00f3rego poznali\u015bmy z \u0141ukaszem w Wagadugu, w Burkina Faso. Na pewnej stacji be<\/span><\/em><em><span style=\"font-style: normal;\">nz<\/span><\/em><em><span style=\"font-style: normal;\">ynowej w Mali, pewien cz\u0142owiek zapyta\u0142 go, czy mo\u017ce z nim jecha\u0107 na po\u0142udnie. Belg nie <\/span><\/em><em><span style=\"font-style: normal;\">widzia\u0142<\/span><\/em><em><span style=\"font-style: normal;\"> problemu, jednak\u017ce po przejechaniu 100km zapyta\u0142 m\u0119\u017cczyzn<\/span><\/em><em><span style=\"font-style: normal;\">y<\/span><\/em><em><span style=\"font-style: normal;\"> czy nie ma do\u015b\u0107. Malijczyk jecha\u0142 uczepiony drabinki przytwierdzonej do jeepa! Tamt<\/span><\/em><em><span style=\"font-style: normal;\">en zaprzeczy\u0142<\/span><\/em><em><span style=\"font-style: normal;\"> i w sumie przejecha\u0142 w ten spos\u00f3b z Belgiem pono\u0107 a\u017c 400 km.\u00a0<\/span><\/em><\/p>\n<figure id=\"attachment_845\" aria-describedby=\"caption-attachment-845\" style=\"width: 1000px\" class=\"wp-caption alignnone\"><a href=\"https:\/\/wloczykij.org\/blog\/wp-content\/uploads\/sites\/2\/2014\/05\/img_8348a.jpg\"><img loading=\"lazy\" decoding=\"async\" data-attachment-id=\"845\" data-permalink=\"https:\/\/wloczykij.org\/blog\/?attachment_id=845\" data-orig-file=\"https:\/\/wloczykij.org\/blog\/wp-content\/uploads\/sites\/2\/2014\/05\/img_8348a.jpg\" data-orig-size=\"1181,787\" data-comments-opened=\"0\" data-image-meta=\"{&quot;aperture&quot;:&quot;0&quot;,&quot;credit&quot;:&quot;&quot;,&quot;camera&quot;:&quot;&quot;,&quot;caption&quot;:&quot;&quot;,&quot;created_timestamp&quot;:&quot;0&quot;,&quot;copyright&quot;:&quot;&quot;,&quot;focal_length&quot;:&quot;0&quot;,&quot;iso&quot;:&quot;0&quot;,&quot;shutter_speed&quot;:&quot;0&quot;,&quot;title&quot;:&quot;&quot;,&quot;orientation&quot;:&quot;0&quot;}\" data-image-title=\"IMG_8348a\" data-image-description=\"\" data-image-caption=\"\" data-large-file=\"https:\/\/wloczykij.org\/blog\/wp-content\/uploads\/sites\/2\/2014\/05\/img_8348a-1000x666.jpg\" class=\"wp-image-845\" src=\"https:\/\/wloczykij.org\/blog\/wp-content\/uploads\/sites\/2\/2014\/05\/img_8348a.jpg\" alt=\"\" width=\"1000\" height=\"666\" srcset=\"https:\/\/wloczykij.org\/blog\/wp-content\/uploads\/sites\/2\/2014\/05\/img_8348a.jpg 1181w, https:\/\/wloczykij.org\/blog\/wp-content\/uploads\/sites\/2\/2014\/05\/img_8348a-1000x666.jpg 1000w, https:\/\/wloczykij.org\/blog\/wp-content\/uploads\/sites\/2\/2014\/05\/img_8348a-768x512.jpg 768w, https:\/\/wloczykij.org\/blog\/wp-content\/uploads\/sites\/2\/2014\/05\/img_8348a-920x613.jpg 920w, https:\/\/wloczykij.org\/blog\/wp-content\/uploads\/sites\/2\/2014\/05\/img_8348a-1024x682.jpg 1024w, https:\/\/wloczykij.org\/blog\/wp-content\/uploads\/sites\/2\/2014\/05\/img_8348a-300x200.jpg 300w\" sizes=\"auto, (max-width: 1000px) 100vw, 1000px\" \/><\/a><figcaption id=\"caption-attachment-845\" class=\"wp-caption-text\">Z transportem ci\u0119\u017cko, ka\u017cdy \u0142apie si\u0119 czego mo\u017ce. <br \/>Fot. Roman Husarski<\/figcaption><\/figure>\n<p style=\"margin-bottom: 0;\"><em><span style=\"font-style: normal;\">W<\/span><\/em><em><span style=\"font-style: normal;\">sz\u0119dzie d<\/span><\/em><em><span style=\"font-style: normal;\">obr\u0105 opcj\u0105 s\u0105 tiry, <\/span><\/em><em><span style=\"font-style: normal;\">a w Mali je\u017adzi ich ca\u0142kiem sporo. W<\/span><\/em><em><span style=\"font-style: normal;\">arto jednak zwr\u00f3ci\u0107 uwag\u0119, \u017ce czasem pe\u0142ni\u0105 funkcj\u0119 autobusu <\/span><\/em><em><span style=\"font-style: normal;\">&#8211; jak tysi\u0105c os\u00f3b jedzie na tirze to z pewno\u015bci\u0105 i nas kierowca zapyta o zap\u0142at\u0119. <\/span><\/em><em><span style=\"font-style: normal;\">W kokpicie te\u017c nie liczmy na luksusy <\/span><\/em><em><span style=\"font-style: normal;\">(<\/span><\/em><em><span style=\"font-style: normal;\">i w og\u00f3le w Mali)<\/span><\/em><em><span style=\"font-style: normal;\">, zdarza\u0142o si\u0119 jecha\u0107 w s<\/span><\/em><em><span style=\"font-style: normal;\">iedem os\u00f3b<\/span><\/em><em><span style=\"font-style: normal;\">. Za to cz\u0119sto gra dobra muzyka. <\/span><\/em><\/p>\n<figure id=\"attachment_846\" aria-describedby=\"caption-attachment-846\" style=\"width: 1000px\" class=\"wp-caption alignnone\"><a href=\"https:\/\/wloczykij.org\/blog\/wp-content\/uploads\/sites\/2\/2014\/05\/img_8349f.jpg\"><img loading=\"lazy\" decoding=\"async\" data-attachment-id=\"846\" data-permalink=\"https:\/\/wloczykij.org\/blog\/?attachment_id=846\" data-orig-file=\"https:\/\/wloczykij.org\/blog\/wp-content\/uploads\/sites\/2\/2014\/05\/img_8349f.jpg\" data-orig-size=\"1181,787\" data-comments-opened=\"0\" data-image-meta=\"{&quot;aperture&quot;:&quot;0&quot;,&quot;credit&quot;:&quot;&quot;,&quot;camera&quot;:&quot;&quot;,&quot;caption&quot;:&quot;&quot;,&quot;created_timestamp&quot;:&quot;0&quot;,&quot;copyright&quot;:&quot;&quot;,&quot;focal_length&quot;:&quot;0&quot;,&quot;iso&quot;:&quot;0&quot;,&quot;shutter_speed&quot;:&quot;0&quot;,&quot;title&quot;:&quot;&quot;,&quot;orientation&quot;:&quot;0&quot;}\" data-image-title=\"IMG_8349f\" data-image-description=\"\" data-image-caption=\"\" data-large-file=\"https:\/\/wloczykij.org\/blog\/wp-content\/uploads\/sites\/2\/2014\/05\/img_8349f-1000x666.jpg\" class=\"wp-image-846\" src=\"https:\/\/wloczykij.org\/blog\/wp-content\/uploads\/sites\/2\/2014\/05\/img_8349f.jpg\" alt=\"\" width=\"1000\" height=\"666\" srcset=\"https:\/\/wloczykij.org\/blog\/wp-content\/uploads\/sites\/2\/2014\/05\/img_8349f.jpg 1181w, https:\/\/wloczykij.org\/blog\/wp-content\/uploads\/sites\/2\/2014\/05\/img_8349f-1000x666.jpg 1000w, https:\/\/wloczykij.org\/blog\/wp-content\/uploads\/sites\/2\/2014\/05\/img_8349f-768x512.jpg 768w, https:\/\/wloczykij.org\/blog\/wp-content\/uploads\/sites\/2\/2014\/05\/img_8349f-920x613.jpg 920w, https:\/\/wloczykij.org\/blog\/wp-content\/uploads\/sites\/2\/2014\/05\/img_8349f-1024x682.jpg 1024w, https:\/\/wloczykij.org\/blog\/wp-content\/uploads\/sites\/2\/2014\/05\/img_8349f-300x200.jpg 300w\" sizes=\"auto, (max-width: 1000px) 100vw, 1000px\" \/><\/a><figcaption id=\"caption-attachment-846\" class=\"wp-caption-text\">Tirobus <br \/>Fot. Roman Husarski<\/figcaption><\/figure>\n<p style=\"margin-bottom: 0;\"><em><span style=\"font-style: normal;\">Wi\u0119kszym problemem s\u0105 drogi. Wspomnian<\/span><\/em><em><span style=\"font-style: normal;\">y ju\u017c<\/span><\/em><em><span style=\"font-style: normal;\"> Belg, stwierdzi\u0142, \u017ce w Zachodniej Afryce nie ma gorszych dr\u00f3g ni\u017c w Gwinei i Mali. Prawda jest taka, \u017ce niekt\u00f3re odcinki s\u0105 niez\u0142e, ale zdar<\/span><\/em><em><span style=\"font-style: normal;\">z<\/span><\/em><em><span style=\"font-style: normal;\">aj\u0105 si\u0119 koszmarki \u2013 na p\u00f3\u0142noc od Bamako przez pewien czas jedzie si\u0119 przez rowy i piach, z kolei droga z Konna do Douentzy przypomina prawdziwy szwajcarski ser (120 km tirem w pon<\/span><\/em><em><span style=\"font-style: normal;\">ad<\/span><\/em><em><span style=\"font-style: normal;\"> 6 godzin<\/span><\/em><em><span style=\"font-style: normal;\">)<\/span><\/em><em><span style=\"font-style: normal;\">. <\/span><\/em><\/p>\n<figure id=\"attachment_856\" aria-describedby=\"caption-attachment-856\" style=\"width: 1000px\" class=\"wp-caption alignnone\"><a href=\"https:\/\/wloczykij.org\/blog\/wp-content\/uploads\/sites\/2\/2014\/05\/img_9047.jpg\"><img loading=\"lazy\" decoding=\"async\" data-attachment-id=\"856\" data-permalink=\"https:\/\/wloczykij.org\/blog\/?attachment_id=856\" data-orig-file=\"https:\/\/wloczykij.org\/blog\/wp-content\/uploads\/sites\/2\/2014\/05\/img_9047.jpg\" data-orig-size=\"1181,787\" data-comments-opened=\"0\" data-image-meta=\"{&quot;aperture&quot;:&quot;0&quot;,&quot;credit&quot;:&quot;&quot;,&quot;camera&quot;:&quot;&quot;,&quot;caption&quot;:&quot;&quot;,&quot;created_timestamp&quot;:&quot;0&quot;,&quot;copyright&quot;:&quot;&quot;,&quot;focal_length&quot;:&quot;0&quot;,&quot;iso&quot;:&quot;0&quot;,&quot;shutter_speed&quot;:&quot;0&quot;,&quot;title&quot;:&quot;&quot;,&quot;orientation&quot;:&quot;0&quot;}\" data-image-title=\"IMG_9047\" data-image-description=\"\" data-image-caption=\"\" data-large-file=\"https:\/\/wloczykij.org\/blog\/wp-content\/uploads\/sites\/2\/2014\/05\/img_9047-1000x666.jpg\" class=\"wp-image-856\" src=\"https:\/\/wloczykij.org\/blog\/wp-content\/uploads\/sites\/2\/2014\/05\/img_9047.jpg\" alt=\"\" width=\"1000\" height=\"666\" srcset=\"https:\/\/wloczykij.org\/blog\/wp-content\/uploads\/sites\/2\/2014\/05\/img_9047.jpg 1181w, https:\/\/wloczykij.org\/blog\/wp-content\/uploads\/sites\/2\/2014\/05\/img_9047-1000x666.jpg 1000w, https:\/\/wloczykij.org\/blog\/wp-content\/uploads\/sites\/2\/2014\/05\/img_9047-768x512.jpg 768w, https:\/\/wloczykij.org\/blog\/wp-content\/uploads\/sites\/2\/2014\/05\/img_9047-920x613.jpg 920w, https:\/\/wloczykij.org\/blog\/wp-content\/uploads\/sites\/2\/2014\/05\/img_9047-1024x682.jpg 1024w, https:\/\/wloczykij.org\/blog\/wp-content\/uploads\/sites\/2\/2014\/05\/img_9047-300x200.jpg 300w\" sizes=\"auto, (max-width: 1000px) 100vw, 1000px\" \/><\/a><figcaption id=\"caption-attachment-856\" class=\"wp-caption-text\">Jedziemy w sze\u015bciu ale hit me with the music and i feel no pain! <br \/>Fot. Roman Husarski<\/figcaption><\/figure>\n<p style=\"margin-bottom: 0;\"><em><span style=\"font-style: normal;\">Kraj teoretycznie jes<\/span><\/em><em><span style=\"font-style: normal;\">t wci\u0105\u017c w stanie wojny <\/span><\/em><em><span style=\"font-style: normal;\">(Narodowego Ruchu Wyzwolenia Azawadu zako\u0144czy\u0142 zawieszenie broni 29 listopada 2013, a islami\u015bci jak walczyli, tak walcz\u0105). Francu<\/span><\/em><em><span style=\"font-style: normal;\">zi<\/span><\/em><em><span style=\"font-style: normal;\"> dalej nie wycofali swoich wojsk. St\u0105d te\u017c kraj jest podzielony sieci\u0105 checkpoint\u00f3w. S\u0105 one \u015bwietn\u0105 baz\u0105 do \u0142apania stopa. Czasami trzeba si\u0119 wylegitymowa\u0107, ale nigdy wi\u0119kszych problem\u00f3w w takim punkcie nie mieli\u015bmy. Wojskowi <\/span><\/em><em><span style=\"font-style: normal;\">nieraz<\/span><\/em><em><span style=\"font-style: normal;\"> nawet sami pomagaj\u0105 w \u0142apaniu. <\/span><\/em><em><span style=\"font-style: normal;\">Z<\/span><\/em><em><span style=\"font-style: normal;\">atrzymuj\u0105c <\/span><\/em><em><span style=\"font-style: normal;\">si\u0119<\/span><\/em><em><span style=\"font-style: normal;\"> w mie\u015bcie lub na stacji be<\/span><\/em><em><span style=\"font-style: normal;\">nz<\/span><\/em><em><span style=\"font-style: normal;\">ynowej <\/span><\/em><em><span style=\"font-style: normal;\">r\u00f3wnie\u017c<\/span><\/em><em><span style=\"font-style: normal;\"> mo\u017cna poprosi\u0107 o podwiezienie do checkpointu.<\/span><\/em><\/p>\n<figure id=\"attachment_851\" aria-describedby=\"caption-attachment-851\" style=\"width: 1000px\" class=\"wp-caption alignnone\"><a href=\"https:\/\/wloczykij.org\/blog\/wp-content\/uploads\/sites\/2\/2014\/05\/img_8565.jpg\"><img loading=\"lazy\" decoding=\"async\" data-attachment-id=\"851\" data-permalink=\"https:\/\/wloczykij.org\/blog\/?attachment_id=851\" data-orig-file=\"https:\/\/wloczykij.org\/blog\/wp-content\/uploads\/sites\/2\/2014\/05\/img_8565.jpg\" data-orig-size=\"1181,787\" data-comments-opened=\"0\" data-image-meta=\"{&quot;aperture&quot;:&quot;0&quot;,&quot;credit&quot;:&quot;&quot;,&quot;camera&quot;:&quot;&quot;,&quot;caption&quot;:&quot;&quot;,&quot;created_timestamp&quot;:&quot;0&quot;,&quot;copyright&quot;:&quot;&quot;,&quot;focal_length&quot;:&quot;0&quot;,&quot;iso&quot;:&quot;0&quot;,&quot;shutter_speed&quot;:&quot;0&quot;,&quot;title&quot;:&quot;&quot;,&quot;orientation&quot;:&quot;0&quot;}\" data-image-title=\"IMG_8565\" data-image-description=\"\" data-image-caption=\"\" data-large-file=\"https:\/\/wloczykij.org\/blog\/wp-content\/uploads\/sites\/2\/2014\/05\/img_8565-1000x666.jpg\" class=\"wp-image-851\" src=\"https:\/\/wloczykij.org\/blog\/wp-content\/uploads\/sites\/2\/2014\/05\/img_8565.jpg\" alt=\"\" width=\"1000\" height=\"666\" srcset=\"https:\/\/wloczykij.org\/blog\/wp-content\/uploads\/sites\/2\/2014\/05\/img_8565.jpg 1181w, https:\/\/wloczykij.org\/blog\/wp-content\/uploads\/sites\/2\/2014\/05\/img_8565-1000x666.jpg 1000w, https:\/\/wloczykij.org\/blog\/wp-content\/uploads\/sites\/2\/2014\/05\/img_8565-768x512.jpg 768w, https:\/\/wloczykij.org\/blog\/wp-content\/uploads\/sites\/2\/2014\/05\/img_8565-920x613.jpg 920w, https:\/\/wloczykij.org\/blog\/wp-content\/uploads\/sites\/2\/2014\/05\/img_8565-1024x682.jpg 1024w, https:\/\/wloczykij.org\/blog\/wp-content\/uploads\/sites\/2\/2014\/05\/img_8565-300x200.jpg 300w\" sizes=\"auto, (max-width: 1000px) 100vw, 1000px\" \/><\/a><figcaption id=\"caption-attachment-851\" class=\"wp-caption-text\">Gliniane meczety w Mali wygl\u0105daj\u0105 jak ze snu.<br \/>Fot. Roman Husarski<\/figcaption><\/figure>\n<p style=\"margin-bottom: 0;\"><em><span style=\"font-style: normal;\">W zwi\u0105zku z napi\u0119t\u0105 sytuacj\u0105 w Mali czasem widzi si\u0119 przeje\u017cd\u017caj\u0105ce jeepy NGO, ONZ, Czerwonego Krzy\u017ca itp. Nie pr\u00f3bujcie ich \u0142ap\u0107. Organizacje pozarz\u0105dowe maj\u0105 zakaz zatrzymywania si\u0119 bez powodu i brania do samochodu nieznajomych. Tym bardziejtrasport wojskowy&#8230;<\/span><\/em><\/p>\n<figure id=\"attachment_854\" aria-describedby=\"caption-attachment-854\" style=\"width: 1000px\" class=\"wp-caption alignnone\"><a href=\"https:\/\/wloczykij.org\/blog\/wp-content\/uploads\/sites\/2\/2014\/05\/img_8686.jpg\"><img loading=\"lazy\" decoding=\"async\" data-attachment-id=\"854\" data-permalink=\"https:\/\/wloczykij.org\/blog\/?attachment_id=854\" data-orig-file=\"https:\/\/wloczykij.org\/blog\/wp-content\/uploads\/sites\/2\/2014\/05\/img_8686.jpg\" data-orig-size=\"1181,787\" data-comments-opened=\"0\" data-image-meta=\"{&quot;aperture&quot;:&quot;0&quot;,&quot;credit&quot;:&quot;&quot;,&quot;camera&quot;:&quot;&quot;,&quot;caption&quot;:&quot;&quot;,&quot;created_timestamp&quot;:&quot;0&quot;,&quot;copyright&quot;:&quot;&quot;,&quot;focal_length&quot;:&quot;0&quot;,&quot;iso&quot;:&quot;0&quot;,&quot;shutter_speed&quot;:&quot;0&quot;,&quot;title&quot;:&quot;&quot;,&quot;orientation&quot;:&quot;0&quot;}\" data-image-title=\"IMG_8686\" data-image-description=\"\" data-image-caption=\"\" data-large-file=\"https:\/\/wloczykij.org\/blog\/wp-content\/uploads\/sites\/2\/2014\/05\/img_8686-1000x666.jpg\" class=\"wp-image-854\" src=\"https:\/\/wloczykij.org\/blog\/wp-content\/uploads\/sites\/2\/2014\/05\/img_8686.jpg\" alt=\"\" width=\"1000\" height=\"666\" srcset=\"https:\/\/wloczykij.org\/blog\/wp-content\/uploads\/sites\/2\/2014\/05\/img_8686.jpg 1181w, https:\/\/wloczykij.org\/blog\/wp-content\/uploads\/sites\/2\/2014\/05\/img_8686-1000x666.jpg 1000w, https:\/\/wloczykij.org\/blog\/wp-content\/uploads\/sites\/2\/2014\/05\/img_8686-768x512.jpg 768w, https:\/\/wloczykij.org\/blog\/wp-content\/uploads\/sites\/2\/2014\/05\/img_8686-920x613.jpg 920w, https:\/\/wloczykij.org\/blog\/wp-content\/uploads\/sites\/2\/2014\/05\/img_8686-1024x682.jpg 1024w, https:\/\/wloczykij.org\/blog\/wp-content\/uploads\/sites\/2\/2014\/05\/img_8686-300x200.jpg 300w\" sizes=\"auto, (max-width: 1000px) 100vw, 1000px\" \/><\/a><figcaption id=\"caption-attachment-854\" class=\"wp-caption-text\">Zapraszamy, ale bez broni. <br \/>Fot. Roman Husarski<\/figcaption><\/figure>\n<p style=\"margin-bottom: 0;\"><em><span style=\"font-style: normal;\">Je\u017cd\u017c\u0105c autostopem po Mali, uzbrojcie si\u0119 w czas<\/span><\/em><em><span style=\"font-style: normal;\">. Na niekt\u00f3rych trasach ci\u0119\u017cko zatrzyma\u0107 co\u015b poza tiro-busem. N<\/span><\/em><em><span style=\"font-style: normal;\">am z Sevare do Timbuktu stop zaj\u0105\u0142 trzy dni. Plusem jest wszechobecna herbat<\/span><\/em><em><span style=\"font-style: normal;\">a. Umila czas <\/span><\/em><em><span style=\"font-style: normal;\">czy to na checkpoincie, <\/span><\/em><em><span style=\"font-style: normal;\">czy przy wioskowej chacie. Te chwile sprawiaj\u0105, \u017ce pomimo wielu trud\u00f3w autostop w Mali przebiega bardzo przyjemnie. Moim marzeniem jest powr\u00f3t <\/span><\/em><em><span style=\"font-style: normal;\">Festival au D\u00e9sert. Chcia\u0142bym, by karabiny zosta\u0142y zamienione na gitary. By spok\u00f3j wr\u00f3ci\u0142 na pustyni\u0119. Bo Mali jest krajem, kt\u00f3ry zdecydowanie warto odwiedzi\u0107. <\/span><\/em><\/p>\n<p style=\"margin-bottom: 0;\"><a name=\"result_box\"><\/a><strong><span lang=\"en\"><span style=\"font-style: normal;\">Podsumowanie<br \/>\n<\/span><\/span><\/strong><em><span lang=\"en\"><span style=\"font-style: normal;\">(bazowa ocena to 3, od kt\u00f3rej dodaj\u0119 i odejmuj\u0119 punkty)<\/span><\/span><\/em><\/p>\n<p>-1 \u2013 niestabilne regiony, ryzyko porwania<br \/>\n-1 \u2013 brak pojazd\u00f3w<br \/>\n-1 \u2013 d\u0142ugi okres oczekiwania<br \/>\n-1 \u2013 drogi poniszczone, czasami nie ma ich wcale<br \/>\n-0,5 \u2013 s\u0142abo z angielskim, francuski obowi\u0105zkowo<br \/>\n-0,5 \u2013 kiepsko z transportem, kilkugodzinny post\u00f3j to norma<\/p>\n<p>+1 \u2013 idea autostopu zrozumia\u0142a<br \/>\n+1 \u2013 \u017cyczliwi ludzie<br \/>\n+1 \u2013 checkpointy u\u0142atwiaj\u0105 poruszanie si\u0119 stopem<br \/>\n+0,5 \u2013 w oczekiwaniu cz\u0119sto czasu umila herbata<br \/>\n+0,5 \u2013 miasta s\u0105 raczej \u0142atwe w nawigacji<\/p>\n<p style=\"margin-bottom: 0;\"><em><span style=\"font-style: normal;\">Ostateczna ocena: <strong>2<\/strong><\/span><\/em><\/p>\n<figure id=\"attachment_855\" aria-describedby=\"caption-attachment-855\" style=\"width: 1000px\" class=\"wp-caption alignnone\"><a href=\"https:\/\/wloczykij.org\/blog\/wp-content\/uploads\/sites\/2\/2014\/05\/img_8704.jpg\"><img loading=\"lazy\" decoding=\"async\" data-attachment-id=\"855\" data-permalink=\"https:\/\/wloczykij.org\/blog\/?attachment_id=855\" data-orig-file=\"https:\/\/wloczykij.org\/blog\/wp-content\/uploads\/sites\/2\/2014\/05\/img_8704.jpg\" data-orig-size=\"1181,787\" data-comments-opened=\"0\" data-image-meta=\"{&quot;aperture&quot;:&quot;0&quot;,&quot;credit&quot;:&quot;&quot;,&quot;camera&quot;:&quot;&quot;,&quot;caption&quot;:&quot;&quot;,&quot;created_timestamp&quot;:&quot;0&quot;,&quot;copyright&quot;:&quot;&quot;,&quot;focal_length&quot;:&quot;0&quot;,&quot;iso&quot;:&quot;0&quot;,&quot;shutter_speed&quot;:&quot;0&quot;,&quot;title&quot;:&quot;&quot;,&quot;orientation&quot;:&quot;0&quot;}\" data-image-title=\"IMG_8704\" data-image-description=\"\" data-image-caption=\"\" data-large-file=\"https:\/\/wloczykij.org\/blog\/wp-content\/uploads\/sites\/2\/2014\/05\/img_8704-1000x666.jpg\" class=\"wp-image-855\" src=\"https:\/\/wloczykij.org\/blog\/wp-content\/uploads\/sites\/2\/2014\/05\/img_8704.jpg\" alt=\"\" width=\"1000\" height=\"666\" srcset=\"https:\/\/wloczykij.org\/blog\/wp-content\/uploads\/sites\/2\/2014\/05\/img_8704.jpg 1181w, https:\/\/wloczykij.org\/blog\/wp-content\/uploads\/sites\/2\/2014\/05\/img_8704-1000x666.jpg 1000w, https:\/\/wloczykij.org\/blog\/wp-content\/uploads\/sites\/2\/2014\/05\/img_8704-768x512.jpg 768w, https:\/\/wloczykij.org\/blog\/wp-content\/uploads\/sites\/2\/2014\/05\/img_8704-920x613.jpg 920w, https:\/\/wloczykij.org\/blog\/wp-content\/uploads\/sites\/2\/2014\/05\/img_8704-1024x682.jpg 1024w, https:\/\/wloczykij.org\/blog\/wp-content\/uploads\/sites\/2\/2014\/05\/img_8704-300x200.jpg 300w\" sizes=\"auto, (max-width: 1000px) 100vw, 1000px\" \/><\/a><figcaption id=\"caption-attachment-855\" class=\"wp-caption-text\">Czasem nie ma wyboru i jedziemy czym si\u0119 da! <br \/>Fot. Roman Husarski<\/figcaption><\/figure>\n","protected":false},"excerpt":{"rendered":"<p>Mali jest niezwykle atrakcyjnym krajem. Jeszcze kilka lat temu przyje\u017cd\u017ca\u0142o tu mn\u00f3stwo turyst\u00f3w. Niesamowite meczety, kolorowe targowiska, s\u0142ynna muzyka, Festival au D\u00e9sert \u2013 Mali mia\u0142o wiele do zaoferowanie. Niestety, Tuareg\u00f3w w 2012 roku wyp\u0142oszy\u0142o odwiedzaj\u0105cych. Podczas ca\u0142ej naszej podr\u00f3\u017cy trwaj\u0105cej miesi\u0105c nie spotkali\u015bmy \u017cadnego innego turysty. Autostopem na szcz\u0119\u015bcie wci\u0105\u017c dzia\u0142a! Jeszcze przed wybuchem rewolucji &hellip; <\/p>\n","protected":false},"author":1,"featured_media":845,"comment_status":"open","ping_status":"open","sticky":false,"template":"","format":"standard","meta":{"_jetpack_memberships_contains_paid_content":false,"footnotes":"","jetpack_publicize_message":"","jetpack_publicize_feature_enabled":true,"jetpack_social_post_already_shared":true,"jetpack_social_options":{"image_generator_settings":{"template":"highway","default_image_id":0,"font":"","enabled":false},"version":2}},"categories":[2,427],"tags":[41,354,138,117],"class_list":["post-1115","post","type-post","status-publish","format-standard","has-post-thumbnail","hentry","category-autostop-3","category-inne-podroze","tag-autostop","tag-mali","tag-tanie-podrozowanie","tag-timbuktu"],"yoast_head":"<!-- This site is optimized with the Yoast SEO plugin v27.5 - https:\/\/yoast.com\/product\/yoast-seo-wordpress\/ -->\n<title>Autostopem przez Mali - W\u0142\u00f3czykij - Roman Husarski<\/title>\n<meta name=\"robots\" content=\"index, follow, max-snippet:-1, max-image-preview:large, max-video-preview:-1\" \/>\n<link rel=\"canonical\" href=\"https:\/\/wloczykij.org\/blog\/2014\/05\/02\/autostopem-przez-mali\/\" \/>\n<meta property=\"og:locale\" content=\"pl_PL\" \/>\n<meta property=\"og:type\" content=\"article\" \/>\n<meta property=\"og:title\" content=\"Autostopem przez Mali - W\u0142\u00f3czykij - Roman Husarski\" \/>\n<meta property=\"og:description\" content=\"Mali jest niezwykle atrakcyjnym krajem. Jeszcze kilka lat temu przyje\u017cd\u017ca\u0142o tu mn\u00f3stwo turyst\u00f3w. Niesamowite meczety, kolorowe targowiska, s\u0142ynna muzyka, Festival au D\u00e9sert \u2013 Mali mia\u0142o wiele do zaoferowanie. Niestety, Tuareg\u00f3w w 2012 roku wyp\u0142oszy\u0142o odwiedzaj\u0105cych. Podczas ca\u0142ej naszej podr\u00f3\u017cy trwaj\u0105cej miesi\u0105c nie spotkali\u015bmy \u017cadnego innego turysty. Autostopem na szcz\u0119\u015bcie wci\u0105\u017c dzia\u0142a! Jeszcze przed wybuchem rewolucji &hellip;\" \/>\n<meta property=\"og:url\" content=\"https:\/\/wloczykij.org\/blog\/2014\/05\/02\/autostopem-przez-mali\/\" \/>\n<meta property=\"og:site_name\" content=\"W\u0142\u00f3czykij - Roman Husarski\" \/>\n<meta property=\"article:publisher\" content=\"https:\/\/www.facebook.com\/pages\/W%c5%82%c3%b3czykij\/282838631839707\" \/>\n<meta property=\"article:published_time\" content=\"2014-05-02T11:42:18+00:00\" \/>\n<meta property=\"article:modified_time\" content=\"2022-03-20T14:55:06+00:00\" \/>\n<meta property=\"og:image\" content=\"https:\/\/wloczykij.org\/blog\/wp-content\/uploads\/sites\/2\/2014\/05\/img_8348a.jpg\" \/>\n\t<meta property=\"og:image:width\" content=\"1181\" \/>\n\t<meta property=\"og:image:height\" content=\"787\" \/>\n\t<meta property=\"og:image:type\" content=\"image\/jpeg\" \/>\n<meta name=\"author\" content=\"Roman\" \/>\n<meta name=\"twitter:label1\" content=\"Napisane przez\" \/>\n\t<meta name=\"twitter:data1\" content=\"Roman\" \/>\n\t<meta name=\"twitter:label2\" content=\"Szacowany czas czytania\" \/>\n\t<meta name=\"twitter:data2\" content=\"5 minut\" \/>\n<script type=\"application\/ld+json\" class=\"yoast-schema-graph\">{\"@context\":\"https:\\\/\\\/schema.org\",\"@graph\":[{\"@type\":\"Article\",\"@id\":\"https:\\\/\\\/wloczykij.org\\\/blog\\\/2014\\\/05\\\/02\\\/autostopem-przez-mali\\\/#article\",\"isPartOf\":{\"@id\":\"https:\\\/\\\/wloczykij.org\\\/blog\\\/2014\\\/05\\\/02\\\/autostopem-przez-mali\\\/\"},\"author\":{\"name\":\"Roman\",\"@id\":\"https:\\\/\\\/wloczykij.org\\\/blog\\\/#\\\/schema\\\/person\\\/5715e17c214052b93c6c53e27ea498e5\"},\"headline\":\"Autostopem przez Mali\",\"datePublished\":\"2014-05-02T11:42:18+00:00\",\"dateModified\":\"2022-03-20T14:55:06+00:00\",\"mainEntityOfPage\":{\"@id\":\"https:\\\/\\\/wloczykij.org\\\/blog\\\/2014\\\/05\\\/02\\\/autostopem-przez-mali\\\/\"},\"wordCount\":1077,\"commentCount\":0,\"image\":{\"@id\":\"https:\\\/\\\/wloczykij.org\\\/blog\\\/2014\\\/05\\\/02\\\/autostopem-przez-mali\\\/#primaryimage\"},\"thumbnailUrl\":\"https:\\\/\\\/wloczykij.org\\\/blog\\\/wp-content\\\/uploads\\\/sites\\\/2\\\/2014\\\/05\\\/img_8348a.jpg\",\"keywords\":[\"autostop\",\"Mali\",\"tanie podr\u00f3\u017cowanie\",\"Timbuktu\"],\"articleSection\":[\"...AUTOSTOP...\",\"Inne podr\u00f3\u017ce\"],\"inLanguage\":\"pl-PL\",\"potentialAction\":[{\"@type\":\"CommentAction\",\"name\":\"Comment\",\"target\":[\"https:\\\/\\\/wloczykij.org\\\/blog\\\/2014\\\/05\\\/02\\\/autostopem-przez-mali\\\/#respond\"]}]},{\"@type\":\"WebPage\",\"@id\":\"https:\\\/\\\/wloczykij.org\\\/blog\\\/2014\\\/05\\\/02\\\/autostopem-przez-mali\\\/\",\"url\":\"https:\\\/\\\/wloczykij.org\\\/blog\\\/2014\\\/05\\\/02\\\/autostopem-przez-mali\\\/\",\"name\":\"Autostopem przez Mali - W\u0142\u00f3czykij - Roman Husarski\",\"isPartOf\":{\"@id\":\"https:\\\/\\\/wloczykij.org\\\/blog\\\/#website\"},\"primaryImageOfPage\":{\"@id\":\"https:\\\/\\\/wloczykij.org\\\/blog\\\/2014\\\/05\\\/02\\\/autostopem-przez-mali\\\/#primaryimage\"},\"image\":{\"@id\":\"https:\\\/\\\/wloczykij.org\\\/blog\\\/2014\\\/05\\\/02\\\/autostopem-przez-mali\\\/#primaryimage\"},\"thumbnailUrl\":\"https:\\\/\\\/wloczykij.org\\\/blog\\\/wp-content\\\/uploads\\\/sites\\\/2\\\/2014\\\/05\\\/img_8348a.jpg\",\"datePublished\":\"2014-05-02T11:42:18+00:00\",\"dateModified\":\"2022-03-20T14:55:06+00:00\",\"author\":{\"@id\":\"https:\\\/\\\/wloczykij.org\\\/blog\\\/#\\\/schema\\\/person\\\/5715e17c214052b93c6c53e27ea498e5\"},\"breadcrumb\":{\"@id\":\"https:\\\/\\\/wloczykij.org\\\/blog\\\/2014\\\/05\\\/02\\\/autostopem-przez-mali\\\/#breadcrumb\"},\"inLanguage\":\"pl-PL\",\"potentialAction\":[{\"@type\":\"ReadAction\",\"target\":[\"https:\\\/\\\/wloczykij.org\\\/blog\\\/2014\\\/05\\\/02\\\/autostopem-przez-mali\\\/\"]}]},{\"@type\":\"ImageObject\",\"inLanguage\":\"pl-PL\",\"@id\":\"https:\\\/\\\/wloczykij.org\\\/blog\\\/2014\\\/05\\\/02\\\/autostopem-przez-mali\\\/#primaryimage\",\"url\":\"https:\\\/\\\/wloczykij.org\\\/blog\\\/wp-content\\\/uploads\\\/sites\\\/2\\\/2014\\\/05\\\/img_8348a.jpg\",\"contentUrl\":\"https:\\\/\\\/wloczykij.org\\\/blog\\\/wp-content\\\/uploads\\\/sites\\\/2\\\/2014\\\/05\\\/img_8348a.jpg\",\"width\":1181,\"height\":787},{\"@type\":\"BreadcrumbList\",\"@id\":\"https:\\\/\\\/wloczykij.org\\\/blog\\\/2014\\\/05\\\/02\\\/autostopem-przez-mali\\\/#breadcrumb\",\"itemListElement\":[{\"@type\":\"ListItem\",\"position\":1,\"name\":\"Strona g\u0142\u00f3wna\",\"item\":\"https:\\\/\\\/wloczykij.org\\\/blog\\\/\"},{\"@type\":\"ListItem\",\"position\":2,\"name\":\"Autostopem przez Mali\"}]},{\"@type\":\"WebSite\",\"@id\":\"https:\\\/\\\/wloczykij.org\\\/blog\\\/#website\",\"url\":\"https:\\\/\\\/wloczykij.org\\\/blog\\\/\",\"name\":\"W\u0142\u00f3czykij - Roman Husarski\",\"description\":\"\",\"potentialAction\":[{\"@type\":\"SearchAction\",\"target\":{\"@type\":\"EntryPoint\",\"urlTemplate\":\"https:\\\/\\\/wloczykij.org\\\/blog\\\/?s={search_term_string}\"},\"query-input\":{\"@type\":\"PropertyValueSpecification\",\"valueRequired\":true,\"valueName\":\"search_term_string\"}}],\"inLanguage\":\"pl-PL\"},{\"@type\":\"Person\",\"@id\":\"https:\\\/\\\/wloczykij.org\\\/blog\\\/#\\\/schema\\\/person\\\/5715e17c214052b93c6c53e27ea498e5\",\"name\":\"Roman\",\"image\":{\"@type\":\"ImageObject\",\"inLanguage\":\"pl-PL\",\"@id\":\"https:\\\/\\\/secure.gravatar.com\\\/avatar\\\/a4ad12ebb0eef153209fb3604f0a54cb2d9993a45803e045e020a86a4527c70b?s=96&d=mm&r=g\",\"url\":\"https:\\\/\\\/secure.gravatar.com\\\/avatar\\\/a4ad12ebb0eef153209fb3604f0a54cb2d9993a45803e045e020a86a4527c70b?s=96&d=mm&r=g\",\"contentUrl\":\"https:\\\/\\\/secure.gravatar.com\\\/avatar\\\/a4ad12ebb0eef153209fb3604f0a54cb2d9993a45803e045e020a86a4527c70b?s=96&d=mm&r=g\",\"caption\":\"Roman\"},\"url\":\"https:\\\/\\\/wloczykij.org\\\/blog\\\/author\\\/remus\\\/\"}]}<\/script>\n<!-- \/ Yoast SEO plugin. -->","yoast_head_json":{"title":"Autostopem przez Mali - W\u0142\u00f3czykij - Roman Husarski","robots":{"index":"index","follow":"follow","max-snippet":"max-snippet:-1","max-image-preview":"max-image-preview:large","max-video-preview":"max-video-preview:-1"},"canonical":"https:\/\/wloczykij.org\/blog\/2014\/05\/02\/autostopem-przez-mali\/","og_locale":"pl_PL","og_type":"article","og_title":"Autostopem przez Mali - W\u0142\u00f3czykij - Roman Husarski","og_description":"Mali jest niezwykle atrakcyjnym krajem. Jeszcze kilka lat temu przyje\u017cd\u017ca\u0142o tu mn\u00f3stwo turyst\u00f3w. Niesamowite meczety, kolorowe targowiska, s\u0142ynna muzyka, Festival au D\u00e9sert \u2013 Mali mia\u0142o wiele do zaoferowanie. Niestety, Tuareg\u00f3w w 2012 roku wyp\u0142oszy\u0142o odwiedzaj\u0105cych. Podczas ca\u0142ej naszej podr\u00f3\u017cy trwaj\u0105cej miesi\u0105c nie spotkali\u015bmy \u017cadnego innego turysty. Autostopem na szcz\u0119\u015bcie wci\u0105\u017c dzia\u0142a! Jeszcze przed wybuchem rewolucji &hellip;","og_url":"https:\/\/wloczykij.org\/blog\/2014\/05\/02\/autostopem-przez-mali\/","og_site_name":"W\u0142\u00f3czykij - Roman Husarski","article_publisher":"https:\/\/www.facebook.com\/pages\/W%c5%82%c3%b3czykij\/282838631839707","article_published_time":"2014-05-02T11:42:18+00:00","article_modified_time":"2022-03-20T14:55:06+00:00","og_image":[{"width":1181,"height":787,"url":"https:\/\/wloczykij.org\/blog\/wp-content\/uploads\/sites\/2\/2014\/05\/img_8348a.jpg","type":"image\/jpeg"}],"author":"Roman","twitter_misc":{"Napisane przez":"Roman","Szacowany czas czytania":"5 minut"},"schema":{"@context":"https:\/\/schema.org","@graph":[{"@type":"Article","@id":"https:\/\/wloczykij.org\/blog\/2014\/05\/02\/autostopem-przez-mali\/#article","isPartOf":{"@id":"https:\/\/wloczykij.org\/blog\/2014\/05\/02\/autostopem-przez-mali\/"},"author":{"name":"Roman","@id":"https:\/\/wloczykij.org\/blog\/#\/schema\/person\/5715e17c214052b93c6c53e27ea498e5"},"headline":"Autostopem przez Mali","datePublished":"2014-05-02T11:42:18+00:00","dateModified":"2022-03-20T14:55:06+00:00","mainEntityOfPage":{"@id":"https:\/\/wloczykij.org\/blog\/2014\/05\/02\/autostopem-przez-mali\/"},"wordCount":1077,"commentCount":0,"image":{"@id":"https:\/\/wloczykij.org\/blog\/2014\/05\/02\/autostopem-przez-mali\/#primaryimage"},"thumbnailUrl":"https:\/\/wloczykij.org\/blog\/wp-content\/uploads\/sites\/2\/2014\/05\/img_8348a.jpg","keywords":["autostop","Mali","tanie podr\u00f3\u017cowanie","Timbuktu"],"articleSection":["...AUTOSTOP...","Inne podr\u00f3\u017ce"],"inLanguage":"pl-PL","potentialAction":[{"@type":"CommentAction","name":"Comment","target":["https:\/\/wloczykij.org\/blog\/2014\/05\/02\/autostopem-przez-mali\/#respond"]}]},{"@type":"WebPage","@id":"https:\/\/wloczykij.org\/blog\/2014\/05\/02\/autostopem-przez-mali\/","url":"https:\/\/wloczykij.org\/blog\/2014\/05\/02\/autostopem-przez-mali\/","name":"Autostopem przez Mali - W\u0142\u00f3czykij - Roman Husarski","isPartOf":{"@id":"https:\/\/wloczykij.org\/blog\/#website"},"primaryImageOfPage":{"@id":"https:\/\/wloczykij.org\/blog\/2014\/05\/02\/autostopem-przez-mali\/#primaryimage"},"image":{"@id":"https:\/\/wloczykij.org\/blog\/2014\/05\/02\/autostopem-przez-mali\/#primaryimage"},"thumbnailUrl":"https:\/\/wloczykij.org\/blog\/wp-content\/uploads\/sites\/2\/2014\/05\/img_8348a.jpg","datePublished":"2014-05-02T11:42:18+00:00","dateModified":"2022-03-20T14:55:06+00:00","author":{"@id":"https:\/\/wloczykij.org\/blog\/#\/schema\/person\/5715e17c214052b93c6c53e27ea498e5"},"breadcrumb":{"@id":"https:\/\/wloczykij.org\/blog\/2014\/05\/02\/autostopem-przez-mali\/#breadcrumb"},"inLanguage":"pl-PL","potentialAction":[{"@type":"ReadAction","target":["https:\/\/wloczykij.org\/blog\/2014\/05\/02\/autostopem-przez-mali\/"]}]},{"@type":"ImageObject","inLanguage":"pl-PL","@id":"https:\/\/wloczykij.org\/blog\/2014\/05\/02\/autostopem-przez-mali\/#primaryimage","url":"https:\/\/wloczykij.org\/blog\/wp-content\/uploads\/sites\/2\/2014\/05\/img_8348a.jpg","contentUrl":"https:\/\/wloczykij.org\/blog\/wp-content\/uploads\/sites\/2\/2014\/05\/img_8348a.jpg","width":1181,"height":787},{"@type":"BreadcrumbList","@id":"https:\/\/wloczykij.org\/blog\/2014\/05\/02\/autostopem-przez-mali\/#breadcrumb","itemListElement":[{"@type":"ListItem","position":1,"name":"Strona g\u0142\u00f3wna","item":"https:\/\/wloczykij.org\/blog\/"},{"@type":"ListItem","position":2,"name":"Autostopem przez Mali"}]},{"@type":"WebSite","@id":"https:\/\/wloczykij.org\/blog\/#website","url":"https:\/\/wloczykij.org\/blog\/","name":"W\u0142\u00f3czykij - Roman Husarski","description":"","potentialAction":[{"@type":"SearchAction","target":{"@type":"EntryPoint","urlTemplate":"https:\/\/wloczykij.org\/blog\/?s={search_term_string}"},"query-input":{"@type":"PropertyValueSpecification","valueRequired":true,"valueName":"search_term_string"}}],"inLanguage":"pl-PL"},{"@type":"Person","@id":"https:\/\/wloczykij.org\/blog\/#\/schema\/person\/5715e17c214052b93c6c53e27ea498e5","name":"Roman","image":{"@type":"ImageObject","inLanguage":"pl-PL","@id":"https:\/\/secure.gravatar.com\/avatar\/a4ad12ebb0eef153209fb3604f0a54cb2d9993a45803e045e020a86a4527c70b?s=96&d=mm&r=g","url":"https:\/\/secure.gravatar.com\/avatar\/a4ad12ebb0eef153209fb3604f0a54cb2d9993a45803e045e020a86a4527c70b?s=96&d=mm&r=g","contentUrl":"https:\/\/secure.gravatar.com\/avatar\/a4ad12ebb0eef153209fb3604f0a54cb2d9993a45803e045e020a86a4527c70b?s=96&d=mm&r=g","caption":"Roman"},"url":"https:\/\/wloczykij.org\/blog\/author\/remus\/"}]}},"jetpack_publicize_connections":[],"jetpack_featured_media_url":"https:\/\/wloczykij.org\/blog\/wp-content\/uploads\/sites\/2\/2014\/05\/img_8348a.jpg","jetpack_sharing_enabled":true,"_links":{"self":[{"href":"https:\/\/wloczykij.org\/blog\/wp-json\/wp\/v2\/posts\/1115","targetHints":{"allow":["GET"]}}],"collection":[{"href":"https:\/\/wloczykij.org\/blog\/wp-json\/wp\/v2\/posts"}],"about":[{"href":"https:\/\/wloczykij.org\/blog\/wp-json\/wp\/v2\/types\/post"}],"author":[{"embeddable":true,"href":"https:\/\/wloczykij.org\/blog\/wp-json\/wp\/v2\/users\/1"}],"replies":[{"embeddable":true,"href":"https:\/\/wloczykij.org\/blog\/wp-json\/wp\/v2\/comments?post=1115"}],"version-history":[{"count":3,"href":"https:\/\/wloczykij.org\/blog\/wp-json\/wp\/v2\/posts\/1115\/revisions"}],"predecessor-version":[{"id":3904,"href":"https:\/\/wloczykij.org\/blog\/wp-json\/wp\/v2\/posts\/1115\/revisions\/3904"}],"wp:featuredmedia":[{"embeddable":true,"href":"https:\/\/wloczykij.org\/blog\/wp-json\/wp\/v2\/media\/845"}],"wp:attachment":[{"href":"https:\/\/wloczykij.org\/blog\/wp-json\/wp\/v2\/media?parent=1115"}],"wp:term":[{"taxonomy":"category","embeddable":true,"href":"https:\/\/wloczykij.org\/blog\/wp-json\/wp\/v2\/categories?post=1115"},{"taxonomy":"post_tag","embeddable":true,"href":"https:\/\/wloczykij.org\/blog\/wp-json\/wp\/v2\/tags?post=1115"}],"curies":[{"name":"wp","href":"https:\/\/api.w.org\/{rel}","templated":true}]}}