{"id":1118,"date":"2014-08-19T19:22:10","date_gmt":"2014-08-19T17:22:10","guid":{"rendered":"http:\/\/rhusarski.wordpress.com\/?p=948"},"modified":"2022-03-20T16:21:09","modified_gmt":"2022-03-20T15:21:09","slug":"male-a-cieszy-lichtenstein","status":"publish","type":"post","link":"https:\/\/wloczykij.org\/blog\/2014\/08\/19\/male-a-cieszy-lichtenstein\/","title":{"rendered":"Mikropa\u0144stwa Europy. Lichtenstein"},"content":{"rendered":"<p>&#8211; Tylko tyle? &#8211; Nie mog\u0142em ukry\u0107 lekkiego rozczarowania, spaceruj\u0105c po centrum Liechtensteinu. Podr\u00f3\u017cuj\u0105c od Genewy autostopem, widzieli\u015bmy tylko jeden znak wskazuj\u0105cy stolice kraju, Vaduz. Ten tu\u017c przed zjazdem! Nic dziwnego, Liechtenstein to ma\u0142e miasteczko i kilka wioseczek rozrzuconych na g\u00f3rskim obszarze ok. 160km\u00b2.<\/p>\n<figure id=\"attachment_956\" aria-describedby=\"caption-attachment-956\" style=\"width: 1000px\" class=\"wp-caption alignnone\"><a href=\"https:\/\/wloczykij.org\/blog\/wp-content\/uploads\/sites\/2\/2014\/08\/wp_20140805_008-2.jpg\"><img loading=\"lazy\" decoding=\"async\" data-attachment-id=\"956\" data-permalink=\"https:\/\/wloczykij.org\/blog\/wp_20140805_008-2\/\" data-orig-file=\"https:\/\/wloczykij.org\/blog\/wp-content\/uploads\/sites\/2\/2014\/08\/wp_20140805_008-2.jpg\" data-orig-size=\"1181,664\" data-comments-opened=\"0\" data-image-meta=\"{&quot;aperture&quot;:&quot;0&quot;,&quot;credit&quot;:&quot;&quot;,&quot;camera&quot;:&quot;&quot;,&quot;caption&quot;:&quot;&quot;,&quot;created_timestamp&quot;:&quot;0&quot;,&quot;copyright&quot;:&quot;&quot;,&quot;focal_length&quot;:&quot;0&quot;,&quot;iso&quot;:&quot;0&quot;,&quot;shutter_speed&quot;:&quot;0&quot;,&quot;title&quot;:&quot;&quot;,&quot;orientation&quot;:&quot;0&quot;}\" data-image-title=\"WP_20140805_008-2\" data-image-description=\"\" data-image-caption=\"\" data-large-file=\"https:\/\/wloczykij.org\/blog\/wp-content\/uploads\/sites\/2\/2014\/08\/wp_20140805_008-2-1000x562.jpg\" class=\"wp-image-956\" src=\"https:\/\/wloczykij.org\/blog\/wp-content\/uploads\/sites\/2\/2014\/08\/wp_20140805_008-2.jpg\" alt=\"\" width=\"1000\" height=\"562\" srcset=\"https:\/\/wloczykij.org\/blog\/wp-content\/uploads\/sites\/2\/2014\/08\/wp_20140805_008-2.jpg 1181w, https:\/\/wloczykij.org\/blog\/wp-content\/uploads\/sites\/2\/2014\/08\/wp_20140805_008-2-1000x562.jpg 1000w, https:\/\/wloczykij.org\/blog\/wp-content\/uploads\/sites\/2\/2014\/08\/wp_20140805_008-2-768x432.jpg 768w, https:\/\/wloczykij.org\/blog\/wp-content\/uploads\/sites\/2\/2014\/08\/wp_20140805_008-2-920x517.jpg 920w, https:\/\/wloczykij.org\/blog\/wp-content\/uploads\/sites\/2\/2014\/08\/wp_20140805_008-2-1024x576.jpg 1024w, https:\/\/wloczykij.org\/blog\/wp-content\/uploads\/sites\/2\/2014\/08\/wp_20140805_008-2-300x169.jpg 300w\" sizes=\"auto, (max-width: 1000px) 100vw, 1000px\" \/><\/a><figcaption id=\"caption-attachment-956\" class=\"wp-caption-text\">Okolice otaczaj\u0105 bajkowe g\u00f3ry.<br \/>Fot. Roman Husarski<\/figcaption><\/figure>\n<p>Nasze rozczarowanie wynika\u0142o r\u00f3wnie\u017c z d\u0142ugiej i m\u0119cz\u0105cej trasy. Autostop w Szwajcarii nie szed\u0142 tak \u0142atwo, jak we Francji. Ludzie brali nas niech\u0119tnie. Podr\u00f3\u017c p\u0142yn\u0119\u0142a wolno. Pami\u0119tam jedn\u0105 zabawn\u0105 sytuacj\u0119, gdy stali\u015bmy na stacji benzynowej i jeden z tirowc\u00f3w zaoferowa\u0142 nam przejazd. Niestety zmieni\u0142 zdanie, bo przypomnia\u0142 sobie, \u017ce w Szwajcarii kontrole s\u0105 du\u017co cz\u0119stsze i dotkliwsze ni\u017c w Niemczech i nie mo\u017ce zabra\u0107 dw\u00f3ch os\u00f3b (miejsce mia\u0142 dla jednego pasa\u017cera). Zamiast podw\u00f3zki otrzymali\u015bmy&#8230; skrzynk\u0119 morel. Pa\u0142aszowali\u015bmy je przez kolejne kilka dni, cz\u0119stuj\u0105c spotkanych ludzi.<\/p>\n<p>Wracaj\u0105c do Liechtensteinu, jest tu stara Katedra z XII wieku, kilka muze\u00f3w i ksi\u0105\u017c\u0119cy zamek, dominuj\u0105cy nad ca\u0142ym krajem. Cho\u0107 w mie\u015bcie znajduje si\u0119 wiele pi\u0119knie urz\u0105dzonych g\u00f3rskich dom\u00f3w, to niestety nieciekawe przyk\u0142ady architektury urbanistycznej zaburzaj\u0105 estetyk\u0119 miasta. Ca\u0142o\u015b\u0107 mo\u017cna obej\u015b\u0107 w ok. 2,5 godziny. Dodatkowo najciekawszy ksi\u0105\u017c\u0119cy zamek nie jest udost\u0119pniony do zwiedzania, o czym przypomina kilka du\u017cych tablic (kt\u00f3rych sens sprowadza si\u0119 do: Leave our prince alone!).<\/p>\n<p>W ko\u0144cu ksi\u0105\u017c\u0119 musi si\u0119 skupi\u0107 na rz\u0105dzeniu (i nie ma si\u0119 co dziwi\u0107, \u017ce nie chcia\u0142 zrezygnowa\u0107 z \u017cycia w tak fajnym zamku). Jego Najja\u015bniejsza Wysoko\u015b\u0107 Ksi\u0105\u017c\u0119 Jan Adam II od strony politycznej ma najwi\u0119ksze mo\u017cliwo\u015bci\u0105 sprawowania samodzielnej w\u0142adzy w Europie (poza papie\u017cem w Watykanie). Ma on prawo do absolutnego weta ustaw parlamentu, mo\u017ce zdymisjonowa\u0107 rz\u0105d, mianowa\u0107 i odwo\u0142ywa\u0107 premiera i ministr\u00f3w. Nar\u00f3d najwyra\u017aniej lubi przystojnego monarch\u0119, bo kilka lat temu w wyniku og\u00f3lnonarodowego referendum otrzyma\u0142 on jeszcze wi\u0119cej przywilej\u00f3w.<\/p>\n<figure id=\"attachment_953\" aria-describedby=\"caption-attachment-953\" style=\"width: 1000px\" class=\"wp-caption alignnone\"><a href=\"https:\/\/wloczykij.org\/blog\/wp-content\/uploads\/sites\/2\/2014\/08\/wp_000350-2.jpg\"><img loading=\"lazy\" decoding=\"async\" data-attachment-id=\"953\" data-permalink=\"https:\/\/wloczykij.org\/blog\/wp_000350-2\/\" data-orig-file=\"https:\/\/wloczykij.org\/blog\/wp-content\/uploads\/sites\/2\/2014\/08\/wp_000350-2.jpg\" data-orig-size=\"1181,885\" data-comments-opened=\"0\" data-image-meta=\"{&quot;aperture&quot;:&quot;0&quot;,&quot;credit&quot;:&quot;&quot;,&quot;camera&quot;:&quot;&quot;,&quot;caption&quot;:&quot;&quot;,&quot;created_timestamp&quot;:&quot;0&quot;,&quot;copyright&quot;:&quot;&quot;,&quot;focal_length&quot;:&quot;0&quot;,&quot;iso&quot;:&quot;0&quot;,&quot;shutter_speed&quot;:&quot;0&quot;,&quot;title&quot;:&quot;&quot;,&quot;orientation&quot;:&quot;0&quot;}\" data-image-title=\"WP_000350-2\" data-image-description=\"\" data-image-caption=\"\" data-large-file=\"https:\/\/wloczykij.org\/blog\/wp-content\/uploads\/sites\/2\/2014\/08\/wp_000350-2-1000x749.jpg\" class=\"wp-image-953\" src=\"https:\/\/wloczykij.org\/blog\/wp-content\/uploads\/sites\/2\/2014\/08\/wp_000350-2.jpg\" alt=\"\" width=\"1000\" height=\"749\" srcset=\"https:\/\/wloczykij.org\/blog\/wp-content\/uploads\/sites\/2\/2014\/08\/wp_000350-2.jpg 1181w, https:\/\/wloczykij.org\/blog\/wp-content\/uploads\/sites\/2\/2014\/08\/wp_000350-2-1000x749.jpg 1000w, https:\/\/wloczykij.org\/blog\/wp-content\/uploads\/sites\/2\/2014\/08\/wp_000350-2-768x576.jpg 768w, https:\/\/wloczykij.org\/blog\/wp-content\/uploads\/sites\/2\/2014\/08\/wp_000350-2-920x689.jpg 920w, https:\/\/wloczykij.org\/blog\/wp-content\/uploads\/sites\/2\/2014\/08\/wp_000350-2-1024x767.jpg 1024w, https:\/\/wloczykij.org\/blog\/wp-content\/uploads\/sites\/2\/2014\/08\/wp_000350-2-300x225.jpg 300w\" sizes=\"auto, (max-width: 1000px) 100vw, 1000px\" \/><\/a><figcaption id=\"caption-attachment-953\" class=\"wp-caption-text\">Z zamku Ksi\u0105\u017c\u0119 mo\u017ce obserwowa\u0107 swoje pa\u0144stwo niczym gracz Sims\u00f3w. <br \/>Fot. Roman Husarski<\/figcaption><\/figure>\n<p>Jakby na to nie patrze\u0107, r\u00f3d Liechtenstein\u00f3w rz\u0105dzi na tych terenach od XVII wieku. Swoje korzenie pa\u0144stwo wyprowadza ze \u015awi\u0119tego Cesarstwa Rzymskiego i monarchii Habsburg\u00f3w. Silna w\u0142adza centralna jest wi\u0119c wpisana w histori\u0119 i tradycj\u0119 tych teren\u00f3w. Z drugiej strony, mieszka\u0144cy Liechtensteinu nie maj\u0105 wielu powod\u00f3w do narzekania z niskimi podatkami i \u015bredni\u0105 p\u0142ac\u0105 w wysoko\u015bci ok. 21 tysi\u0119cy z\u0142otych miesi\u0119cznie.\u00a0 Jeszcze w Szwajcarii \u0142api\u0105c stopa ze stacji benzynowej, widzieli\u015bmy kilka porsche i ferrari zmierzaj\u0105cych w stron\u0119 Ksi\u0119stwa.<\/p>\n<figure id=\"attachment_952\" aria-describedby=\"caption-attachment-952\" style=\"width: 1000px\" class=\"wp-caption alignnone\"><a href=\"https:\/\/wloczykij.org\/blog\/wp-content\/uploads\/sites\/2\/2014\/08\/wp_000349-2.jpg\"><img loading=\"lazy\" decoding=\"async\" data-attachment-id=\"952\" data-permalink=\"https:\/\/wloczykij.org\/blog\/wp_000349-2\/\" data-orig-file=\"https:\/\/wloczykij.org\/blog\/wp-content\/uploads\/sites\/2\/2014\/08\/wp_000349-2.jpg\" data-orig-size=\"1181,885\" data-comments-opened=\"0\" data-image-meta=\"{&quot;aperture&quot;:&quot;0&quot;,&quot;credit&quot;:&quot;&quot;,&quot;camera&quot;:&quot;&quot;,&quot;caption&quot;:&quot;&quot;,&quot;created_timestamp&quot;:&quot;0&quot;,&quot;copyright&quot;:&quot;&quot;,&quot;focal_length&quot;:&quot;0&quot;,&quot;iso&quot;:&quot;0&quot;,&quot;shutter_speed&quot;:&quot;0&quot;,&quot;title&quot;:&quot;&quot;,&quot;orientation&quot;:&quot;0&quot;}\" data-image-title=\"WP_000349-2\" data-image-description=\"\" data-image-caption=\"\" data-large-file=\"https:\/\/wloczykij.org\/blog\/wp-content\/uploads\/sites\/2\/2014\/08\/wp_000349-2-1000x749.jpg\" class=\"wp-image-952\" src=\"https:\/\/wloczykij.org\/blog\/wp-content\/uploads\/sites\/2\/2014\/08\/wp_000349-2.jpg\" alt=\"WP_000349-2\" width=\"1000\" height=\"749\" srcset=\"https:\/\/wloczykij.org\/blog\/wp-content\/uploads\/sites\/2\/2014\/08\/wp_000349-2.jpg 1181w, https:\/\/wloczykij.org\/blog\/wp-content\/uploads\/sites\/2\/2014\/08\/wp_000349-2-1000x749.jpg 1000w, https:\/\/wloczykij.org\/blog\/wp-content\/uploads\/sites\/2\/2014\/08\/wp_000349-2-768x576.jpg 768w, https:\/\/wloczykij.org\/blog\/wp-content\/uploads\/sites\/2\/2014\/08\/wp_000349-2-920x689.jpg 920w, https:\/\/wloczykij.org\/blog\/wp-content\/uploads\/sites\/2\/2014\/08\/wp_000349-2-1024x767.jpg 1024w, https:\/\/wloczykij.org\/blog\/wp-content\/uploads\/sites\/2\/2014\/08\/wp_000349-2-300x225.jpg 300w\" sizes=\"auto, (max-width: 1000px) 100vw, 1000px\" \/><\/a><figcaption id=\"caption-attachment-952\" class=\"wp-caption-text\">Jeden z pi\u0119kniejszych tradycyjnych przyk\u0142ad\u00f3w architektury Liechtensteinu. <br \/>Fot. Roman Husarski<\/figcaption><\/figure>\n<p>Zwi\u0105zki ze \u015awi\u0119tym Cesarstwem Rzymskim i religijno\u015b\u0107 rodziny Ksi\u0105\u017c\u0119cej wp\u0142yn\u0119\u0142y na charakter pa\u0144stwa. Katolicyzm jest religi\u0105 pa\u0144stwow\u0105 Liechtensteinu. Religia jest nauczana w szko\u0142ach i dofinansowywana przez pa\u0144stwo. Referendum w sprawie prawa do aborcji &#8222;upo\u015bledzonego p\u0142odu&#8221; zosta\u0142o zdecydowanie odrzucone. Ksi\u0105\u017c\u0119 grozi\u0142, \u017ce zawetuje ten i ka\u017cdy podobny projekt w swoim pa\u0144stwie. Z drugiej strony, posiadanie niewielkich ilo\u015bci tzw. mi\u0119kkich narkotyk\u00f3w jest w Liechtensteinie dozwolone. Nic dziwnego, \u017ce \u0142\u0105cz\u0105cy liberalizm ekonomiczny i konserwatyzm spo\u0142eczny Liechtenstein jest ulubionym europejskim krajem Janusza Korwina Mikke i ro\u017cnej ma\u015bci libertarian.<\/p>\n<figure id=\"attachment_950\" aria-describedby=\"caption-attachment-950\" style=\"width: 1000px\" class=\"wp-caption alignnone\"><a href=\"https:\/\/wloczykij.org\/blog\/wp-content\/uploads\/sites\/2\/2014\/08\/wp_000346-2.jpg\"><img loading=\"lazy\" decoding=\"async\" data-attachment-id=\"950\" data-permalink=\"https:\/\/wloczykij.org\/blog\/wp_000346-2\/\" data-orig-file=\"https:\/\/wloczykij.org\/blog\/wp-content\/uploads\/sites\/2\/2014\/08\/wp_000346-2.jpg\" data-orig-size=\"1181,885\" data-comments-opened=\"0\" data-image-meta=\"{&quot;aperture&quot;:&quot;0&quot;,&quot;credit&quot;:&quot;&quot;,&quot;camera&quot;:&quot;&quot;,&quot;caption&quot;:&quot;&quot;,&quot;created_timestamp&quot;:&quot;0&quot;,&quot;copyright&quot;:&quot;&quot;,&quot;focal_length&quot;:&quot;0&quot;,&quot;iso&quot;:&quot;0&quot;,&quot;shutter_speed&quot;:&quot;0&quot;,&quot;title&quot;:&quot;&quot;,&quot;orientation&quot;:&quot;0&quot;}\" data-image-title=\"WP_000346-2\" data-image-description=\"\" data-image-caption=\"\" data-large-file=\"https:\/\/wloczykij.org\/blog\/wp-content\/uploads\/sites\/2\/2014\/08\/wp_000346-2-1000x749.jpg\" class=\"wp-image-950\" src=\"https:\/\/wloczykij.org\/blog\/wp-content\/uploads\/sites\/2\/2014\/08\/wp_000346-2.jpg\" alt=\"WP_000346-2\" width=\"1000\" height=\"749\" srcset=\"https:\/\/wloczykij.org\/blog\/wp-content\/uploads\/sites\/2\/2014\/08\/wp_000346-2.jpg 1181w, https:\/\/wloczykij.org\/blog\/wp-content\/uploads\/sites\/2\/2014\/08\/wp_000346-2-1000x749.jpg 1000w, https:\/\/wloczykij.org\/blog\/wp-content\/uploads\/sites\/2\/2014\/08\/wp_000346-2-768x576.jpg 768w, https:\/\/wloczykij.org\/blog\/wp-content\/uploads\/sites\/2\/2014\/08\/wp_000346-2-920x689.jpg 920w, https:\/\/wloczykij.org\/blog\/wp-content\/uploads\/sites\/2\/2014\/08\/wp_000346-2-1024x767.jpg 1024w, https:\/\/wloczykij.org\/blog\/wp-content\/uploads\/sites\/2\/2014\/08\/wp_000346-2-300x225.jpg 300w\" sizes=\"auto, (max-width: 1000px) 100vw, 1000px\" \/><\/a><figcaption id=\"caption-attachment-950\" class=\"wp-caption-text\">Ratusz w malutkim centrum Vaduz <br \/>Fot. Roman Husarski<\/figcaption><\/figure>\n<p>Ca\u0142a populacja kraju to zaledwie 35 tysi\u0119cy os\u00f3b. Pomimo tak ma\u0142ej populacji, Liechtenstein mo\u017ce poszczyci\u0107 si\u0119 licznymi sukcesami w sportach zimowych. Medali olimpijskich Liechtenstein zdoby\u0142 a\u017c dziewi\u0119\u0107, co daje zabawny rekord najwi\u0119kszej liczby medali olimpijskich przypadaj\u0105cych na jednego mieszka\u0144ca na \u015bwiecie. Sami mieszka\u0144cy Ksi\u0119stwa okazali si\u0119 bardzo \u017cyczliwi. Pewien mi\u0142y cz\u0142owiek nawet podrzuci\u0142 nas z centrum miasta za granic\u0119, czyli na zjazd na autostrad\u0119. Z nie wiadomych przyczyn Jan Adam II nie pomy\u015bla\u0142 o autostopowiczach i pierwszym dogodnym miejscem na \u0142apanie znajdowa\u0142 si\u0119 ju\u017c poza granicami mikropa\u0144stwa. <strong><br \/>\n<\/strong><\/p>\n<p>Wyje\u017cd\u017caj\u0105c z miasta, mo\u017cna zauwa\u017cy\u0107 poka\u017any stadion pi\u0142karski. Wreszcie jaki\u015b przeciwnik, z kt\u00f3rym Polacy powinni da\u0107 sobie rad\u0119. Ciekawostk\u0105 jest, \u017ce hymn tego ma\u0142ego kraju jest u\u0142o\u017cony dok\u0142adnie pod nuty innej narodowej pie\u015bni, czyli &#8222;God save the Queen&#8221;. Pocz\u0105tki mecz\u00f3w pomi\u0119dzy Angli\u0105 a Liechtensteinem wygl\u0105daj\u0105 intryguj\u0105co.<\/p>\n<figure id=\"attachment_954\" aria-describedby=\"caption-attachment-954\" style=\"width: 1000px\" class=\"wp-caption alignnone\"><a href=\"https:\/\/wloczykij.org\/blog\/wp-content\/uploads\/sites\/2\/2014\/08\/wp_000356.jpg\"><img loading=\"lazy\" decoding=\"async\" data-attachment-id=\"954\" data-permalink=\"https:\/\/wloczykij.org\/blog\/wp_000356\/\" data-orig-file=\"https:\/\/wloczykij.org\/blog\/wp-content\/uploads\/sites\/2\/2014\/08\/wp_000356.jpg\" data-orig-size=\"1181,885\" data-comments-opened=\"0\" data-image-meta=\"{&quot;aperture&quot;:&quot;0&quot;,&quot;credit&quot;:&quot;&quot;,&quot;camera&quot;:&quot;&quot;,&quot;caption&quot;:&quot;&quot;,&quot;created_timestamp&quot;:&quot;0&quot;,&quot;copyright&quot;:&quot;&quot;,&quot;focal_length&quot;:&quot;0&quot;,&quot;iso&quot;:&quot;0&quot;,&quot;shutter_speed&quot;:&quot;0&quot;,&quot;title&quot;:&quot;&quot;,&quot;orientation&quot;:&quot;0&quot;}\" data-image-title=\"WP_000356\" data-image-description=\"\" data-image-caption=\"\" data-large-file=\"https:\/\/wloczykij.org\/blog\/wp-content\/uploads\/sites\/2\/2014\/08\/wp_000356-1000x749.jpg\" class=\"wp-image-954\" src=\"https:\/\/wloczykij.org\/blog\/wp-content\/uploads\/sites\/2\/2014\/08\/wp_000356.jpg\" alt=\"WP_000356\" width=\"1000\" height=\"749\" srcset=\"https:\/\/wloczykij.org\/blog\/wp-content\/uploads\/sites\/2\/2014\/08\/wp_000356.jpg 1181w, https:\/\/wloczykij.org\/blog\/wp-content\/uploads\/sites\/2\/2014\/08\/wp_000356-1000x749.jpg 1000w, https:\/\/wloczykij.org\/blog\/wp-content\/uploads\/sites\/2\/2014\/08\/wp_000356-768x576.jpg 768w, https:\/\/wloczykij.org\/blog\/wp-content\/uploads\/sites\/2\/2014\/08\/wp_000356-920x689.jpg 920w, https:\/\/wloczykij.org\/blog\/wp-content\/uploads\/sites\/2\/2014\/08\/wp_000356-1024x767.jpg 1024w, https:\/\/wloczykij.org\/blog\/wp-content\/uploads\/sites\/2\/2014\/08\/wp_000356-300x225.jpg 300w\" sizes=\"auto, (max-width: 1000px) 100vw, 1000px\" \/><\/a><figcaption id=\"caption-attachment-954\" class=\"wp-caption-text\">W pobli\u017cu Liechtensteinu taka droga. Jak to czyta\u0107?? <br \/>Fot. Roman Husarski<\/figcaption><\/figure>\n<p>Liechtenstein to kolejna intryguj\u0105ca politycznie przysta\u0144 w Europie. Natomiast nie ma tu za wiele turystycznych atrakcji. Nawet pod wzgl\u0119dem wspinaczki g\u00f3rskiej i trekingu, kraj ten wypada blado, w por\u00f3wnaniu z pobliskimi trasami w Szwajcarii. Pewien mieszkaniec Ksi\u0119stwa, tak skomentowa\u0142 nasz\u0105 podr\u00f3\u017c. &#8222;Pytacie, co jest ciekawego w Liechtensteinie? Zupe\u0142nie nic&#8221;. Nie byli\u015bmy pewni, jak zareagowa\u0107.<\/p>\n<figure id=\"attachment_955\" aria-describedby=\"caption-attachment-955\" style=\"width: 1000px\" class=\"wp-caption alignnone\"><a href=\"https:\/\/wloczykij.org\/blog\/wp-content\/uploads\/sites\/2\/2014\/08\/wp_20140805_004-2.jpg\"><img loading=\"lazy\" decoding=\"async\" data-attachment-id=\"955\" data-permalink=\"https:\/\/wloczykij.org\/blog\/wp_20140805_004-2\/\" data-orig-file=\"https:\/\/wloczykij.org\/blog\/wp-content\/uploads\/sites\/2\/2014\/08\/wp_20140805_004-2.jpg\" data-orig-size=\"1181,664\" data-comments-opened=\"0\" data-image-meta=\"{&quot;aperture&quot;:&quot;0&quot;,&quot;credit&quot;:&quot;&quot;,&quot;camera&quot;:&quot;&quot;,&quot;caption&quot;:&quot;&quot;,&quot;created_timestamp&quot;:&quot;0&quot;,&quot;copyright&quot;:&quot;&quot;,&quot;focal_length&quot;:&quot;0&quot;,&quot;iso&quot;:&quot;0&quot;,&quot;shutter_speed&quot;:&quot;0&quot;,&quot;title&quot;:&quot;&quot;,&quot;orientation&quot;:&quot;0&quot;}\" data-image-title=\"WP_20140805_004-2\" data-image-description=\"\" data-image-caption=\"\" data-large-file=\"https:\/\/wloczykij.org\/blog\/wp-content\/uploads\/sites\/2\/2014\/08\/wp_20140805_004-2-1000x562.jpg\" class=\"wp-image-955\" src=\"https:\/\/wloczykij.org\/blog\/wp-content\/uploads\/sites\/2\/2014\/08\/wp_20140805_004-2.jpg\" alt=\"WP_20140805_004-2\" width=\"1000\" height=\"562\" srcset=\"https:\/\/wloczykij.org\/blog\/wp-content\/uploads\/sites\/2\/2014\/08\/wp_20140805_004-2.jpg 1181w, https:\/\/wloczykij.org\/blog\/wp-content\/uploads\/sites\/2\/2014\/08\/wp_20140805_004-2-1000x562.jpg 1000w, https:\/\/wloczykij.org\/blog\/wp-content\/uploads\/sites\/2\/2014\/08\/wp_20140805_004-2-768x432.jpg 768w, https:\/\/wloczykij.org\/blog\/wp-content\/uploads\/sites\/2\/2014\/08\/wp_20140805_004-2-920x517.jpg 920w, https:\/\/wloczykij.org\/blog\/wp-content\/uploads\/sites\/2\/2014\/08\/wp_20140805_004-2-1024x576.jpg 1024w, https:\/\/wloczykij.org\/blog\/wp-content\/uploads\/sites\/2\/2014\/08\/wp_20140805_004-2-300x169.jpg 300w\" sizes=\"auto, (max-width: 1000px) 100vw, 1000px\" \/><\/a><figcaption id=\"caption-attachment-955\" class=\"wp-caption-text\">Fot. Roman Husarski<\/figcaption><\/figure>\n","protected":false},"excerpt":{"rendered":"<p>&#8211; Tylko tyle? &#8211; Nie mog\u0142em ukry\u0107 lekkiego rozczarowania, spaceruj\u0105c po centrum Liechtensteinu. Podr\u00f3\u017cuj\u0105c od Genewy autostopem, widzieli\u015bmy tylko jeden znak wskazuj\u0105cy stolice kraju, Vaduz. Ten tu\u017c przed zjazdem! Nic dziwnego, Liechtenstein to ma\u0142e miasteczko i kilka wioseczek rozrzuconych na g\u00f3rskim obszarze ok. 160km\u00b2. Nasze rozczarowanie wynika\u0142o r\u00f3wnie\u017c z d\u0142ugiej i m\u0119cz\u0105cej trasy. Autostop w &hellip; <\/p>\n","protected":false},"author":1,"featured_media":956,"comment_status":"open","ping_status":"open","sticky":false,"template":"","format":"standard","meta":{"_jetpack_memberships_contains_paid_content":false,"footnotes":"","jetpack_publicize_message":"","jetpack_publicize_feature_enabled":true,"jetpack_social_post_already_shared":true,"jetpack_social_options":{"image_generator_settings":{"template":"highway","default_image_id":0,"font":"","enabled":false},"version":2}},"categories":[2,427],"tags":[41,76,424,95],"class_list":["post-1118","post","type-post","status-publish","format-standard","has-post-thumbnail","hentry","category-autostop-3","category-inne-podroze","tag-autostop","tag-lichtenstein","tag-mikropanstwo","tag-podroz"],"yoast_head":"<!-- This site is optimized with the Yoast SEO plugin v27.5 - https:\/\/yoast.com\/product\/yoast-seo-wordpress\/ -->\n<title>Mikropa\u0144stwa Europy. Lichtenstein - W\u0142\u00f3czykij - Roman Husarski<\/title>\n<meta name=\"robots\" content=\"index, follow, max-snippet:-1, max-image-preview:large, max-video-preview:-1\" \/>\n<link rel=\"canonical\" href=\"https:\/\/wloczykij.org\/blog\/2014\/08\/19\/male-a-cieszy-lichtenstein\/\" \/>\n<meta property=\"og:locale\" content=\"pl_PL\" \/>\n<meta property=\"og:type\" content=\"article\" \/>\n<meta property=\"og:title\" content=\"Mikropa\u0144stwa Europy. Lichtenstein - W\u0142\u00f3czykij - Roman Husarski\" \/>\n<meta property=\"og:description\" content=\"&#8211; Tylko tyle? &#8211; Nie mog\u0142em ukry\u0107 lekkiego rozczarowania, spaceruj\u0105c po centrum Liechtensteinu. Podr\u00f3\u017cuj\u0105c od Genewy autostopem, widzieli\u015bmy tylko jeden znak wskazuj\u0105cy stolice kraju, Vaduz. Ten tu\u017c przed zjazdem! Nic dziwnego, Liechtenstein to ma\u0142e miasteczko i kilka wioseczek rozrzuconych na g\u00f3rskim obszarze ok. 160km\u00b2. Nasze rozczarowanie wynika\u0142o r\u00f3wnie\u017c z d\u0142ugiej i m\u0119cz\u0105cej trasy. Autostop w &hellip;\" \/>\n<meta property=\"og:url\" content=\"https:\/\/wloczykij.org\/blog\/2014\/08\/19\/male-a-cieszy-lichtenstein\/\" \/>\n<meta property=\"og:site_name\" content=\"W\u0142\u00f3czykij - Roman Husarski\" \/>\n<meta property=\"article:publisher\" content=\"https:\/\/www.facebook.com\/pages\/W%c5%82%c3%b3czykij\/282838631839707\" \/>\n<meta property=\"article:published_time\" content=\"2014-08-19T17:22:10+00:00\" \/>\n<meta property=\"article:modified_time\" content=\"2022-03-20T15:21:09+00:00\" \/>\n<meta property=\"og:image\" content=\"https:\/\/wloczykij.org\/blog\/wp-content\/uploads\/sites\/2\/2014\/08\/wp_20140805_008-2.jpg\" \/>\n\t<meta property=\"og:image:width\" content=\"1181\" \/>\n\t<meta property=\"og:image:height\" content=\"664\" \/>\n\t<meta property=\"og:image:type\" content=\"image\/jpeg\" \/>\n<meta name=\"author\" content=\"Roman\" \/>\n<meta name=\"twitter:label1\" content=\"Napisane przez\" \/>\n\t<meta name=\"twitter:data1\" content=\"Roman\" \/>\n\t<meta name=\"twitter:label2\" content=\"Szacowany czas czytania\" \/>\n\t<meta name=\"twitter:data2\" content=\"4 minuty\" \/>\n<script type=\"application\/ld+json\" class=\"yoast-schema-graph\">{\"@context\":\"https:\\\/\\\/schema.org\",\"@graph\":[{\"@type\":\"Article\",\"@id\":\"https:\\\/\\\/wloczykij.org\\\/blog\\\/2014\\\/08\\\/19\\\/male-a-cieszy-lichtenstein\\\/#article\",\"isPartOf\":{\"@id\":\"https:\\\/\\\/wloczykij.org\\\/blog\\\/2014\\\/08\\\/19\\\/male-a-cieszy-lichtenstein\\\/\"},\"author\":{\"name\":\"Roman\",\"@id\":\"https:\\\/\\\/wloczykij.org\\\/blog\\\/#\\\/schema\\\/person\\\/5715e17c214052b93c6c53e27ea498e5\"},\"headline\":\"Mikropa\u0144stwa Europy. Lichtenstein\",\"datePublished\":\"2014-08-19T17:22:10+00:00\",\"dateModified\":\"2022-03-20T15:21:09+00:00\",\"mainEntityOfPage\":{\"@id\":\"https:\\\/\\\/wloczykij.org\\\/blog\\\/2014\\\/08\\\/19\\\/male-a-cieszy-lichtenstein\\\/\"},\"wordCount\":876,\"commentCount\":2,\"image\":{\"@id\":\"https:\\\/\\\/wloczykij.org\\\/blog\\\/2014\\\/08\\\/19\\\/male-a-cieszy-lichtenstein\\\/#primaryimage\"},\"thumbnailUrl\":\"https:\\\/\\\/wloczykij.org\\\/blog\\\/wp-content\\\/uploads\\\/sites\\\/2\\\/2014\\\/08\\\/wp_20140805_008-2.jpg\",\"keywords\":[\"autostop\",\"Lichtenstein\",\"mikropa\u0144stwo\",\"podr\u00f3\u017c\"],\"articleSection\":[\"...AUTOSTOP...\",\"Inne podr\u00f3\u017ce\"],\"inLanguage\":\"pl-PL\",\"potentialAction\":[{\"@type\":\"CommentAction\",\"name\":\"Comment\",\"target\":[\"https:\\\/\\\/wloczykij.org\\\/blog\\\/2014\\\/08\\\/19\\\/male-a-cieszy-lichtenstein\\\/#respond\"]}]},{\"@type\":\"WebPage\",\"@id\":\"https:\\\/\\\/wloczykij.org\\\/blog\\\/2014\\\/08\\\/19\\\/male-a-cieszy-lichtenstein\\\/\",\"url\":\"https:\\\/\\\/wloczykij.org\\\/blog\\\/2014\\\/08\\\/19\\\/male-a-cieszy-lichtenstein\\\/\",\"name\":\"Mikropa\u0144stwa Europy. Lichtenstein - W\u0142\u00f3czykij - Roman Husarski\",\"isPartOf\":{\"@id\":\"https:\\\/\\\/wloczykij.org\\\/blog\\\/#website\"},\"primaryImageOfPage\":{\"@id\":\"https:\\\/\\\/wloczykij.org\\\/blog\\\/2014\\\/08\\\/19\\\/male-a-cieszy-lichtenstein\\\/#primaryimage\"},\"image\":{\"@id\":\"https:\\\/\\\/wloczykij.org\\\/blog\\\/2014\\\/08\\\/19\\\/male-a-cieszy-lichtenstein\\\/#primaryimage\"},\"thumbnailUrl\":\"https:\\\/\\\/wloczykij.org\\\/blog\\\/wp-content\\\/uploads\\\/sites\\\/2\\\/2014\\\/08\\\/wp_20140805_008-2.jpg\",\"datePublished\":\"2014-08-19T17:22:10+00:00\",\"dateModified\":\"2022-03-20T15:21:09+00:00\",\"author\":{\"@id\":\"https:\\\/\\\/wloczykij.org\\\/blog\\\/#\\\/schema\\\/person\\\/5715e17c214052b93c6c53e27ea498e5\"},\"breadcrumb\":{\"@id\":\"https:\\\/\\\/wloczykij.org\\\/blog\\\/2014\\\/08\\\/19\\\/male-a-cieszy-lichtenstein\\\/#breadcrumb\"},\"inLanguage\":\"pl-PL\",\"potentialAction\":[{\"@type\":\"ReadAction\",\"target\":[\"https:\\\/\\\/wloczykij.org\\\/blog\\\/2014\\\/08\\\/19\\\/male-a-cieszy-lichtenstein\\\/\"]}]},{\"@type\":\"ImageObject\",\"inLanguage\":\"pl-PL\",\"@id\":\"https:\\\/\\\/wloczykij.org\\\/blog\\\/2014\\\/08\\\/19\\\/male-a-cieszy-lichtenstein\\\/#primaryimage\",\"url\":\"https:\\\/\\\/wloczykij.org\\\/blog\\\/wp-content\\\/uploads\\\/sites\\\/2\\\/2014\\\/08\\\/wp_20140805_008-2.jpg\",\"contentUrl\":\"https:\\\/\\\/wloczykij.org\\\/blog\\\/wp-content\\\/uploads\\\/sites\\\/2\\\/2014\\\/08\\\/wp_20140805_008-2.jpg\",\"width\":1181,\"height\":664},{\"@type\":\"BreadcrumbList\",\"@id\":\"https:\\\/\\\/wloczykij.org\\\/blog\\\/2014\\\/08\\\/19\\\/male-a-cieszy-lichtenstein\\\/#breadcrumb\",\"itemListElement\":[{\"@type\":\"ListItem\",\"position\":1,\"name\":\"Strona g\u0142\u00f3wna\",\"item\":\"https:\\\/\\\/wloczykij.org\\\/blog\\\/\"},{\"@type\":\"ListItem\",\"position\":2,\"name\":\"Mikropa\u0144stwa Europy. Lichtenstein\"}]},{\"@type\":\"WebSite\",\"@id\":\"https:\\\/\\\/wloczykij.org\\\/blog\\\/#website\",\"url\":\"https:\\\/\\\/wloczykij.org\\\/blog\\\/\",\"name\":\"W\u0142\u00f3czykij - Roman Husarski\",\"description\":\"\",\"potentialAction\":[{\"@type\":\"SearchAction\",\"target\":{\"@type\":\"EntryPoint\",\"urlTemplate\":\"https:\\\/\\\/wloczykij.org\\\/blog\\\/?s={search_term_string}\"},\"query-input\":{\"@type\":\"PropertyValueSpecification\",\"valueRequired\":true,\"valueName\":\"search_term_string\"}}],\"inLanguage\":\"pl-PL\"},{\"@type\":\"Person\",\"@id\":\"https:\\\/\\\/wloczykij.org\\\/blog\\\/#\\\/schema\\\/person\\\/5715e17c214052b93c6c53e27ea498e5\",\"name\":\"Roman\",\"image\":{\"@type\":\"ImageObject\",\"inLanguage\":\"pl-PL\",\"@id\":\"https:\\\/\\\/secure.gravatar.com\\\/avatar\\\/a4ad12ebb0eef153209fb3604f0a54cb2d9993a45803e045e020a86a4527c70b?s=96&d=mm&r=g\",\"url\":\"https:\\\/\\\/secure.gravatar.com\\\/avatar\\\/a4ad12ebb0eef153209fb3604f0a54cb2d9993a45803e045e020a86a4527c70b?s=96&d=mm&r=g\",\"contentUrl\":\"https:\\\/\\\/secure.gravatar.com\\\/avatar\\\/a4ad12ebb0eef153209fb3604f0a54cb2d9993a45803e045e020a86a4527c70b?s=96&d=mm&r=g\",\"caption\":\"Roman\"},\"url\":\"https:\\\/\\\/wloczykij.org\\\/blog\\\/author\\\/remus\\\/\"}]}<\/script>\n<!-- \/ Yoast SEO plugin. -->","yoast_head_json":{"title":"Mikropa\u0144stwa Europy. Lichtenstein - W\u0142\u00f3czykij - Roman Husarski","robots":{"index":"index","follow":"follow","max-snippet":"max-snippet:-1","max-image-preview":"max-image-preview:large","max-video-preview":"max-video-preview:-1"},"canonical":"https:\/\/wloczykij.org\/blog\/2014\/08\/19\/male-a-cieszy-lichtenstein\/","og_locale":"pl_PL","og_type":"article","og_title":"Mikropa\u0144stwa Europy. Lichtenstein - W\u0142\u00f3czykij - Roman Husarski","og_description":"&#8211; Tylko tyle? &#8211; Nie mog\u0142em ukry\u0107 lekkiego rozczarowania, spaceruj\u0105c po centrum Liechtensteinu. Podr\u00f3\u017cuj\u0105c od Genewy autostopem, widzieli\u015bmy tylko jeden znak wskazuj\u0105cy stolice kraju, Vaduz. Ten tu\u017c przed zjazdem! Nic dziwnego, Liechtenstein to ma\u0142e miasteczko i kilka wioseczek rozrzuconych na g\u00f3rskim obszarze ok. 160km\u00b2. Nasze rozczarowanie wynika\u0142o r\u00f3wnie\u017c z d\u0142ugiej i m\u0119cz\u0105cej trasy. Autostop w &hellip;","og_url":"https:\/\/wloczykij.org\/blog\/2014\/08\/19\/male-a-cieszy-lichtenstein\/","og_site_name":"W\u0142\u00f3czykij - Roman Husarski","article_publisher":"https:\/\/www.facebook.com\/pages\/W%c5%82%c3%b3czykij\/282838631839707","article_published_time":"2014-08-19T17:22:10+00:00","article_modified_time":"2022-03-20T15:21:09+00:00","og_image":[{"width":1181,"height":664,"url":"https:\/\/wloczykij.org\/blog\/wp-content\/uploads\/sites\/2\/2014\/08\/wp_20140805_008-2.jpg","type":"image\/jpeg"}],"author":"Roman","twitter_misc":{"Napisane przez":"Roman","Szacowany czas czytania":"4 minuty"},"schema":{"@context":"https:\/\/schema.org","@graph":[{"@type":"Article","@id":"https:\/\/wloczykij.org\/blog\/2014\/08\/19\/male-a-cieszy-lichtenstein\/#article","isPartOf":{"@id":"https:\/\/wloczykij.org\/blog\/2014\/08\/19\/male-a-cieszy-lichtenstein\/"},"author":{"name":"Roman","@id":"https:\/\/wloczykij.org\/blog\/#\/schema\/person\/5715e17c214052b93c6c53e27ea498e5"},"headline":"Mikropa\u0144stwa Europy. Lichtenstein","datePublished":"2014-08-19T17:22:10+00:00","dateModified":"2022-03-20T15:21:09+00:00","mainEntityOfPage":{"@id":"https:\/\/wloczykij.org\/blog\/2014\/08\/19\/male-a-cieszy-lichtenstein\/"},"wordCount":876,"commentCount":2,"image":{"@id":"https:\/\/wloczykij.org\/blog\/2014\/08\/19\/male-a-cieszy-lichtenstein\/#primaryimage"},"thumbnailUrl":"https:\/\/wloczykij.org\/blog\/wp-content\/uploads\/sites\/2\/2014\/08\/wp_20140805_008-2.jpg","keywords":["autostop","Lichtenstein","mikropa\u0144stwo","podr\u00f3\u017c"],"articleSection":["...AUTOSTOP...","Inne podr\u00f3\u017ce"],"inLanguage":"pl-PL","potentialAction":[{"@type":"CommentAction","name":"Comment","target":["https:\/\/wloczykij.org\/blog\/2014\/08\/19\/male-a-cieszy-lichtenstein\/#respond"]}]},{"@type":"WebPage","@id":"https:\/\/wloczykij.org\/blog\/2014\/08\/19\/male-a-cieszy-lichtenstein\/","url":"https:\/\/wloczykij.org\/blog\/2014\/08\/19\/male-a-cieszy-lichtenstein\/","name":"Mikropa\u0144stwa Europy. Lichtenstein - W\u0142\u00f3czykij - Roman Husarski","isPartOf":{"@id":"https:\/\/wloczykij.org\/blog\/#website"},"primaryImageOfPage":{"@id":"https:\/\/wloczykij.org\/blog\/2014\/08\/19\/male-a-cieszy-lichtenstein\/#primaryimage"},"image":{"@id":"https:\/\/wloczykij.org\/blog\/2014\/08\/19\/male-a-cieszy-lichtenstein\/#primaryimage"},"thumbnailUrl":"https:\/\/wloczykij.org\/blog\/wp-content\/uploads\/sites\/2\/2014\/08\/wp_20140805_008-2.jpg","datePublished":"2014-08-19T17:22:10+00:00","dateModified":"2022-03-20T15:21:09+00:00","author":{"@id":"https:\/\/wloczykij.org\/blog\/#\/schema\/person\/5715e17c214052b93c6c53e27ea498e5"},"breadcrumb":{"@id":"https:\/\/wloczykij.org\/blog\/2014\/08\/19\/male-a-cieszy-lichtenstein\/#breadcrumb"},"inLanguage":"pl-PL","potentialAction":[{"@type":"ReadAction","target":["https:\/\/wloczykij.org\/blog\/2014\/08\/19\/male-a-cieszy-lichtenstein\/"]}]},{"@type":"ImageObject","inLanguage":"pl-PL","@id":"https:\/\/wloczykij.org\/blog\/2014\/08\/19\/male-a-cieszy-lichtenstein\/#primaryimage","url":"https:\/\/wloczykij.org\/blog\/wp-content\/uploads\/sites\/2\/2014\/08\/wp_20140805_008-2.jpg","contentUrl":"https:\/\/wloczykij.org\/blog\/wp-content\/uploads\/sites\/2\/2014\/08\/wp_20140805_008-2.jpg","width":1181,"height":664},{"@type":"BreadcrumbList","@id":"https:\/\/wloczykij.org\/blog\/2014\/08\/19\/male-a-cieszy-lichtenstein\/#breadcrumb","itemListElement":[{"@type":"ListItem","position":1,"name":"Strona g\u0142\u00f3wna","item":"https:\/\/wloczykij.org\/blog\/"},{"@type":"ListItem","position":2,"name":"Mikropa\u0144stwa Europy. Lichtenstein"}]},{"@type":"WebSite","@id":"https:\/\/wloczykij.org\/blog\/#website","url":"https:\/\/wloczykij.org\/blog\/","name":"W\u0142\u00f3czykij - Roman Husarski","description":"","potentialAction":[{"@type":"SearchAction","target":{"@type":"EntryPoint","urlTemplate":"https:\/\/wloczykij.org\/blog\/?s={search_term_string}"},"query-input":{"@type":"PropertyValueSpecification","valueRequired":true,"valueName":"search_term_string"}}],"inLanguage":"pl-PL"},{"@type":"Person","@id":"https:\/\/wloczykij.org\/blog\/#\/schema\/person\/5715e17c214052b93c6c53e27ea498e5","name":"Roman","image":{"@type":"ImageObject","inLanguage":"pl-PL","@id":"https:\/\/secure.gravatar.com\/avatar\/a4ad12ebb0eef153209fb3604f0a54cb2d9993a45803e045e020a86a4527c70b?s=96&d=mm&r=g","url":"https:\/\/secure.gravatar.com\/avatar\/a4ad12ebb0eef153209fb3604f0a54cb2d9993a45803e045e020a86a4527c70b?s=96&d=mm&r=g","contentUrl":"https:\/\/secure.gravatar.com\/avatar\/a4ad12ebb0eef153209fb3604f0a54cb2d9993a45803e045e020a86a4527c70b?s=96&d=mm&r=g","caption":"Roman"},"url":"https:\/\/wloczykij.org\/blog\/author\/remus\/"}]}},"jetpack_publicize_connections":[],"jetpack_featured_media_url":"https:\/\/wloczykij.org\/blog\/wp-content\/uploads\/sites\/2\/2014\/08\/wp_20140805_008-2.jpg","jetpack_sharing_enabled":true,"_links":{"self":[{"href":"https:\/\/wloczykij.org\/blog\/wp-json\/wp\/v2\/posts\/1118","targetHints":{"allow":["GET"]}}],"collection":[{"href":"https:\/\/wloczykij.org\/blog\/wp-json\/wp\/v2\/posts"}],"about":[{"href":"https:\/\/wloczykij.org\/blog\/wp-json\/wp\/v2\/types\/post"}],"author":[{"embeddable":true,"href":"https:\/\/wloczykij.org\/blog\/wp-json\/wp\/v2\/users\/1"}],"replies":[{"embeddable":true,"href":"https:\/\/wloczykij.org\/blog\/wp-json\/wp\/v2\/comments?post=1118"}],"version-history":[{"count":3,"href":"https:\/\/wloczykij.org\/blog\/wp-json\/wp\/v2\/posts\/1118\/revisions"}],"predecessor-version":[{"id":3915,"href":"https:\/\/wloczykij.org\/blog\/wp-json\/wp\/v2\/posts\/1118\/revisions\/3915"}],"wp:featuredmedia":[{"embeddable":true,"href":"https:\/\/wloczykij.org\/blog\/wp-json\/wp\/v2\/media\/956"}],"wp:attachment":[{"href":"https:\/\/wloczykij.org\/blog\/wp-json\/wp\/v2\/media?parent=1118"}],"wp:term":[{"taxonomy":"category","embeddable":true,"href":"https:\/\/wloczykij.org\/blog\/wp-json\/wp\/v2\/categories?post=1118"},{"taxonomy":"post_tag","embeddable":true,"href":"https:\/\/wloczykij.org\/blog\/wp-json\/wp\/v2\/tags?post=1118"}],"curies":[{"name":"wp","href":"https:\/\/api.w.org\/{rel}","templated":true}]}}