{"id":1125,"date":"2014-12-07T20:34:47","date_gmt":"2014-12-07T19:34:47","guid":{"rendered":"https:\/\/wloczykij.org\/blog\/?p=1125"},"modified":"2022-03-20T15:32:49","modified_gmt":"2022-03-20T14:32:49","slug":"o-podrozach-turystyce-i-przemysle-filmowym-w-korei-polnocnej-rozmowa-z-nickiem-bonnerem","status":"publish","type":"post","link":"https:\/\/wloczykij.org\/blog\/2014\/12\/07\/o-podrozach-turystyce-i-przemysle-filmowym-w-korei-polnocnej-rozmowa-z-nickiem-bonnerem\/","title":{"rendered":"O podr\u00f3\u017cach, turystyce i przemy\u015ble filmowym w Korei P\u00f3\u0142nocnej &#8211; rozmowa z Nickiem Bonnerem"},"content":{"rendered":"<figure id=\"attachment_1126\" aria-describedby=\"caption-attachment-1126\" style=\"width: 1000px\" class=\"wp-caption alignnone\"><a href=\"https:\/\/wloczykij.org\/blog\/wp-content\/uploads\/sites\/2\/2014\/12\/Nicholas-Bonner-photo.jpg\"><img loading=\"lazy\" decoding=\"async\" data-attachment-id=\"1126\" data-permalink=\"https:\/\/wloczykij.org\/blog\/2014\/12\/07\/o-podrozach-turystyce-i-przemysle-filmowym-w-korei-polnocnej-rozmowa-z-nickiem-bonnerem\/nicholas-bonner-photo\/\" data-orig-file=\"https:\/\/wloczykij.org\/blog\/wp-content\/uploads\/sites\/2\/2014\/12\/Nicholas-Bonner-photo.jpg\" data-orig-size=\"1181,1164\" data-comments-opened=\"0\" data-image-meta=\"{&quot;aperture&quot;:&quot;0&quot;,&quot;credit&quot;:&quot;&quot;,&quot;camera&quot;:&quot;&quot;,&quot;caption&quot;:&quot;&quot;,&quot;created_timestamp&quot;:&quot;0&quot;,&quot;copyright&quot;:&quot;&quot;,&quot;focal_length&quot;:&quot;0&quot;,&quot;iso&quot;:&quot;0&quot;,&quot;shutter_speed&quot;:&quot;0&quot;,&quot;title&quot;:&quot;&quot;,&quot;orientation&quot;:&quot;0&quot;}\" data-image-title=\"Nicholas Bonner photo\" data-image-description=\"\" data-image-caption=\"\" data-large-file=\"https:\/\/wloczykij.org\/blog\/wp-content\/uploads\/sites\/2\/2014\/12\/Nicholas-Bonner-photo-1000x986.jpg\" class=\"wp-image-1126\" src=\"https:\/\/wloczykij.org\/blog\/wp-content\/uploads\/sites\/2\/2014\/12\/Nicholas-Bonner-photo-1024x1009.jpg\" alt=\"Nicholas Bonner photo\" width=\"1000\" height=\"986\" srcset=\"https:\/\/wloczykij.org\/blog\/wp-content\/uploads\/sites\/2\/2014\/12\/Nicholas-Bonner-photo-1024x1009.jpg 1024w, https:\/\/wloczykij.org\/blog\/wp-content\/uploads\/sites\/2\/2014\/12\/Nicholas-Bonner-photo-1000x986.jpg 1000w, https:\/\/wloczykij.org\/blog\/wp-content\/uploads\/sites\/2\/2014\/12\/Nicholas-Bonner-photo-768x757.jpg 768w, https:\/\/wloczykij.org\/blog\/wp-content\/uploads\/sites\/2\/2014\/12\/Nicholas-Bonner-photo-920x907.jpg 920w, https:\/\/wloczykij.org\/blog\/wp-content\/uploads\/sites\/2\/2014\/12\/Nicholas-Bonner-photo-300x296.jpg 300w, https:\/\/wloczykij.org\/blog\/wp-content\/uploads\/sites\/2\/2014\/12\/Nicholas-Bonner-photo.jpg 1181w\" sizes=\"auto, (max-width: 1000px) 100vw, 1000px\" \/><\/a><figcaption id=\"caption-attachment-1126\" class=\"wp-caption-text\">Nicholas Bonner<\/figcaption><\/figure>\n<p><del><\/del>Nicholas Bonner to cz\u0142owiek licznych pasji. Zajmuje si\u0119 malarstwem, plakatem, architektur\u0105, filmem i&#8230; Kore\u0105 P\u00f3\u0142nocn\u0105. Za\u0142o\u017cone przez niego biuro podr\u00f3\u017cy <a href=\"http:\/\/www.koryogroup.com\">Koryo Tours<\/a> jest jednym z najstarszych i najbardziej aktywnie dzia\u0142aj\u0105cych w KRLD. To w\u0142a\u015bnie z nimi pojecha\u0142em na XIV Festiwal Filmowy w Pjongjangu. Nicholasa pr\u00f3bowa\u0142em z\u0142apa\u0107 jeszcze w Korei P\u00f3\u0142nocnej, ale zawsze mija\u0142 mnie w biegu. Ostatecznie spotkali\u015bmy si\u0119 na Skypie i na spokojnie, przy herbacie, porozmawiali\u015bmy o podr\u00f3\u017cach, turystyce i przemy\u015ble filmowym w Korei P\u00f3\u0142nocnej.<\/p>\n<p><strong>Z powodu wirusa Ebola Korea P\u00f3\u0142nocna zamkn\u0119\u0142a swoje granice dla turyst\u00f3w. Co to oznacza dla twojej pracy?<br \/>\n<\/strong><\/p>\n<p>To nie pierwszy raz, kiedy taka sytuacja ma miejsce. W 2003 roku na przyk\u0142ad zamkni\u0119to chwilowo granice z powodu epidemii SARS. To wydarzenie jest troch\u0119 bezprecedensowe. Zazwyczaj to Chiny bywa\u0142y pierwsze w podejmowaniu decyzji&#8230; je\u015bli wiesz, co mam na my\u015bli. Swoj\u0105 drog\u0105 reakcja Korei na Ebol\u0119 jest najbardziej radykalna na \u015bwiecie. Granice z pewno\u015bci\u0105 pozostan\u0105 zamkni\u0119te do ko\u0144ca roku, jednak\u017ce w lutym mamy nadziej\u0119 by\u0107 tam z powrotem.<\/p>\n<p><strong>Pono\u0107 podr\u00f3\u017cujesz do Korei P\u00f3\u0142nocnej przynajmniej raz w miesi\u0105cu od ponad dwudziestu lat&#8230;<br \/>\n<\/strong><\/p>\n<p>Tak jest, od 1993 roku.<\/p>\n<p><strong>Co sprawi\u0142o, \u017ce tak bardzo zainteresowa\u0142 Ci\u0119 ten kraj?<\/strong><\/p>\n<p>Studiowa\u0142em architektur\u0119 w Pekinie. Tak si\u0119 sk\u0142ada, \u017ce Korea, a potem Japonia przej\u0119\u0142y chi\u0144ski styl budownictwa. Chcia\u0142em zobaczy\u0107 w jaki spos\u00f3b w poszczeg\u00f3lnych krajach idee pochodz\u0105ce z Chin, zosta\u0142y przekszta\u0142cone i dostosowane do nowej rzeczywisto\u015bci. Dlatego podr\u00f3\u017cowa\u0142em. W Korei Po\u0142udniowej nadarzy\u0142a si\u0119 okazja, by odwiedzi\u0107 P\u00f3\u0142noc. Znalaz\u0142em miejsce tak fascynuj\u0105ce, \u017ce zacz\u0105\u0142em tam ci\u0105gle przyje\u017cd\u017ca\u0107. Dzi\u0119ki poznanemu w Pekinie Korea\u0144czykowi uda\u0142o nam si\u0119 zdoby\u0107 wa\u017cne kontakty. Dopiero w 1997 w Korei pojawi\u0142a si\u0119 specjalna administracja zajmuj\u0105ca si\u0119 turystyk\u0105. W tamtym okresie praktycznie nikt tam nie podr\u00f3\u017cowa\u0142, a oni chcieli to zmieni\u0107. Tak rozpocz\u0119li\u015bmy nasz\u0105 dzia\u0142alno\u015b\u0107. Do dzi\u015b specjalizuj\u0119 si\u0119 przede wszystkim w podr\u00f3\u017cach do Korei P\u00f3\u0142nocnej. Tak, jeste\u015bmy biurem podr\u00f3\u017cy, ale od pocz\u0105tku propagujemy \u015bwiadom\u0105 turystyk\u0119. Chcemy pokazywa\u0107, jak kraj wygl\u0105da naprawd\u0119, stawiamy na interakcj\u0119. Dlatego organizujemy uczestnictwo w takich wydarzeniach jak Festiwal Filmowy w Pjongjangu, czy wycieczki po\u015bwi\u0119cone architekturze.<\/p>\n<p><strong>Wspomina\u0142e\u015b, \u017ce gdy zaczynali\u015bcie, turystyka praktycznie nie istnia\u0142a, ale to w\u0142a\u015bnie pod koniec lat 80. w Pjongjangu rozpocz\u0119to budow\u0119 ponad 300-metrowego Ryugyong Hotelu<em>,<\/em> przypominaj\u0105cego gigantyczn\u0105 piramid\u0119.<br \/>\n<\/strong><\/p>\n<p>Dok\u0142adnie w 1987 roku. Hotel zreszt\u0105 wci\u0105\u017c nie zosta\u0142 uko\u0144czony. Swoj\u0105 drog\u0105 w latach 80. Polska r\u00f3wnie\u017c nie by\u0142a specjalnie otwarta dla turyst\u00f3w, prawda?<\/p>\n<p><strong>Nie da si\u0119 zaprzeczy\u0107. M\u00f3g\u0142by\u015b powiedzie\u0107 co\u015b wi\u0119cej na temat swojej przyja\u017ani z Korea\u0144czykiem, kt\u00f3rego pozna\u0142e\u015b w Chinach?<\/strong><\/p>\n<p>By\u0142 studentem j\u0119zyka chi\u0144skiego w Pekinie. Chodzili\u015bmy razem gra\u0107 w pi\u0142k\u0119 no\u017cn\u0105. Po powrocie do kraju zadzwoni\u0142 do nas i zaproponowa\u0142 wsp\u00f3\u0142prac\u0119. Wtedy ju\u017c zajmowa\u0142 si\u0119 turystyk\u0105. Przedstawi\u0142 spraw\u0119 jasno: \u201eNikt tu nie przyje\u017cd\u017ca. Mo\u017ce mogliby\u015bcie sprowadzi\u0107 do nas jakich\u015b ludzi?\u201d. Swoj\u0105 drog\u0105 do dzi\u015b si\u0119 przyja\u017animy. Jestem wujkiem dla jego dzieci.<\/p>\n<p><strong>Z powodu naszej historii, w Polsce postrzegamy Kore\u0119 P\u00f3\u0142nocn\u0105 jako pa\u0144stwo komunistyczne.<\/strong><\/p>\n<p>Wiesz, to faktycznie jest bardzo skomplikowane. Korea wymyka si\u0119 jednoznacznej ocenie, jednak\u017ce je\u015bli mia\u0142bym nazwa\u0107 jako\u015b ten system, powiedzia\u0142bym: czerwony konfucjanizm.<\/p>\n<p><strong>M\u00f3g\u0142by\u015b powiedzie\u0107 co\u015b wi\u0119cej na temat wp\u0142yw\u00f3w konfucja\u0144skich w Korei P\u00f3\u0142nocnej?<\/strong><\/p>\n<p>Konfucjanizm w Korei P\u00f3\u0142nocnej to podstawa. Jest to niezwykle silny pr\u0105d w my\u015bleniu Korea\u0144czyk\u00f3w i to od wiek\u00f3w. Podstaw\u0105 jest rodzina, z kt\u00f3rej dominuj\u0105ca rola ojca przenoszona jest na lider\u00f3w. Nawet d\u017cucze i spos\u00f3b, w jaki prowadzona jest polityka kraju, przesi\u0105kni\u0119te s\u0105 my\u015bl\u0105 konfucja\u0144sk\u0105. Szczeg\u00f3lnie uwa\u017ca\u0142bym z poj\u0119ciami takimi jak leninizm czy marksizm, odno\u015bnie do Korei. To kraj o bardzo indywidualistycznym podej\u015bciu, powiedzia\u0142bym wr\u0119cz dynastyczny.<\/p>\n<p><strong>Mo\u017cna powiedzie\u0107, \u017ce to za spraw\u0105 po\u0142o\u017cenia Korei, jej historii i uzale\u017cnienia si\u0119 od Zwi\u0105zku Sowieckiego, kraj ten przez lata pojawia\u0142 si\u0119 w komunistycznej masce.<\/strong><\/p>\n<p>Dok\u0142adnie, zreszt\u0105 Korea\u0144czycy nie nazywaj\u0105 siebie komunistami, oni wol\u0105 m\u00f3wi\u0107, \u017ce s\u0105 socjalistami. Do tego przede wszystkim staraj\u0105 si\u0119 dba\u0107 o dobre imi\u0119 swojego kraju. W sumie to jest niez\u0142y miszmasz idei.<\/p>\n<p><strong>Prawd\u0119 m\u00f3wi\u0105c, odnios\u0142em wra\u017cenie, \u017ce jest to spo\u0142ecze\u0144stwo niezwykle konserwatywne.<\/strong><\/p>\n<p>To prawda i to pod wieloma wzgl\u0119dami. Od kwestii narodowych, po obyczajowo\u015b\u0107 w spo\u0142ecze\u0144stwie.<\/p>\n<p><strong>Istnieje wiele mit\u00f3w i plotek zwi\u0105zanych z Kore\u0105 P\u00f3\u0142nocn\u0105. Czy kt\u00f3ra\u015b wydaje ci si\u0119 szczeg\u00f3lnie absurdalna? Na przyk\u0142ad swego czasu kr\u0105\u017cy\u0142 po polskich mediach film pokazuj\u0105cy zwyci\u0119stwo Korei P\u00f3\u0142nocnej w mistrzostwach \u015bwiata w pi\u0142ce no\u017cnej. Mia\u0142 by\u0107 to przyk\u0142ad absurdalnej propagandy, ale wszystko okaza\u0142o si\u0119 \u017cartem po\u0142udniowokorea\u0144skiego blogera. Kiedy\u015b czyta\u0142em te\u017c o rzekomych rzeszach Korea\u0144czyk\u00f3w uzale\u017cnionych od narkotyk\u00f3w.<\/strong><\/p>\n<p>Ogl\u0105da\u0142em mistrzostwa z Korea\u0144czykami w Korei P\u00f3\u0142nocnej, podczas kr\u0119cenia \u201eTowarzyszka Kim uczy si\u0119 lata\u0107\u201d. Wiele razy rozmawia\u0142em te\u017c tam z lud\u017ami na temat pi\u0142ki no\u017cnej. Co do narkotyk\u00f3w, to raczej nie s\u0105dz\u0119. Jak wida\u0107, mit\u00f3w jest mn\u00f3stwo. Trzeba tu po prostu przyjecha\u0107. To by\u0142 te\u017c pow\u00f3d, dla kt\u00f3rego zacz\u0119li\u015bmy robi\u0107 filmy dokumentalne w Pjongjangu. Chcieli\u015bmy przybli\u017cy\u0107 \u015bwiatu rzeczywisto\u015b\u0107 tego kraju. Prawd\u0119 m\u00f3wi\u0105c, to Polacy pierwsi rozpocz\u0119li kr\u0119cenie dokument\u00f3w w Korei.<\/p>\n<p>&nbsp;<\/p>\n<div class=\"jetpack-video-wrapper\"><span class=\"embed-youtube\" style=\"text-align:center; display: block;\"><iframe loading=\"lazy\" class=\"youtube-player\" width=\"640\" height=\"360\" src=\"https:\/\/www.youtube.com\/embed\/yPyHoDcwbzE?version=3&#038;rel=1&#038;showsearch=0&#038;showinfo=1&#038;iv_load_policy=1&#038;fs=1&#038;hl=pl-PL&#038;autohide=2&#038;wmode=transparent\" allowfullscreen=\"true\" style=\"border:0;\" sandbox=\"allow-scripts allow-same-origin allow-popups allow-presentation allow-popups-to-escape-sandbox\"><\/iframe><\/span><\/div>\n<p>&nbsp;<\/p>\n<p><strong>To prawda, Andrzej Fidyk nakr\u0119ci\u0142 w 1989 roku film pt. \u201eDefilada\u201d.<\/strong><\/p>\n<p>Dok\u0142adnie, potem powsta\u0142o troch\u0119 wi\u0119cej film\u00f3w. Wi\u0119kszo\u015b\u0107 przesadzonych, poniewa\u017c ten kraj jest bardzo zamkni\u0119ty. Ci\u0119\u017cko potwierdzi\u0107, czy co\u015b jest prawdziwe, czy nie, wszystko mo\u017cna powiedzie\u0107, bez mo\u017cliwo\u015bci sprawdzenia.<\/p>\n<p><strong>W\u0142a\u015bciwie, ilu turyst\u00f3w przez te lata sprowadzi\u0142e\u015b do Korei?<\/strong><\/p>\n<p>Nie jestem w stanie Ci odpowiedzie\u0107. Obecnie co roku zabieramy do KRLD ok. 2000 ludzi.<\/p>\n<p><strong>To wi\u0119cej ni\u017c my\u015bla\u0142em.<br \/>\n<\/strong><\/p>\n<p>Por\u00f3wnaj to z jakim\u015b ma\u0142ym historycznym miasteczkiem w Polsce. 2000 tysi\u0105ce os\u00f3b mo\u017cemy tam sprowadzi\u0107 w weekend, bez \u017cadnych problem\u00f3w. Korea P\u00f3\u0142nocna jest niepor\u00f3wnywalna. To jest w og\u00f3le \u015bmieszne! Teraz jeszcze zamkni\u0119to nam nagle granice kraju. Jak wida\u0107 dla Korei, turystyka wci\u0105\u017c ma niewielkie znaczenie.<\/p>\n<p><strong>Czy zdarzy\u0142y si\u0119 jakie\u015b szczeg\u00f3lne problemy w zwi\u0105zku z turystami przez ca\u0142y okres dzia\u0142alno\u015bci turystycznej?<\/strong><\/p>\n<p>Nie bardzo. Sam dobrze wiesz, \u017ce przygotowujemy ka\u017cdego dok\u0142adnie. Wszystkie zasady s\u0105 dobrze znane przed wyjazdem. Ka\u017cdy wi\u0119c wie, na co uwa\u017ca\u0107 i raczej nie jest zaskoczony.<\/p>\n<p><strong>A co z lud\u017ami takimi, jak dziennikarz BBC John Sweeney, kt\u00f3rzy wje\u017cd\u017caj\u0105 do Korei P\u00f3\u0142nocnej na wizie turystycznej i kr\u0119c\u0105 filmy z ukrycia?<\/strong><\/p>\n<p>John Sweeney nie jecha\u0142 z Koryo Tours, ale fakt, zawsze znajdzie si\u0119 dziennikarz szukaj\u0105cy tematu. Tyle \u017ce mo\u017cna uzyska\u0107 pozwolenia na kr\u0119cenie dokumentu. To oczywi\u015bcie wymaga niema\u0142ej pracy, ale jest mo\u017cliwe. My w naszych dokumentach pokazali\u015bmy niepor\u00f3wnywalnie wi\u0119cej ni\u017c w odcinku The BBC Panorama przygotowanym przez Sweeneya. Oczywi\u015bcie pozwolenie na kr\u0119cenie jest wydawane na specjalnych warunkach, jednak\u017ce wci\u0105\u017c mo\u017cna tyle opowiedzie\u0107&#8230; Dla przyk\u0142adu w \u201eStanie umys\u0142u\u201d pokazujemy historie r\u00f3\u017cnych ludzi, od profesora Uniwersytetu po zwyk\u0142ego robotnika.<\/p>\n<p><strong>Wracaj\u0105c do turystyki, jednak zdarzy\u0142a si\u0119 sytuacja, kiedy wasza dzia\u0142alno\u015b\u0107 zosta\u0142a zamkni\u0119ta z powodu dziennikarzy-turyst\u00f3w.<\/strong><\/p>\n<p>To prawda, to by\u0142o w latach 90. Nie jestem tylko pewny, czy to z powodu dziennikarzy. Pewne ryzyko zawsze istnieje. Dlatego przed przyjechaniem do Korei podpisuje si\u0119 zobowi\u0105zanie o niepublikowaniu niczego bez naszej zgody. To sprawia, \u017ce ludzie s\u0105 du\u017co bardziej prawdom\u00f3wni.<\/p>\n<p><strong>Jak utrzymujesz zaufanie z KITC?<\/strong> <strong>(Korea International Travel Company, pa\u0144stwowa instytucja zarz\u0105dzaj\u0105ca podr\u00f3\u017cami do KRLD)<\/strong><\/p>\n<p>Pracujemy z pracownikami rz\u0105dowymi, oficjelami, jak i zwyk\u0142ymi przewodnikami. KITC ma swoje obowi\u0105zki, bierze odpowiedzialno\u015b\u0107 za turyst\u00f3w, kt\u00f3rych wpuszcza do kraju. Musz\u0105 uwa\u017ca\u0107, ale tak by\u0142o w Chinach i tak zapewne by\u0142o te\u017c w Polsce. Maj\u0105 pewien schemat, co pokazywa\u0107 go\u015bciom z zagranicy. Jednak ca\u0142y czas ich naciskamy: otw\u00f3rzcie to, wpu\u015b\u0107cie nas tu, pozw\u00f3lcie turystom uczestniczy\u0107 w Festiwalu Filmowym itd. M\u00f3wimy im: Je\u015bli chcecie mie\u0107 wi\u0119cej turyst\u00f3w, musicie bardziej si\u0119 otworzy\u0107. Nasza wsp\u00f3\u0142praca polega na zaufaniu. Pracownicy te\u017c s\u0105 r\u00f3\u017cni. Przede wszystkim chc\u0105, by ludzie przyje\u017cd\u017cali i by byli zachwyceni ich krajem. Zreszt\u0105 czy s\u0105 przewodnicy, kt\u00f3rzy by tego nie chcieli? Oni nie s\u0105 robotami, maj\u0105 r\u00f3\u017cne pomys\u0142y, r\u00f3\u017cne charaktery. My\u015bl\u0119, \u017ce zauwa\u017cy\u0142e\u015b to u swoich przewodnik\u00f3w. Nie powtarzaj\u0105 tylko rz\u0105dowych slogan\u00f3w, maj\u0105 swoje osobowo\u015bci. A je\u015bli ci zaufaj\u0105, na pewno dowiesz si\u0119 te\u017c wi\u0119cej.<\/p>\n<p><strong>Co by\u015b powiedzia\u0142 ludziom, uwa\u017caj\u0105cym podr\u00f3\u017ce do KRLD wy\u0142\u0105cznie za wspieranie zbrodniczego re\u017cimu?<\/strong><\/p>\n<p>Tak bardzo wspiera, \u017ce rz\u0105d nagle zamyka ca\u0142y kraj? Turystyka to wci\u0105\u017c niewiele znacz\u0105ca cz\u0119\u015b\u0107 bud\u017cetu Korei P\u00f3\u0142nocnej. Zgodz\u0119 si\u0119, \u017ce je\u015bli przyje\u017cd\u017casz tu tylko po to, by poje\u017adzi\u0107 dooko\u0142a i traktujesz ten kraj jak zoo, to faktycznie nie ma to wielkiego sensu. Dlatego Koryo Tours stawia na interakcje i wymian\u0119 kulturow\u0105. Cz\u0119\u015b\u0107 procesu otwieraj\u0105cego kraj opiera si\u0119 na dialogu, a turystyka to absolutnie pierwszy krok. Tak by\u0142o z Chinami, tak by\u0142o z Wietnamem etc. Je\u015bli kto\u015b wierzy w izolacj\u0119, to jego sprawa. Ja nie wiedz\u0119 w takim dzia\u0142aniu sensu. To jest te\u017c taki kraj, gdzie w\u0142a\u015bciwie nie da si\u0119 p\u00f3j\u015b\u0107 z izolacj\u0105 jeszcze dalej.<\/p>\n<p><strong>Chcia\u0142bym wypyta\u0107 Ci\u0119 jeszcze o filmy. Kt\u00f3ry dokument we wsp\u00f3\u0142pracy z Danielem Gordonem by\u0142 najtrudniejszy?<\/strong><\/p>\n<p>Prawdopodobnie \u201eCrossing the line\u201d by\u0142 najtrudniejszym filmem w realizacji. Musieli\u015bmy pojecha\u0107 do Ameryki i Japonii oraz uzyska\u0107 od Korei niesamowicie du\u017cy dost\u0119p do informacji. Jednak\u017ce prywatnie dla mnie najtrudniejszy by\u0142 \u201eStan umys\u0142u\u201d. Przez rok robili\u015bmy zdj\u0119cia, przez ten czas ci\u0105gle spotykali\u015bmy si\u0119 i rozmawiali\u015bmy z dwiema rodzinami. Nieko\u0144cz\u0105ce si\u0119 wywiady i obserwacja by\u0142y m\u0119cz\u0105ce, ale da\u0142y ko\u0144cowy efekt. Co do Daniela, to pozna\u0142em go lepiej w latach 90., kiedy przyjecha\u0142 do Korei napisa\u0107 ksi\u0105\u017ck\u0119 o stadionach sportowych. Wyda\u0142 mi si\u0119 troch\u0119 ekscentrykiem. Kto pisze ksi\u0105\u017cki o stadionach sportowych? Kto to niby kupi? Okaza\u0142o si\u0119, \u017ce tacy ludzie istniej\u0105. Sport zbli\u017cy\u0142 nas do siebie, po prostu po\u0142\u0105czyli\u015bmy temat pi\u0142ki no\u017cnej z Kore\u0105 i tak wpadli\u015bmy na pomys\u0142 \u201eThe game of their lives\u201d.<\/p>\n<p><strong>Czy mia\u0142e\u015b okazj\u0119 spotka\u0107 si\u0119 z Jamesem Dresnokiem po zako\u0144czeniu \u201eCrossing the line\u201d (Dokument opowiada o ameryka\u0144skich dezerterach wojennych, kt\u00f3rzy zamieszkali w Korei P\u00f3\u0142nocnej)?<\/strong><\/p>\n<p>Tak, spotyka\u0142em si\u0119 z nimi wszystkimi. Z dziewczynami ze \u201eStanu umys\u0142u\u201d, z \u017co\u0142nierzami, z pi\u0142karzami, robotnikami. Widuj\u0119 ich regularnie. Johnowi Dresnokowi film bardzo si\u0119 spodoba\u0142, ale nie ma si\u0119 on najlepiej w tym momencie.<\/p>\n<p><strong>Film pokazywa\u0142, \u017ce lubi u\u017cywa\u0107 \u017cycia.<\/strong><\/p>\n<p>Zgadza si\u0119 i to by\u0142o te\u017c dobre dla niego, by przyjrze\u0107 si\u0119 swojemu post\u0119powaniu z zewn\u0105trz. Po projekcji obieca\u0142, \u017ce zrobi wszystko, by jego dzieci go nie porzuci\u0142y. To z pewno\u015bci\u0105 by\u0142o emocjonalnie wyczerpuj\u0105ce dla niego.<\/p>\n<p><strong>Od pewnego czasu wida\u0107 pewne zmiany w kinematografii korea\u0144skiej. Pokazywany na festiwalu film \u201ePo drugiej stronie g\u00f3ry\u201d jest tego \u015bwietnym przyk\u0142adem. Powiedzia\u0142bym, \u017ce co\u015b drgn\u0119\u0142o po premierze \u201eTowarzyszka Kim uczy si\u0119 lata\u0107\u201d.<\/strong><\/p>\n<p>Nie widzia\u0142em jeszcze \u201ePo drugiej stronie g\u00f3ry\u201d, wi\u0119c nie mog\u0119 si\u0119 wypowiedzie\u0107. Mieli\u015bmy sporo problem\u00f3w z zaakceptowaniem przez w\u0142adze \u201eTowarzyszki Kim\u201d. Najpierw wielokrotnie nasz scenariusz by\u0142 odrzucany. Ju\u017c mieli\u015bmy porzuci\u0107 projekt, gdy nagle uda\u0142o uruchomi\u0107 si\u0119 pewne znajomo\u015bci i dostali\u015bmy zielone \u015bwiat\u0142o. Faktycznie chcieli\u015bmy zrobi\u0107 co\u015b nowego. Najwa\u017cniejsze, \u017ce zosta\u0142o to zaakceptowane i spodoba\u0142o si\u0119 korea\u0144skiej publice. Nasz film niesie wa\u017cn\u0105 wiadomo\u015b\u0107: mo\u017cna robi\u0107 filmy mniej polityczne, za to bardziej rozrywkowe.<\/p>\n<p>&nbsp;<\/p>\n<div class=\"jetpack-video-wrapper\"><span class=\"embed-youtube\" style=\"text-align:center; display: block;\"><iframe loading=\"lazy\" class=\"youtube-player\" width=\"640\" height=\"360\" src=\"https:\/\/www.youtube.com\/embed\/J6VQbagojN0?version=3&#038;rel=1&#038;showsearch=0&#038;showinfo=1&#038;iv_load_policy=1&#038;fs=1&#038;hl=pl-PL&#038;autohide=2&#038;wmode=transparent\" allowfullscreen=\"true\" style=\"border:0;\" sandbox=\"allow-scripts allow-same-origin allow-popups allow-presentation allow-popups-to-escape-sandbox\"><\/iframe><\/span><\/div>\n<p>&nbsp;<\/p>\n<p><strong>Uda\u0142o ci si\u0119 \u015bci\u0105gn\u0105\u0107 do kin Korei P\u00f3\u0142nocnej film \u201eJa\u015b Fasola Nadci\u0105ga totalny kataklizm\u201d. To pierwszy raz w historii, kiedy w tym kraju pokazuje si\u0119 film zrealizowany w Ameryce. Jak tego dokona\u0142e\u015b? Jaka reagowa\u0142a publika?<\/strong><\/p>\n<p>Pracowali\u015bmy nad tym z\u00a0 Ambasad\u0105 Brytyjski\u0105 i Ealing Studios bez wi\u0119kszych nadziei. Tym bardziej zaskoczy\u0142 nas sukces tego filmu. Ja\u015b pokazywany by\u0142 w ca\u0142ym kraju. Po raz pierwszy mieszka\u0144cy Korei P\u00f3\u0142nocnej mieli okazj\u0119 zobaczy\u0107 deskorolk\u0119, nie m\u00f3wi\u0105c ju\u017c o \u017cyciu w Ameryce.<\/p>\n<p><strong>Po tylu latach pracy w Korei, czy widzisz jakie\u015b zmiany w tym kraju?<\/strong><\/p>\n<p>To bardzo trudne pytanie. Oczywi\u015bcie pewne zmiany zachodz\u0105, tak jak wsz\u0119dzie, jednak\u017ce por\u00f3wnuj\u0105c z tym, co dzieje si\u0119 na przyk\u0142ad w Chinach, to w Korei P\u00f3\u0142nocnej nie zmieni\u0142o si\u0119 nic. Dzieje si\u0119 teraz co\u015b nowego na poziomie dyplomacji, ale to wszystko jest na niezwykle delikatny proces. Dlatego jestem tak dumny z naszej pracy nad otwieraniem Korei, z niesienia informacji o tym kraju reszcie \u015bwiata. Jednak\u017ce mo\u017cna by zrobi\u0107 duuu\u017co wi\u0119cej. Niestety obserwujemy absolutny brak zainteresowania, nie tylko Korei P\u00f3\u0142nocnej, ale i ze strony reszty \u015bwiata. Sankcje ekonomiczne mog\u0105 si\u0119 dla wielu wydawa\u0107 sensowne, ale pozostawianie tego kraju nie zmieni absolutnie niczego. Jest bardzo wa\u017cne zw\u0142aszcza, by nie przerywa\u0107 tej niewielkiej, ale istotnej wymiany kulturowej. My\u015bl\u0119, \u017ce Polska z okresu komunizmu jest idealnym przyk\u0142adem na to, jak posiadanie dost\u0119pu do informacji mo\u017ce wp\u0142yn\u0105\u0107 na tworzenie si\u0119 pewnych&#8230; sytuacji.<\/p>\n<p><strong>Gdyby\u015b na koniec m\u00f3g\u0142 powiedzie\u0107, dlaczego lepiej wybra\u0107 Koryo Tours od innych, czasem ta\u0144szych biur podr\u00f3\u017cy&#8230;<\/strong><\/p>\n<p>Zawsze jest wyb\u00f3r. Je\u015bli pieni\u0105dze s\u0105 dla ciebie najbardziej istotne, to mo\u017cesz jecha\u0107 na jeden z tych tanich wyjazd\u00f3w objazdowych. My mo\u017cemy z dum\u0105 podkre\u015bli\u0107, \u017ce mamy du\u017co wi\u0119ksze mo\u017cliwo\u015bci. Sam widzia\u0142e\u015b, jak wygl\u0105da\u0142 nasz pobyt w na festiwalu filmowym. Spotykali\u015bmy si\u0119 z aktorami, producentami, monta\u017cystami. Robili\u015bmy rzeczy, o kt\u00f3rych inne biura nie mog\u0105 nawet pomarzy\u0107. To dlatego, \u017ce jeste\u015bmy zaanga\u017cowani, wsp\u00f3\u0142pracujemy blisko z Korea\u0144czykami i po prostu solidnie przygotowujemy nasze wycieczki. Wystarczy zreszt\u0105 odwiedzi\u0107 nasz\u0105 stron\u0119, poczyta\u0107 naszego bloga i zobaczy\u0107 ile robimy. To tak jak kupowanie coli, mo\u017cesz kupi\u0107 oryginaln\u0105 coca-col\u0119, b\u0105d\u017a p\u00f3\u0142nocnokorea\u0144sk\u0105 podr\u00f3bk\u0119 (\u015bmiech). Wyb\u00f3r nale\u017cy do ciebie.<\/p>\n","protected":false},"excerpt":{"rendered":"<p>Nicholas Bonner to cz\u0142owiek licznych pasji. Zajmuje si\u0119 malarstwem, plakatem, architektur\u0105, filmem i&#8230; Kore\u0105 P\u00f3\u0142nocn\u0105. Za\u0142o\u017cone przez niego biuro podr\u00f3\u017cy Koryo Tours jest jednym z najstarszych i najbardziej aktywnie dzia\u0142aj\u0105cych w KRLD. To w\u0142a\u015bnie z nimi pojecha\u0142em na XIV Festiwal Filmowy w Pjongjangu. Nicholasa pr\u00f3bowa\u0142em z\u0142apa\u0107 jeszcze w Korei P\u00f3\u0142nocnej, ale zawsze mija\u0142 mnie w &hellip; <\/p>\n","protected":false},"author":1,"featured_media":1126,"comment_status":"open","ping_status":"open","sticky":false,"template":"","format":"standard","meta":{"_jetpack_memberships_contains_paid_content":false,"footnotes":"","jetpack_publicize_message":"","jetpack_publicize_feature_enabled":true,"jetpack_social_post_already_shared":true,"jetpack_social_options":{"image_generator_settings":{"template":"highway","default_image_id":0,"font":"","enabled":false},"version":2}},"categories":[4,17,426],"tags":[154,95,145],"class_list":["post-1125","post","type-post","status-publish","format-standard","has-post-thumbnail","hentry","category-o-podrozowaniu","category-korea-polnocna","category-wywiad","tag-etyka","tag-podroz","tag-wywiad"],"yoast_head":"<!-- This site is optimized with the Yoast SEO plugin v27.5 - https:\/\/yoast.com\/product\/yoast-seo-wordpress\/ -->\n<title>O podr\u00f3\u017cach, turystyce i przemy\u015ble filmowym w Korei P\u00f3\u0142nocnej - rozmowa z Nickiem Bonnerem - W\u0142\u00f3czykij - Roman Husarski<\/title>\n<meta name=\"robots\" content=\"index, follow, max-snippet:-1, max-image-preview:large, max-video-preview:-1\" \/>\n<link rel=\"canonical\" href=\"https:\/\/wloczykij.org\/blog\/2014\/12\/07\/o-podrozach-turystyce-i-przemysle-filmowym-w-korei-polnocnej-rozmowa-z-nickiem-bonnerem\/\" \/>\n<meta property=\"og:locale\" content=\"pl_PL\" \/>\n<meta property=\"og:type\" content=\"article\" \/>\n<meta property=\"og:title\" content=\"O podr\u00f3\u017cach, turystyce i przemy\u015ble filmowym w Korei P\u00f3\u0142nocnej - rozmowa z Nickiem Bonnerem - W\u0142\u00f3czykij - Roman Husarski\" \/>\n<meta property=\"og:description\" content=\"Nicholas Bonner to cz\u0142owiek licznych pasji. Zajmuje si\u0119 malarstwem, plakatem, architektur\u0105, filmem i&#8230; Kore\u0105 P\u00f3\u0142nocn\u0105. Za\u0142o\u017cone przez niego biuro podr\u00f3\u017cy Koryo Tours jest jednym z najstarszych i najbardziej aktywnie dzia\u0142aj\u0105cych w KRLD. To w\u0142a\u015bnie z nimi pojecha\u0142em na XIV Festiwal Filmowy w Pjongjangu. Nicholasa pr\u00f3bowa\u0142em z\u0142apa\u0107 jeszcze w Korei P\u00f3\u0142nocnej, ale zawsze mija\u0142 mnie w &hellip;\" \/>\n<meta property=\"og:url\" content=\"https:\/\/wloczykij.org\/blog\/2014\/12\/07\/o-podrozach-turystyce-i-przemysle-filmowym-w-korei-polnocnej-rozmowa-z-nickiem-bonnerem\/\" \/>\n<meta property=\"og:site_name\" content=\"W\u0142\u00f3czykij - Roman Husarski\" \/>\n<meta property=\"article:publisher\" content=\"https:\/\/www.facebook.com\/pages\/W%c5%82%c3%b3czykij\/282838631839707\" \/>\n<meta property=\"article:published_time\" content=\"2014-12-07T19:34:47+00:00\" \/>\n<meta property=\"article:modified_time\" content=\"2022-03-20T14:32:49+00:00\" \/>\n<meta property=\"og:image\" content=\"https:\/\/wloczykij.org\/blog\/wp-content\/uploads\/sites\/2\/2014\/12\/Nicholas-Bonner-photo.jpg\" \/>\n\t<meta property=\"og:image:width\" content=\"1181\" \/>\n\t<meta property=\"og:image:height\" content=\"1164\" \/>\n\t<meta property=\"og:image:type\" content=\"image\/jpeg\" \/>\n<meta name=\"author\" content=\"Roman\" \/>\n<meta name=\"twitter:label1\" content=\"Napisane przez\" \/>\n\t<meta name=\"twitter:data1\" content=\"Roman\" \/>\n\t<meta name=\"twitter:label2\" content=\"Szacowany czas czytania\" \/>\n\t<meta name=\"twitter:data2\" content=\"13 minut\" \/>\n<script type=\"application\/ld+json\" class=\"yoast-schema-graph\">{\"@context\":\"https:\\\/\\\/schema.org\",\"@graph\":[{\"@type\":\"Article\",\"@id\":\"https:\\\/\\\/wloczykij.org\\\/blog\\\/2014\\\/12\\\/07\\\/o-podrozach-turystyce-i-przemysle-filmowym-w-korei-polnocnej-rozmowa-z-nickiem-bonnerem\\\/#article\",\"isPartOf\":{\"@id\":\"https:\\\/\\\/wloczykij.org\\\/blog\\\/2014\\\/12\\\/07\\\/o-podrozach-turystyce-i-przemysle-filmowym-w-korei-polnocnej-rozmowa-z-nickiem-bonnerem\\\/\"},\"author\":{\"name\":\"Roman\",\"@id\":\"https:\\\/\\\/wloczykij.org\\\/blog\\\/#\\\/schema\\\/person\\\/5715e17c214052b93c6c53e27ea498e5\"},\"headline\":\"O podr\u00f3\u017cach, turystyce i przemy\u015ble filmowym w Korei P\u00f3\u0142nocnej &#8211; rozmowa z Nickiem Bonnerem\",\"datePublished\":\"2014-12-07T19:34:47+00:00\",\"dateModified\":\"2022-03-20T14:32:49+00:00\",\"mainEntityOfPage\":{\"@id\":\"https:\\\/\\\/wloczykij.org\\\/blog\\\/2014\\\/12\\\/07\\\/o-podrozach-turystyce-i-przemysle-filmowym-w-korei-polnocnej-rozmowa-z-nickiem-bonnerem\\\/\"},\"wordCount\":2536,\"commentCount\":0,\"image\":{\"@id\":\"https:\\\/\\\/wloczykij.org\\\/blog\\\/2014\\\/12\\\/07\\\/o-podrozach-turystyce-i-przemysle-filmowym-w-korei-polnocnej-rozmowa-z-nickiem-bonnerem\\\/#primaryimage\"},\"thumbnailUrl\":\"https:\\\/\\\/wloczykij.org\\\/blog\\\/wp-content\\\/uploads\\\/sites\\\/2\\\/2014\\\/12\\\/Nicholas-Bonner-photo.jpg\",\"keywords\":[\"etyka\",\"podr\u00f3\u017c\",\"wywiad\"],\"articleSection\":[\"...O PODR\u00d3\u017bOWANIU...\",\"Korea P\u00f3\u0142nocna\",\"WYWIAD\"],\"inLanguage\":\"pl-PL\",\"potentialAction\":[{\"@type\":\"CommentAction\",\"name\":\"Comment\",\"target\":[\"https:\\\/\\\/wloczykij.org\\\/blog\\\/2014\\\/12\\\/07\\\/o-podrozach-turystyce-i-przemysle-filmowym-w-korei-polnocnej-rozmowa-z-nickiem-bonnerem\\\/#respond\"]}]},{\"@type\":\"WebPage\",\"@id\":\"https:\\\/\\\/wloczykij.org\\\/blog\\\/2014\\\/12\\\/07\\\/o-podrozach-turystyce-i-przemysle-filmowym-w-korei-polnocnej-rozmowa-z-nickiem-bonnerem\\\/\",\"url\":\"https:\\\/\\\/wloczykij.org\\\/blog\\\/2014\\\/12\\\/07\\\/o-podrozach-turystyce-i-przemysle-filmowym-w-korei-polnocnej-rozmowa-z-nickiem-bonnerem\\\/\",\"name\":\"O podr\u00f3\u017cach, turystyce i przemy\u015ble filmowym w Korei P\u00f3\u0142nocnej - rozmowa z Nickiem Bonnerem - W\u0142\u00f3czykij - Roman Husarski\",\"isPartOf\":{\"@id\":\"https:\\\/\\\/wloczykij.org\\\/blog\\\/#website\"},\"primaryImageOfPage\":{\"@id\":\"https:\\\/\\\/wloczykij.org\\\/blog\\\/2014\\\/12\\\/07\\\/o-podrozach-turystyce-i-przemysle-filmowym-w-korei-polnocnej-rozmowa-z-nickiem-bonnerem\\\/#primaryimage\"},\"image\":{\"@id\":\"https:\\\/\\\/wloczykij.org\\\/blog\\\/2014\\\/12\\\/07\\\/o-podrozach-turystyce-i-przemysle-filmowym-w-korei-polnocnej-rozmowa-z-nickiem-bonnerem\\\/#primaryimage\"},\"thumbnailUrl\":\"https:\\\/\\\/wloczykij.org\\\/blog\\\/wp-content\\\/uploads\\\/sites\\\/2\\\/2014\\\/12\\\/Nicholas-Bonner-photo.jpg\",\"datePublished\":\"2014-12-07T19:34:47+00:00\",\"dateModified\":\"2022-03-20T14:32:49+00:00\",\"author\":{\"@id\":\"https:\\\/\\\/wloczykij.org\\\/blog\\\/#\\\/schema\\\/person\\\/5715e17c214052b93c6c53e27ea498e5\"},\"breadcrumb\":{\"@id\":\"https:\\\/\\\/wloczykij.org\\\/blog\\\/2014\\\/12\\\/07\\\/o-podrozach-turystyce-i-przemysle-filmowym-w-korei-polnocnej-rozmowa-z-nickiem-bonnerem\\\/#breadcrumb\"},\"inLanguage\":\"pl-PL\",\"potentialAction\":[{\"@type\":\"ReadAction\",\"target\":[\"https:\\\/\\\/wloczykij.org\\\/blog\\\/2014\\\/12\\\/07\\\/o-podrozach-turystyce-i-przemysle-filmowym-w-korei-polnocnej-rozmowa-z-nickiem-bonnerem\\\/\"]}]},{\"@type\":\"ImageObject\",\"inLanguage\":\"pl-PL\",\"@id\":\"https:\\\/\\\/wloczykij.org\\\/blog\\\/2014\\\/12\\\/07\\\/o-podrozach-turystyce-i-przemysle-filmowym-w-korei-polnocnej-rozmowa-z-nickiem-bonnerem\\\/#primaryimage\",\"url\":\"https:\\\/\\\/wloczykij.org\\\/blog\\\/wp-content\\\/uploads\\\/sites\\\/2\\\/2014\\\/12\\\/Nicholas-Bonner-photo.jpg\",\"contentUrl\":\"https:\\\/\\\/wloczykij.org\\\/blog\\\/wp-content\\\/uploads\\\/sites\\\/2\\\/2014\\\/12\\\/Nicholas-Bonner-photo.jpg\",\"width\":1181,\"height\":1164},{\"@type\":\"BreadcrumbList\",\"@id\":\"https:\\\/\\\/wloczykij.org\\\/blog\\\/2014\\\/12\\\/07\\\/o-podrozach-turystyce-i-przemysle-filmowym-w-korei-polnocnej-rozmowa-z-nickiem-bonnerem\\\/#breadcrumb\",\"itemListElement\":[{\"@type\":\"ListItem\",\"position\":1,\"name\":\"Strona g\u0142\u00f3wna\",\"item\":\"https:\\\/\\\/wloczykij.org\\\/blog\\\/\"},{\"@type\":\"ListItem\",\"position\":2,\"name\":\"O podr\u00f3\u017cach, turystyce i przemy\u015ble filmowym w Korei P\u00f3\u0142nocnej &#8211; rozmowa z Nickiem Bonnerem\"}]},{\"@type\":\"WebSite\",\"@id\":\"https:\\\/\\\/wloczykij.org\\\/blog\\\/#website\",\"url\":\"https:\\\/\\\/wloczykij.org\\\/blog\\\/\",\"name\":\"W\u0142\u00f3czykij - Roman Husarski\",\"description\":\"\",\"potentialAction\":[{\"@type\":\"SearchAction\",\"target\":{\"@type\":\"EntryPoint\",\"urlTemplate\":\"https:\\\/\\\/wloczykij.org\\\/blog\\\/?s={search_term_string}\"},\"query-input\":{\"@type\":\"PropertyValueSpecification\",\"valueRequired\":true,\"valueName\":\"search_term_string\"}}],\"inLanguage\":\"pl-PL\"},{\"@type\":\"Person\",\"@id\":\"https:\\\/\\\/wloczykij.org\\\/blog\\\/#\\\/schema\\\/person\\\/5715e17c214052b93c6c53e27ea498e5\",\"name\":\"Roman\",\"image\":{\"@type\":\"ImageObject\",\"inLanguage\":\"pl-PL\",\"@id\":\"https:\\\/\\\/secure.gravatar.com\\\/avatar\\\/a4ad12ebb0eef153209fb3604f0a54cb2d9993a45803e045e020a86a4527c70b?s=96&d=mm&r=g\",\"url\":\"https:\\\/\\\/secure.gravatar.com\\\/avatar\\\/a4ad12ebb0eef153209fb3604f0a54cb2d9993a45803e045e020a86a4527c70b?s=96&d=mm&r=g\",\"contentUrl\":\"https:\\\/\\\/secure.gravatar.com\\\/avatar\\\/a4ad12ebb0eef153209fb3604f0a54cb2d9993a45803e045e020a86a4527c70b?s=96&d=mm&r=g\",\"caption\":\"Roman\"},\"url\":\"https:\\\/\\\/wloczykij.org\\\/blog\\\/author\\\/remus\\\/\"}]}<\/script>\n<!-- \/ Yoast SEO plugin. -->","yoast_head_json":{"title":"O podr\u00f3\u017cach, turystyce i przemy\u015ble filmowym w Korei P\u00f3\u0142nocnej - rozmowa z Nickiem Bonnerem - W\u0142\u00f3czykij - Roman Husarski","robots":{"index":"index","follow":"follow","max-snippet":"max-snippet:-1","max-image-preview":"max-image-preview:large","max-video-preview":"max-video-preview:-1"},"canonical":"https:\/\/wloczykij.org\/blog\/2014\/12\/07\/o-podrozach-turystyce-i-przemysle-filmowym-w-korei-polnocnej-rozmowa-z-nickiem-bonnerem\/","og_locale":"pl_PL","og_type":"article","og_title":"O podr\u00f3\u017cach, turystyce i przemy\u015ble filmowym w Korei P\u00f3\u0142nocnej - rozmowa z Nickiem Bonnerem - W\u0142\u00f3czykij - Roman Husarski","og_description":"Nicholas Bonner to cz\u0142owiek licznych pasji. Zajmuje si\u0119 malarstwem, plakatem, architektur\u0105, filmem i&#8230; Kore\u0105 P\u00f3\u0142nocn\u0105. Za\u0142o\u017cone przez niego biuro podr\u00f3\u017cy Koryo Tours jest jednym z najstarszych i najbardziej aktywnie dzia\u0142aj\u0105cych w KRLD. To w\u0142a\u015bnie z nimi pojecha\u0142em na XIV Festiwal Filmowy w Pjongjangu. Nicholasa pr\u00f3bowa\u0142em z\u0142apa\u0107 jeszcze w Korei P\u00f3\u0142nocnej, ale zawsze mija\u0142 mnie w &hellip;","og_url":"https:\/\/wloczykij.org\/blog\/2014\/12\/07\/o-podrozach-turystyce-i-przemysle-filmowym-w-korei-polnocnej-rozmowa-z-nickiem-bonnerem\/","og_site_name":"W\u0142\u00f3czykij - Roman Husarski","article_publisher":"https:\/\/www.facebook.com\/pages\/W%c5%82%c3%b3czykij\/282838631839707","article_published_time":"2014-12-07T19:34:47+00:00","article_modified_time":"2022-03-20T14:32:49+00:00","og_image":[{"width":1181,"height":1164,"url":"https:\/\/wloczykij.org\/blog\/wp-content\/uploads\/sites\/2\/2014\/12\/Nicholas-Bonner-photo.jpg","type":"image\/jpeg"}],"author":"Roman","twitter_misc":{"Napisane przez":"Roman","Szacowany czas czytania":"13 minut"},"schema":{"@context":"https:\/\/schema.org","@graph":[{"@type":"Article","@id":"https:\/\/wloczykij.org\/blog\/2014\/12\/07\/o-podrozach-turystyce-i-przemysle-filmowym-w-korei-polnocnej-rozmowa-z-nickiem-bonnerem\/#article","isPartOf":{"@id":"https:\/\/wloczykij.org\/blog\/2014\/12\/07\/o-podrozach-turystyce-i-przemysle-filmowym-w-korei-polnocnej-rozmowa-z-nickiem-bonnerem\/"},"author":{"name":"Roman","@id":"https:\/\/wloczykij.org\/blog\/#\/schema\/person\/5715e17c214052b93c6c53e27ea498e5"},"headline":"O podr\u00f3\u017cach, turystyce i przemy\u015ble filmowym w Korei P\u00f3\u0142nocnej &#8211; rozmowa z Nickiem Bonnerem","datePublished":"2014-12-07T19:34:47+00:00","dateModified":"2022-03-20T14:32:49+00:00","mainEntityOfPage":{"@id":"https:\/\/wloczykij.org\/blog\/2014\/12\/07\/o-podrozach-turystyce-i-przemysle-filmowym-w-korei-polnocnej-rozmowa-z-nickiem-bonnerem\/"},"wordCount":2536,"commentCount":0,"image":{"@id":"https:\/\/wloczykij.org\/blog\/2014\/12\/07\/o-podrozach-turystyce-i-przemysle-filmowym-w-korei-polnocnej-rozmowa-z-nickiem-bonnerem\/#primaryimage"},"thumbnailUrl":"https:\/\/wloczykij.org\/blog\/wp-content\/uploads\/sites\/2\/2014\/12\/Nicholas-Bonner-photo.jpg","keywords":["etyka","podr\u00f3\u017c","wywiad"],"articleSection":["...O PODR\u00d3\u017bOWANIU...","Korea P\u00f3\u0142nocna","WYWIAD"],"inLanguage":"pl-PL","potentialAction":[{"@type":"CommentAction","name":"Comment","target":["https:\/\/wloczykij.org\/blog\/2014\/12\/07\/o-podrozach-turystyce-i-przemysle-filmowym-w-korei-polnocnej-rozmowa-z-nickiem-bonnerem\/#respond"]}]},{"@type":"WebPage","@id":"https:\/\/wloczykij.org\/blog\/2014\/12\/07\/o-podrozach-turystyce-i-przemysle-filmowym-w-korei-polnocnej-rozmowa-z-nickiem-bonnerem\/","url":"https:\/\/wloczykij.org\/blog\/2014\/12\/07\/o-podrozach-turystyce-i-przemysle-filmowym-w-korei-polnocnej-rozmowa-z-nickiem-bonnerem\/","name":"O podr\u00f3\u017cach, turystyce i przemy\u015ble filmowym w Korei P\u00f3\u0142nocnej - rozmowa z Nickiem Bonnerem - W\u0142\u00f3czykij - Roman Husarski","isPartOf":{"@id":"https:\/\/wloczykij.org\/blog\/#website"},"primaryImageOfPage":{"@id":"https:\/\/wloczykij.org\/blog\/2014\/12\/07\/o-podrozach-turystyce-i-przemysle-filmowym-w-korei-polnocnej-rozmowa-z-nickiem-bonnerem\/#primaryimage"},"image":{"@id":"https:\/\/wloczykij.org\/blog\/2014\/12\/07\/o-podrozach-turystyce-i-przemysle-filmowym-w-korei-polnocnej-rozmowa-z-nickiem-bonnerem\/#primaryimage"},"thumbnailUrl":"https:\/\/wloczykij.org\/blog\/wp-content\/uploads\/sites\/2\/2014\/12\/Nicholas-Bonner-photo.jpg","datePublished":"2014-12-07T19:34:47+00:00","dateModified":"2022-03-20T14:32:49+00:00","author":{"@id":"https:\/\/wloczykij.org\/blog\/#\/schema\/person\/5715e17c214052b93c6c53e27ea498e5"},"breadcrumb":{"@id":"https:\/\/wloczykij.org\/blog\/2014\/12\/07\/o-podrozach-turystyce-i-przemysle-filmowym-w-korei-polnocnej-rozmowa-z-nickiem-bonnerem\/#breadcrumb"},"inLanguage":"pl-PL","potentialAction":[{"@type":"ReadAction","target":["https:\/\/wloczykij.org\/blog\/2014\/12\/07\/o-podrozach-turystyce-i-przemysle-filmowym-w-korei-polnocnej-rozmowa-z-nickiem-bonnerem\/"]}]},{"@type":"ImageObject","inLanguage":"pl-PL","@id":"https:\/\/wloczykij.org\/blog\/2014\/12\/07\/o-podrozach-turystyce-i-przemysle-filmowym-w-korei-polnocnej-rozmowa-z-nickiem-bonnerem\/#primaryimage","url":"https:\/\/wloczykij.org\/blog\/wp-content\/uploads\/sites\/2\/2014\/12\/Nicholas-Bonner-photo.jpg","contentUrl":"https:\/\/wloczykij.org\/blog\/wp-content\/uploads\/sites\/2\/2014\/12\/Nicholas-Bonner-photo.jpg","width":1181,"height":1164},{"@type":"BreadcrumbList","@id":"https:\/\/wloczykij.org\/blog\/2014\/12\/07\/o-podrozach-turystyce-i-przemysle-filmowym-w-korei-polnocnej-rozmowa-z-nickiem-bonnerem\/#breadcrumb","itemListElement":[{"@type":"ListItem","position":1,"name":"Strona g\u0142\u00f3wna","item":"https:\/\/wloczykij.org\/blog\/"},{"@type":"ListItem","position":2,"name":"O podr\u00f3\u017cach, turystyce i przemy\u015ble filmowym w Korei P\u00f3\u0142nocnej &#8211; rozmowa z Nickiem Bonnerem"}]},{"@type":"WebSite","@id":"https:\/\/wloczykij.org\/blog\/#website","url":"https:\/\/wloczykij.org\/blog\/","name":"W\u0142\u00f3czykij - Roman Husarski","description":"","potentialAction":[{"@type":"SearchAction","target":{"@type":"EntryPoint","urlTemplate":"https:\/\/wloczykij.org\/blog\/?s={search_term_string}"},"query-input":{"@type":"PropertyValueSpecification","valueRequired":true,"valueName":"search_term_string"}}],"inLanguage":"pl-PL"},{"@type":"Person","@id":"https:\/\/wloczykij.org\/blog\/#\/schema\/person\/5715e17c214052b93c6c53e27ea498e5","name":"Roman","image":{"@type":"ImageObject","inLanguage":"pl-PL","@id":"https:\/\/secure.gravatar.com\/avatar\/a4ad12ebb0eef153209fb3604f0a54cb2d9993a45803e045e020a86a4527c70b?s=96&d=mm&r=g","url":"https:\/\/secure.gravatar.com\/avatar\/a4ad12ebb0eef153209fb3604f0a54cb2d9993a45803e045e020a86a4527c70b?s=96&d=mm&r=g","contentUrl":"https:\/\/secure.gravatar.com\/avatar\/a4ad12ebb0eef153209fb3604f0a54cb2d9993a45803e045e020a86a4527c70b?s=96&d=mm&r=g","caption":"Roman"},"url":"https:\/\/wloczykij.org\/blog\/author\/remus\/"}]}},"jetpack_publicize_connections":[],"jetpack_featured_media_url":"https:\/\/wloczykij.org\/blog\/wp-content\/uploads\/sites\/2\/2014\/12\/Nicholas-Bonner-photo.jpg","jetpack_sharing_enabled":true,"_links":{"self":[{"href":"https:\/\/wloczykij.org\/blog\/wp-json\/wp\/v2\/posts\/1125","targetHints":{"allow":["GET"]}}],"collection":[{"href":"https:\/\/wloczykij.org\/blog\/wp-json\/wp\/v2\/posts"}],"about":[{"href":"https:\/\/wloczykij.org\/blog\/wp-json\/wp\/v2\/types\/post"}],"author":[{"embeddable":true,"href":"https:\/\/wloczykij.org\/blog\/wp-json\/wp\/v2\/users\/1"}],"replies":[{"embeddable":true,"href":"https:\/\/wloczykij.org\/blog\/wp-json\/wp\/v2\/comments?post=1125"}],"version-history":[{"count":3,"href":"https:\/\/wloczykij.org\/blog\/wp-json\/wp\/v2\/posts\/1125\/revisions"}],"predecessor-version":[{"id":3927,"href":"https:\/\/wloczykij.org\/blog\/wp-json\/wp\/v2\/posts\/1125\/revisions\/3927"}],"wp:featuredmedia":[{"embeddable":true,"href":"https:\/\/wloczykij.org\/blog\/wp-json\/wp\/v2\/media\/1126"}],"wp:attachment":[{"href":"https:\/\/wloczykij.org\/blog\/wp-json\/wp\/v2\/media?parent=1125"}],"wp:term":[{"taxonomy":"category","embeddable":true,"href":"https:\/\/wloczykij.org\/blog\/wp-json\/wp\/v2\/categories?post=1125"},{"taxonomy":"post_tag","embeddable":true,"href":"https:\/\/wloczykij.org\/blog\/wp-json\/wp\/v2\/tags?post=1125"}],"curies":[{"name":"wp","href":"https:\/\/api.w.org\/{rel}","templated":true}]}}