{"id":1248,"date":"2015-01-27T18:50:11","date_gmt":"2015-01-27T17:50:11","guid":{"rendered":"https:\/\/wloczykij.org\/blog\/?p=1248"},"modified":"2022-03-20T16:22:15","modified_gmt":"2022-03-20T15:22:15","slug":"podcast-o-kinie-korei-polnocnej-z-adamem-zygielem","status":"publish","type":"post","link":"https:\/\/wloczykij.org\/blog\/2015\/01\/27\/podcast-o-kinie-korei-polnocnej-z-adamem-zygielem\/","title":{"rendered":"Podcast: O kinie Korei P\u00f3\u0142nocnej z Adamem Zygielem"},"content":{"rendered":"<figure id=\"attachment_1249\" aria-describedby=\"caption-attachment-1249\" style=\"width: 1000px\" class=\"wp-caption alignnone\"><a href=\"https:\/\/wloczykij.org\/blog\/wp-content\/uploads\/sites\/2\/2015\/01\/IMG_2391.jpg\"><img loading=\"lazy\" decoding=\"async\" data-attachment-id=\"1249\" data-permalink=\"https:\/\/wloczykij.org\/blog\/2015\/01\/27\/podcast-o-kinie-korei-polnocnej-z-adamem-zygielem\/img_2391\/\" data-orig-file=\"https:\/\/wloczykij.org\/blog\/wp-content\/uploads\/sites\/2\/2015\/01\/IMG_2391.jpg\" data-orig-size=\"1181,787\" data-comments-opened=\"0\" data-image-meta=\"{&quot;aperture&quot;:&quot;0&quot;,&quot;credit&quot;:&quot;&quot;,&quot;camera&quot;:&quot;&quot;,&quot;caption&quot;:&quot;&quot;,&quot;created_timestamp&quot;:&quot;0&quot;,&quot;copyright&quot;:&quot;&quot;,&quot;focal_length&quot;:&quot;0&quot;,&quot;iso&quot;:&quot;0&quot;,&quot;shutter_speed&quot;:&quot;0&quot;,&quot;title&quot;:&quot;&quot;,&quot;orientation&quot;:&quot;0&quot;}\" data-image-title=\"IMG_2391\" data-image-description=\"\" data-image-caption=\"\" data-large-file=\"https:\/\/wloczykij.org\/blog\/wp-content\/uploads\/sites\/2\/2015\/01\/IMG_2391-1000x666.jpg\" class=\"wp-image-1249\" src=\"https:\/\/wloczykij.org\/blog\/wp-content\/uploads\/sites\/2\/2015\/01\/IMG_2391-1024x682.jpg\" alt=\"\" width=\"1000\" height=\"666\" srcset=\"https:\/\/wloczykij.org\/blog\/wp-content\/uploads\/sites\/2\/2015\/01\/IMG_2391-1024x682.jpg 1024w, https:\/\/wloczykij.org\/blog\/wp-content\/uploads\/sites\/2\/2015\/01\/IMG_2391-1000x666.jpg 1000w, https:\/\/wloczykij.org\/blog\/wp-content\/uploads\/sites\/2\/2015\/01\/IMG_2391-768x512.jpg 768w, https:\/\/wloczykij.org\/blog\/wp-content\/uploads\/sites\/2\/2015\/01\/IMG_2391-920x613.jpg 920w, https:\/\/wloczykij.org\/blog\/wp-content\/uploads\/sites\/2\/2015\/01\/IMG_2391-300x200.jpg 300w, https:\/\/wloczykij.org\/blog\/wp-content\/uploads\/sites\/2\/2015\/01\/IMG_2391.jpg 1181w\" sizes=\"auto, (max-width: 1000px) 100vw, 1000px\" \/><\/a><figcaption id=\"caption-attachment-1249\" class=\"wp-caption-text\">Widzowie wychodz\u0105 z kina Kaesong. W tle wida\u0107 plakat kultowej &#8222;Kwiaciarki&#8221;. <br \/>Fot. Roman Husarski<\/figcaption><\/figure>\n<p>Zapraszam do ods\u0142uchania mojej rozmowy z Adamem Zygielem. Nagranie ukaza\u0142o si\u0119 17 stycznia 2014 na antenie Radiofonii (100.5 FM).<\/p>\n<p><iframe loading=\"lazy\" title=\"O Kinie Korei P\u00f3\u0142nocnej - Roman Husarski by Roman Husarski\" width=\"640\" height=\"400\" scrolling=\"no\" frameborder=\"no\" src=\"https:\/\/w.soundcloud.com\/player\/?visual=true&#038;url=https%3A%2F%2Fapi.soundcloud.com%2Ftracks%2F188159612&#038;show_artwork=true&#038;maxheight=960&#038;maxwidth=640\"><\/iframe><\/p>\n<p>&nbsp;<\/p>\n","protected":false},"excerpt":{"rendered":"<p>Zapraszam do ods\u0142uchania mojej rozmowy z Adamem Zygielem. Nagranie ukaza\u0142o si\u0119 17 stycznia 2014 na antenie Radiofonii (100.5 FM). &nbsp;<\/p>\n","protected":false},"author":1,"featured_media":1249,"comment_status":"open","ping_status":"open","sticky":false,"template":"","format":"standard","meta":{"_jetpack_memberships_contains_paid_content":false,"footnotes":"","jetpack_publicize_message":"","jetpack_publicize_feature_enabled":true,"jetpack_social_post_already_shared":true,"jetpack_social_options":{"image_generator_settings":{"template":"highway","default_image_id":0,"font":"","enabled":false},"version":2}},"categories":[17],"tags":[174,173],"class_list":["post-1248","post","type-post","status-publish","format-standard","has-post-thumbnail","hentry","category-korea-polnocna","tag-kino","tag-podcast"],"yoast_head":"<!-- This site is optimized with the Yoast SEO plugin v27.5 - https:\/\/yoast.com\/product\/yoast-seo-wordpress\/ -->\n<title>Podcast: O kinie Korei P\u00f3\u0142nocnej z Adamem Zygielem - W\u0142\u00f3czykij - Roman Husarski<\/title>\n<meta name=\"robots\" content=\"index, follow, max-snippet:-1, max-image-preview:large, max-video-preview:-1\" \/>\n<link rel=\"canonical\" href=\"https:\/\/wloczykij.org\/blog\/2015\/01\/27\/podcast-o-kinie-korei-polnocnej-z-adamem-zygielem\/\" \/>\n<meta property=\"og:locale\" content=\"pl_PL\" \/>\n<meta property=\"og:type\" content=\"article\" \/>\n<meta property=\"og:title\" content=\"Podcast: O kinie Korei P\u00f3\u0142nocnej z Adamem Zygielem - W\u0142\u00f3czykij - Roman Husarski\" \/>\n<meta property=\"og:description\" content=\"Zapraszam do ods\u0142uchania mojej rozmowy z Adamem Zygielem. Nagranie ukaza\u0142o si\u0119 17 stycznia 2014 na antenie Radiofonii (100.5 FM). &nbsp;\" \/>\n<meta property=\"og:url\" content=\"https:\/\/wloczykij.org\/blog\/2015\/01\/27\/podcast-o-kinie-korei-polnocnej-z-adamem-zygielem\/\" \/>\n<meta property=\"og:site_name\" content=\"W\u0142\u00f3czykij - Roman Husarski\" \/>\n<meta property=\"article:publisher\" content=\"https:\/\/www.facebook.com\/pages\/W%c5%82%c3%b3czykij\/282838631839707\" \/>\n<meta property=\"article:published_time\" content=\"2015-01-27T17:50:11+00:00\" \/>\n<meta property=\"article:modified_time\" content=\"2022-03-20T15:22:15+00:00\" \/>\n<meta property=\"og:image\" content=\"https:\/\/wloczykij.org\/blog\/wp-content\/uploads\/sites\/2\/2015\/01\/IMG_2391.jpg\" \/>\n\t<meta property=\"og:image:width\" content=\"1181\" \/>\n\t<meta property=\"og:image:height\" content=\"787\" \/>\n\t<meta property=\"og:image:type\" content=\"image\/jpeg\" \/>\n<meta name=\"author\" content=\"Roman\" \/>\n<meta name=\"twitter:label1\" content=\"Napisane przez\" \/>\n\t<meta name=\"twitter:data1\" content=\"Roman\" \/>\n<script type=\"application\/ld+json\" class=\"yoast-schema-graph\">{\"@context\":\"https:\\\/\\\/schema.org\",\"@graph\":[{\"@type\":\"Article\",\"@id\":\"https:\\\/\\\/wloczykij.org\\\/blog\\\/2015\\\/01\\\/27\\\/podcast-o-kinie-korei-polnocnej-z-adamem-zygielem\\\/#article\",\"isPartOf\":{\"@id\":\"https:\\\/\\\/wloczykij.org\\\/blog\\\/2015\\\/01\\\/27\\\/podcast-o-kinie-korei-polnocnej-z-adamem-zygielem\\\/\"},\"author\":{\"name\":\"Roman\",\"@id\":\"https:\\\/\\\/wloczykij.org\\\/blog\\\/#\\\/schema\\\/person\\\/5715e17c214052b93c6c53e27ea498e5\"},\"headline\":\"Podcast: O kinie Korei P\u00f3\u0142nocnej z Adamem Zygielem\",\"datePublished\":\"2015-01-27T17:50:11+00:00\",\"dateModified\":\"2022-03-20T15:22:15+00:00\",\"mainEntityOfPage\":{\"@id\":\"https:\\\/\\\/wloczykij.org\\\/blog\\\/2015\\\/01\\\/27\\\/podcast-o-kinie-korei-polnocnej-z-adamem-zygielem\\\/\"},\"wordCount\":54,\"commentCount\":0,\"image\":{\"@id\":\"https:\\\/\\\/wloczykij.org\\\/blog\\\/2015\\\/01\\\/27\\\/podcast-o-kinie-korei-polnocnej-z-adamem-zygielem\\\/#primaryimage\"},\"thumbnailUrl\":\"https:\\\/\\\/wloczykij.org\\\/blog\\\/wp-content\\\/uploads\\\/sites\\\/2\\\/2015\\\/01\\\/IMG_2391.jpg\",\"keywords\":[\"kino\",\"podcast\"],\"articleSection\":[\"Korea P\u00f3\u0142nocna\"],\"inLanguage\":\"pl-PL\",\"potentialAction\":[{\"@type\":\"CommentAction\",\"name\":\"Comment\",\"target\":[\"https:\\\/\\\/wloczykij.org\\\/blog\\\/2015\\\/01\\\/27\\\/podcast-o-kinie-korei-polnocnej-z-adamem-zygielem\\\/#respond\"]}]},{\"@type\":\"WebPage\",\"@id\":\"https:\\\/\\\/wloczykij.org\\\/blog\\\/2015\\\/01\\\/27\\\/podcast-o-kinie-korei-polnocnej-z-adamem-zygielem\\\/\",\"url\":\"https:\\\/\\\/wloczykij.org\\\/blog\\\/2015\\\/01\\\/27\\\/podcast-o-kinie-korei-polnocnej-z-adamem-zygielem\\\/\",\"name\":\"Podcast: O kinie Korei P\u00f3\u0142nocnej z Adamem Zygielem - W\u0142\u00f3czykij - Roman Husarski\",\"isPartOf\":{\"@id\":\"https:\\\/\\\/wloczykij.org\\\/blog\\\/#website\"},\"primaryImageOfPage\":{\"@id\":\"https:\\\/\\\/wloczykij.org\\\/blog\\\/2015\\\/01\\\/27\\\/podcast-o-kinie-korei-polnocnej-z-adamem-zygielem\\\/#primaryimage\"},\"image\":{\"@id\":\"https:\\\/\\\/wloczykij.org\\\/blog\\\/2015\\\/01\\\/27\\\/podcast-o-kinie-korei-polnocnej-z-adamem-zygielem\\\/#primaryimage\"},\"thumbnailUrl\":\"https:\\\/\\\/wloczykij.org\\\/blog\\\/wp-content\\\/uploads\\\/sites\\\/2\\\/2015\\\/01\\\/IMG_2391.jpg\",\"datePublished\":\"2015-01-27T17:50:11+00:00\",\"dateModified\":\"2022-03-20T15:22:15+00:00\",\"author\":{\"@id\":\"https:\\\/\\\/wloczykij.org\\\/blog\\\/#\\\/schema\\\/person\\\/5715e17c214052b93c6c53e27ea498e5\"},\"breadcrumb\":{\"@id\":\"https:\\\/\\\/wloczykij.org\\\/blog\\\/2015\\\/01\\\/27\\\/podcast-o-kinie-korei-polnocnej-z-adamem-zygielem\\\/#breadcrumb\"},\"inLanguage\":\"pl-PL\",\"potentialAction\":[{\"@type\":\"ReadAction\",\"target\":[\"https:\\\/\\\/wloczykij.org\\\/blog\\\/2015\\\/01\\\/27\\\/podcast-o-kinie-korei-polnocnej-z-adamem-zygielem\\\/\"]}]},{\"@type\":\"ImageObject\",\"inLanguage\":\"pl-PL\",\"@id\":\"https:\\\/\\\/wloczykij.org\\\/blog\\\/2015\\\/01\\\/27\\\/podcast-o-kinie-korei-polnocnej-z-adamem-zygielem\\\/#primaryimage\",\"url\":\"https:\\\/\\\/wloczykij.org\\\/blog\\\/wp-content\\\/uploads\\\/sites\\\/2\\\/2015\\\/01\\\/IMG_2391.jpg\",\"contentUrl\":\"https:\\\/\\\/wloczykij.org\\\/blog\\\/wp-content\\\/uploads\\\/sites\\\/2\\\/2015\\\/01\\\/IMG_2391.jpg\",\"width\":1181,\"height\":787},{\"@type\":\"BreadcrumbList\",\"@id\":\"https:\\\/\\\/wloczykij.org\\\/blog\\\/2015\\\/01\\\/27\\\/podcast-o-kinie-korei-polnocnej-z-adamem-zygielem\\\/#breadcrumb\",\"itemListElement\":[{\"@type\":\"ListItem\",\"position\":1,\"name\":\"Strona g\u0142\u00f3wna\",\"item\":\"https:\\\/\\\/wloczykij.org\\\/blog\\\/\"},{\"@type\":\"ListItem\",\"position\":2,\"name\":\"Podcast: O kinie Korei P\u00f3\u0142nocnej z Adamem Zygielem\"}]},{\"@type\":\"WebSite\",\"@id\":\"https:\\\/\\\/wloczykij.org\\\/blog\\\/#website\",\"url\":\"https:\\\/\\\/wloczykij.org\\\/blog\\\/\",\"name\":\"W\u0142\u00f3czykij - Roman Husarski\",\"description\":\"\",\"potentialAction\":[{\"@type\":\"SearchAction\",\"target\":{\"@type\":\"EntryPoint\",\"urlTemplate\":\"https:\\\/\\\/wloczykij.org\\\/blog\\\/?s={search_term_string}\"},\"query-input\":{\"@type\":\"PropertyValueSpecification\",\"valueRequired\":true,\"valueName\":\"search_term_string\"}}],\"inLanguage\":\"pl-PL\"},{\"@type\":\"Person\",\"@id\":\"https:\\\/\\\/wloczykij.org\\\/blog\\\/#\\\/schema\\\/person\\\/5715e17c214052b93c6c53e27ea498e5\",\"name\":\"Roman\",\"image\":{\"@type\":\"ImageObject\",\"inLanguage\":\"pl-PL\",\"@id\":\"https:\\\/\\\/secure.gravatar.com\\\/avatar\\\/a4ad12ebb0eef153209fb3604f0a54cb2d9993a45803e045e020a86a4527c70b?s=96&d=mm&r=g\",\"url\":\"https:\\\/\\\/secure.gravatar.com\\\/avatar\\\/a4ad12ebb0eef153209fb3604f0a54cb2d9993a45803e045e020a86a4527c70b?s=96&d=mm&r=g\",\"contentUrl\":\"https:\\\/\\\/secure.gravatar.com\\\/avatar\\\/a4ad12ebb0eef153209fb3604f0a54cb2d9993a45803e045e020a86a4527c70b?s=96&d=mm&r=g\",\"caption\":\"Roman\"},\"url\":\"https:\\\/\\\/wloczykij.org\\\/blog\\\/author\\\/remus\\\/\"}]}<\/script>\n<!-- \/ Yoast SEO plugin. -->","yoast_head_json":{"title":"Podcast: O kinie Korei P\u00f3\u0142nocnej z Adamem Zygielem - W\u0142\u00f3czykij - Roman Husarski","robots":{"index":"index","follow":"follow","max-snippet":"max-snippet:-1","max-image-preview":"max-image-preview:large","max-video-preview":"max-video-preview:-1"},"canonical":"https:\/\/wloczykij.org\/blog\/2015\/01\/27\/podcast-o-kinie-korei-polnocnej-z-adamem-zygielem\/","og_locale":"pl_PL","og_type":"article","og_title":"Podcast: O kinie Korei P\u00f3\u0142nocnej z Adamem Zygielem - W\u0142\u00f3czykij - Roman Husarski","og_description":"Zapraszam do ods\u0142uchania mojej rozmowy z Adamem Zygielem. Nagranie ukaza\u0142o si\u0119 17 stycznia 2014 na antenie Radiofonii (100.5 FM). &nbsp;","og_url":"https:\/\/wloczykij.org\/blog\/2015\/01\/27\/podcast-o-kinie-korei-polnocnej-z-adamem-zygielem\/","og_site_name":"W\u0142\u00f3czykij - Roman Husarski","article_publisher":"https:\/\/www.facebook.com\/pages\/W%c5%82%c3%b3czykij\/282838631839707","article_published_time":"2015-01-27T17:50:11+00:00","article_modified_time":"2022-03-20T15:22:15+00:00","og_image":[{"width":1181,"height":787,"url":"https:\/\/wloczykij.org\/blog\/wp-content\/uploads\/sites\/2\/2015\/01\/IMG_2391.jpg","type":"image\/jpeg"}],"author":"Roman","twitter_misc":{"Napisane przez":"Roman"},"schema":{"@context":"https:\/\/schema.org","@graph":[{"@type":"Article","@id":"https:\/\/wloczykij.org\/blog\/2015\/01\/27\/podcast-o-kinie-korei-polnocnej-z-adamem-zygielem\/#article","isPartOf":{"@id":"https:\/\/wloczykij.org\/blog\/2015\/01\/27\/podcast-o-kinie-korei-polnocnej-z-adamem-zygielem\/"},"author":{"name":"Roman","@id":"https:\/\/wloczykij.org\/blog\/#\/schema\/person\/5715e17c214052b93c6c53e27ea498e5"},"headline":"Podcast: O kinie Korei P\u00f3\u0142nocnej z Adamem Zygielem","datePublished":"2015-01-27T17:50:11+00:00","dateModified":"2022-03-20T15:22:15+00:00","mainEntityOfPage":{"@id":"https:\/\/wloczykij.org\/blog\/2015\/01\/27\/podcast-o-kinie-korei-polnocnej-z-adamem-zygielem\/"},"wordCount":54,"commentCount":0,"image":{"@id":"https:\/\/wloczykij.org\/blog\/2015\/01\/27\/podcast-o-kinie-korei-polnocnej-z-adamem-zygielem\/#primaryimage"},"thumbnailUrl":"https:\/\/wloczykij.org\/blog\/wp-content\/uploads\/sites\/2\/2015\/01\/IMG_2391.jpg","keywords":["kino","podcast"],"articleSection":["Korea P\u00f3\u0142nocna"],"inLanguage":"pl-PL","potentialAction":[{"@type":"CommentAction","name":"Comment","target":["https:\/\/wloczykij.org\/blog\/2015\/01\/27\/podcast-o-kinie-korei-polnocnej-z-adamem-zygielem\/#respond"]}]},{"@type":"WebPage","@id":"https:\/\/wloczykij.org\/blog\/2015\/01\/27\/podcast-o-kinie-korei-polnocnej-z-adamem-zygielem\/","url":"https:\/\/wloczykij.org\/blog\/2015\/01\/27\/podcast-o-kinie-korei-polnocnej-z-adamem-zygielem\/","name":"Podcast: O kinie Korei P\u00f3\u0142nocnej z Adamem Zygielem - W\u0142\u00f3czykij - Roman Husarski","isPartOf":{"@id":"https:\/\/wloczykij.org\/blog\/#website"},"primaryImageOfPage":{"@id":"https:\/\/wloczykij.org\/blog\/2015\/01\/27\/podcast-o-kinie-korei-polnocnej-z-adamem-zygielem\/#primaryimage"},"image":{"@id":"https:\/\/wloczykij.org\/blog\/2015\/01\/27\/podcast-o-kinie-korei-polnocnej-z-adamem-zygielem\/#primaryimage"},"thumbnailUrl":"https:\/\/wloczykij.org\/blog\/wp-content\/uploads\/sites\/2\/2015\/01\/IMG_2391.jpg","datePublished":"2015-01-27T17:50:11+00:00","dateModified":"2022-03-20T15:22:15+00:00","author":{"@id":"https:\/\/wloczykij.org\/blog\/#\/schema\/person\/5715e17c214052b93c6c53e27ea498e5"},"breadcrumb":{"@id":"https:\/\/wloczykij.org\/blog\/2015\/01\/27\/podcast-o-kinie-korei-polnocnej-z-adamem-zygielem\/#breadcrumb"},"inLanguage":"pl-PL","potentialAction":[{"@type":"ReadAction","target":["https:\/\/wloczykij.org\/blog\/2015\/01\/27\/podcast-o-kinie-korei-polnocnej-z-adamem-zygielem\/"]}]},{"@type":"ImageObject","inLanguage":"pl-PL","@id":"https:\/\/wloczykij.org\/blog\/2015\/01\/27\/podcast-o-kinie-korei-polnocnej-z-adamem-zygielem\/#primaryimage","url":"https:\/\/wloczykij.org\/blog\/wp-content\/uploads\/sites\/2\/2015\/01\/IMG_2391.jpg","contentUrl":"https:\/\/wloczykij.org\/blog\/wp-content\/uploads\/sites\/2\/2015\/01\/IMG_2391.jpg","width":1181,"height":787},{"@type":"BreadcrumbList","@id":"https:\/\/wloczykij.org\/blog\/2015\/01\/27\/podcast-o-kinie-korei-polnocnej-z-adamem-zygielem\/#breadcrumb","itemListElement":[{"@type":"ListItem","position":1,"name":"Strona g\u0142\u00f3wna","item":"https:\/\/wloczykij.org\/blog\/"},{"@type":"ListItem","position":2,"name":"Podcast: O kinie Korei P\u00f3\u0142nocnej z Adamem Zygielem"}]},{"@type":"WebSite","@id":"https:\/\/wloczykij.org\/blog\/#website","url":"https:\/\/wloczykij.org\/blog\/","name":"W\u0142\u00f3czykij - Roman Husarski","description":"","potentialAction":[{"@type":"SearchAction","target":{"@type":"EntryPoint","urlTemplate":"https:\/\/wloczykij.org\/blog\/?s={search_term_string}"},"query-input":{"@type":"PropertyValueSpecification","valueRequired":true,"valueName":"search_term_string"}}],"inLanguage":"pl-PL"},{"@type":"Person","@id":"https:\/\/wloczykij.org\/blog\/#\/schema\/person\/5715e17c214052b93c6c53e27ea498e5","name":"Roman","image":{"@type":"ImageObject","inLanguage":"pl-PL","@id":"https:\/\/secure.gravatar.com\/avatar\/a4ad12ebb0eef153209fb3604f0a54cb2d9993a45803e045e020a86a4527c70b?s=96&d=mm&r=g","url":"https:\/\/secure.gravatar.com\/avatar\/a4ad12ebb0eef153209fb3604f0a54cb2d9993a45803e045e020a86a4527c70b?s=96&d=mm&r=g","contentUrl":"https:\/\/secure.gravatar.com\/avatar\/a4ad12ebb0eef153209fb3604f0a54cb2d9993a45803e045e020a86a4527c70b?s=96&d=mm&r=g","caption":"Roman"},"url":"https:\/\/wloczykij.org\/blog\/author\/remus\/"}]}},"jetpack_publicize_connections":[],"jetpack_featured_media_url":"https:\/\/wloczykij.org\/blog\/wp-content\/uploads\/sites\/2\/2015\/01\/IMG_2391.jpg","jetpack_sharing_enabled":true,"_links":{"self":[{"href":"https:\/\/wloczykij.org\/blog\/wp-json\/wp\/v2\/posts\/1248","targetHints":{"allow":["GET"]}}],"collection":[{"href":"https:\/\/wloczykij.org\/blog\/wp-json\/wp\/v2\/posts"}],"about":[{"href":"https:\/\/wloczykij.org\/blog\/wp-json\/wp\/v2\/types\/post"}],"author":[{"embeddable":true,"href":"https:\/\/wloczykij.org\/blog\/wp-json\/wp\/v2\/users\/1"}],"replies":[{"embeddable":true,"href":"https:\/\/wloczykij.org\/blog\/wp-json\/wp\/v2\/comments?post=1248"}],"version-history":[{"count":2,"href":"https:\/\/wloczykij.org\/blog\/wp-json\/wp\/v2\/posts\/1248\/revisions"}],"predecessor-version":[{"id":3942,"href":"https:\/\/wloczykij.org\/blog\/wp-json\/wp\/v2\/posts\/1248\/revisions\/3942"}],"wp:featuredmedia":[{"embeddable":true,"href":"https:\/\/wloczykij.org\/blog\/wp-json\/wp\/v2\/media\/1249"}],"wp:attachment":[{"href":"https:\/\/wloczykij.org\/blog\/wp-json\/wp\/v2\/media?parent=1248"}],"wp:term":[{"taxonomy":"category","embeddable":true,"href":"https:\/\/wloczykij.org\/blog\/wp-json\/wp\/v2\/categories?post=1248"},{"taxonomy":"post_tag","embeddable":true,"href":"https:\/\/wloczykij.org\/blog\/wp-json\/wp\/v2\/tags?post=1248"}],"curies":[{"name":"wp","href":"https:\/\/api.w.org\/{rel}","templated":true}]}}