{"id":1467,"date":"2015-05-03T19:42:19","date_gmt":"2015-05-03T17:42:19","guid":{"rendered":"https:\/\/wloczykij.org\/blog\/?p=1467"},"modified":"2022-03-20T15:30:44","modified_gmt":"2022-03-20T14:30:44","slug":"islam-na-podlasiu-spotkanie-z-imamem-januszem-aleksandrowiczem","status":"publish","type":"post","link":"https:\/\/wloczykij.org\/blog\/2015\/05\/03\/islam-na-podlasiu-spotkanie-z-imamem-januszem-aleksandrowiczem\/","title":{"rendered":"Islam na Podlasiu. Spotkanie z imamem Januszem Aleksandrowiczem"},"content":{"rendered":"<p>Podczas gdy w mediach s\u0142ycha\u0107 co raz wi\u0119cej panicznych komentarzy odno\u015bnie do islamu, a prawica ostrzega przed szariatem i d\u017cihadem, na Podlasiu od wiek\u00f3w \u017cyje ma\u0142a grupa polskich muzu\u0142man\u00f3w &#8211; Tatar\u00f3w. Wraz ze studenck\u0105 braci\u0105 pojechali\u015bmy porozmawia\u0107 o religii i tatarskiej kulturze z lokalnym imamem Januszem Aleksandrowiczem.<\/p>\n<p>Cho\u0107 mniejszo\u015b\u0107 rozsiana jest po ca\u0142ym regionie to wsie Tatarskie s\u0105 dwie &#8211; Kruszyniany i Bohoniki. Obie znajduj\u0105 si\u0119 w pobli\u017cu bia\u0142oruskiej granicy. Nasze spotkanie odby\u0142o si\u0119 w pierwszej miejscowo\u015bci, w pi\u0119knym, zabytkowym meczecie z XVII wieku, kt\u00f3ry posiada a\u017c trzy ma\u0142e minarety.<\/p>\n<p><a href=\"https:\/\/wloczykij.org\/blog\/wp-content\/uploads\/sites\/2\/2015\/05\/IMG_3898.jpg\"><img loading=\"lazy\" decoding=\"async\" data-attachment-id=\"1478\" data-permalink=\"https:\/\/wloczykij.org\/blog\/2015\/05\/03\/islam-na-podlasiu-spotkanie-z-imamem-januszem-aleksandrowiczem\/img_3898\/\" data-orig-file=\"https:\/\/wloczykij.org\/blog\/wp-content\/uploads\/sites\/2\/2015\/05\/IMG_3898.jpg\" data-orig-size=\"1181,787\" data-comments-opened=\"0\" data-image-meta=\"{&quot;aperture&quot;:&quot;0&quot;,&quot;credit&quot;:&quot;&quot;,&quot;camera&quot;:&quot;&quot;,&quot;caption&quot;:&quot;&quot;,&quot;created_timestamp&quot;:&quot;0&quot;,&quot;copyright&quot;:&quot;&quot;,&quot;focal_length&quot;:&quot;0&quot;,&quot;iso&quot;:&quot;0&quot;,&quot;shutter_speed&quot;:&quot;0&quot;,&quot;title&quot;:&quot;&quot;,&quot;orientation&quot;:&quot;0&quot;}\" data-image-title=\"Fot. Roman Husarski\" data-image-description=\"\" data-image-caption=\"\" data-large-file=\"https:\/\/wloczykij.org\/blog\/wp-content\/uploads\/sites\/2\/2015\/05\/IMG_3898-1000x666.jpg\" class=\"alignnone wp-image-1478\" src=\"https:\/\/wloczykij.org\/blog\/wp-content\/uploads\/sites\/2\/2015\/05\/IMG_3898-1024x682.jpg\" alt=\"Fot. Roman Husarski\" width=\"1000\" height=\"666\" srcset=\"https:\/\/wloczykij.org\/blog\/wp-content\/uploads\/sites\/2\/2015\/05\/IMG_3898-1024x682.jpg 1024w, https:\/\/wloczykij.org\/blog\/wp-content\/uploads\/sites\/2\/2015\/05\/IMG_3898-1000x666.jpg 1000w, https:\/\/wloczykij.org\/blog\/wp-content\/uploads\/sites\/2\/2015\/05\/IMG_3898-768x512.jpg 768w, https:\/\/wloczykij.org\/blog\/wp-content\/uploads\/sites\/2\/2015\/05\/IMG_3898-920x613.jpg 920w, https:\/\/wloczykij.org\/blog\/wp-content\/uploads\/sites\/2\/2015\/05\/IMG_3898-300x200.jpg 300w, https:\/\/wloczykij.org\/blog\/wp-content\/uploads\/sites\/2\/2015\/05\/IMG_3898.jpg 1181w\" sizes=\"auto, (max-width: 1000px) 100vw, 1000px\" \/><\/a><\/p>\n<p>\u015awi\u0105tynia nie przypomina jednak tych z Bliskiego Wschodu, ma sw\u00f3j lokalny, unikatowy charakter. Wn\u0119trze wype\u0142nia przyjemny zapach starego drewna. Rozmow\u0119 z imamem rozpocz\u0119li\u015bmy kr\u00f3tk\u0105 powt\u00f3rk\u0105 z historii Tatar\u00f3w polskich &#8211; ich s\u0142u\u017cbie u ksi\u0119cia Witolda podczas s\u0142ynnej batalii z krzy\u017cakami w 1410, o walce po stronie Kr\u00f3lestwa Polskiego przez wieki i o pierwszych nadaniach ziemi Tatarom. Sam Janusz Aleksandrowicz twierdzi, \u017ce jego przodkowie otrzymali ziemie w Kruszynianach od Jana III Sobieskiego.<\/p>\n<p>Gdy rozmowa zesz\u0142a na bardziej wsp\u00f3\u0142czesne tematy, imam ze smutkiem przyzna\u0142, \u017ce w ostatnich latach islamofobia znacz\u0105co wzros\u0142a:<\/p>\n<p>&#8211; Media \u017ceruj\u0105 na tanich sensacjach, karmi\u0105 si\u0119 niezdrowymi emocjami. To tak jak ta historia o Pakista\u0144czyku, co uratowa\u0142 dziewczynk\u0119 przed pogryzieniem, a w telewizji powiedzieli &#8222;Muzu\u0142manin zabi\u0142 psa&#8221;.<\/p>\n<p><a href=\"https:\/\/wloczykij.org\/blog\/wp-content\/uploads\/sites\/2\/2015\/05\/IMG_3866.jpg\"><img loading=\"lazy\" decoding=\"async\" data-attachment-id=\"1468\" data-permalink=\"https:\/\/wloczykij.org\/blog\/2015\/05\/03\/islam-na-podlasiu-spotkanie-z-imamem-januszem-aleksandrowiczem\/img_3866\/\" data-orig-file=\"https:\/\/wloczykij.org\/blog\/wp-content\/uploads\/sites\/2\/2015\/05\/IMG_3866.jpg\" data-orig-size=\"1181,787\" data-comments-opened=\"0\" data-image-meta=\"{&quot;aperture&quot;:&quot;0&quot;,&quot;credit&quot;:&quot;&quot;,&quot;camera&quot;:&quot;&quot;,&quot;caption&quot;:&quot;&quot;,&quot;created_timestamp&quot;:&quot;0&quot;,&quot;copyright&quot;:&quot;&quot;,&quot;focal_length&quot;:&quot;0&quot;,&quot;iso&quot;:&quot;0&quot;,&quot;shutter_speed&quot;:&quot;0&quot;,&quot;title&quot;:&quot;&quot;,&quot;orientation&quot;:&quot;0&quot;}\" data-image-title=\"\" data-image-description=\"\" data-image-caption=\"\" data-large-file=\"https:\/\/wloczykij.org\/blog\/wp-content\/uploads\/sites\/2\/2015\/05\/IMG_3866-1000x666.jpg\" class=\"alignnone wp-image-1468\" src=\"https:\/\/wloczykij.org\/blog\/wp-content\/uploads\/sites\/2\/2015\/05\/IMG_3866-1024x682.jpg\" alt=\"IMG_3866\" width=\"1000\" height=\"666\" srcset=\"https:\/\/wloczykij.org\/blog\/wp-content\/uploads\/sites\/2\/2015\/05\/IMG_3866-1024x682.jpg 1024w, https:\/\/wloczykij.org\/blog\/wp-content\/uploads\/sites\/2\/2015\/05\/IMG_3866-1000x666.jpg 1000w, https:\/\/wloczykij.org\/blog\/wp-content\/uploads\/sites\/2\/2015\/05\/IMG_3866-768x512.jpg 768w, https:\/\/wloczykij.org\/blog\/wp-content\/uploads\/sites\/2\/2015\/05\/IMG_3866-920x613.jpg 920w, https:\/\/wloczykij.org\/blog\/wp-content\/uploads\/sites\/2\/2015\/05\/IMG_3866-300x200.jpg 300w, https:\/\/wloczykij.org\/blog\/wp-content\/uploads\/sites\/2\/2015\/05\/IMG_3866.jpg 1181w\" sizes=\"auto, (max-width: 1000px) 100vw, 1000px\" \/><\/a><\/p>\n<p>Islamofobia ma te\u017c inne oblicza. Rok temu meczet i mizar (muzu\u0142ma\u0144ski cmentarz) zosta\u0142y zdewastowane. Nieznani sprawcy, kt\u00f3rych do dzi\u015b nie z\u0142apano, wymalowywali zabytkowy budynek w \u015bwinie, symbol &#8222;Polski walcz\u0105cej&#8221;, trupie czaszki i fale.<\/p>\n<p>&#8211; To przyk\u0142ad skrajnej niewiedzy. Polska walcz\u0105ca? Tak, przelewali\u015bmy dla niej krew, wi\u0119kszo\u015b\u0107 z nas czuje si\u0119 Polakami. Dodam, \u017ce to nie s\u0105 dzia\u0142ania &#8222;narodowc\u00f3w&#8221;, jak przedstawiaj\u0105 to niekt\u00f3re media. Narodowcy byli pierwszymi, kt\u00f3rzy przes\u0142ali nam kondolencje. Znaj\u0105 histori\u0119 i zawsze si\u0119 z nami solidaryzuj\u0105. Atak na nasz meczet jest przyk\u0142adem wandalizmu i skrajnych brak\u00f3w w wykszta\u0142ceniu.<\/p>\n<p><a href=\"https:\/\/wloczykij.org\/blog\/wp-content\/uploads\/sites\/2\/2015\/05\/IMG_3875.jpg\"><img loading=\"lazy\" decoding=\"async\" data-attachment-id=\"1471\" data-permalink=\"https:\/\/wloczykij.org\/blog\/2015\/05\/03\/islam-na-podlasiu-spotkanie-z-imamem-januszem-aleksandrowiczem\/img_3875\/\" data-orig-file=\"https:\/\/wloczykij.org\/blog\/wp-content\/uploads\/sites\/2\/2015\/05\/IMG_3875.jpg\" data-orig-size=\"1181,802\" data-comments-opened=\"0\" data-image-meta=\"{&quot;aperture&quot;:&quot;0&quot;,&quot;credit&quot;:&quot;&quot;,&quot;camera&quot;:&quot;&quot;,&quot;caption&quot;:&quot;&quot;,&quot;created_timestamp&quot;:&quot;0&quot;,&quot;copyright&quot;:&quot;&quot;,&quot;focal_length&quot;:&quot;0&quot;,&quot;iso&quot;:&quot;0&quot;,&quot;shutter_speed&quot;:&quot;0&quot;,&quot;title&quot;:&quot;&quot;,&quot;orientation&quot;:&quot;0&quot;}\" data-image-title=\"Fot. Roman Husarski\" data-image-description=\"\" data-image-caption=\"\" data-large-file=\"https:\/\/wloczykij.org\/blog\/wp-content\/uploads\/sites\/2\/2015\/05\/IMG_3875-1000x679.jpg\" class=\"alignnone wp-image-1471\" src=\"https:\/\/wloczykij.org\/blog\/wp-content\/uploads\/sites\/2\/2015\/05\/IMG_3875-1024x695.jpg\" alt=\"Fot. Roman Husarski\" width=\"1000\" height=\"679\" srcset=\"https:\/\/wloczykij.org\/blog\/wp-content\/uploads\/sites\/2\/2015\/05\/IMG_3875-1024x695.jpg 1024w, https:\/\/wloczykij.org\/blog\/wp-content\/uploads\/sites\/2\/2015\/05\/IMG_3875-1000x679.jpg 1000w, https:\/\/wloczykij.org\/blog\/wp-content\/uploads\/sites\/2\/2015\/05\/IMG_3875-768x522.jpg 768w, https:\/\/wloczykij.org\/blog\/wp-content\/uploads\/sites\/2\/2015\/05\/IMG_3875-920x625.jpg 920w, https:\/\/wloczykij.org\/blog\/wp-content\/uploads\/sites\/2\/2015\/05\/IMG_3875-300x204.jpg 300w, https:\/\/wloczykij.org\/blog\/wp-content\/uploads\/sites\/2\/2015\/05\/IMG_3875.jpg 1181w\" sizes=\"auto, (max-width: 1000px) 100vw, 1000px\" \/><\/a><\/p>\n<p>Zapytali\u015bmy te\u017c imama o przemoc wobec muzu\u0142man\u00f3w w internecie.<\/p>\n<p>&#8211; Zawsze, gdy widz\u0119 komentarz o brudasach w Polsce, odpisuj\u0119: &#8222;On myje nogi pi\u0119\u0107 razy dziennie, a ty?&#8221;. Niestety nienawi\u015b\u0107 w internecie jest ogromna.<\/p>\n<p>Do dalszej dyskusji do\u0142\u0105czy\u0142 si\u0119 nieoczekiwanie, goszcz\u0105cy w meczecie, imam Gda\u0144ska Hani Hraish. Z pochodzenia arab, mieszka w Polsce od ponad trzydziestu lat. Nie spos\u00f3b nie by\u0142o zapyta\u0107 o to\u017csamo\u015b\u0107 i zmiany w postrzeganiu przez Tatar\u00f3w islamu pod wp\u0142ywem przybysz\u00f3w ze Wschodu. Imam Janusz Aleksandrowicz nie unika\u0142 jednak kontrowersyjnych pyta\u0144 i zawsze ch\u0119tnie na wszystko odpowiada\u0142.<\/p>\n<p>&#8211; Prawda jest taka, \u017ce byli\u015bmy odci\u0119ci przez wieki i nasze rozumienie islamu by\u0142o zniekszta\u0142cone. Teraz gdy mamy dost\u0119p do informacji, zaczynamy lepiej rozumie\u0107 nasz\u0105 religi\u0119. Problem jest te\u017c na poziomie lingwistyki. Poprzedni imamowie zapisywali teksty mieszank\u0105 arabskiego, bia\u0142oruskiego, tatarskiego i rosyjskiego &#8211; dzi\u015b bardzo ci\u0119\u017cko je odczyta\u0107, to s\u0105 tematy na prace doktorskie. W taki spos\u00f3b prowadzi\u0142 te\u017c ksi\u0119gi, imam Stefan Mustafa Jasi\u0144ski, kt\u00f3ry dzi\u015b ma 104 lata i jest najstarszym muzu\u0142ma\u0144skim duchownym w Polsce.<\/p>\n<p><a href=\"https:\/\/wloczykij.org\/blog\/wp-content\/uploads\/sites\/2\/2015\/05\/IMG_3876.jpg\"><img loading=\"lazy\" decoding=\"async\" data-attachment-id=\"1472\" data-permalink=\"https:\/\/wloczykij.org\/blog\/2015\/05\/03\/islam-na-podlasiu-spotkanie-z-imamem-januszem-aleksandrowiczem\/img_3876\/\" data-orig-file=\"https:\/\/wloczykij.org\/blog\/wp-content\/uploads\/sites\/2\/2015\/05\/IMG_3876.jpg\" data-orig-size=\"1181,756\" data-comments-opened=\"0\" data-image-meta=\"{&quot;aperture&quot;:&quot;0&quot;,&quot;credit&quot;:&quot;&quot;,&quot;camera&quot;:&quot;&quot;,&quot;caption&quot;:&quot;&quot;,&quot;created_timestamp&quot;:&quot;0&quot;,&quot;copyright&quot;:&quot;&quot;,&quot;focal_length&quot;:&quot;0&quot;,&quot;iso&quot;:&quot;0&quot;,&quot;shutter_speed&quot;:&quot;0&quot;,&quot;title&quot;:&quot;&quot;,&quot;orientation&quot;:&quot;0&quot;}\" data-image-title=\"Fot. Roman Husarski\" data-image-description=\"\" data-image-caption=\"\" data-large-file=\"https:\/\/wloczykij.org\/blog\/wp-content\/uploads\/sites\/2\/2015\/05\/IMG_3876-1000x640.jpg\" class=\"alignnone wp-image-1472\" src=\"https:\/\/wloczykij.org\/blog\/wp-content\/uploads\/sites\/2\/2015\/05\/IMG_3876-1024x655.jpg\" alt=\"Fot. Roman Husarski\" width=\"1000\" height=\"640\" srcset=\"https:\/\/wloczykij.org\/blog\/wp-content\/uploads\/sites\/2\/2015\/05\/IMG_3876-1024x655.jpg 1024w, https:\/\/wloczykij.org\/blog\/wp-content\/uploads\/sites\/2\/2015\/05\/IMG_3876-1000x640.jpg 1000w, https:\/\/wloczykij.org\/blog\/wp-content\/uploads\/sites\/2\/2015\/05\/IMG_3876-768x492.jpg 768w, https:\/\/wloczykij.org\/blog\/wp-content\/uploads\/sites\/2\/2015\/05\/IMG_3876-920x589.jpg 920w, https:\/\/wloczykij.org\/blog\/wp-content\/uploads\/sites\/2\/2015\/05\/IMG_3876-300x192.jpg 300w, https:\/\/wloczykij.org\/blog\/wp-content\/uploads\/sites\/2\/2015\/05\/IMG_3876.jpg 1181w\" sizes=\"auto, (max-width: 1000px) 100vw, 1000px\" \/><\/a><\/p>\n<p>Janusz Aleksandrowicz zauwa\u017ca o\u017cywienie religijne Tatar\u00f3w w Polsce. Kiedy\u015b meczet by\u0142 otwierany co pi\u0105tek, teraz ka\u017cdego dnia. &#8211; z dalszej rozmowy wynika\u0142o jednak, \u017ce wierni w wi\u0119kszej ilo\u015bci pojawiaj\u0105 si\u0119 tak naprawd\u0119 od \u015bwi\u0119ta. Z drugiej strony warto pami\u0119ta\u0107, \u017ce muzu\u0142manin nie ma nakazu odwiedzania meczetu.<\/p>\n<p>&#8211; Dla nas ca\u0142y \u015bwiat jest jednym wielkim meczetem &#8211; \u015bmia\u0142 si\u0119 Hani Hraish.<\/p>\n<p>Zapyta\u0142em gda\u0144skiego imama o podzia\u0142 muzu\u0142man\u00f3w w Tr\u00f3jmie\u015bcie. Ko\u015bci\u0105 niezgody sta\u0142 si\u0119 dost\u0119p do meczet\u00f3w, dw\u00f3ch podzielonych grup.<\/p>\n<p>&#8211; To przykra sprawa, jak zwykle chodzi\u0142o o pieni\u0105dze.<\/p>\n<p><a href=\"https:\/\/wloczykij.org\/blog\/wp-content\/uploads\/sites\/2\/2015\/05\/IMG_3877.jpg\"><img loading=\"lazy\" decoding=\"async\" data-attachment-id=\"1473\" data-permalink=\"https:\/\/wloczykij.org\/blog\/2015\/05\/03\/islam-na-podlasiu-spotkanie-z-imamem-januszem-aleksandrowiczem\/img_3877\/\" data-orig-file=\"https:\/\/wloczykij.org\/blog\/wp-content\/uploads\/sites\/2\/2015\/05\/IMG_3877.jpg\" data-orig-size=\"1181,812\" data-comments-opened=\"0\" data-image-meta=\"{&quot;aperture&quot;:&quot;0&quot;,&quot;credit&quot;:&quot;&quot;,&quot;camera&quot;:&quot;&quot;,&quot;caption&quot;:&quot;&quot;,&quot;created_timestamp&quot;:&quot;0&quot;,&quot;copyright&quot;:&quot;&quot;,&quot;focal_length&quot;:&quot;0&quot;,&quot;iso&quot;:&quot;0&quot;,&quot;shutter_speed&quot;:&quot;0&quot;,&quot;title&quot;:&quot;&quot;,&quot;orientation&quot;:&quot;0&quot;}\" data-image-title=\"Fot. Roman Husarski\" data-image-description=\"\" data-image-caption=\"\" data-large-file=\"https:\/\/wloczykij.org\/blog\/wp-content\/uploads\/sites\/2\/2015\/05\/IMG_3877-1000x688.jpg\" class=\"alignnone wp-image-1473\" src=\"https:\/\/wloczykij.org\/blog\/wp-content\/uploads\/sites\/2\/2015\/05\/IMG_3877-1024x704.jpg\" alt=\"Fot. Roman Husarski\" width=\"1000\" height=\"688\" srcset=\"https:\/\/wloczykij.org\/blog\/wp-content\/uploads\/sites\/2\/2015\/05\/IMG_3877-1024x704.jpg 1024w, https:\/\/wloczykij.org\/blog\/wp-content\/uploads\/sites\/2\/2015\/05\/IMG_3877-1000x688.jpg 1000w, https:\/\/wloczykij.org\/blog\/wp-content\/uploads\/sites\/2\/2015\/05\/IMG_3877-768x528.jpg 768w, https:\/\/wloczykij.org\/blog\/wp-content\/uploads\/sites\/2\/2015\/05\/IMG_3877-920x633.jpg 920w, https:\/\/wloczykij.org\/blog\/wp-content\/uploads\/sites\/2\/2015\/05\/IMG_3877-300x206.jpg 300w, https:\/\/wloczykij.org\/blog\/wp-content\/uploads\/sites\/2\/2015\/05\/IMG_3877.jpg 1181w\" sizes=\"auto, (max-width: 1000px) 100vw, 1000px\" \/><\/a><\/p>\n<p>Na koniec imam Aleksandrowicz opowiedzia\u0142 nam o kontaktach z bia\u0142oruskimi Tatarami, kt\u00f3rych jest kilkakrotnie wi\u0119cej ni\u017c w Polsce (ok. 15 tys.) i o przybywaj\u0105cych do nas uciekinierach z Krymu.<\/p>\n<p>&#8211; To ciekawa sytuacja, poniewa\u017c w Polsce j\u0119zyk tatarski zanikn\u0105\u0142. Oczywi\u015bcie staramy si\u0119 pomaga\u0107 naszym braciom, jak tylko mo\u017cemy.<\/p>\n<p><a href=\"https:\/\/wloczykij.org\/blog\/wp-content\/uploads\/sites\/2\/2015\/05\/IMG_3869.jpg\"><img loading=\"lazy\" decoding=\"async\" data-attachment-id=\"1469\" data-permalink=\"https:\/\/wloczykij.org\/blog\/2015\/05\/03\/islam-na-podlasiu-spotkanie-z-imamem-januszem-aleksandrowiczem\/img_3869\/\" data-orig-file=\"https:\/\/wloczykij.org\/blog\/wp-content\/uploads\/sites\/2\/2015\/05\/IMG_3869.jpg\" data-orig-size=\"1181,787\" data-comments-opened=\"0\" data-image-meta=\"{&quot;aperture&quot;:&quot;0&quot;,&quot;credit&quot;:&quot;&quot;,&quot;camera&quot;:&quot;&quot;,&quot;caption&quot;:&quot;&quot;,&quot;created_timestamp&quot;:&quot;0&quot;,&quot;copyright&quot;:&quot;&quot;,&quot;focal_length&quot;:&quot;0&quot;,&quot;iso&quot;:&quot;0&quot;,&quot;shutter_speed&quot;:&quot;0&quot;,&quot;title&quot;:&quot;&quot;,&quot;orientation&quot;:&quot;0&quot;}\" data-image-title=\"Fot. Roman Husarski\" data-image-description=\"\" data-image-caption=\"\" data-large-file=\"https:\/\/wloczykij.org\/blog\/wp-content\/uploads\/sites\/2\/2015\/05\/IMG_3869-1000x666.jpg\" class=\"alignnone wp-image-1469\" src=\"https:\/\/wloczykij.org\/blog\/wp-content\/uploads\/sites\/2\/2015\/05\/IMG_3869-1024x682.jpg\" alt=\"Fot. Roman Husarski\" width=\"1000\" height=\"666\" srcset=\"https:\/\/wloczykij.org\/blog\/wp-content\/uploads\/sites\/2\/2015\/05\/IMG_3869-1024x682.jpg 1024w, https:\/\/wloczykij.org\/blog\/wp-content\/uploads\/sites\/2\/2015\/05\/IMG_3869-1000x666.jpg 1000w, https:\/\/wloczykij.org\/blog\/wp-content\/uploads\/sites\/2\/2015\/05\/IMG_3869-768x512.jpg 768w, https:\/\/wloczykij.org\/blog\/wp-content\/uploads\/sites\/2\/2015\/05\/IMG_3869-920x613.jpg 920w, https:\/\/wloczykij.org\/blog\/wp-content\/uploads\/sites\/2\/2015\/05\/IMG_3869-300x200.jpg 300w, https:\/\/wloczykij.org\/blog\/wp-content\/uploads\/sites\/2\/2015\/05\/IMG_3869.jpg 1181w\" sizes=\"auto, (max-width: 1000px) 100vw, 1000px\" \/><\/a><\/p>\n<p>&nbsp;<\/p>\n<p>Po spotkaniu udali\u015bmy si\u0119 na zwiedzanie okolicy. Najciekawszy jest cmentarz, ale i sama wioska wiele turystom oferuje: od tatarskiej kuchni, przez zaj\u0119cia z \u0142ucznictwa i je\u017adziectwo, po hodowl\u0119 york\u00f3w. Poni\u017cej przedstawiam ma\u0142\u0105 fotorelacj\u0119 z okolicy.<\/p>\n<div data-carousel-extra='{&quot;blog_id&quot;:2,&quot;permalink&quot;:&quot;https:\/\/wloczykij.org\/blog\/2015\/05\/03\/islam-na-podlasiu-spotkanie-z-imamem-januszem-aleksandrowiczem\/&quot;}' id='gallery-1' class='gallery galleryid-1467 gallery-columns-3 gallery-size-thumbnail'><figure class='gallery-item'>\n\t\t\t<div class='gallery-icon landscape'>\n\t\t\t\t<a href='https:\/\/wloczykij.org\/blog\/wp-content\/uploads\/sites\/2\/2015\/05\/IMG_3894.jpg'><img loading=\"lazy\" decoding=\"async\" width=\"150\" height=\"150\" src=\"https:\/\/wloczykij.org\/blog\/wp-content\/uploads\/sites\/2\/2015\/05\/IMG_3894-150x150.jpg\" class=\"attachment-thumbnail size-thumbnail\" alt=\"\" srcset=\"https:\/\/wloczykij.org\/blog\/wp-content\/uploads\/sites\/2\/2015\/05\/IMG_3894-150x150.jpg 150w, https:\/\/wloczykij.org\/blog\/wp-content\/uploads\/sites\/2\/2015\/05\/IMG_3894-230x230.jpg 230w\" sizes=\"auto, (max-width: 150px) 100vw, 150px\" data-attachment-id=\"1486\" data-permalink=\"https:\/\/wloczykij.org\/blog\/2015\/05\/03\/islam-na-podlasiu-spotkanie-z-imamem-januszem-aleksandrowiczem\/img_3894\/\" data-orig-file=\"https:\/\/wloczykij.org\/blog\/wp-content\/uploads\/sites\/2\/2015\/05\/IMG_3894.jpg\" data-orig-size=\"1181,787\" data-comments-opened=\"0\" data-image-meta=\"{&quot;aperture&quot;:&quot;0&quot;,&quot;credit&quot;:&quot;&quot;,&quot;camera&quot;:&quot;&quot;,&quot;caption&quot;:&quot;&quot;,&quot;created_timestamp&quot;:&quot;0&quot;,&quot;copyright&quot;:&quot;&quot;,&quot;focal_length&quot;:&quot;0&quot;,&quot;iso&quot;:&quot;0&quot;,&quot;shutter_speed&quot;:&quot;0&quot;,&quot;title&quot;:&quot;&quot;,&quot;orientation&quot;:&quot;0&quot;}\" data-image-title=\"Fot. Roman Husarski\" data-image-description=\"\" data-image-caption=\"\" data-large-file=\"https:\/\/wloczykij.org\/blog\/wp-content\/uploads\/sites\/2\/2015\/05\/IMG_3894-1000x666.jpg\" \/><\/a>\n\t\t\t<\/div><\/figure><figure class='gallery-item'>\n\t\t\t<div class='gallery-icon portrait'>\n\t\t\t\t<a href='https:\/\/wloczykij.org\/blog\/wp-content\/uploads\/sites\/2\/2015\/05\/IMG_3901.jpg'><img loading=\"lazy\" decoding=\"async\" width=\"150\" height=\"150\" src=\"https:\/\/wloczykij.org\/blog\/wp-content\/uploads\/sites\/2\/2015\/05\/IMG_3901-150x150.jpg\" class=\"attachment-thumbnail size-thumbnail\" alt=\"\" srcset=\"https:\/\/wloczykij.org\/blog\/wp-content\/uploads\/sites\/2\/2015\/05\/IMG_3901-150x150.jpg 150w, https:\/\/wloczykij.org\/blog\/wp-content\/uploads\/sites\/2\/2015\/05\/IMG_3901-230x230.jpg 230w\" sizes=\"auto, (max-width: 150px) 100vw, 150px\" data-attachment-id=\"1490\" data-permalink=\"https:\/\/wloczykij.org\/blog\/2015\/05\/03\/islam-na-podlasiu-spotkanie-z-imamem-januszem-aleksandrowiczem\/img_3901\/\" data-orig-file=\"https:\/\/wloczykij.org\/blog\/wp-content\/uploads\/sites\/2\/2015\/05\/IMG_3901.jpg\" data-orig-size=\"787,1181\" data-comments-opened=\"0\" data-image-meta=\"{&quot;aperture&quot;:&quot;0&quot;,&quot;credit&quot;:&quot;&quot;,&quot;camera&quot;:&quot;&quot;,&quot;caption&quot;:&quot;&quot;,&quot;created_timestamp&quot;:&quot;0&quot;,&quot;copyright&quot;:&quot;&quot;,&quot;focal_length&quot;:&quot;0&quot;,&quot;iso&quot;:&quot;0&quot;,&quot;shutter_speed&quot;:&quot;0&quot;,&quot;title&quot;:&quot;&quot;,&quot;orientation&quot;:&quot;0&quot;}\" data-image-title=\"Fot. Roman Husarski\" data-image-description=\"\" data-image-caption=\"\" data-large-file=\"https:\/\/wloczykij.org\/blog\/wp-content\/uploads\/sites\/2\/2015\/05\/IMG_3901-666x1000.jpg\" \/><\/a>\n\t\t\t<\/div><\/figure><figure class='gallery-item'>\n\t\t\t<div class='gallery-icon landscape'>\n\t\t\t\t<a href='https:\/\/wloczykij.org\/blog\/wp-content\/uploads\/sites\/2\/2015\/05\/IMG_3890.jpg'><img loading=\"lazy\" decoding=\"async\" width=\"150\" height=\"150\" src=\"https:\/\/wloczykij.org\/blog\/wp-content\/uploads\/sites\/2\/2015\/05\/IMG_3890-150x150.jpg\" class=\"attachment-thumbnail size-thumbnail\" alt=\"\" srcset=\"https:\/\/wloczykij.org\/blog\/wp-content\/uploads\/sites\/2\/2015\/05\/IMG_3890-150x150.jpg 150w, https:\/\/wloczykij.org\/blog\/wp-content\/uploads\/sites\/2\/2015\/05\/IMG_3890-230x230.jpg 230w\" sizes=\"auto, (max-width: 150px) 100vw, 150px\" data-attachment-id=\"1477\" data-permalink=\"https:\/\/wloczykij.org\/blog\/2015\/05\/03\/islam-na-podlasiu-spotkanie-z-imamem-januszem-aleksandrowiczem\/img_3890\/\" data-orig-file=\"https:\/\/wloczykij.org\/blog\/wp-content\/uploads\/sites\/2\/2015\/05\/IMG_3890.jpg\" data-orig-size=\"1181,787\" data-comments-opened=\"0\" data-image-meta=\"{&quot;aperture&quot;:&quot;0&quot;,&quot;credit&quot;:&quot;&quot;,&quot;camera&quot;:&quot;&quot;,&quot;caption&quot;:&quot;&quot;,&quot;created_timestamp&quot;:&quot;0&quot;,&quot;copyright&quot;:&quot;&quot;,&quot;focal_length&quot;:&quot;0&quot;,&quot;iso&quot;:&quot;0&quot;,&quot;shutter_speed&quot;:&quot;0&quot;,&quot;title&quot;:&quot;&quot;,&quot;orientation&quot;:&quot;0&quot;}\" data-image-title=\"Fot. Roman Husarski\" data-image-description=\"\" data-image-caption=\"\" data-large-file=\"https:\/\/wloczykij.org\/blog\/wp-content\/uploads\/sites\/2\/2015\/05\/IMG_3890-1000x666.jpg\" \/><\/a>\n\t\t\t<\/div><\/figure><figure class='gallery-item'>\n\t\t\t<div class='gallery-icon landscape'>\n\t\t\t\t<a href='https:\/\/wloczykij.org\/blog\/wp-content\/uploads\/sites\/2\/2015\/05\/IMG_3924.jpg'><img loading=\"lazy\" decoding=\"async\" width=\"150\" height=\"150\" src=\"https:\/\/wloczykij.org\/blog\/wp-content\/uploads\/sites\/2\/2015\/05\/IMG_3924-150x150.jpg\" class=\"attachment-thumbnail size-thumbnail\" alt=\"\" srcset=\"https:\/\/wloczykij.org\/blog\/wp-content\/uploads\/sites\/2\/2015\/05\/IMG_3924-150x150.jpg 150w, https:\/\/wloczykij.org\/blog\/wp-content\/uploads\/sites\/2\/2015\/05\/IMG_3924-230x230.jpg 230w\" sizes=\"auto, (max-width: 150px) 100vw, 150px\" data-attachment-id=\"1489\" data-permalink=\"https:\/\/wloczykij.org\/blog\/2015\/05\/03\/islam-na-podlasiu-spotkanie-z-imamem-januszem-aleksandrowiczem\/img_3924\/\" data-orig-file=\"https:\/\/wloczykij.org\/blog\/wp-content\/uploads\/sites\/2\/2015\/05\/IMG_3924.jpg\" data-orig-size=\"1181,787\" data-comments-opened=\"0\" data-image-meta=\"{&quot;aperture&quot;:&quot;0&quot;,&quot;credit&quot;:&quot;&quot;,&quot;camera&quot;:&quot;&quot;,&quot;caption&quot;:&quot;&quot;,&quot;created_timestamp&quot;:&quot;0&quot;,&quot;copyright&quot;:&quot;&quot;,&quot;focal_length&quot;:&quot;0&quot;,&quot;iso&quot;:&quot;0&quot;,&quot;shutter_speed&quot;:&quot;0&quot;,&quot;title&quot;:&quot;&quot;,&quot;orientation&quot;:&quot;0&quot;}\" data-image-title=\"Fot. Roman Husarski\" data-image-description=\"\" data-image-caption=\"\" data-large-file=\"https:\/\/wloczykij.org\/blog\/wp-content\/uploads\/sites\/2\/2015\/05\/IMG_3924-1000x666.jpg\" \/><\/a>\n\t\t\t<\/div><\/figure><figure class='gallery-item'>\n\t\t\t<div class='gallery-icon landscape'>\n\t\t\t\t<a href='https:\/\/wloczykij.org\/blog\/wp-content\/uploads\/sites\/2\/2015\/05\/IMG_3885.jpg'><img loading=\"lazy\" decoding=\"async\" width=\"150\" height=\"150\" src=\"https:\/\/wloczykij.org\/blog\/wp-content\/uploads\/sites\/2\/2015\/05\/IMG_3885-150x150.jpg\" class=\"attachment-thumbnail size-thumbnail\" alt=\"\" srcset=\"https:\/\/wloczykij.org\/blog\/wp-content\/uploads\/sites\/2\/2015\/05\/IMG_3885-150x150.jpg 150w, https:\/\/wloczykij.org\/blog\/wp-content\/uploads\/sites\/2\/2015\/05\/IMG_3885-230x230.jpg 230w\" sizes=\"auto, (max-width: 150px) 100vw, 150px\" data-attachment-id=\"1476\" data-permalink=\"https:\/\/wloczykij.org\/blog\/2015\/05\/03\/islam-na-podlasiu-spotkanie-z-imamem-januszem-aleksandrowiczem\/img_3885\/\" data-orig-file=\"https:\/\/wloczykij.org\/blog\/wp-content\/uploads\/sites\/2\/2015\/05\/IMG_3885.jpg\" data-orig-size=\"1181,787\" data-comments-opened=\"0\" data-image-meta=\"{&quot;aperture&quot;:&quot;0&quot;,&quot;credit&quot;:&quot;&quot;,&quot;camera&quot;:&quot;&quot;,&quot;caption&quot;:&quot;&quot;,&quot;created_timestamp&quot;:&quot;0&quot;,&quot;copyright&quot;:&quot;&quot;,&quot;focal_length&quot;:&quot;0&quot;,&quot;iso&quot;:&quot;0&quot;,&quot;shutter_speed&quot;:&quot;0&quot;,&quot;title&quot;:&quot;&quot;,&quot;orientation&quot;:&quot;0&quot;}\" data-image-title=\"Fot. Roman Husarski\" data-image-description=\"\" data-image-caption=\"\" data-large-file=\"https:\/\/wloczykij.org\/blog\/wp-content\/uploads\/sites\/2\/2015\/05\/IMG_3885-1000x666.jpg\" \/><\/a>\n\t\t\t<\/div><\/figure><figure class='gallery-item'>\n\t\t\t<div class='gallery-icon landscape'>\n\t\t\t\t<a href='https:\/\/wloczykij.org\/blog\/wp-content\/uploads\/sites\/2\/2015\/05\/IMG_3884.jpg'><img loading=\"lazy\" decoding=\"async\" width=\"150\" height=\"150\" src=\"https:\/\/wloczykij.org\/blog\/wp-content\/uploads\/sites\/2\/2015\/05\/IMG_3884-150x150.jpg\" class=\"attachment-thumbnail size-thumbnail\" alt=\"\" srcset=\"https:\/\/wloczykij.org\/blog\/wp-content\/uploads\/sites\/2\/2015\/05\/IMG_3884-150x150.jpg 150w, https:\/\/wloczykij.org\/blog\/wp-content\/uploads\/sites\/2\/2015\/05\/IMG_3884-230x230.jpg 230w\" sizes=\"auto, (max-width: 150px) 100vw, 150px\" data-attachment-id=\"1475\" data-permalink=\"https:\/\/wloczykij.org\/blog\/2015\/05\/03\/islam-na-podlasiu-spotkanie-z-imamem-januszem-aleksandrowiczem\/img_3884\/\" data-orig-file=\"https:\/\/wloczykij.org\/blog\/wp-content\/uploads\/sites\/2\/2015\/05\/IMG_3884.jpg\" data-orig-size=\"1181,787\" data-comments-opened=\"0\" data-image-meta=\"{&quot;aperture&quot;:&quot;0&quot;,&quot;credit&quot;:&quot;&quot;,&quot;camera&quot;:&quot;&quot;,&quot;caption&quot;:&quot;&quot;,&quot;created_timestamp&quot;:&quot;0&quot;,&quot;copyright&quot;:&quot;&quot;,&quot;focal_length&quot;:&quot;0&quot;,&quot;iso&quot;:&quot;0&quot;,&quot;shutter_speed&quot;:&quot;0&quot;,&quot;title&quot;:&quot;&quot;,&quot;orientation&quot;:&quot;0&quot;}\" data-image-title=\"Fot. Roman Husarski\" data-image-description=\"\" data-image-caption=\"\" data-large-file=\"https:\/\/wloczykij.org\/blog\/wp-content\/uploads\/sites\/2\/2015\/05\/IMG_3884-1000x666.jpg\" \/><\/a>\n\t\t\t<\/div><\/figure><figure class='gallery-item'>\n\t\t\t<div class='gallery-icon landscape'>\n\t\t\t\t<a href='https:\/\/wloczykij.org\/blog\/wp-content\/uploads\/sites\/2\/2015\/05\/IMG_3880.jpg'><img loading=\"lazy\" decoding=\"async\" width=\"150\" height=\"150\" src=\"https:\/\/wloczykij.org\/blog\/wp-content\/uploads\/sites\/2\/2015\/05\/IMG_3880-150x150.jpg\" class=\"attachment-thumbnail size-thumbnail\" alt=\"\" srcset=\"https:\/\/wloczykij.org\/blog\/wp-content\/uploads\/sites\/2\/2015\/05\/IMG_3880-150x150.jpg 150w, https:\/\/wloczykij.org\/blog\/wp-content\/uploads\/sites\/2\/2015\/05\/IMG_3880-230x230.jpg 230w\" sizes=\"auto, (max-width: 150px) 100vw, 150px\" data-attachment-id=\"1474\" data-permalink=\"https:\/\/wloczykij.org\/blog\/2015\/05\/03\/islam-na-podlasiu-spotkanie-z-imamem-januszem-aleksandrowiczem\/img_3880\/\" data-orig-file=\"https:\/\/wloczykij.org\/blog\/wp-content\/uploads\/sites\/2\/2015\/05\/IMG_3880.jpg\" data-orig-size=\"1181,787\" data-comments-opened=\"0\" data-image-meta=\"{&quot;aperture&quot;:&quot;0&quot;,&quot;credit&quot;:&quot;&quot;,&quot;camera&quot;:&quot;&quot;,&quot;caption&quot;:&quot;&quot;,&quot;created_timestamp&quot;:&quot;0&quot;,&quot;copyright&quot;:&quot;&quot;,&quot;focal_length&quot;:&quot;0&quot;,&quot;iso&quot;:&quot;0&quot;,&quot;shutter_speed&quot;:&quot;0&quot;,&quot;title&quot;:&quot;&quot;,&quot;orientation&quot;:&quot;0&quot;}\" data-image-title=\"Fot. Roman Husarski\" data-image-description=\"\" data-image-caption=\"\" data-large-file=\"https:\/\/wloczykij.org\/blog\/wp-content\/uploads\/sites\/2\/2015\/05\/IMG_3880-1000x666.jpg\" \/><\/a>\n\t\t\t<\/div><\/figure><figure class='gallery-item'>\n\t\t\t<div class='gallery-icon landscape'>\n\t\t\t\t<a href='https:\/\/wloczykij.org\/blog\/wp-content\/uploads\/sites\/2\/2015\/05\/IMG_3891.jpg'><img loading=\"lazy\" decoding=\"async\" width=\"150\" height=\"150\" src=\"https:\/\/wloczykij.org\/blog\/wp-content\/uploads\/sites\/2\/2015\/05\/IMG_3891-150x150.jpg\" class=\"attachment-thumbnail size-thumbnail\" alt=\"\" srcset=\"https:\/\/wloczykij.org\/blog\/wp-content\/uploads\/sites\/2\/2015\/05\/IMG_3891-150x150.jpg 150w, https:\/\/wloczykij.org\/blog\/wp-content\/uploads\/sites\/2\/2015\/05\/IMG_3891-230x230.jpg 230w\" sizes=\"auto, (max-width: 150px) 100vw, 150px\" data-attachment-id=\"1485\" data-permalink=\"https:\/\/wloczykij.org\/blog\/2015\/05\/03\/islam-na-podlasiu-spotkanie-z-imamem-januszem-aleksandrowiczem\/img_3891\/\" data-orig-file=\"https:\/\/wloczykij.org\/blog\/wp-content\/uploads\/sites\/2\/2015\/05\/IMG_3891.jpg\" data-orig-size=\"1181,756\" data-comments-opened=\"0\" data-image-meta=\"{&quot;aperture&quot;:&quot;0&quot;,&quot;credit&quot;:&quot;&quot;,&quot;camera&quot;:&quot;&quot;,&quot;caption&quot;:&quot;&quot;,&quot;created_timestamp&quot;:&quot;0&quot;,&quot;copyright&quot;:&quot;&quot;,&quot;focal_length&quot;:&quot;0&quot;,&quot;iso&quot;:&quot;0&quot;,&quot;shutter_speed&quot;:&quot;0&quot;,&quot;title&quot;:&quot;&quot;,&quot;orientation&quot;:&quot;0&quot;}\" data-image-title=\"Fot. Roman Husarski\" data-image-description=\"\" data-image-caption=\"\" data-large-file=\"https:\/\/wloczykij.org\/blog\/wp-content\/uploads\/sites\/2\/2015\/05\/IMG_3891-1000x640.jpg\" \/><\/a>\n\t\t\t<\/div><\/figure>\n\t\t<\/div>\n\n<p>Wizyta w Kruszynianach to \u015bwietna okazja do przekonania si\u0119, jak Polska potrafi by\u0107 zr\u00f3\u017cnicowana. Jest mo\u017ce i turystycznie, orientalnie, ale mo\u017cna otworzy\u0107 si\u0119 na inno\u015b\u0107 i zobaczy\u0107, jak wieloma bzdurami karmi\u0105 nas mass media. Poza tym to przepi\u0119kna okolica.<\/p>\n<p>&nbsp;<\/p>\n","protected":false},"excerpt":{"rendered":"<p>Podczas gdy w mediach s\u0142ycha\u0107 co raz wi\u0119cej panicznych komentarzy odno\u015bnie do islamu, a prawica ostrzega przed szariatem i d\u017cihadem, na Podlasiu od wiek\u00f3w \u017cyje ma\u0142a grupa polskich muzu\u0142man\u00f3w &#8211; Tatar\u00f3w. Wraz ze studenck\u0105 braci\u0105 pojechali\u015bmy porozmawia\u0107 o religii i tatarskiej kulturze z lokalnym imamem Januszem Aleksandrowiczem. Cho\u0107 mniejszo\u015b\u0107 rozsiana jest po ca\u0142ym regionie to &hellip; <\/p>\n","protected":false},"author":1,"featured_media":1468,"comment_status":"open","ping_status":"open","sticky":false,"template":"","format":"standard","meta":{"_jetpack_memberships_contains_paid_content":false,"footnotes":"","jetpack_publicize_message":"","jetpack_publicize_feature_enabled":true,"jetpack_social_post_already_shared":true,"jetpack_social_options":{"image_generator_settings":{"template":"highway","default_image_id":0,"font":"","enabled":false},"version":2}},"categories":[427],"tags":[154,155,191,97,145],"class_list":["post-1467","post","type-post","status-publish","format-standard","has-post-thumbnail","hentry","category-inne-podroze","tag-etyka","tag-islam","tag-podlasie","tag-polska","tag-wywiad"],"yoast_head":"<!-- This site is optimized with the Yoast SEO plugin v27.5 - https:\/\/yoast.com\/product\/yoast-seo-wordpress\/ -->\n<title>Islam na Podlasiu. Spotkanie z imamem Januszem Aleksandrowiczem - W\u0142\u00f3czykij - Roman Husarski<\/title>\n<meta name=\"robots\" content=\"index, follow, max-snippet:-1, max-image-preview:large, max-video-preview:-1\" \/>\n<link rel=\"canonical\" href=\"https:\/\/wloczykij.org\/blog\/2015\/05\/03\/islam-na-podlasiu-spotkanie-z-imamem-januszem-aleksandrowiczem\/\" \/>\n<meta property=\"og:locale\" content=\"pl_PL\" \/>\n<meta property=\"og:type\" content=\"article\" \/>\n<meta property=\"og:title\" content=\"Islam na Podlasiu. Spotkanie z imamem Januszem Aleksandrowiczem - W\u0142\u00f3czykij - Roman Husarski\" \/>\n<meta property=\"og:description\" content=\"Podczas gdy w mediach s\u0142ycha\u0107 co raz wi\u0119cej panicznych komentarzy odno\u015bnie do islamu, a prawica ostrzega przed szariatem i d\u017cihadem, na Podlasiu od wiek\u00f3w \u017cyje ma\u0142a grupa polskich muzu\u0142man\u00f3w &#8211; Tatar\u00f3w. Wraz ze studenck\u0105 braci\u0105 pojechali\u015bmy porozmawia\u0107 o religii i tatarskiej kulturze z lokalnym imamem Januszem Aleksandrowiczem. Cho\u0107 mniejszo\u015b\u0107 rozsiana jest po ca\u0142ym regionie to &hellip;\" \/>\n<meta property=\"og:url\" content=\"https:\/\/wloczykij.org\/blog\/2015\/05\/03\/islam-na-podlasiu-spotkanie-z-imamem-januszem-aleksandrowiczem\/\" \/>\n<meta property=\"og:site_name\" content=\"W\u0142\u00f3czykij - Roman Husarski\" \/>\n<meta property=\"article:publisher\" content=\"https:\/\/www.facebook.com\/pages\/W%c5%82%c3%b3czykij\/282838631839707\" \/>\n<meta property=\"article:published_time\" content=\"2015-05-03T17:42:19+00:00\" \/>\n<meta property=\"article:modified_time\" content=\"2022-03-20T14:30:44+00:00\" \/>\n<meta property=\"og:image\" content=\"https:\/\/wloczykij.org\/blog\/wp-content\/uploads\/sites\/2\/2015\/05\/IMG_3866.jpg\" \/>\n\t<meta property=\"og:image:width\" content=\"1181\" \/>\n\t<meta property=\"og:image:height\" content=\"787\" \/>\n\t<meta property=\"og:image:type\" content=\"image\/jpeg\" \/>\n<meta name=\"author\" content=\"Roman\" \/>\n<meta name=\"twitter:label1\" content=\"Napisane przez\" \/>\n\t<meta name=\"twitter:data1\" content=\"Roman\" \/>\n\t<meta name=\"twitter:label2\" content=\"Szacowany czas czytania\" \/>\n\t<meta name=\"twitter:data2\" content=\"4 minuty\" \/>\n<script type=\"application\/ld+json\" class=\"yoast-schema-graph\">{\"@context\":\"https:\\\/\\\/schema.org\",\"@graph\":[{\"@type\":\"Article\",\"@id\":\"https:\\\/\\\/wloczykij.org\\\/blog\\\/2015\\\/05\\\/03\\\/islam-na-podlasiu-spotkanie-z-imamem-januszem-aleksandrowiczem\\\/#article\",\"isPartOf\":{\"@id\":\"https:\\\/\\\/wloczykij.org\\\/blog\\\/2015\\\/05\\\/03\\\/islam-na-podlasiu-spotkanie-z-imamem-januszem-aleksandrowiczem\\\/\"},\"author\":{\"name\":\"Roman\",\"@id\":\"https:\\\/\\\/wloczykij.org\\\/blog\\\/#\\\/schema\\\/person\\\/5715e17c214052b93c6c53e27ea498e5\"},\"headline\":\"Islam na Podlasiu. Spotkanie z imamem Januszem Aleksandrowiczem\",\"datePublished\":\"2015-05-03T17:42:19+00:00\",\"dateModified\":\"2022-03-20T14:30:44+00:00\",\"mainEntityOfPage\":{\"@id\":\"https:\\\/\\\/wloczykij.org\\\/blog\\\/2015\\\/05\\\/03\\\/islam-na-podlasiu-spotkanie-z-imamem-januszem-aleksandrowiczem\\\/\"},\"wordCount\":808,\"commentCount\":0,\"image\":{\"@id\":\"https:\\\/\\\/wloczykij.org\\\/blog\\\/2015\\\/05\\\/03\\\/islam-na-podlasiu-spotkanie-z-imamem-januszem-aleksandrowiczem\\\/#primaryimage\"},\"thumbnailUrl\":\"https:\\\/\\\/wloczykij.org\\\/blog\\\/wp-content\\\/uploads\\\/sites\\\/2\\\/2015\\\/05\\\/IMG_3866.jpg\",\"keywords\":[\"etyka\",\"islam\",\"Podlasie\",\"Polska\",\"wywiad\"],\"articleSection\":[\"Inne podr\u00f3\u017ce\"],\"inLanguage\":\"pl-PL\",\"potentialAction\":[{\"@type\":\"CommentAction\",\"name\":\"Comment\",\"target\":[\"https:\\\/\\\/wloczykij.org\\\/blog\\\/2015\\\/05\\\/03\\\/islam-na-podlasiu-spotkanie-z-imamem-januszem-aleksandrowiczem\\\/#respond\"]}]},{\"@type\":\"WebPage\",\"@id\":\"https:\\\/\\\/wloczykij.org\\\/blog\\\/2015\\\/05\\\/03\\\/islam-na-podlasiu-spotkanie-z-imamem-januszem-aleksandrowiczem\\\/\",\"url\":\"https:\\\/\\\/wloczykij.org\\\/blog\\\/2015\\\/05\\\/03\\\/islam-na-podlasiu-spotkanie-z-imamem-januszem-aleksandrowiczem\\\/\",\"name\":\"Islam na Podlasiu. Spotkanie z imamem Januszem Aleksandrowiczem - W\u0142\u00f3czykij - Roman Husarski\",\"isPartOf\":{\"@id\":\"https:\\\/\\\/wloczykij.org\\\/blog\\\/#website\"},\"primaryImageOfPage\":{\"@id\":\"https:\\\/\\\/wloczykij.org\\\/blog\\\/2015\\\/05\\\/03\\\/islam-na-podlasiu-spotkanie-z-imamem-januszem-aleksandrowiczem\\\/#primaryimage\"},\"image\":{\"@id\":\"https:\\\/\\\/wloczykij.org\\\/blog\\\/2015\\\/05\\\/03\\\/islam-na-podlasiu-spotkanie-z-imamem-januszem-aleksandrowiczem\\\/#primaryimage\"},\"thumbnailUrl\":\"https:\\\/\\\/wloczykij.org\\\/blog\\\/wp-content\\\/uploads\\\/sites\\\/2\\\/2015\\\/05\\\/IMG_3866.jpg\",\"datePublished\":\"2015-05-03T17:42:19+00:00\",\"dateModified\":\"2022-03-20T14:30:44+00:00\",\"author\":{\"@id\":\"https:\\\/\\\/wloczykij.org\\\/blog\\\/#\\\/schema\\\/person\\\/5715e17c214052b93c6c53e27ea498e5\"},\"breadcrumb\":{\"@id\":\"https:\\\/\\\/wloczykij.org\\\/blog\\\/2015\\\/05\\\/03\\\/islam-na-podlasiu-spotkanie-z-imamem-januszem-aleksandrowiczem\\\/#breadcrumb\"},\"inLanguage\":\"pl-PL\",\"potentialAction\":[{\"@type\":\"ReadAction\",\"target\":[\"https:\\\/\\\/wloczykij.org\\\/blog\\\/2015\\\/05\\\/03\\\/islam-na-podlasiu-spotkanie-z-imamem-januszem-aleksandrowiczem\\\/\"]}]},{\"@type\":\"ImageObject\",\"inLanguage\":\"pl-PL\",\"@id\":\"https:\\\/\\\/wloczykij.org\\\/blog\\\/2015\\\/05\\\/03\\\/islam-na-podlasiu-spotkanie-z-imamem-januszem-aleksandrowiczem\\\/#primaryimage\",\"url\":\"https:\\\/\\\/wloczykij.org\\\/blog\\\/wp-content\\\/uploads\\\/sites\\\/2\\\/2015\\\/05\\\/IMG_3866.jpg\",\"contentUrl\":\"https:\\\/\\\/wloczykij.org\\\/blog\\\/wp-content\\\/uploads\\\/sites\\\/2\\\/2015\\\/05\\\/IMG_3866.jpg\",\"width\":1181,\"height\":787},{\"@type\":\"BreadcrumbList\",\"@id\":\"https:\\\/\\\/wloczykij.org\\\/blog\\\/2015\\\/05\\\/03\\\/islam-na-podlasiu-spotkanie-z-imamem-januszem-aleksandrowiczem\\\/#breadcrumb\",\"itemListElement\":[{\"@type\":\"ListItem\",\"position\":1,\"name\":\"Strona g\u0142\u00f3wna\",\"item\":\"https:\\\/\\\/wloczykij.org\\\/blog\\\/\"},{\"@type\":\"ListItem\",\"position\":2,\"name\":\"Islam na Podlasiu. Spotkanie z imamem Januszem Aleksandrowiczem\"}]},{\"@type\":\"WebSite\",\"@id\":\"https:\\\/\\\/wloczykij.org\\\/blog\\\/#website\",\"url\":\"https:\\\/\\\/wloczykij.org\\\/blog\\\/\",\"name\":\"W\u0142\u00f3czykij - Roman Husarski\",\"description\":\"\",\"potentialAction\":[{\"@type\":\"SearchAction\",\"target\":{\"@type\":\"EntryPoint\",\"urlTemplate\":\"https:\\\/\\\/wloczykij.org\\\/blog\\\/?s={search_term_string}\"},\"query-input\":{\"@type\":\"PropertyValueSpecification\",\"valueRequired\":true,\"valueName\":\"search_term_string\"}}],\"inLanguage\":\"pl-PL\"},{\"@type\":\"Person\",\"@id\":\"https:\\\/\\\/wloczykij.org\\\/blog\\\/#\\\/schema\\\/person\\\/5715e17c214052b93c6c53e27ea498e5\",\"name\":\"Roman\",\"image\":{\"@type\":\"ImageObject\",\"inLanguage\":\"pl-PL\",\"@id\":\"https:\\\/\\\/secure.gravatar.com\\\/avatar\\\/a4ad12ebb0eef153209fb3604f0a54cb2d9993a45803e045e020a86a4527c70b?s=96&d=mm&r=g\",\"url\":\"https:\\\/\\\/secure.gravatar.com\\\/avatar\\\/a4ad12ebb0eef153209fb3604f0a54cb2d9993a45803e045e020a86a4527c70b?s=96&d=mm&r=g\",\"contentUrl\":\"https:\\\/\\\/secure.gravatar.com\\\/avatar\\\/a4ad12ebb0eef153209fb3604f0a54cb2d9993a45803e045e020a86a4527c70b?s=96&d=mm&r=g\",\"caption\":\"Roman\"},\"url\":\"https:\\\/\\\/wloczykij.org\\\/blog\\\/author\\\/remus\\\/\"}]}<\/script>\n<!-- \/ Yoast SEO plugin. -->","yoast_head_json":{"title":"Islam na Podlasiu. Spotkanie z imamem Januszem Aleksandrowiczem - W\u0142\u00f3czykij - Roman Husarski","robots":{"index":"index","follow":"follow","max-snippet":"max-snippet:-1","max-image-preview":"max-image-preview:large","max-video-preview":"max-video-preview:-1"},"canonical":"https:\/\/wloczykij.org\/blog\/2015\/05\/03\/islam-na-podlasiu-spotkanie-z-imamem-januszem-aleksandrowiczem\/","og_locale":"pl_PL","og_type":"article","og_title":"Islam na Podlasiu. Spotkanie z imamem Januszem Aleksandrowiczem - W\u0142\u00f3czykij - Roman Husarski","og_description":"Podczas gdy w mediach s\u0142ycha\u0107 co raz wi\u0119cej panicznych komentarzy odno\u015bnie do islamu, a prawica ostrzega przed szariatem i d\u017cihadem, na Podlasiu od wiek\u00f3w \u017cyje ma\u0142a grupa polskich muzu\u0142man\u00f3w &#8211; Tatar\u00f3w. Wraz ze studenck\u0105 braci\u0105 pojechali\u015bmy porozmawia\u0107 o religii i tatarskiej kulturze z lokalnym imamem Januszem Aleksandrowiczem. Cho\u0107 mniejszo\u015b\u0107 rozsiana jest po ca\u0142ym regionie to &hellip;","og_url":"https:\/\/wloczykij.org\/blog\/2015\/05\/03\/islam-na-podlasiu-spotkanie-z-imamem-januszem-aleksandrowiczem\/","og_site_name":"W\u0142\u00f3czykij - Roman Husarski","article_publisher":"https:\/\/www.facebook.com\/pages\/W%c5%82%c3%b3czykij\/282838631839707","article_published_time":"2015-05-03T17:42:19+00:00","article_modified_time":"2022-03-20T14:30:44+00:00","og_image":[{"width":1181,"height":787,"url":"https:\/\/wloczykij.org\/blog\/wp-content\/uploads\/sites\/2\/2015\/05\/IMG_3866.jpg","type":"image\/jpeg"}],"author":"Roman","twitter_misc":{"Napisane przez":"Roman","Szacowany czas czytania":"4 minuty"},"schema":{"@context":"https:\/\/schema.org","@graph":[{"@type":"Article","@id":"https:\/\/wloczykij.org\/blog\/2015\/05\/03\/islam-na-podlasiu-spotkanie-z-imamem-januszem-aleksandrowiczem\/#article","isPartOf":{"@id":"https:\/\/wloczykij.org\/blog\/2015\/05\/03\/islam-na-podlasiu-spotkanie-z-imamem-januszem-aleksandrowiczem\/"},"author":{"name":"Roman","@id":"https:\/\/wloczykij.org\/blog\/#\/schema\/person\/5715e17c214052b93c6c53e27ea498e5"},"headline":"Islam na Podlasiu. Spotkanie z imamem Januszem Aleksandrowiczem","datePublished":"2015-05-03T17:42:19+00:00","dateModified":"2022-03-20T14:30:44+00:00","mainEntityOfPage":{"@id":"https:\/\/wloczykij.org\/blog\/2015\/05\/03\/islam-na-podlasiu-spotkanie-z-imamem-januszem-aleksandrowiczem\/"},"wordCount":808,"commentCount":0,"image":{"@id":"https:\/\/wloczykij.org\/blog\/2015\/05\/03\/islam-na-podlasiu-spotkanie-z-imamem-januszem-aleksandrowiczem\/#primaryimage"},"thumbnailUrl":"https:\/\/wloczykij.org\/blog\/wp-content\/uploads\/sites\/2\/2015\/05\/IMG_3866.jpg","keywords":["etyka","islam","Podlasie","Polska","wywiad"],"articleSection":["Inne podr\u00f3\u017ce"],"inLanguage":"pl-PL","potentialAction":[{"@type":"CommentAction","name":"Comment","target":["https:\/\/wloczykij.org\/blog\/2015\/05\/03\/islam-na-podlasiu-spotkanie-z-imamem-januszem-aleksandrowiczem\/#respond"]}]},{"@type":"WebPage","@id":"https:\/\/wloczykij.org\/blog\/2015\/05\/03\/islam-na-podlasiu-spotkanie-z-imamem-januszem-aleksandrowiczem\/","url":"https:\/\/wloczykij.org\/blog\/2015\/05\/03\/islam-na-podlasiu-spotkanie-z-imamem-januszem-aleksandrowiczem\/","name":"Islam na Podlasiu. Spotkanie z imamem Januszem Aleksandrowiczem - W\u0142\u00f3czykij - Roman Husarski","isPartOf":{"@id":"https:\/\/wloczykij.org\/blog\/#website"},"primaryImageOfPage":{"@id":"https:\/\/wloczykij.org\/blog\/2015\/05\/03\/islam-na-podlasiu-spotkanie-z-imamem-januszem-aleksandrowiczem\/#primaryimage"},"image":{"@id":"https:\/\/wloczykij.org\/blog\/2015\/05\/03\/islam-na-podlasiu-spotkanie-z-imamem-januszem-aleksandrowiczem\/#primaryimage"},"thumbnailUrl":"https:\/\/wloczykij.org\/blog\/wp-content\/uploads\/sites\/2\/2015\/05\/IMG_3866.jpg","datePublished":"2015-05-03T17:42:19+00:00","dateModified":"2022-03-20T14:30:44+00:00","author":{"@id":"https:\/\/wloczykij.org\/blog\/#\/schema\/person\/5715e17c214052b93c6c53e27ea498e5"},"breadcrumb":{"@id":"https:\/\/wloczykij.org\/blog\/2015\/05\/03\/islam-na-podlasiu-spotkanie-z-imamem-januszem-aleksandrowiczem\/#breadcrumb"},"inLanguage":"pl-PL","potentialAction":[{"@type":"ReadAction","target":["https:\/\/wloczykij.org\/blog\/2015\/05\/03\/islam-na-podlasiu-spotkanie-z-imamem-januszem-aleksandrowiczem\/"]}]},{"@type":"ImageObject","inLanguage":"pl-PL","@id":"https:\/\/wloczykij.org\/blog\/2015\/05\/03\/islam-na-podlasiu-spotkanie-z-imamem-januszem-aleksandrowiczem\/#primaryimage","url":"https:\/\/wloczykij.org\/blog\/wp-content\/uploads\/sites\/2\/2015\/05\/IMG_3866.jpg","contentUrl":"https:\/\/wloczykij.org\/blog\/wp-content\/uploads\/sites\/2\/2015\/05\/IMG_3866.jpg","width":1181,"height":787},{"@type":"BreadcrumbList","@id":"https:\/\/wloczykij.org\/blog\/2015\/05\/03\/islam-na-podlasiu-spotkanie-z-imamem-januszem-aleksandrowiczem\/#breadcrumb","itemListElement":[{"@type":"ListItem","position":1,"name":"Strona g\u0142\u00f3wna","item":"https:\/\/wloczykij.org\/blog\/"},{"@type":"ListItem","position":2,"name":"Islam na Podlasiu. Spotkanie z imamem Januszem Aleksandrowiczem"}]},{"@type":"WebSite","@id":"https:\/\/wloczykij.org\/blog\/#website","url":"https:\/\/wloczykij.org\/blog\/","name":"W\u0142\u00f3czykij - Roman Husarski","description":"","potentialAction":[{"@type":"SearchAction","target":{"@type":"EntryPoint","urlTemplate":"https:\/\/wloczykij.org\/blog\/?s={search_term_string}"},"query-input":{"@type":"PropertyValueSpecification","valueRequired":true,"valueName":"search_term_string"}}],"inLanguage":"pl-PL"},{"@type":"Person","@id":"https:\/\/wloczykij.org\/blog\/#\/schema\/person\/5715e17c214052b93c6c53e27ea498e5","name":"Roman","image":{"@type":"ImageObject","inLanguage":"pl-PL","@id":"https:\/\/secure.gravatar.com\/avatar\/a4ad12ebb0eef153209fb3604f0a54cb2d9993a45803e045e020a86a4527c70b?s=96&d=mm&r=g","url":"https:\/\/secure.gravatar.com\/avatar\/a4ad12ebb0eef153209fb3604f0a54cb2d9993a45803e045e020a86a4527c70b?s=96&d=mm&r=g","contentUrl":"https:\/\/secure.gravatar.com\/avatar\/a4ad12ebb0eef153209fb3604f0a54cb2d9993a45803e045e020a86a4527c70b?s=96&d=mm&r=g","caption":"Roman"},"url":"https:\/\/wloczykij.org\/blog\/author\/remus\/"}]}},"jetpack_publicize_connections":[],"jetpack_featured_media_url":"https:\/\/wloczykij.org\/blog\/wp-content\/uploads\/sites\/2\/2015\/05\/IMG_3866.jpg","jetpack_sharing_enabled":true,"_links":{"self":[{"href":"https:\/\/wloczykij.org\/blog\/wp-json\/wp\/v2\/posts\/1467","targetHints":{"allow":["GET"]}}],"collection":[{"href":"https:\/\/wloczykij.org\/blog\/wp-json\/wp\/v2\/posts"}],"about":[{"href":"https:\/\/wloczykij.org\/blog\/wp-json\/wp\/v2\/types\/post"}],"author":[{"embeddable":true,"href":"https:\/\/wloczykij.org\/blog\/wp-json\/wp\/v2\/users\/1"}],"replies":[{"embeddable":true,"href":"https:\/\/wloczykij.org\/blog\/wp-json\/wp\/v2\/comments?post=1467"}],"version-history":[{"count":3,"href":"https:\/\/wloczykij.org\/blog\/wp-json\/wp\/v2\/posts\/1467\/revisions"}],"predecessor-version":[{"id":3952,"href":"https:\/\/wloczykij.org\/blog\/wp-json\/wp\/v2\/posts\/1467\/revisions\/3952"}],"wp:featuredmedia":[{"embeddable":true,"href":"https:\/\/wloczykij.org\/blog\/wp-json\/wp\/v2\/media\/1468"}],"wp:attachment":[{"href":"https:\/\/wloczykij.org\/blog\/wp-json\/wp\/v2\/media?parent=1467"}],"wp:term":[{"taxonomy":"category","embeddable":true,"href":"https:\/\/wloczykij.org\/blog\/wp-json\/wp\/v2\/categories?post=1467"},{"taxonomy":"post_tag","embeddable":true,"href":"https:\/\/wloczykij.org\/blog\/wp-json\/wp\/v2\/tags?post=1467"}],"curies":[{"name":"wp","href":"https:\/\/api.w.org\/{rel}","templated":true}]}}