{"id":1588,"date":"2015-09-15T21:42:21","date_gmt":"2015-09-15T19:42:21","guid":{"rendered":"https:\/\/wloczykij.org\/blog\/?p=1588"},"modified":"2022-03-20T15:29:26","modified_gmt":"2022-03-20T14:29:26","slug":"sufi-z-kieliszkiem-wodki-wizyta-w-lahij","status":"publish","type":"post","link":"https:\/\/wloczykij.org\/blog\/2015\/09\/15\/sufi-z-kieliszkiem-wodki-wizyta-w-lahij\/","title":{"rendered":"Sufi z kieliszkiem w\u00f3dki. Wizyta w Lahij"},"content":{"rendered":"<figure id=\"attachment_1595\" aria-describedby=\"caption-attachment-1595\" style=\"width: 1000px\" class=\"wp-caption alignnone\"><a href=\"https:\/\/wloczykij.org\/blog\/wp-content\/uploads\/sites\/2\/2015\/09\/013.jpg\"><img loading=\"lazy\" decoding=\"async\" data-attachment-id=\"1595\" data-permalink=\"https:\/\/wloczykij.org\/blog\/2015\/09\/15\/sufi-z-kieliszkiem-wodki-wizyta-w-lahij\/attachment\/013\/\" data-orig-file=\"https:\/\/wloczykij.org\/blog\/wp-content\/uploads\/sites\/2\/2015\/09\/013.jpg\" data-orig-size=\"1181,793\" data-comments-opened=\"0\" data-image-meta=\"{&quot;aperture&quot;:&quot;0&quot;,&quot;credit&quot;:&quot;&quot;,&quot;camera&quot;:&quot;&quot;,&quot;caption&quot;:&quot;&quot;,&quot;created_timestamp&quot;:&quot;0&quot;,&quot;copyright&quot;:&quot;&quot;,&quot;focal_length&quot;:&quot;0&quot;,&quot;iso&quot;:&quot;0&quot;,&quot;shutter_speed&quot;:&quot;0&quot;,&quot;title&quot;:&quot;&quot;,&quot;orientation&quot;:&quot;0&quot;}\" data-image-title=\"Fot. Roman Husarski\" data-image-description=\"\" data-image-caption=\"\" data-large-file=\"https:\/\/wloczykij.org\/blog\/wp-content\/uploads\/sites\/2\/2015\/09\/013-1000x671.jpg\" class=\"wp-image-1595\" src=\"https:\/\/wloczykij.org\/blog\/wp-content\/uploads\/sites\/2\/2015\/09\/013-1024x688.jpg\" alt=\"Fot. Roman Husarski \" width=\"1000\" height=\"671\" srcset=\"https:\/\/wloczykij.org\/blog\/wp-content\/uploads\/sites\/2\/2015\/09\/013-1024x688.jpg 1024w, https:\/\/wloczykij.org\/blog\/wp-content\/uploads\/sites\/2\/2015\/09\/013-1000x671.jpg 1000w, https:\/\/wloczykij.org\/blog\/wp-content\/uploads\/sites\/2\/2015\/09\/013-768x516.jpg 768w, https:\/\/wloczykij.org\/blog\/wp-content\/uploads\/sites\/2\/2015\/09\/013-920x618.jpg 920w, https:\/\/wloczykij.org\/blog\/wp-content\/uploads\/sites\/2\/2015\/09\/013-300x201.jpg 300w, https:\/\/wloczykij.org\/blog\/wp-content\/uploads\/sites\/2\/2015\/09\/013.jpg 1181w\" sizes=\"auto, (max-width: 1000px) 100vw, 1000px\" \/><\/a><figcaption id=\"caption-attachment-1595\" class=\"wp-caption-text\">Zobacz ca\u0142\u0105 analogow\u0105 fotorelacj\u0119 z Lahij <a href=\"https:\/\/wloczykij.org\/lahij\/\">tu<\/a>.<\/figcaption><\/figure>\n<p>Dym papierosowy pali\u0142 mnie w oczy i dusi\u0142 w gardle. Okno w samochodzie by\u0142o minimalnie uchylone. Co\u015b by\u0142o zepsute i nie da\u0142o si\u0119 go bardziej otworzy\u0107. Nie kwapi\u0142em si\u0119, jednak by rzuca\u0107 uwagi naszemu kierowcy. M\u0119\u017cczyzna, kt\u00f3ry wi\u00f3z\u0142 mnie i moj\u0105 dziewczyn\u0119 Agat\u0119 do Lahij (czyt. Lahid\u017c) <a href=\"#_ftn1\" name=\"_ftnref1\"><\/a>wygl\u0105da\u0142, jakby w\u0142a\u015bnie uciek\u0142 z Alcatraz. Nie m\u00f3wi\u0142 nic po angielsku ani po rosyjsku. Za to, co chwila dzwoni\u0142 z jednego z dw\u00f3ch telefon\u00f3w \u2013 samoch\u00f3d prowadzi\u0142, wi\u0119c jedn\u0105 r\u0119k\u0105. Powolutku wymijali\u015bmy dziury i gruzowiska. Droga zewsz\u0105d otoczona by\u0142a g\u00f3rami, kt\u00f3re z pewno\u015bci\u0105 wywo\u0142a\u0142yby u\u015bmiech na twarzy fanom wspinaczki i tw\u00f3rczo\u015bci Edgara Allan Poe.<\/p>\n<p>W ko\u0144cu spr\u00f3bowa\u0142em prze\u0142ama\u0107 lody &#8211; czasem znajomo\u015b\u0107 j\u0119zyka nie jest przecie\u017c potrzebna. Wskaza\u0142em, wi\u0119c r\u0119k\u0105 na co zacniejszy szczyt i weso\u0142o oznajmi\u0142em, \u017ce maj\u0105 tu pi\u0119kne g\u00f3ry. M\u0119\u017cczyzna spojrza\u0142 na mnie tym samym kamiennym wyrazem twarzy, co wcze\u015bniej, po czym wr\u00f3ci\u0142 do prowadzenia przesz\u0142o dwudziestoletniego \u017cigulia. Prze\u0142kn\u0105\u0142em \u015blin\u0119. R\u00f3\u017cnych ludzi w ko\u0144cu mo\u017cna spotka\u0107, je\u017cd\u017c\u0105c autostopem. Nagle zatrzymali\u015bmy si\u0119. Na drugim pasie (je\u015bli za\u0142o\u017cy\u0107, \u017ce droga b\u0119d\u0105ca ubitym rumowiskiem ma pasy) sta\u0142 samoch\u00f3d bez ko\u0142a, a dw\u00f3ch m\u0142odych m\u0119\u017cczyzn mocowa\u0142o si\u0119 z podno\u015bnikiem. Pomy\u015bla\u0142em, \u017ce je\u015bli kierowca zrozumia\u0142 m\u00f3j przekaz, to wiem, dlaczego nie odwzajemni\u0142 u\u015bmiechu. G\u00f3ry s\u0105 pi\u0119kne, ale mog\u0105 by\u0107 przekle\u0144stwem. Zamienili\u015bmy kilka s\u0142\u00f3w z ch\u0142opakami i pojechali\u015bmy dalej.<\/p>\n<figure id=\"attachment_1596\" aria-describedby=\"caption-attachment-1596\" style=\"width: 1000px\" class=\"wp-caption alignnone\"><a href=\"https:\/\/wloczykij.org\/blog\/wp-content\/uploads\/sites\/2\/2015\/09\/DSC00440.jpg\"><img loading=\"lazy\" decoding=\"async\" data-attachment-id=\"1596\" data-permalink=\"https:\/\/wloczykij.org\/blog\/2015\/09\/15\/sufi-z-kieliszkiem-wodki-wizyta-w-lahij\/sony-dsc-40\/\" data-orig-file=\"https:\/\/wloczykij.org\/blog\/wp-content\/uploads\/sites\/2\/2015\/09\/DSC00440.jpg\" data-orig-size=\"1181,791\" data-comments-opened=\"0\" data-image-meta=\"{&quot;aperture&quot;:&quot;0&quot;,&quot;credit&quot;:&quot;&quot;,&quot;camera&quot;:&quot;&quot;,&quot;caption&quot;:&quot;&quot;,&quot;created_timestamp&quot;:&quot;0&quot;,&quot;copyright&quot;:&quot;&quot;,&quot;focal_length&quot;:&quot;0&quot;,&quot;iso&quot;:&quot;0&quot;,&quot;shutter_speed&quot;:&quot;0&quot;,&quot;title&quot;:&quot;&quot;,&quot;orientation&quot;:&quot;0&quot;}\" data-image-title=\"Fot. Roman Husarski\" data-image-description=\"\" data-image-caption=\"&lt;p&gt;Fot. Roman Husarski &lt;\/p&gt;\n\" data-large-file=\"https:\/\/wloczykij.org\/blog\/wp-content\/uploads\/sites\/2\/2015\/09\/DSC00440-1000x670.jpg\" class=\"wp-image-1596\" src=\"https:\/\/wloczykij.org\/blog\/wp-content\/uploads\/sites\/2\/2015\/09\/DSC00440-1024x686.jpg\" alt=\"Fot. Roman Husarski \" width=\"1000\" height=\"670\" srcset=\"https:\/\/wloczykij.org\/blog\/wp-content\/uploads\/sites\/2\/2015\/09\/DSC00440-1024x686.jpg 1024w, https:\/\/wloczykij.org\/blog\/wp-content\/uploads\/sites\/2\/2015\/09\/DSC00440-1000x670.jpg 1000w, https:\/\/wloczykij.org\/blog\/wp-content\/uploads\/sites\/2\/2015\/09\/DSC00440-768x514.jpg 768w, https:\/\/wloczykij.org\/blog\/wp-content\/uploads\/sites\/2\/2015\/09\/DSC00440-920x616.jpg 920w, https:\/\/wloczykij.org\/blog\/wp-content\/uploads\/sites\/2\/2015\/09\/DSC00440-300x201.jpg 300w, https:\/\/wloczykij.org\/blog\/wp-content\/uploads\/sites\/2\/2015\/09\/DSC00440.jpg 1181w\" sizes=\"auto, (max-width: 1000px) 100vw, 1000px\" \/><\/a><figcaption id=\"caption-attachment-1596\" class=\"wp-caption-text\">Na po\u017cegnanie wo\u0142ali \u201eZnajdziemy ci\u0119 na facebooku!\u201d <br \/>Fot. Roman Husarski<\/figcaption><\/figure>\n<p>Doje\u017cd\u017caj\u0105c do wioski, min\u0119li\u015bmy jeszcze stado baran\u00f3w i samotnego je\u017ad\u017aca na koniu \u2013 samoch\u00f3d to wci\u0105\u017c zapewne dla wi\u0119kszo\u015bci mieszkaj\u0105cych tu g\u00f3rali luksus. Lahij zasadniczo jest do\u015b\u0107 turystycznym miasteczkiem. Na g\u0142\u00f3wnej ulicy ci\u0105gnie si\u0119 szereg sklep\u00f3w z lokalnymi wyrobami. Nie czuje si\u0119 jednak kiczu &#8211; sklepy to warsztaty, gdzie wyrabia si\u0119 prawdziwe r\u0119kodzie\u0142a. Lahij z nich s\u0142ynie. Wybrali\u015bmy te\u017c dobr\u0105 por\u0119, by si\u0119 tu zatrzyma\u0107. Na pocz\u0105tku marca byli\u015bmy jedynymi turystami.<\/p>\n<figure id=\"attachment_1601\" aria-describedby=\"caption-attachment-1601\" style=\"width: 1000px\" class=\"wp-caption alignnone\"><a href=\"https:\/\/wloczykij.org\/blog\/wp-content\/uploads\/sites\/2\/2015\/09\/DSC00487.jpg\"><img loading=\"lazy\" decoding=\"async\" data-attachment-id=\"1601\" data-permalink=\"https:\/\/wloczykij.org\/blog\/2015\/09\/15\/sufi-z-kieliszkiem-wodki-wizyta-w-lahij\/sony-dsc-45\/\" data-orig-file=\"https:\/\/wloczykij.org\/blog\/wp-content\/uploads\/sites\/2\/2015\/09\/DSC00487.jpg\" data-orig-size=\"1181,791\" data-comments-opened=\"0\" data-image-meta=\"{&quot;aperture&quot;:&quot;0&quot;,&quot;credit&quot;:&quot;&quot;,&quot;camera&quot;:&quot;&quot;,&quot;caption&quot;:&quot;&quot;,&quot;created_timestamp&quot;:&quot;0&quot;,&quot;copyright&quot;:&quot;&quot;,&quot;focal_length&quot;:&quot;0&quot;,&quot;iso&quot;:&quot;0&quot;,&quot;shutter_speed&quot;:&quot;0&quot;,&quot;title&quot;:&quot;&quot;,&quot;orientation&quot;:&quot;0&quot;}\" data-image-title=\"Fot. Roman Husarski\" data-image-description=\"\" data-image-caption=\"&lt;p&gt;Fot. Roman Husarski &lt;\/p&gt;\n\" data-large-file=\"https:\/\/wloczykij.org\/blog\/wp-content\/uploads\/sites\/2\/2015\/09\/DSC00487-1000x670.jpg\" class=\"wp-image-1601\" src=\"https:\/\/wloczykij.org\/blog\/wp-content\/uploads\/sites\/2\/2015\/09\/DSC00487-1024x686.jpg\" alt=\"Fot. Roman Husarski \" width=\"1000\" height=\"670\" srcset=\"https:\/\/wloczykij.org\/blog\/wp-content\/uploads\/sites\/2\/2015\/09\/DSC00487-1024x686.jpg 1024w, https:\/\/wloczykij.org\/blog\/wp-content\/uploads\/sites\/2\/2015\/09\/DSC00487-1000x670.jpg 1000w, https:\/\/wloczykij.org\/blog\/wp-content\/uploads\/sites\/2\/2015\/09\/DSC00487-768x514.jpg 768w, https:\/\/wloczykij.org\/blog\/wp-content\/uploads\/sites\/2\/2015\/09\/DSC00487-920x616.jpg 920w, https:\/\/wloczykij.org\/blog\/wp-content\/uploads\/sites\/2\/2015\/09\/DSC00487-300x201.jpg 300w, https:\/\/wloczykij.org\/blog\/wp-content\/uploads\/sites\/2\/2015\/09\/DSC00487.jpg 1181w\" sizes=\"auto, (max-width: 1000px) 100vw, 1000px\" \/><\/a><figcaption id=\"caption-attachment-1601\" class=\"wp-caption-text\">Tym razem nie &#8222;made in China&#8221; <br \/>Fot. Roman Husarski<\/figcaption><\/figure>\n<p>Miasteczko cieszy si\u0119 d\u0142ug\u0105 histori\u0119. Ju\u017c \u015bredniowieczu by\u0142o znane z wyrob\u00f3w z br\u0105zu i \u017celaza. Artystyczny talent mieszka\u0144c\u00f3w mo\u017cna dostrzec i dzi\u015b ogl\u0105daj\u0105c domy i \u015bliczne ma\u0142e meczety. W wielu miejscach w Lahij zauwa\u017ca si\u0119 unikatowe zwie\u0144czenia dom\u00f3w np. przez ozdobne rynny, fragmenty koranu wykute nad drzwiami i wie\u017cyczki przypominaj\u0105ce minarety. Region jest zagro\u017cony sejsmicznie, wi\u0119c tutejsi g\u00f3rale wypracowali system budowy z drewna i kamieni rzecznych, kt\u00f3ry zapewnia wi\u0119ksz\u0105 stabilno\u015b\u0107 konstrukcj\u0105 domostw. Lahij mo\u017ce si\u0119 te\u017c pochwali\u0107 pono\u0107 najstarszym systemem kanalizacyjnym na \u015bwiecie. Cho\u0107 u Suleymana, u kt\u00f3rego si\u0119 zatrzymali\u015bmy (w miasteczku kilka rodzin wynajmuje swoje domy), toaleta na szcz\u0119\u015bcie nie nale\u017ca\u0142a do antycznych.<\/p>\n<figure id=\"attachment_1598\" aria-describedby=\"caption-attachment-1598\" style=\"width: 1000px\" class=\"wp-caption alignnone\"><a href=\"https:\/\/wloczykij.org\/blog\/wp-content\/uploads\/sites\/2\/2015\/09\/DSC00462.jpg\"><img loading=\"lazy\" decoding=\"async\" data-attachment-id=\"1598\" data-permalink=\"https:\/\/wloczykij.org\/blog\/2015\/09\/15\/sufi-z-kieliszkiem-wodki-wizyta-w-lahij\/sony-dsc-42\/\" data-orig-file=\"https:\/\/wloczykij.org\/blog\/wp-content\/uploads\/sites\/2\/2015\/09\/DSC00462.jpg\" data-orig-size=\"1181,791\" data-comments-opened=\"0\" data-image-meta=\"{&quot;aperture&quot;:&quot;0&quot;,&quot;credit&quot;:&quot;&quot;,&quot;camera&quot;:&quot;&quot;,&quot;caption&quot;:&quot;&quot;,&quot;created_timestamp&quot;:&quot;0&quot;,&quot;copyright&quot;:&quot;&quot;,&quot;focal_length&quot;:&quot;0&quot;,&quot;iso&quot;:&quot;0&quot;,&quot;shutter_speed&quot;:&quot;0&quot;,&quot;title&quot;:&quot;&quot;,&quot;orientation&quot;:&quot;0&quot;}\" data-image-title=\"Fot. Roman Husarski\" data-image-description=\"\" data-image-caption=\"&lt;p&gt;Fot. Roman Husarski&lt;\/p&gt;\n\" data-large-file=\"https:\/\/wloczykij.org\/blog\/wp-content\/uploads\/sites\/2\/2015\/09\/DSC00462-1000x670.jpg\" class=\"wp-image-1598\" src=\"https:\/\/wloczykij.org\/blog\/wp-content\/uploads\/sites\/2\/2015\/09\/DSC00462-1024x686.jpg\" alt=\"Fot. Roman Husarski\" width=\"1000\" height=\"670\" srcset=\"https:\/\/wloczykij.org\/blog\/wp-content\/uploads\/sites\/2\/2015\/09\/DSC00462-1024x686.jpg 1024w, https:\/\/wloczykij.org\/blog\/wp-content\/uploads\/sites\/2\/2015\/09\/DSC00462-1000x670.jpg 1000w, https:\/\/wloczykij.org\/blog\/wp-content\/uploads\/sites\/2\/2015\/09\/DSC00462-768x514.jpg 768w, https:\/\/wloczykij.org\/blog\/wp-content\/uploads\/sites\/2\/2015\/09\/DSC00462-920x616.jpg 920w, https:\/\/wloczykij.org\/blog\/wp-content\/uploads\/sites\/2\/2015\/09\/DSC00462-300x201.jpg 300w, https:\/\/wloczykij.org\/blog\/wp-content\/uploads\/sites\/2\/2015\/09\/DSC00462.jpg 1181w\" sizes=\"auto, (max-width: 1000px) 100vw, 1000px\" \/><\/a><figcaption id=\"caption-attachment-1598\" class=\"wp-caption-text\">Drzwi niejednego domu zdobi\u0105 cytaty z Koranu. Tu Al Fatih\u0105, sura otwieraj\u0105ca \u015bwi\u0119t\u0105 ksi\u0119g\u0119 islamu i stanowi\u0105ca podstawow\u0105 modlitw\u0105 muzu\u0142man\u00f3w. <br \/>Fot. Roman Husarski<\/figcaption><\/figure>\n<p>Nasz gospodarz by\u0142 specyficznym cz\u0142owiekiem. Usta mu si\u0119 nie zamyka\u0142y, a m\u00f3wi\u0142 do nas mieszank\u0105 rosyjskiego i jakiego\u015b lokalnego j\u0119zyka. Mowa g\u00f3rali z Lahij jest zbli\u017cona do perskiego, ale m\u00f3wi si\u0119 te\u017c tu po azersku (grupa j\u0119zyk\u00f3w tureckich). Suleyman opowiada\u0142 o swojej s\u0142u\u017cbie w rosyjskiej armii. To droga kariery, kt\u00f3r\u0105 przesz\u0142o wielu m\u0119\u017cczyzn z Kaukazu. Suleyman oraz inni m\u0119\u017cczy\u017ani, z kt\u00f3rymi na ten temat rozmawia\u0142em, dobrze wspominali ten okres. W opowie\u015bciach nieustannie powraca\u0142y \u017co\u0142nierskie zabawy i dobra, pewna pensja. Teraz wszystko przybra\u0142o dla niego ciemniejsze barwy. Zimy s\u0105 ci\u0119\u017ckie, turyst\u00f3w niewielu. Narzeka\u0142 na c\u00f3rk\u0119, kt\u00f3ra \u201e\u017cyje z kim\u015b bez \u015blubu w Baku\u201d i \u201ena pewno \u0107pa jak ca\u0142a m\u0142odzie\u017c w azerskiej stolicy\u201d. Marudzi\u0142 na swojego kilkunastoletniego syna, \u017ce nie m\u00f3wi ani po rosyjsku, ani po rusku i w og\u00f3le jaka\u015b miernota z niego. Ze smutkiem wspomina\u0142 rozpad ZSRR. O\u017cywia\u0142 si\u0119 za to podczas gotowania, a z prostych sk\u0142adnik\u00f3w potrafi\u0142 przygotowa\u0107 naprawd\u0119 smaczne jedzenie. Z ma\u0142ego telewizorka w salonie ca\u0142y czas lecia\u0142a jaka\u015b muzu\u0142ma\u0144ska telewizja. Syn &#8211; &#8222;niedojda&#8221; naszego gospodarza wpatrywa\u0142 si\u0119 w srebrny ekran jak zakl\u0119ty. Przeszklone oczy Suleymana i jego gadatliwo\u015b\u0107 wskazywa\u0142y, \u017ce bardziej ni\u017c \u015bcie\u017ckami islamu, kroczy\u0142 on drog\u0105 wujitsu. Cz\u0142owiek mo\u017ce wyjecha\u0107 z Rosji, ale czy Rosja z cz\u0142owieka?<\/p>\n<figure id=\"attachment_1600\" aria-describedby=\"caption-attachment-1600\" style=\"width: 1000px\" class=\"wp-caption alignnone\"><a href=\"https:\/\/wloczykij.org\/blog\/wp-content\/uploads\/sites\/2\/2015\/09\/DSC00479.jpg\"><img loading=\"lazy\" decoding=\"async\" data-attachment-id=\"1600\" data-permalink=\"https:\/\/wloczykij.org\/blog\/2015\/09\/15\/sufi-z-kieliszkiem-wodki-wizyta-w-lahij\/sony-dsc-44\/\" data-orig-file=\"https:\/\/wloczykij.org\/blog\/wp-content\/uploads\/sites\/2\/2015\/09\/DSC00479.jpg\" data-orig-size=\"1181,791\" data-comments-opened=\"0\" data-image-meta=\"{&quot;aperture&quot;:&quot;0&quot;,&quot;credit&quot;:&quot;&quot;,&quot;camera&quot;:&quot;&quot;,&quot;caption&quot;:&quot;&quot;,&quot;created_timestamp&quot;:&quot;0&quot;,&quot;copyright&quot;:&quot;&quot;,&quot;focal_length&quot;:&quot;0&quot;,&quot;iso&quot;:&quot;0&quot;,&quot;shutter_speed&quot;:&quot;0&quot;,&quot;title&quot;:&quot;&quot;,&quot;orientation&quot;:&quot;0&quot;}\" data-image-title=\"Fot. Roman Husarski\" data-image-description=\"\" data-image-caption=\"&lt;p&gt;Fot. Roman Husarski &lt;\/p&gt;\n\" data-large-file=\"https:\/\/wloczykij.org\/blog\/wp-content\/uploads\/sites\/2\/2015\/09\/DSC00479-1000x670.jpg\" class=\"wp-image-1600\" src=\"https:\/\/wloczykij.org\/blog\/wp-content\/uploads\/sites\/2\/2015\/09\/DSC00479-1024x686.jpg\" alt=\"Fot. Roman Husarski \" width=\"1000\" height=\"670\" srcset=\"https:\/\/wloczykij.org\/blog\/wp-content\/uploads\/sites\/2\/2015\/09\/DSC00479-1024x686.jpg 1024w, https:\/\/wloczykij.org\/blog\/wp-content\/uploads\/sites\/2\/2015\/09\/DSC00479-1000x670.jpg 1000w, https:\/\/wloczykij.org\/blog\/wp-content\/uploads\/sites\/2\/2015\/09\/DSC00479-768x514.jpg 768w, https:\/\/wloczykij.org\/blog\/wp-content\/uploads\/sites\/2\/2015\/09\/DSC00479-920x616.jpg 920w, https:\/\/wloczykij.org\/blog\/wp-content\/uploads\/sites\/2\/2015\/09\/DSC00479-300x201.jpg 300w, https:\/\/wloczykij.org\/blog\/wp-content\/uploads\/sites\/2\/2015\/09\/DSC00479.jpg 1181w\" sizes=\"auto, (max-width: 1000px) 100vw, 1000px\" \/><\/a><figcaption id=\"caption-attachment-1600\" class=\"wp-caption-text\">Suleyman oprowadza nas po miasteczku. <br \/>Fot. Roman Husarski<\/figcaption><\/figure>\n<p>W Lahij w\u00f3dka spotka\u0142a si\u0119 z herbat\u0105. Jak w wielu innych miejscach, lokalne wierzenia i kultura wymiesza\u0142y si\u0119 z islamem, tworz\u0105c ciekaw\u0105 mieszank\u0119. Nad wiosk\u0105 g\u00f3rowa\u0142 mizar<a href=\"#_ftn1\" name=\"_ftnref1\"><\/a> (muzu\u0142ma\u0144ski cmentarz), na kt\u00f3rego \u015brodku znajdowa\u0142 si\u0119 gr\u00f3b \u015bwi\u0119tego. Na p\u0142ycie kto\u015b postawi\u0142 miseczk\u0119 z owocami. Po samym cmentarzu \u0142azi\u0142y kury. Niekt\u00f3re groby obsypane by\u0142y kwiatami. W pobli\u017cu innego le\u017ca\u0142a pusta flaszka.<\/p>\n<figure id=\"attachment_1597\" aria-describedby=\"caption-attachment-1597\" style=\"width: 1000px\" class=\"wp-caption alignnone\"><a href=\"https:\/\/wloczykij.org\/blog\/wp-content\/uploads\/sites\/2\/2015\/09\/DSC00457.jpg\"><img loading=\"lazy\" decoding=\"async\" data-attachment-id=\"1597\" data-permalink=\"https:\/\/wloczykij.org\/blog\/2015\/09\/15\/sufi-z-kieliszkiem-wodki-wizyta-w-lahij\/sony-dsc-41\/\" data-orig-file=\"https:\/\/wloczykij.org\/blog\/wp-content\/uploads\/sites\/2\/2015\/09\/DSC00457.jpg\" data-orig-size=\"1181,791\" data-comments-opened=\"0\" data-image-meta=\"{&quot;aperture&quot;:&quot;0&quot;,&quot;credit&quot;:&quot;&quot;,&quot;camera&quot;:&quot;&quot;,&quot;caption&quot;:&quot;&quot;,&quot;created_timestamp&quot;:&quot;0&quot;,&quot;copyright&quot;:&quot;&quot;,&quot;focal_length&quot;:&quot;0&quot;,&quot;iso&quot;:&quot;0&quot;,&quot;shutter_speed&quot;:&quot;0&quot;,&quot;title&quot;:&quot;&quot;,&quot;orientation&quot;:&quot;0&quot;}\" data-image-title=\"Fot. Roman Husarski\" data-image-description=\"\" data-image-caption=\"&lt;p&gt;Fot. Roman Husarski &lt;\/p&gt;\n\" data-large-file=\"https:\/\/wloczykij.org\/blog\/wp-content\/uploads\/sites\/2\/2015\/09\/DSC00457-1000x670.jpg\" class=\"wp-image-1597\" src=\"https:\/\/wloczykij.org\/blog\/wp-content\/uploads\/sites\/2\/2015\/09\/DSC00457-1024x686.jpg\" alt=\"Fot. Roman Husarski \" width=\"1000\" height=\"670\" srcset=\"https:\/\/wloczykij.org\/blog\/wp-content\/uploads\/sites\/2\/2015\/09\/DSC00457-1024x686.jpg 1024w, https:\/\/wloczykij.org\/blog\/wp-content\/uploads\/sites\/2\/2015\/09\/DSC00457-1000x670.jpg 1000w, https:\/\/wloczykij.org\/blog\/wp-content\/uploads\/sites\/2\/2015\/09\/DSC00457-768x514.jpg 768w, https:\/\/wloczykij.org\/blog\/wp-content\/uploads\/sites\/2\/2015\/09\/DSC00457-920x616.jpg 920w, https:\/\/wloczykij.org\/blog\/wp-content\/uploads\/sites\/2\/2015\/09\/DSC00457-300x201.jpg 300w, https:\/\/wloczykij.org\/blog\/wp-content\/uploads\/sites\/2\/2015\/09\/DSC00457.jpg 1181w\" sizes=\"auto, (max-width: 1000px) 100vw, 1000px\" \/><\/a><figcaption id=\"caption-attachment-1597\" class=\"wp-caption-text\">Syn gospodarza nalewa nam herbaty <br \/>Fot. Roman Husarski<\/figcaption><\/figure>\n<p>Wieczorem postanowi\u0142em wyj\u015b\u0107 w g\u00f3ry (moja druga po\u0142owa odpu\u015bci\u0142a ten wypad z powodu zm\u0119czenia). Po drodze zaczepi\u0142o mnie dw\u00f3ch podpitych Lahijan. Nie jestem pewny czy wiedzieli, gdzie jest Polska, ale du\u017co si\u0119 \u015bmiali. W okolicy Lahij znajduje si\u0119 jeszcze kilka malutkich wiosek, kt\u00f3re idealnie nadaj\u0105 si\u0119 na piesze wypady. Zawsze zdumiewa\u0142o mnie, do jakich warunk\u00f3w \u017cycia ludzie potrafi\u0105 si\u0119 dostosowa\u0107. Wracaj\u0105c do domu, natkn\u0105\u0142em si\u0119 na unieruchomionego jeepa. Dw\u00f3ch miejscowych pr\u00f3bowa\u0142o pchn\u0105\u0107 go z miejsca, ale maszyna coraz bardziej grz\u0119z\u0142a w b\u0142ocie. Spyta\u0142em, czy im nie pom\u00f3c, ale grzecznie podzi\u0119kowali. Zawr\u00f3ci\u0142em jednak, gdy\u017c ewidentnie potrzebowali jeszcze jednej pary r\u0105k. Po pary minutach jeep ruszy\u0142. Dlaczego jednak nie poprosili mnie o pomoc, skoro jej potrzebowali? Czy to z powodu dumy, czy mo\u017ce nie chcieli zawraca\u0107 g\u0142owy przyjezdnemu?<\/p>\n<figure id=\"attachment_1602\" aria-describedby=\"caption-attachment-1602\" style=\"width: 1000px\" class=\"wp-caption alignnone\"><a href=\"https:\/\/wloczykij.org\/blog\/wp-content\/uploads\/sites\/2\/2015\/09\/DSC00491.jpg\"><img loading=\"lazy\" decoding=\"async\" data-attachment-id=\"1602\" data-permalink=\"https:\/\/wloczykij.org\/blog\/2015\/09\/15\/sufi-z-kieliszkiem-wodki-wizyta-w-lahij\/sony-dsc-46\/\" data-orig-file=\"https:\/\/wloczykij.org\/blog\/wp-content\/uploads\/sites\/2\/2015\/09\/DSC00491.jpg\" data-orig-size=\"1181,794\" data-comments-opened=\"0\" data-image-meta=\"{&quot;aperture&quot;:&quot;0&quot;,&quot;credit&quot;:&quot;&quot;,&quot;camera&quot;:&quot;&quot;,&quot;caption&quot;:&quot;&quot;,&quot;created_timestamp&quot;:&quot;0&quot;,&quot;copyright&quot;:&quot;&quot;,&quot;focal_length&quot;:&quot;0&quot;,&quot;iso&quot;:&quot;0&quot;,&quot;shutter_speed&quot;:&quot;0&quot;,&quot;title&quot;:&quot;&quot;,&quot;orientation&quot;:&quot;0&quot;}\" data-image-title=\"Fot. Roman Husarski\" data-image-description=\"\" data-image-caption=\"&lt;p&gt;Fot. Roman Husarski &lt;\/p&gt;\n\" data-large-file=\"https:\/\/wloczykij.org\/blog\/wp-content\/uploads\/sites\/2\/2015\/09\/DSC00491-1000x672.jpg\" class=\"wp-image-1602\" src=\"https:\/\/wloczykij.org\/blog\/wp-content\/uploads\/sites\/2\/2015\/09\/DSC00491-1024x688.jpg\" alt=\"Fot. Roman Husarski \" width=\"1000\" height=\"672\" srcset=\"https:\/\/wloczykij.org\/blog\/wp-content\/uploads\/sites\/2\/2015\/09\/DSC00491-1024x688.jpg 1024w, https:\/\/wloczykij.org\/blog\/wp-content\/uploads\/sites\/2\/2015\/09\/DSC00491-1000x672.jpg 1000w, https:\/\/wloczykij.org\/blog\/wp-content\/uploads\/sites\/2\/2015\/09\/DSC00491-768x516.jpg 768w, https:\/\/wloczykij.org\/blog\/wp-content\/uploads\/sites\/2\/2015\/09\/DSC00491-920x619.jpg 920w, https:\/\/wloczykij.org\/blog\/wp-content\/uploads\/sites\/2\/2015\/09\/DSC00491-300x202.jpg 300w, https:\/\/wloczykij.org\/blog\/wp-content\/uploads\/sites\/2\/2015\/09\/DSC00491.jpg 1181w\" sizes=\"auto, (max-width: 1000px) 100vw, 1000px\" \/><\/a><figcaption id=\"caption-attachment-1602\" class=\"wp-caption-text\">Wielko\u015b\u0107 ma znaczenie, przekonywa\u0142 mnie pewien mieszkaniec Lahij. <br \/>Fot. Roman Husarski<\/figcaption><\/figure>\n<p>Przed wyjazdem z Lahij (codziennie o 8 wyje\u017cd\u017ca autobus do Baku) niemile zaskoczy\u0142 nas Suleyman, \u017c\u0105daj\u0105c wi\u0119cej pieni\u0119dzy, ni\u017c ustalili\u015bmy na pocz\u0105tku. Taka niesympatyczna sytuacja zdarzy\u0142a mi si\u0119 kilka razy w Azji i Afryce, ale po raz pierwszy na Kaukazie. M\u00f3j gospodarz wyp\u0142akiwa\u0142 si\u0119, \u017ce \u201eNiemcy dawali mu wi\u0119cej\u201d, \u017ce \u201eza ma\u0142o turyst\u00f3w\u201d. Uleg\u0142em tej nieuczciwej zagrywce. Nie chcia\u0142em jednak rozstawa\u0107 si\u0119 w z\u0142o\u015bci. Dorzuci\u0142em mu kilka manat\u00f3w i od razu zmieni\u0142 nastawienie. Czule si\u0119 z nami po\u017cegna\u0142. Chyba faktycznie pija\u0142 za ma\u0142o herbaty, na rzecz innego napoju\u2026 Odje\u017cd\u017cali\u015bmy szcz\u0119\u015bliwi po niezwyk\u0142ym do\u015bwiadczeniu, ale pewien smutek z powodu zachowania naszego gospodarza trzyma\u0142 si\u0119 nas do ko\u0144ca dnia.<\/p>\n<figure id=\"attachment_1603\" aria-describedby=\"caption-attachment-1603\" style=\"width: 1000px\" class=\"wp-caption alignnone\"><a href=\"https:\/\/wloczykij.org\/blog\/wp-content\/uploads\/sites\/2\/2015\/09\/DSC00503.jpg\"><img loading=\"lazy\" decoding=\"async\" data-attachment-id=\"1603\" data-permalink=\"https:\/\/wloczykij.org\/blog\/2015\/09\/15\/sufi-z-kieliszkiem-wodki-wizyta-w-lahij\/sony-dsc-47\/\" data-orig-file=\"https:\/\/wloczykij.org\/blog\/wp-content\/uploads\/sites\/2\/2015\/09\/DSC00503.jpg\" data-orig-size=\"1181,796\" data-comments-opened=\"0\" data-image-meta=\"{&quot;aperture&quot;:&quot;0&quot;,&quot;credit&quot;:&quot;&quot;,&quot;camera&quot;:&quot;&quot;,&quot;caption&quot;:&quot;&quot;,&quot;created_timestamp&quot;:&quot;0&quot;,&quot;copyright&quot;:&quot;&quot;,&quot;focal_length&quot;:&quot;0&quot;,&quot;iso&quot;:&quot;0&quot;,&quot;shutter_speed&quot;:&quot;0&quot;,&quot;title&quot;:&quot;&quot;,&quot;orientation&quot;:&quot;0&quot;}\" data-image-title=\"Fot. Roman Husarski\" data-image-description=\"\" data-image-caption=\"&lt;p&gt;Fot. Roman Husarski &lt;\/p&gt;\n\" data-large-file=\"https:\/\/wloczykij.org\/blog\/wp-content\/uploads\/sites\/2\/2015\/09\/DSC00503-1000x674.jpg\" class=\"wp-image-1603\" src=\"https:\/\/wloczykij.org\/blog\/wp-content\/uploads\/sites\/2\/2015\/09\/DSC00503-1024x690.jpg\" alt=\"Fot. Roman Husarski \" width=\"1000\" height=\"674\" srcset=\"https:\/\/wloczykij.org\/blog\/wp-content\/uploads\/sites\/2\/2015\/09\/DSC00503-1024x690.jpg 1024w, https:\/\/wloczykij.org\/blog\/wp-content\/uploads\/sites\/2\/2015\/09\/DSC00503-1000x674.jpg 1000w, https:\/\/wloczykij.org\/blog\/wp-content\/uploads\/sites\/2\/2015\/09\/DSC00503-768x518.jpg 768w, https:\/\/wloczykij.org\/blog\/wp-content\/uploads\/sites\/2\/2015\/09\/DSC00503-920x620.jpg 920w, https:\/\/wloczykij.org\/blog\/wp-content\/uploads\/sites\/2\/2015\/09\/DSC00503-300x202.jpg 300w, https:\/\/wloczykij.org\/blog\/wp-content\/uploads\/sites\/2\/2015\/09\/DSC00503.jpg 1181w\" sizes=\"auto, (max-width: 1000px) 100vw, 1000px\" \/><\/a><figcaption id=\"caption-attachment-1603\" class=\"wp-caption-text\">To nie minaret, tylko ozdobne zwie\u0144czenie prywatnego domu! <br \/>Fot. Roman Husarski<\/figcaption><\/figure>\n<p>&nbsp;<\/p>\n","protected":false},"excerpt":{"rendered":"<p>Dym papierosowy pali\u0142 mnie w oczy i dusi\u0142 w gardle. Okno w samochodzie by\u0142o minimalnie uchylone. Co\u015b by\u0142o zepsute i nie da\u0142o si\u0119 go bardziej otworzy\u0107. Nie kwapi\u0142em si\u0119, jednak by rzuca\u0107 uwagi naszemu kierowcy. M\u0119\u017cczyzna, kt\u00f3ry wi\u00f3z\u0142 mnie i moj\u0105 dziewczyn\u0119 Agat\u0119 do Lahij (czyt. Lahid\u017c) wygl\u0105da\u0142, jakby w\u0142a\u015bnie uciek\u0142 z Alcatraz. Nie m\u00f3wi\u0142 &hellip; <\/p>\n","protected":false},"author":1,"featured_media":1608,"comment_status":"open","ping_status":"open","sticky":false,"template":"","format":"standard","meta":{"_jetpack_memberships_contains_paid_content":false,"footnotes":"","jetpack_publicize_message":"","jetpack_publicize_feature_enabled":true,"jetpack_social_post_already_shared":true,"jetpack_social_options":{"image_generator_settings":{"template":"highway","default_image_id":0,"font":"","enabled":false},"version":2}},"categories":[427],"tags":[351,154,155,203],"class_list":["post-1588","post","type-post","status-publish","format-standard","has-post-thumbnail","hentry","category-inne-podroze","tag-azerbejdzan","tag-etyka","tag-islam","tag-kaukaz"],"yoast_head":"<!-- This site is optimized with the Yoast SEO plugin v27.5 - https:\/\/yoast.com\/product\/yoast-seo-wordpress\/ -->\n<title>Sufi z kieliszkiem w\u00f3dki. Wizyta w Lahij - W\u0142\u00f3czykij - Roman Husarski<\/title>\n<meta name=\"robots\" content=\"index, follow, max-snippet:-1, max-image-preview:large, max-video-preview:-1\" \/>\n<link rel=\"canonical\" href=\"https:\/\/wloczykij.org\/blog\/2015\/09\/15\/sufi-z-kieliszkiem-wodki-wizyta-w-lahij\/\" \/>\n<meta property=\"og:locale\" content=\"pl_PL\" \/>\n<meta property=\"og:type\" content=\"article\" \/>\n<meta property=\"og:title\" content=\"Sufi z kieliszkiem w\u00f3dki. Wizyta w Lahij - W\u0142\u00f3czykij - Roman Husarski\" \/>\n<meta property=\"og:description\" content=\"Dym papierosowy pali\u0142 mnie w oczy i dusi\u0142 w gardle. Okno w samochodzie by\u0142o minimalnie uchylone. Co\u015b by\u0142o zepsute i nie da\u0142o si\u0119 go bardziej otworzy\u0107. Nie kwapi\u0142em si\u0119, jednak by rzuca\u0107 uwagi naszemu kierowcy. M\u0119\u017cczyzna, kt\u00f3ry wi\u00f3z\u0142 mnie i moj\u0105 dziewczyn\u0119 Agat\u0119 do Lahij (czyt. Lahid\u017c) wygl\u0105da\u0142, jakby w\u0142a\u015bnie uciek\u0142 z Alcatraz. Nie m\u00f3wi\u0142 &hellip;\" \/>\n<meta property=\"og:url\" content=\"https:\/\/wloczykij.org\/blog\/2015\/09\/15\/sufi-z-kieliszkiem-wodki-wizyta-w-lahij\/\" \/>\n<meta property=\"og:site_name\" content=\"W\u0142\u00f3czykij - Roman Husarski\" \/>\n<meta property=\"article:publisher\" content=\"https:\/\/www.facebook.com\/pages\/W%c5%82%c3%b3czykij\/282838631839707\" \/>\n<meta property=\"article:published_time\" content=\"2015-09-15T19:42:21+00:00\" \/>\n<meta property=\"article:modified_time\" content=\"2022-03-20T14:29:26+00:00\" \/>\n<meta property=\"og:image\" content=\"https:\/\/wloczykij.org\/blog\/wp-content\/uploads\/sites\/2\/2015\/09\/025.jpg\" \/>\n\t<meta property=\"og:image:width\" content=\"1181\" \/>\n\t<meta property=\"og:image:height\" content=\"786\" \/>\n\t<meta property=\"og:image:type\" content=\"image\/jpeg\" \/>\n<meta name=\"author\" content=\"Roman\" \/>\n<meta name=\"twitter:label1\" content=\"Napisane przez\" \/>\n\t<meta name=\"twitter:data1\" content=\"Roman\" \/>\n\t<meta name=\"twitter:label2\" content=\"Szacowany czas czytania\" \/>\n\t<meta name=\"twitter:data2\" content=\"6 minut\" \/>\n<script type=\"application\/ld+json\" class=\"yoast-schema-graph\">{\"@context\":\"https:\\\/\\\/schema.org\",\"@graph\":[{\"@type\":\"Article\",\"@id\":\"https:\\\/\\\/wloczykij.org\\\/blog\\\/2015\\\/09\\\/15\\\/sufi-z-kieliszkiem-wodki-wizyta-w-lahij\\\/#article\",\"isPartOf\":{\"@id\":\"https:\\\/\\\/wloczykij.org\\\/blog\\\/2015\\\/09\\\/15\\\/sufi-z-kieliszkiem-wodki-wizyta-w-lahij\\\/\"},\"author\":{\"name\":\"Roman\",\"@id\":\"https:\\\/\\\/wloczykij.org\\\/blog\\\/#\\\/schema\\\/person\\\/5715e17c214052b93c6c53e27ea498e5\"},\"headline\":\"Sufi z kieliszkiem w\u00f3dki. Wizyta w Lahij\",\"datePublished\":\"2015-09-15T19:42:21+00:00\",\"dateModified\":\"2022-03-20T14:29:26+00:00\",\"mainEntityOfPage\":{\"@id\":\"https:\\\/\\\/wloczykij.org\\\/blog\\\/2015\\\/09\\\/15\\\/sufi-z-kieliszkiem-wodki-wizyta-w-lahij\\\/\"},\"wordCount\":1280,\"commentCount\":2,\"image\":{\"@id\":\"https:\\\/\\\/wloczykij.org\\\/blog\\\/2015\\\/09\\\/15\\\/sufi-z-kieliszkiem-wodki-wizyta-w-lahij\\\/#primaryimage\"},\"thumbnailUrl\":\"https:\\\/\\\/wloczykij.org\\\/blog\\\/wp-content\\\/uploads\\\/sites\\\/2\\\/2015\\\/09\\\/025.jpg\",\"keywords\":[\"Azerbejd\u017can\",\"etyka\",\"islam\",\"Kaukaz\"],\"articleSection\":[\"Inne podr\u00f3\u017ce\"],\"inLanguage\":\"pl-PL\",\"potentialAction\":[{\"@type\":\"CommentAction\",\"name\":\"Comment\",\"target\":[\"https:\\\/\\\/wloczykij.org\\\/blog\\\/2015\\\/09\\\/15\\\/sufi-z-kieliszkiem-wodki-wizyta-w-lahij\\\/#respond\"]}]},{\"@type\":\"WebPage\",\"@id\":\"https:\\\/\\\/wloczykij.org\\\/blog\\\/2015\\\/09\\\/15\\\/sufi-z-kieliszkiem-wodki-wizyta-w-lahij\\\/\",\"url\":\"https:\\\/\\\/wloczykij.org\\\/blog\\\/2015\\\/09\\\/15\\\/sufi-z-kieliszkiem-wodki-wizyta-w-lahij\\\/\",\"name\":\"Sufi z kieliszkiem w\u00f3dki. Wizyta w Lahij - W\u0142\u00f3czykij - Roman Husarski\",\"isPartOf\":{\"@id\":\"https:\\\/\\\/wloczykij.org\\\/blog\\\/#website\"},\"primaryImageOfPage\":{\"@id\":\"https:\\\/\\\/wloczykij.org\\\/blog\\\/2015\\\/09\\\/15\\\/sufi-z-kieliszkiem-wodki-wizyta-w-lahij\\\/#primaryimage\"},\"image\":{\"@id\":\"https:\\\/\\\/wloczykij.org\\\/blog\\\/2015\\\/09\\\/15\\\/sufi-z-kieliszkiem-wodki-wizyta-w-lahij\\\/#primaryimage\"},\"thumbnailUrl\":\"https:\\\/\\\/wloczykij.org\\\/blog\\\/wp-content\\\/uploads\\\/sites\\\/2\\\/2015\\\/09\\\/025.jpg\",\"datePublished\":\"2015-09-15T19:42:21+00:00\",\"dateModified\":\"2022-03-20T14:29:26+00:00\",\"author\":{\"@id\":\"https:\\\/\\\/wloczykij.org\\\/blog\\\/#\\\/schema\\\/person\\\/5715e17c214052b93c6c53e27ea498e5\"},\"breadcrumb\":{\"@id\":\"https:\\\/\\\/wloczykij.org\\\/blog\\\/2015\\\/09\\\/15\\\/sufi-z-kieliszkiem-wodki-wizyta-w-lahij\\\/#breadcrumb\"},\"inLanguage\":\"pl-PL\",\"potentialAction\":[{\"@type\":\"ReadAction\",\"target\":[\"https:\\\/\\\/wloczykij.org\\\/blog\\\/2015\\\/09\\\/15\\\/sufi-z-kieliszkiem-wodki-wizyta-w-lahij\\\/\"]}]},{\"@type\":\"ImageObject\",\"inLanguage\":\"pl-PL\",\"@id\":\"https:\\\/\\\/wloczykij.org\\\/blog\\\/2015\\\/09\\\/15\\\/sufi-z-kieliszkiem-wodki-wizyta-w-lahij\\\/#primaryimage\",\"url\":\"https:\\\/\\\/wloczykij.org\\\/blog\\\/wp-content\\\/uploads\\\/sites\\\/2\\\/2015\\\/09\\\/025.jpg\",\"contentUrl\":\"https:\\\/\\\/wloczykij.org\\\/blog\\\/wp-content\\\/uploads\\\/sites\\\/2\\\/2015\\\/09\\\/025.jpg\",\"width\":1181,\"height\":786},{\"@type\":\"BreadcrumbList\",\"@id\":\"https:\\\/\\\/wloczykij.org\\\/blog\\\/2015\\\/09\\\/15\\\/sufi-z-kieliszkiem-wodki-wizyta-w-lahij\\\/#breadcrumb\",\"itemListElement\":[{\"@type\":\"ListItem\",\"position\":1,\"name\":\"Strona g\u0142\u00f3wna\",\"item\":\"https:\\\/\\\/wloczykij.org\\\/blog\\\/\"},{\"@type\":\"ListItem\",\"position\":2,\"name\":\"Sufi z kieliszkiem w\u00f3dki. Wizyta w Lahij\"}]},{\"@type\":\"WebSite\",\"@id\":\"https:\\\/\\\/wloczykij.org\\\/blog\\\/#website\",\"url\":\"https:\\\/\\\/wloczykij.org\\\/blog\\\/\",\"name\":\"W\u0142\u00f3czykij - Roman Husarski\",\"description\":\"\",\"potentialAction\":[{\"@type\":\"SearchAction\",\"target\":{\"@type\":\"EntryPoint\",\"urlTemplate\":\"https:\\\/\\\/wloczykij.org\\\/blog\\\/?s={search_term_string}\"},\"query-input\":{\"@type\":\"PropertyValueSpecification\",\"valueRequired\":true,\"valueName\":\"search_term_string\"}}],\"inLanguage\":\"pl-PL\"},{\"@type\":\"Person\",\"@id\":\"https:\\\/\\\/wloczykij.org\\\/blog\\\/#\\\/schema\\\/person\\\/5715e17c214052b93c6c53e27ea498e5\",\"name\":\"Roman\",\"image\":{\"@type\":\"ImageObject\",\"inLanguage\":\"pl-PL\",\"@id\":\"https:\\\/\\\/secure.gravatar.com\\\/avatar\\\/a4ad12ebb0eef153209fb3604f0a54cb2d9993a45803e045e020a86a4527c70b?s=96&d=mm&r=g\",\"url\":\"https:\\\/\\\/secure.gravatar.com\\\/avatar\\\/a4ad12ebb0eef153209fb3604f0a54cb2d9993a45803e045e020a86a4527c70b?s=96&d=mm&r=g\",\"contentUrl\":\"https:\\\/\\\/secure.gravatar.com\\\/avatar\\\/a4ad12ebb0eef153209fb3604f0a54cb2d9993a45803e045e020a86a4527c70b?s=96&d=mm&r=g\",\"caption\":\"Roman\"},\"url\":\"https:\\\/\\\/wloczykij.org\\\/blog\\\/author\\\/remus\\\/\"}]}<\/script>\n<!-- \/ Yoast SEO plugin. -->","yoast_head_json":{"title":"Sufi z kieliszkiem w\u00f3dki. Wizyta w Lahij - W\u0142\u00f3czykij - Roman Husarski","robots":{"index":"index","follow":"follow","max-snippet":"max-snippet:-1","max-image-preview":"max-image-preview:large","max-video-preview":"max-video-preview:-1"},"canonical":"https:\/\/wloczykij.org\/blog\/2015\/09\/15\/sufi-z-kieliszkiem-wodki-wizyta-w-lahij\/","og_locale":"pl_PL","og_type":"article","og_title":"Sufi z kieliszkiem w\u00f3dki. Wizyta w Lahij - W\u0142\u00f3czykij - Roman Husarski","og_description":"Dym papierosowy pali\u0142 mnie w oczy i dusi\u0142 w gardle. Okno w samochodzie by\u0142o minimalnie uchylone. Co\u015b by\u0142o zepsute i nie da\u0142o si\u0119 go bardziej otworzy\u0107. Nie kwapi\u0142em si\u0119, jednak by rzuca\u0107 uwagi naszemu kierowcy. M\u0119\u017cczyzna, kt\u00f3ry wi\u00f3z\u0142 mnie i moj\u0105 dziewczyn\u0119 Agat\u0119 do Lahij (czyt. Lahid\u017c) wygl\u0105da\u0142, jakby w\u0142a\u015bnie uciek\u0142 z Alcatraz. Nie m\u00f3wi\u0142 &hellip;","og_url":"https:\/\/wloczykij.org\/blog\/2015\/09\/15\/sufi-z-kieliszkiem-wodki-wizyta-w-lahij\/","og_site_name":"W\u0142\u00f3czykij - Roman Husarski","article_publisher":"https:\/\/www.facebook.com\/pages\/W%c5%82%c3%b3czykij\/282838631839707","article_published_time":"2015-09-15T19:42:21+00:00","article_modified_time":"2022-03-20T14:29:26+00:00","og_image":[{"width":1181,"height":786,"url":"https:\/\/wloczykij.org\/blog\/wp-content\/uploads\/sites\/2\/2015\/09\/025.jpg","type":"image\/jpeg"}],"author":"Roman","twitter_misc":{"Napisane przez":"Roman","Szacowany czas czytania":"6 minut"},"schema":{"@context":"https:\/\/schema.org","@graph":[{"@type":"Article","@id":"https:\/\/wloczykij.org\/blog\/2015\/09\/15\/sufi-z-kieliszkiem-wodki-wizyta-w-lahij\/#article","isPartOf":{"@id":"https:\/\/wloczykij.org\/blog\/2015\/09\/15\/sufi-z-kieliszkiem-wodki-wizyta-w-lahij\/"},"author":{"name":"Roman","@id":"https:\/\/wloczykij.org\/blog\/#\/schema\/person\/5715e17c214052b93c6c53e27ea498e5"},"headline":"Sufi z kieliszkiem w\u00f3dki. Wizyta w Lahij","datePublished":"2015-09-15T19:42:21+00:00","dateModified":"2022-03-20T14:29:26+00:00","mainEntityOfPage":{"@id":"https:\/\/wloczykij.org\/blog\/2015\/09\/15\/sufi-z-kieliszkiem-wodki-wizyta-w-lahij\/"},"wordCount":1280,"commentCount":2,"image":{"@id":"https:\/\/wloczykij.org\/blog\/2015\/09\/15\/sufi-z-kieliszkiem-wodki-wizyta-w-lahij\/#primaryimage"},"thumbnailUrl":"https:\/\/wloczykij.org\/blog\/wp-content\/uploads\/sites\/2\/2015\/09\/025.jpg","keywords":["Azerbejd\u017can","etyka","islam","Kaukaz"],"articleSection":["Inne podr\u00f3\u017ce"],"inLanguage":"pl-PL","potentialAction":[{"@type":"CommentAction","name":"Comment","target":["https:\/\/wloczykij.org\/blog\/2015\/09\/15\/sufi-z-kieliszkiem-wodki-wizyta-w-lahij\/#respond"]}]},{"@type":"WebPage","@id":"https:\/\/wloczykij.org\/blog\/2015\/09\/15\/sufi-z-kieliszkiem-wodki-wizyta-w-lahij\/","url":"https:\/\/wloczykij.org\/blog\/2015\/09\/15\/sufi-z-kieliszkiem-wodki-wizyta-w-lahij\/","name":"Sufi z kieliszkiem w\u00f3dki. Wizyta w Lahij - W\u0142\u00f3czykij - Roman Husarski","isPartOf":{"@id":"https:\/\/wloczykij.org\/blog\/#website"},"primaryImageOfPage":{"@id":"https:\/\/wloczykij.org\/blog\/2015\/09\/15\/sufi-z-kieliszkiem-wodki-wizyta-w-lahij\/#primaryimage"},"image":{"@id":"https:\/\/wloczykij.org\/blog\/2015\/09\/15\/sufi-z-kieliszkiem-wodki-wizyta-w-lahij\/#primaryimage"},"thumbnailUrl":"https:\/\/wloczykij.org\/blog\/wp-content\/uploads\/sites\/2\/2015\/09\/025.jpg","datePublished":"2015-09-15T19:42:21+00:00","dateModified":"2022-03-20T14:29:26+00:00","author":{"@id":"https:\/\/wloczykij.org\/blog\/#\/schema\/person\/5715e17c214052b93c6c53e27ea498e5"},"breadcrumb":{"@id":"https:\/\/wloczykij.org\/blog\/2015\/09\/15\/sufi-z-kieliszkiem-wodki-wizyta-w-lahij\/#breadcrumb"},"inLanguage":"pl-PL","potentialAction":[{"@type":"ReadAction","target":["https:\/\/wloczykij.org\/blog\/2015\/09\/15\/sufi-z-kieliszkiem-wodki-wizyta-w-lahij\/"]}]},{"@type":"ImageObject","inLanguage":"pl-PL","@id":"https:\/\/wloczykij.org\/blog\/2015\/09\/15\/sufi-z-kieliszkiem-wodki-wizyta-w-lahij\/#primaryimage","url":"https:\/\/wloczykij.org\/blog\/wp-content\/uploads\/sites\/2\/2015\/09\/025.jpg","contentUrl":"https:\/\/wloczykij.org\/blog\/wp-content\/uploads\/sites\/2\/2015\/09\/025.jpg","width":1181,"height":786},{"@type":"BreadcrumbList","@id":"https:\/\/wloczykij.org\/blog\/2015\/09\/15\/sufi-z-kieliszkiem-wodki-wizyta-w-lahij\/#breadcrumb","itemListElement":[{"@type":"ListItem","position":1,"name":"Strona g\u0142\u00f3wna","item":"https:\/\/wloczykij.org\/blog\/"},{"@type":"ListItem","position":2,"name":"Sufi z kieliszkiem w\u00f3dki. Wizyta w Lahij"}]},{"@type":"WebSite","@id":"https:\/\/wloczykij.org\/blog\/#website","url":"https:\/\/wloczykij.org\/blog\/","name":"W\u0142\u00f3czykij - Roman Husarski","description":"","potentialAction":[{"@type":"SearchAction","target":{"@type":"EntryPoint","urlTemplate":"https:\/\/wloczykij.org\/blog\/?s={search_term_string}"},"query-input":{"@type":"PropertyValueSpecification","valueRequired":true,"valueName":"search_term_string"}}],"inLanguage":"pl-PL"},{"@type":"Person","@id":"https:\/\/wloczykij.org\/blog\/#\/schema\/person\/5715e17c214052b93c6c53e27ea498e5","name":"Roman","image":{"@type":"ImageObject","inLanguage":"pl-PL","@id":"https:\/\/secure.gravatar.com\/avatar\/a4ad12ebb0eef153209fb3604f0a54cb2d9993a45803e045e020a86a4527c70b?s=96&d=mm&r=g","url":"https:\/\/secure.gravatar.com\/avatar\/a4ad12ebb0eef153209fb3604f0a54cb2d9993a45803e045e020a86a4527c70b?s=96&d=mm&r=g","contentUrl":"https:\/\/secure.gravatar.com\/avatar\/a4ad12ebb0eef153209fb3604f0a54cb2d9993a45803e045e020a86a4527c70b?s=96&d=mm&r=g","caption":"Roman"},"url":"https:\/\/wloczykij.org\/blog\/author\/remus\/"}]}},"jetpack_publicize_connections":[],"jetpack_featured_media_url":"https:\/\/wloczykij.org\/blog\/wp-content\/uploads\/sites\/2\/2015\/09\/025.jpg","jetpack_sharing_enabled":true,"_links":{"self":[{"href":"https:\/\/wloczykij.org\/blog\/wp-json\/wp\/v2\/posts\/1588","targetHints":{"allow":["GET"]}}],"collection":[{"href":"https:\/\/wloczykij.org\/blog\/wp-json\/wp\/v2\/posts"}],"about":[{"href":"https:\/\/wloczykij.org\/blog\/wp-json\/wp\/v2\/types\/post"}],"author":[{"embeddable":true,"href":"https:\/\/wloczykij.org\/blog\/wp-json\/wp\/v2\/users\/1"}],"replies":[{"embeddable":true,"href":"https:\/\/wloczykij.org\/blog\/wp-json\/wp\/v2\/comments?post=1588"}],"version-history":[{"count":4,"href":"https:\/\/wloczykij.org\/blog\/wp-json\/wp\/v2\/posts\/1588\/revisions"}],"predecessor-version":[{"id":3966,"href":"https:\/\/wloczykij.org\/blog\/wp-json\/wp\/v2\/posts\/1588\/revisions\/3966"}],"wp:featuredmedia":[{"embeddable":true,"href":"https:\/\/wloczykij.org\/blog\/wp-json\/wp\/v2\/media\/1608"}],"wp:attachment":[{"href":"https:\/\/wloczykij.org\/blog\/wp-json\/wp\/v2\/media?parent=1588"}],"wp:term":[{"taxonomy":"category","embeddable":true,"href":"https:\/\/wloczykij.org\/blog\/wp-json\/wp\/v2\/categories?post=1588"},{"taxonomy":"post_tag","embeddable":true,"href":"https:\/\/wloczykij.org\/blog\/wp-json\/wp\/v2\/tags?post=1588"}],"curies":[{"name":"wp","href":"https:\/\/api.w.org\/{rel}","templated":true}]}}