{"id":1648,"date":"2016-01-22T20:03:51","date_gmt":"2016-01-22T19:03:51","guid":{"rendered":"https:\/\/wloczykij.org\/blog\/?p=1648"},"modified":"2022-03-20T16:19:41","modified_gmt":"2022-03-20T15:19:41","slug":"jak-seth-rogen-i-james-franco-wzmocnili-rezim-korei-polnocnej","status":"publish","type":"post","link":"https:\/\/wloczykij.org\/blog\/2016\/01\/22\/jak-seth-rogen-i-james-franco-wzmocnili-rezim-korei-polnocnej\/","title":{"rendered":"Jak Seth Rogen i James Franco wzmocnili re\u017cim Korei P\u00f3\u0142nocnej"},"content":{"rendered":"<p><em><span class=\"_5yl5\" data-reactid=\".5a.$mid=11421159133539=28f32e6c6db484dbb12.2:0.0.0.0.0\"><span data-reactid=\".5a.$mid=11421159133539=28f32e6c6db484dbb12.2:0.0.0.0.0.0\"><span data-reactid=\".5a.$mid=11421159133539=28f32e6c6db484dbb12.2:0.0.0.0.0.0.$end:0:$0:0\">Tekst do przeczytania na <a href=\"http:\/\/www.polska-azja.pl\/r-husarski-jak-seth-rogen-i-james-franco-wzmocnili-rezim-korei-polnocnej\/\"><strong>CSPA<\/strong><\/a>.<\/span><\/span><\/span><\/em><\/p>\n<p><img loading=\"lazy\" decoding=\"async\" width=\"640\" height=\"320\" data-attachment-id=\"1649\" data-permalink=\"https:\/\/wloczykij.org\/blog\/2016\/01\/22\/jak-seth-rogen-i-james-franco-wzmocnili-rezim-korei-polnocnej\/1217_interview\/\" data-orig-file=\"https:\/\/wloczykij.org\/blog\/wp-content\/uploads\/sites\/2\/2016\/01\/1217_interview.jpg\" data-orig-size=\"640,320\" data-comments-opened=\"0\" data-image-meta=\"{&quot;aperture&quot;:&quot;0&quot;,&quot;credit&quot;:&quot;&quot;,&quot;camera&quot;:&quot;&quot;,&quot;caption&quot;:&quot;&quot;,&quot;created_timestamp&quot;:&quot;0&quot;,&quot;copyright&quot;:&quot;&quot;,&quot;focal_length&quot;:&quot;0&quot;,&quot;iso&quot;:&quot;0&quot;,&quot;shutter_speed&quot;:&quot;0&quot;,&quot;title&quot;:&quot;&quot;,&quot;orientation&quot;:&quot;0&quot;}\" data-image-title=\"1217_interview\" data-image-description=\"\" data-image-caption=\"\" data-large-file=\"https:\/\/wloczykij.org\/blog\/wp-content\/uploads\/sites\/2\/2016\/01\/1217_interview.jpg\" class=\"alignnone wp-image-1649\" src=\"https:\/\/wloczykij.org\/blog\/wp-content\/uploads\/sites\/2\/2016\/01\/1217_interview.jpg\" alt=\"1217_interview\" srcset=\"https:\/\/wloczykij.org\/blog\/wp-content\/uploads\/sites\/2\/2016\/01\/1217_interview.jpg 640w, https:\/\/wloczykij.org\/blog\/wp-content\/uploads\/sites\/2\/2016\/01\/1217_interview-300x150.jpg 300w\" sizes=\"auto, (max-width: 640px) 100vw, 640px\" \/><\/p>\n<p><strong><a href=\"https:\/\/wloczykij.org\/blog\/wp-content\/uploads\/sites\/2\/2016\/01\/CSPA-Jak-Seth-Rogan-i-James.pdf\">PDF: Jak Seth&#8230;<\/a><\/strong><\/p>\n<div class=\"jetpack-video-wrapper\"><span class=\"embed-youtube\" style=\"text-align:center; display: block;\"><iframe loading=\"lazy\" class=\"youtube-player\" width=\"640\" height=\"360\" src=\"https:\/\/www.youtube.com\/embed\/frsvWVEHowg?version=3&#038;rel=1&#038;showsearch=0&#038;showinfo=1&#038;iv_load_policy=1&#038;fs=1&#038;hl=pl-PL&#038;autohide=2&#038;wmode=transparent\" allowfullscreen=\"true\" style=\"border:0;\" sandbox=\"allow-scripts allow-same-origin allow-popups allow-presentation allow-popups-to-escape-sandbox\"><\/iframe><\/span><\/div>\n<p>&nbsp;<\/p>\n","protected":false},"excerpt":{"rendered":"<p>Tekst do przeczytania na CSPA. PDF: Jak Seth&#8230; &nbsp;<\/p>\n","protected":false},"author":1,"featured_media":1649,"comment_status":"open","ping_status":"open","sticky":false,"template":"","format":"standard","meta":{"_jetpack_memberships_contains_paid_content":false,"footnotes":"","jetpack_publicize_message":"","jetpack_publicize_feature_enabled":true,"jetpack_social_post_already_shared":true,"jetpack_social_options":{"image_generator_settings":{"template":"highway","default_image_id":0,"font":"","enabled":false},"version":2}},"categories":[17],"tags":[174,143],"class_list":["post-1648","post","type-post","status-publish","format-standard","has-post-thumbnail","hentry","category-korea-polnocna","tag-kino","tag-recenzja"],"yoast_head":"<!-- This site is optimized with the Yoast SEO plugin v27.5 - https:\/\/yoast.com\/product\/yoast-seo-wordpress\/ -->\n<title>Jak Seth Rogen i James Franco wzmocnili re\u017cim Korei P\u00f3\u0142nocnej - W\u0142\u00f3czykij - Roman Husarski<\/title>\n<meta name=\"robots\" content=\"index, follow, max-snippet:-1, max-image-preview:large, max-video-preview:-1\" \/>\n<link rel=\"canonical\" href=\"https:\/\/wloczykij.org\/blog\/2016\/01\/22\/jak-seth-rogen-i-james-franco-wzmocnili-rezim-korei-polnocnej\/\" \/>\n<meta property=\"og:locale\" content=\"pl_PL\" \/>\n<meta property=\"og:type\" content=\"article\" \/>\n<meta property=\"og:title\" content=\"Jak Seth Rogen i James Franco wzmocnili re\u017cim Korei P\u00f3\u0142nocnej - W\u0142\u00f3czykij - Roman Husarski\" \/>\n<meta property=\"og:description\" content=\"Tekst do przeczytania na CSPA. PDF: Jak Seth&#8230; &nbsp;\" \/>\n<meta property=\"og:url\" content=\"https:\/\/wloczykij.org\/blog\/2016\/01\/22\/jak-seth-rogen-i-james-franco-wzmocnili-rezim-korei-polnocnej\/\" \/>\n<meta property=\"og:site_name\" content=\"W\u0142\u00f3czykij - Roman Husarski\" \/>\n<meta property=\"article:publisher\" content=\"https:\/\/www.facebook.com\/pages\/W%c5%82%c3%b3czykij\/282838631839707\" \/>\n<meta property=\"article:published_time\" content=\"2016-01-22T19:03:51+00:00\" \/>\n<meta property=\"article:modified_time\" content=\"2022-03-20T15:19:41+00:00\" \/>\n<meta property=\"og:image\" content=\"https:\/\/wloczykij.org\/blog\/wp-content\/uploads\/sites\/2\/2016\/01\/1217_interview.jpg\" \/>\n\t<meta property=\"og:image:width\" content=\"640\" \/>\n\t<meta property=\"og:image:height\" content=\"320\" \/>\n\t<meta property=\"og:image:type\" content=\"image\/jpeg\" \/>\n<meta name=\"author\" content=\"Roman\" \/>\n<meta name=\"twitter:label1\" content=\"Napisane przez\" \/>\n\t<meta name=\"twitter:data1\" content=\"Roman\" \/>\n<script type=\"application\/ld+json\" class=\"yoast-schema-graph\">{\"@context\":\"https:\\\/\\\/schema.org\",\"@graph\":[{\"@type\":\"Article\",\"@id\":\"https:\\\/\\\/wloczykij.org\\\/blog\\\/2016\\\/01\\\/22\\\/jak-seth-rogen-i-james-franco-wzmocnili-rezim-korei-polnocnej\\\/#article\",\"isPartOf\":{\"@id\":\"https:\\\/\\\/wloczykij.org\\\/blog\\\/2016\\\/01\\\/22\\\/jak-seth-rogen-i-james-franco-wzmocnili-rezim-korei-polnocnej\\\/\"},\"author\":{\"name\":\"Roman\",\"@id\":\"https:\\\/\\\/wloczykij.org\\\/blog\\\/#\\\/schema\\\/person\\\/5715e17c214052b93c6c53e27ea498e5\"},\"headline\":\"Jak Seth Rogen i James Franco wzmocnili re\u017cim Korei P\u00f3\u0142nocnej\",\"datePublished\":\"2016-01-22T19:03:51+00:00\",\"dateModified\":\"2022-03-20T15:19:41+00:00\",\"mainEntityOfPage\":{\"@id\":\"https:\\\/\\\/wloczykij.org\\\/blog\\\/2016\\\/01\\\/22\\\/jak-seth-rogen-i-james-franco-wzmocnili-rezim-korei-polnocnej\\\/\"},\"wordCount\":28,\"commentCount\":0,\"image\":{\"@id\":\"https:\\\/\\\/wloczykij.org\\\/blog\\\/2016\\\/01\\\/22\\\/jak-seth-rogen-i-james-franco-wzmocnili-rezim-korei-polnocnej\\\/#primaryimage\"},\"thumbnailUrl\":\"https:\\\/\\\/wloczykij.org\\\/blog\\\/wp-content\\\/uploads\\\/sites\\\/2\\\/2016\\\/01\\\/1217_interview.jpg\",\"keywords\":[\"kino\",\"recenzja\"],\"articleSection\":[\"Korea P\u00f3\u0142nocna\"],\"inLanguage\":\"pl-PL\",\"potentialAction\":[{\"@type\":\"CommentAction\",\"name\":\"Comment\",\"target\":[\"https:\\\/\\\/wloczykij.org\\\/blog\\\/2016\\\/01\\\/22\\\/jak-seth-rogen-i-james-franco-wzmocnili-rezim-korei-polnocnej\\\/#respond\"]}]},{\"@type\":\"WebPage\",\"@id\":\"https:\\\/\\\/wloczykij.org\\\/blog\\\/2016\\\/01\\\/22\\\/jak-seth-rogen-i-james-franco-wzmocnili-rezim-korei-polnocnej\\\/\",\"url\":\"https:\\\/\\\/wloczykij.org\\\/blog\\\/2016\\\/01\\\/22\\\/jak-seth-rogen-i-james-franco-wzmocnili-rezim-korei-polnocnej\\\/\",\"name\":\"Jak Seth Rogen i James Franco wzmocnili re\u017cim Korei P\u00f3\u0142nocnej - W\u0142\u00f3czykij - Roman Husarski\",\"isPartOf\":{\"@id\":\"https:\\\/\\\/wloczykij.org\\\/blog\\\/#website\"},\"primaryImageOfPage\":{\"@id\":\"https:\\\/\\\/wloczykij.org\\\/blog\\\/2016\\\/01\\\/22\\\/jak-seth-rogen-i-james-franco-wzmocnili-rezim-korei-polnocnej\\\/#primaryimage\"},\"image\":{\"@id\":\"https:\\\/\\\/wloczykij.org\\\/blog\\\/2016\\\/01\\\/22\\\/jak-seth-rogen-i-james-franco-wzmocnili-rezim-korei-polnocnej\\\/#primaryimage\"},\"thumbnailUrl\":\"https:\\\/\\\/wloczykij.org\\\/blog\\\/wp-content\\\/uploads\\\/sites\\\/2\\\/2016\\\/01\\\/1217_interview.jpg\",\"datePublished\":\"2016-01-22T19:03:51+00:00\",\"dateModified\":\"2022-03-20T15:19:41+00:00\",\"author\":{\"@id\":\"https:\\\/\\\/wloczykij.org\\\/blog\\\/#\\\/schema\\\/person\\\/5715e17c214052b93c6c53e27ea498e5\"},\"breadcrumb\":{\"@id\":\"https:\\\/\\\/wloczykij.org\\\/blog\\\/2016\\\/01\\\/22\\\/jak-seth-rogen-i-james-franco-wzmocnili-rezim-korei-polnocnej\\\/#breadcrumb\"},\"inLanguage\":\"pl-PL\",\"potentialAction\":[{\"@type\":\"ReadAction\",\"target\":[\"https:\\\/\\\/wloczykij.org\\\/blog\\\/2016\\\/01\\\/22\\\/jak-seth-rogen-i-james-franco-wzmocnili-rezim-korei-polnocnej\\\/\"]}]},{\"@type\":\"ImageObject\",\"inLanguage\":\"pl-PL\",\"@id\":\"https:\\\/\\\/wloczykij.org\\\/blog\\\/2016\\\/01\\\/22\\\/jak-seth-rogen-i-james-franco-wzmocnili-rezim-korei-polnocnej\\\/#primaryimage\",\"url\":\"https:\\\/\\\/wloczykij.org\\\/blog\\\/wp-content\\\/uploads\\\/sites\\\/2\\\/2016\\\/01\\\/1217_interview.jpg\",\"contentUrl\":\"https:\\\/\\\/wloczykij.org\\\/blog\\\/wp-content\\\/uploads\\\/sites\\\/2\\\/2016\\\/01\\\/1217_interview.jpg\",\"width\":640,\"height\":320},{\"@type\":\"BreadcrumbList\",\"@id\":\"https:\\\/\\\/wloczykij.org\\\/blog\\\/2016\\\/01\\\/22\\\/jak-seth-rogen-i-james-franco-wzmocnili-rezim-korei-polnocnej\\\/#breadcrumb\",\"itemListElement\":[{\"@type\":\"ListItem\",\"position\":1,\"name\":\"Strona g\u0142\u00f3wna\",\"item\":\"https:\\\/\\\/wloczykij.org\\\/blog\\\/\"},{\"@type\":\"ListItem\",\"position\":2,\"name\":\"Jak Seth Rogen i James Franco wzmocnili re\u017cim Korei P\u00f3\u0142nocnej\"}]},{\"@type\":\"WebSite\",\"@id\":\"https:\\\/\\\/wloczykij.org\\\/blog\\\/#website\",\"url\":\"https:\\\/\\\/wloczykij.org\\\/blog\\\/\",\"name\":\"W\u0142\u00f3czykij - Roman Husarski\",\"description\":\"\",\"potentialAction\":[{\"@type\":\"SearchAction\",\"target\":{\"@type\":\"EntryPoint\",\"urlTemplate\":\"https:\\\/\\\/wloczykij.org\\\/blog\\\/?s={search_term_string}\"},\"query-input\":{\"@type\":\"PropertyValueSpecification\",\"valueRequired\":true,\"valueName\":\"search_term_string\"}}],\"inLanguage\":\"pl-PL\"},{\"@type\":\"Person\",\"@id\":\"https:\\\/\\\/wloczykij.org\\\/blog\\\/#\\\/schema\\\/person\\\/5715e17c214052b93c6c53e27ea498e5\",\"name\":\"Roman\",\"image\":{\"@type\":\"ImageObject\",\"inLanguage\":\"pl-PL\",\"@id\":\"https:\\\/\\\/secure.gravatar.com\\\/avatar\\\/a4ad12ebb0eef153209fb3604f0a54cb2d9993a45803e045e020a86a4527c70b?s=96&d=mm&r=g\",\"url\":\"https:\\\/\\\/secure.gravatar.com\\\/avatar\\\/a4ad12ebb0eef153209fb3604f0a54cb2d9993a45803e045e020a86a4527c70b?s=96&d=mm&r=g\",\"contentUrl\":\"https:\\\/\\\/secure.gravatar.com\\\/avatar\\\/a4ad12ebb0eef153209fb3604f0a54cb2d9993a45803e045e020a86a4527c70b?s=96&d=mm&r=g\",\"caption\":\"Roman\"},\"url\":\"https:\\\/\\\/wloczykij.org\\\/blog\\\/author\\\/remus\\\/\"}]}<\/script>\n<!-- \/ Yoast SEO plugin. -->","yoast_head_json":{"title":"Jak Seth Rogen i James Franco wzmocnili re\u017cim Korei P\u00f3\u0142nocnej - W\u0142\u00f3czykij - Roman Husarski","robots":{"index":"index","follow":"follow","max-snippet":"max-snippet:-1","max-image-preview":"max-image-preview:large","max-video-preview":"max-video-preview:-1"},"canonical":"https:\/\/wloczykij.org\/blog\/2016\/01\/22\/jak-seth-rogen-i-james-franco-wzmocnili-rezim-korei-polnocnej\/","og_locale":"pl_PL","og_type":"article","og_title":"Jak Seth Rogen i James Franco wzmocnili re\u017cim Korei P\u00f3\u0142nocnej - W\u0142\u00f3czykij - Roman Husarski","og_description":"Tekst do przeczytania na CSPA. PDF: Jak Seth&#8230; &nbsp;","og_url":"https:\/\/wloczykij.org\/blog\/2016\/01\/22\/jak-seth-rogen-i-james-franco-wzmocnili-rezim-korei-polnocnej\/","og_site_name":"W\u0142\u00f3czykij - Roman Husarski","article_publisher":"https:\/\/www.facebook.com\/pages\/W%c5%82%c3%b3czykij\/282838631839707","article_published_time":"2016-01-22T19:03:51+00:00","article_modified_time":"2022-03-20T15:19:41+00:00","og_image":[{"width":640,"height":320,"url":"https:\/\/wloczykij.org\/blog\/wp-content\/uploads\/sites\/2\/2016\/01\/1217_interview.jpg","type":"image\/jpeg"}],"author":"Roman","twitter_misc":{"Napisane przez":"Roman"},"schema":{"@context":"https:\/\/schema.org","@graph":[{"@type":"Article","@id":"https:\/\/wloczykij.org\/blog\/2016\/01\/22\/jak-seth-rogen-i-james-franco-wzmocnili-rezim-korei-polnocnej\/#article","isPartOf":{"@id":"https:\/\/wloczykij.org\/blog\/2016\/01\/22\/jak-seth-rogen-i-james-franco-wzmocnili-rezim-korei-polnocnej\/"},"author":{"name":"Roman","@id":"https:\/\/wloczykij.org\/blog\/#\/schema\/person\/5715e17c214052b93c6c53e27ea498e5"},"headline":"Jak Seth Rogen i James Franco wzmocnili re\u017cim Korei P\u00f3\u0142nocnej","datePublished":"2016-01-22T19:03:51+00:00","dateModified":"2022-03-20T15:19:41+00:00","mainEntityOfPage":{"@id":"https:\/\/wloczykij.org\/blog\/2016\/01\/22\/jak-seth-rogen-i-james-franco-wzmocnili-rezim-korei-polnocnej\/"},"wordCount":28,"commentCount":0,"image":{"@id":"https:\/\/wloczykij.org\/blog\/2016\/01\/22\/jak-seth-rogen-i-james-franco-wzmocnili-rezim-korei-polnocnej\/#primaryimage"},"thumbnailUrl":"https:\/\/wloczykij.org\/blog\/wp-content\/uploads\/sites\/2\/2016\/01\/1217_interview.jpg","keywords":["kino","recenzja"],"articleSection":["Korea P\u00f3\u0142nocna"],"inLanguage":"pl-PL","potentialAction":[{"@type":"CommentAction","name":"Comment","target":["https:\/\/wloczykij.org\/blog\/2016\/01\/22\/jak-seth-rogen-i-james-franco-wzmocnili-rezim-korei-polnocnej\/#respond"]}]},{"@type":"WebPage","@id":"https:\/\/wloczykij.org\/blog\/2016\/01\/22\/jak-seth-rogen-i-james-franco-wzmocnili-rezim-korei-polnocnej\/","url":"https:\/\/wloczykij.org\/blog\/2016\/01\/22\/jak-seth-rogen-i-james-franco-wzmocnili-rezim-korei-polnocnej\/","name":"Jak Seth Rogen i James Franco wzmocnili re\u017cim Korei P\u00f3\u0142nocnej - W\u0142\u00f3czykij - Roman Husarski","isPartOf":{"@id":"https:\/\/wloczykij.org\/blog\/#website"},"primaryImageOfPage":{"@id":"https:\/\/wloczykij.org\/blog\/2016\/01\/22\/jak-seth-rogen-i-james-franco-wzmocnili-rezim-korei-polnocnej\/#primaryimage"},"image":{"@id":"https:\/\/wloczykij.org\/blog\/2016\/01\/22\/jak-seth-rogen-i-james-franco-wzmocnili-rezim-korei-polnocnej\/#primaryimage"},"thumbnailUrl":"https:\/\/wloczykij.org\/blog\/wp-content\/uploads\/sites\/2\/2016\/01\/1217_interview.jpg","datePublished":"2016-01-22T19:03:51+00:00","dateModified":"2022-03-20T15:19:41+00:00","author":{"@id":"https:\/\/wloczykij.org\/blog\/#\/schema\/person\/5715e17c214052b93c6c53e27ea498e5"},"breadcrumb":{"@id":"https:\/\/wloczykij.org\/blog\/2016\/01\/22\/jak-seth-rogen-i-james-franco-wzmocnili-rezim-korei-polnocnej\/#breadcrumb"},"inLanguage":"pl-PL","potentialAction":[{"@type":"ReadAction","target":["https:\/\/wloczykij.org\/blog\/2016\/01\/22\/jak-seth-rogen-i-james-franco-wzmocnili-rezim-korei-polnocnej\/"]}]},{"@type":"ImageObject","inLanguage":"pl-PL","@id":"https:\/\/wloczykij.org\/blog\/2016\/01\/22\/jak-seth-rogen-i-james-franco-wzmocnili-rezim-korei-polnocnej\/#primaryimage","url":"https:\/\/wloczykij.org\/blog\/wp-content\/uploads\/sites\/2\/2016\/01\/1217_interview.jpg","contentUrl":"https:\/\/wloczykij.org\/blog\/wp-content\/uploads\/sites\/2\/2016\/01\/1217_interview.jpg","width":640,"height":320},{"@type":"BreadcrumbList","@id":"https:\/\/wloczykij.org\/blog\/2016\/01\/22\/jak-seth-rogen-i-james-franco-wzmocnili-rezim-korei-polnocnej\/#breadcrumb","itemListElement":[{"@type":"ListItem","position":1,"name":"Strona g\u0142\u00f3wna","item":"https:\/\/wloczykij.org\/blog\/"},{"@type":"ListItem","position":2,"name":"Jak Seth Rogen i James Franco wzmocnili re\u017cim Korei P\u00f3\u0142nocnej"}]},{"@type":"WebSite","@id":"https:\/\/wloczykij.org\/blog\/#website","url":"https:\/\/wloczykij.org\/blog\/","name":"W\u0142\u00f3czykij - Roman Husarski","description":"","potentialAction":[{"@type":"SearchAction","target":{"@type":"EntryPoint","urlTemplate":"https:\/\/wloczykij.org\/blog\/?s={search_term_string}"},"query-input":{"@type":"PropertyValueSpecification","valueRequired":true,"valueName":"search_term_string"}}],"inLanguage":"pl-PL"},{"@type":"Person","@id":"https:\/\/wloczykij.org\/blog\/#\/schema\/person\/5715e17c214052b93c6c53e27ea498e5","name":"Roman","image":{"@type":"ImageObject","inLanguage":"pl-PL","@id":"https:\/\/secure.gravatar.com\/avatar\/a4ad12ebb0eef153209fb3604f0a54cb2d9993a45803e045e020a86a4527c70b?s=96&d=mm&r=g","url":"https:\/\/secure.gravatar.com\/avatar\/a4ad12ebb0eef153209fb3604f0a54cb2d9993a45803e045e020a86a4527c70b?s=96&d=mm&r=g","contentUrl":"https:\/\/secure.gravatar.com\/avatar\/a4ad12ebb0eef153209fb3604f0a54cb2d9993a45803e045e020a86a4527c70b?s=96&d=mm&r=g","caption":"Roman"},"url":"https:\/\/wloczykij.org\/blog\/author\/remus\/"}]}},"jetpack_publicize_connections":[],"jetpack_featured_media_url":"https:\/\/wloczykij.org\/blog\/wp-content\/uploads\/sites\/2\/2016\/01\/1217_interview.jpg","jetpack_sharing_enabled":true,"_links":{"self":[{"href":"https:\/\/wloczykij.org\/blog\/wp-json\/wp\/v2\/posts\/1648","targetHints":{"allow":["GET"]}}],"collection":[{"href":"https:\/\/wloczykij.org\/blog\/wp-json\/wp\/v2\/posts"}],"about":[{"href":"https:\/\/wloczykij.org\/blog\/wp-json\/wp\/v2\/types\/post"}],"author":[{"embeddable":true,"href":"https:\/\/wloczykij.org\/blog\/wp-json\/wp\/v2\/users\/1"}],"replies":[{"embeddable":true,"href":"https:\/\/wloczykij.org\/blog\/wp-json\/wp\/v2\/comments?post=1648"}],"version-history":[{"count":2,"href":"https:\/\/wloczykij.org\/blog\/wp-json\/wp\/v2\/posts\/1648\/revisions"}],"predecessor-version":[{"id":4152,"href":"https:\/\/wloczykij.org\/blog\/wp-json\/wp\/v2\/posts\/1648\/revisions\/4152"}],"wp:featuredmedia":[{"embeddable":true,"href":"https:\/\/wloczykij.org\/blog\/wp-json\/wp\/v2\/media\/1649"}],"wp:attachment":[{"href":"https:\/\/wloczykij.org\/blog\/wp-json\/wp\/v2\/media?parent=1648"}],"wp:term":[{"taxonomy":"category","embeddable":true,"href":"https:\/\/wloczykij.org\/blog\/wp-json\/wp\/v2\/categories?post=1648"},{"taxonomy":"post_tag","embeddable":true,"href":"https:\/\/wloczykij.org\/blog\/wp-json\/wp\/v2\/tags?post=1648"}],"curies":[{"name":"wp","href":"https:\/\/api.w.org\/{rel}","templated":true}]}}