{"id":1673,"date":"2016-03-02T16:43:39","date_gmt":"2016-03-02T15:43:39","guid":{"rendered":"https:\/\/wloczykij.org\/blog\/?p=1673"},"modified":"2022-03-20T15:28:42","modified_gmt":"2022-03-20T14:28:42","slug":"wagabunda-senior-cz-i-tadeusz-platek-czuc-sympatie-do-narodow-ktore-sie-odwiedza","status":"publish","type":"post","link":"https:\/\/wloczykij.org\/blog\/2016\/03\/02\/wagabunda-senior-cz-i-tadeusz-platek-czuc-sympatie-do-narodow-ktore-sie-odwiedza\/","title":{"rendered":"WAGABUNDA SENIOR cz. I Tadeusz P\u0142atek &#8222;Czu\u0107 sympati\u0119 do narod\u00f3w, kt\u00f3re si\u0119 odwiedza&#8221;"},"content":{"rendered":"<p>Tekst do przeczytania te\u017c na <a href=\"http:\/\/www.peron4.pl\/tadeusz-platek-nalezy-czuc-sympatie-do-odwiedzanych-narodow\/\">peronie4<\/a>.<\/p>\n<p>Emerytura daje wielu osobom szans\u0119 na pog\u0142\u0119bienie zainteresowa\u0144. Dla Pana Tadeusza pasj\u0105 by\u0142y Indie, kt\u00f3re od 2008 roku odwiedzi\u0142 ju\u017c trzykrotnie, docieraj\u0105c do kraju Gandhiego tak\u017ce drog\u0105 l\u0105dow\u0105. Pomimo przekroczenia siedemdziesi\u0105tki nie zamierza z podr\u00f3\u017cy rezygnowa\u0107 i o swoich do\u015bwiadczeniach zgodzi\u0142 si\u0119 nam opowiedzie\u0107.<\/p>\n<figure id=\"attachment_1684\" aria-describedby=\"caption-attachment-1684\" style=\"width: 1000px\" class=\"wp-caption alignnone\"><img loading=\"lazy\" decoding=\"async\" data-attachment-id=\"1684\" data-permalink=\"https:\/\/wloczykij.org\/blog\/2016\/03\/02\/wagabunda-senior-cz-i-tadeusz-platek-czuc-sympatie-do-narodow-ktore-sie-odwiedza\/tadeusz-platek-2008-nr-2\/\" data-orig-file=\"https:\/\/wloczykij.org\/blog\/wp-content\/uploads\/sites\/2\/2016\/03\/Tadeusz-P\u0142atek-2008-nr.2.jpg\" data-orig-size=\"1181,711\" data-comments-opened=\"0\" data-image-meta=\"{&quot;aperture&quot;:&quot;0&quot;,&quot;credit&quot;:&quot;&quot;,&quot;camera&quot;:&quot;&quot;,&quot;caption&quot;:&quot;&quot;,&quot;created_timestamp&quot;:&quot;0&quot;,&quot;copyright&quot;:&quot;&quot;,&quot;focal_length&quot;:&quot;0&quot;,&quot;iso&quot;:&quot;0&quot;,&quot;shutter_speed&quot;:&quot;0&quot;,&quot;title&quot;:&quot;&quot;,&quot;orientation&quot;:&quot;0&quot;}\" data-image-title=\"Tadeusz P\u0142atek 2008 nr.2\" data-image-description=\"\" data-image-caption=\"&lt;p&gt;Do Indii dojecha\u0142em drog\u0105 l\u0105dow\u0105. (Fot. archiwum Tadeusza P\u0142atka)&lt;\/p&gt;\n\" data-large-file=\"https:\/\/wloczykij.org\/blog\/wp-content\/uploads\/sites\/2\/2016\/03\/Tadeusz-P\u0142atek-2008-nr.2-1000x602.jpg\" class=\"wp-image-1684\" src=\"https:\/\/wloczykij.org\/blog\/wp-content\/uploads\/sites\/2\/2016\/03\/Tadeusz-P\u0142atek-2008-nr.2-1024x616.jpg\" alt=\"Do Indii dojecha\u0142em drog\u0105 l\u0105dow\u0105. (Fot. archiwum Tadeusza P\u0142atka)\" width=\"1000\" height=\"602\" \/><figcaption id=\"caption-attachment-1684\" class=\"wp-caption-text\">Do Indii dojecha\u0142em drog\u0105 l\u0105dow\u0105. <br \/>Fot. Archiwum Tadeusza P\u0142atka<\/figcaption><\/figure>\n<p><strong>Wi\u0119kszo\u015b\u0107 os\u00f3b starszych, je\u015bli podr\u00f3\u017cuje to raczej z wycieczkami, a Pan samotnie jedzie drog\u0105 l\u0105dow\u0105 przez Iran i Pakistan do Indii i wraca w ten sam spos\u00f3b. Niebezpieczne?<\/strong><\/p>\n<p>Niekoniecznie. Osoby, kt\u00f3re wybieraj\u0105 podr\u00f3\u017c zorganizowan\u0105, zazwyczaj nie maj\u0105 poj\u0119cia o kraju, do kt\u00f3rego si\u0119 wybieraj\u0105. Ja Indie zna\u0142em, mo\u017ce nie z autopsji, ale poprzez wieloletni\u0105 fascynacj\u0119. Dlaczego mia\u0142oby by\u0107 niebezpiecznie?<\/p>\n<p><strong>My\u015bl\u0119, \u017ce wi\u0119kszo\u015b\u0107 os\u00f3b starszych nie odwa\u017cy\u0142aby si\u0119 na tak\u0105 podr\u00f3\u017c. Cho\u0107by ze wzgl\u0119du na brak komfortu, wysi\u0142ek fizyczny. Mo\u017ce te\u017c z powodu obawy o zdrowie?<\/strong><\/p>\n<p>Podr\u00f3\u017c mo\u017ce by\u0107 jak najbardziej komfortowa, poci\u0105gi i autobusy s\u0105 dzi\u015b bardzo przyzwoite. Oczywi\u015bcie o lekach trzeba pami\u0119ta\u0107, ale to nie jest dobra wym\u00f3wka. W Tygodniku Powszechnym natkn\u0105\u0142em si\u0119 kiedy\u015b na tak\u0105 sentencj\u0119: <em>Prawdziwy turysta nie je\u017adzi z wycieczk\u0105. Prawdziwy turysta bierze plecak i podr\u00f3\u017cuje sam. <\/em>Ten sam autor nazwa\u0142 tych, co podr\u00f3\u017cuj\u0105 z biurem podr\u00f3\u017cy <em>gapiami<\/em>. (\u015bmiech)<\/p>\n<p><strong>Rodzina si\u0119 o Pana nie martwi\u0142a?<\/strong><\/p>\n<p>\u017bona troch\u0119 marudzi\u0142a\u2026<\/p>\n<div data-carousel-extra='{&quot;blog_id&quot;:2,&quot;permalink&quot;:&quot;https:\/\/wloczykij.org\/blog\/2016\/03\/02\/wagabunda-senior-cz-i-tadeusz-platek-czuc-sympatie-do-narodow-ktore-sie-odwiedza\/&quot;}' id='gallery-1' class='gallery galleryid-1673 gallery-columns-3 gallery-size-large'><figure class='gallery-item'>\n\t\t\t<div class='gallery-icon landscape'>\n\t\t\t\t<a href='https:\/\/wloczykij.org\/blog\/2016\/03\/02\/wagabunda-senior-cz-i-tadeusz-platek-czuc-sympatie-do-narodow-ktore-sie-odwiedza\/agra-2011\/'><img loading=\"lazy\" decoding=\"async\" width=\"640\" height=\"427\" src=\"https:\/\/wloczykij.org\/blog\/wp-content\/uploads\/sites\/2\/2016\/03\/Agra-2011-1000x667.jpg\" class=\"attachment-large size-large\" alt=\"\" aria-describedby=\"gallery-1-1676\" srcset=\"https:\/\/wloczykij.org\/blog\/wp-content\/uploads\/sites\/2\/2016\/03\/Agra-2011-1000x667.jpg 1000w, https:\/\/wloczykij.org\/blog\/wp-content\/uploads\/sites\/2\/2016\/03\/Agra-2011-768x512.jpg 768w, https:\/\/wloczykij.org\/blog\/wp-content\/uploads\/sites\/2\/2016\/03\/Agra-2011-920x614.jpg 920w, https:\/\/wloczykij.org\/blog\/wp-content\/uploads\/sites\/2\/2016\/03\/Agra-2011-1024x683.jpg 1024w, https:\/\/wloczykij.org\/blog\/wp-content\/uploads\/sites\/2\/2016\/03\/Agra-2011-300x200.jpg 300w, https:\/\/wloczykij.org\/blog\/wp-content\/uploads\/sites\/2\/2016\/03\/Agra-2011.jpg 1181w\" sizes=\"auto, (max-width: 640px) 100vw, 640px\" data-attachment-id=\"1676\" data-permalink=\"https:\/\/wloczykij.org\/blog\/2016\/03\/02\/wagabunda-senior-cz-i-tadeusz-platek-czuc-sympatie-do-narodow-ktore-sie-odwiedza\/agra-2011\/\" data-orig-file=\"https:\/\/wloczykij.org\/blog\/wp-content\/uploads\/sites\/2\/2016\/03\/Agra-2011.jpg\" data-orig-size=\"1181,788\" data-comments-opened=\"0\" data-image-meta=\"{&quot;aperture&quot;:&quot;0&quot;,&quot;credit&quot;:&quot;&quot;,&quot;camera&quot;:&quot;&quot;,&quot;caption&quot;:&quot;&quot;,&quot;created_timestamp&quot;:&quot;0&quot;,&quot;copyright&quot;:&quot;&quot;,&quot;focal_length&quot;:&quot;0&quot;,&quot;iso&quot;:&quot;0&quot;,&quot;shutter_speed&quot;:&quot;0&quot;,&quot;title&quot;:&quot;&quot;,&quot;orientation&quot;:&quot;0&quot;}\" data-image-title=\"Agra 2011\" data-image-description=\"\" data-image-caption=\"&lt;p&gt;Dzieci z Agry, 2011 &lt;br \/&gt;   Fot. Tadeusz P\u0142atek&lt;\/p&gt;\n\" data-large-file=\"https:\/\/wloczykij.org\/blog\/wp-content\/uploads\/sites\/2\/2016\/03\/Agra-2011-1000x667.jpg\" \/><\/a>\n\t\t\t<\/div>\n\t\t\t\t<figcaption class='wp-caption-text gallery-caption' id='gallery-1-1676'>\n\t\t\t\tDzieci z Agry, 2011 <br\/>   Fot. Tadeusz P\u0142atek\n\t\t\t\t<\/figcaption><\/figure><figure class='gallery-item'>\n\t\t\t<div class='gallery-icon landscape'>\n\t\t\t\t<a href='https:\/\/wloczykij.org\/blog\/2016\/03\/02\/wagabunda-senior-cz-i-tadeusz-platek-czuc-sympatie-do-narodow-ktore-sie-odwiedza\/dzodhpur-2011\/'><img loading=\"lazy\" decoding=\"async\" width=\"640\" height=\"427\" src=\"https:\/\/wloczykij.org\/blog\/wp-content\/uploads\/sites\/2\/2016\/03\/D\u017aodhpur-2011-1000x667.jpg\" class=\"attachment-large size-large\" alt=\"\" aria-describedby=\"gallery-1-1680\" srcset=\"https:\/\/wloczykij.org\/blog\/wp-content\/uploads\/sites\/2\/2016\/03\/D\u017aodhpur-2011-1000x667.jpg 1000w, https:\/\/wloczykij.org\/blog\/wp-content\/uploads\/sites\/2\/2016\/03\/D\u017aodhpur-2011-768x512.jpg 768w, https:\/\/wloczykij.org\/blog\/wp-content\/uploads\/sites\/2\/2016\/03\/D\u017aodhpur-2011-920x614.jpg 920w, https:\/\/wloczykij.org\/blog\/wp-content\/uploads\/sites\/2\/2016\/03\/D\u017aodhpur-2011.jpg 1181w\" sizes=\"auto, (max-width: 640px) 100vw, 640px\" data-attachment-id=\"1680\" data-permalink=\"https:\/\/wloczykij.org\/blog\/2016\/03\/02\/wagabunda-senior-cz-i-tadeusz-platek-czuc-sympatie-do-narodow-ktore-sie-odwiedza\/dzodhpur-2011\/\" data-orig-file=\"https:\/\/wloczykij.org\/blog\/wp-content\/uploads\/sites\/2\/2016\/03\/D\u017aodhpur-2011.jpg\" data-orig-size=\"1181,788\" data-comments-opened=\"0\" data-image-meta=\"{&quot;aperture&quot;:&quot;0&quot;,&quot;credit&quot;:&quot;&quot;,&quot;camera&quot;:&quot;&quot;,&quot;caption&quot;:&quot;&quot;,&quot;created_timestamp&quot;:&quot;0&quot;,&quot;copyright&quot;:&quot;&quot;,&quot;focal_length&quot;:&quot;0&quot;,&quot;iso&quot;:&quot;0&quot;,&quot;shutter_speed&quot;:&quot;0&quot;,&quot;title&quot;:&quot;&quot;,&quot;orientation&quot;:&quot;0&quot;}\" data-image-title=\"D\u017aodhpur 2011\" data-image-description=\"\" data-image-caption=\"&lt;p&gt;D\u017aodhpur, 2011 &lt;br \/&gt; Fot. Tadeusz P\u0142atek&lt;\/p&gt;\n\" data-large-file=\"https:\/\/wloczykij.org\/blog\/wp-content\/uploads\/sites\/2\/2016\/03\/D\u017aodhpur-2011-1000x667.jpg\" \/><\/a>\n\t\t\t<\/div>\n\t\t\t\t<figcaption class='wp-caption-text gallery-caption' id='gallery-1-1680'>\n\t\t\t\tD\u017aodhpur, 2011 <br\/> Fot. Tadeusz P\u0142atek\n\t\t\t\t<\/figcaption><\/figure><figure class='gallery-item'>\n\t\t\t<div class='gallery-icon landscape'>\n\t\t\t\t<a href='https:\/\/wloczykij.org\/blog\/2016\/03\/02\/wagabunda-senior-cz-i-tadeusz-platek-czuc-sympatie-do-narodow-ktore-sie-odwiedza\/kweta-2008\/'><img loading=\"lazy\" decoding=\"async\" width=\"640\" height=\"380\" src=\"https:\/\/wloczykij.org\/blog\/wp-content\/uploads\/sites\/2\/2016\/03\/Kweta-2008-1000x593.jpg\" class=\"attachment-large size-large\" alt=\"\" aria-describedby=\"gallery-1-1681\" srcset=\"https:\/\/wloczykij.org\/blog\/wp-content\/uploads\/sites\/2\/2016\/03\/Kweta-2008-1000x593.jpg 1000w, https:\/\/wloczykij.org\/blog\/wp-content\/uploads\/sites\/2\/2016\/03\/Kweta-2008-768x456.jpg 768w, https:\/\/wloczykij.org\/blog\/wp-content\/uploads\/sites\/2\/2016\/03\/Kweta-2008-920x546.jpg 920w, https:\/\/wloczykij.org\/blog\/wp-content\/uploads\/sites\/2\/2016\/03\/Kweta-2008-1250x742.jpg 1250w, https:\/\/wloczykij.org\/blog\/wp-content\/uploads\/sites\/2\/2016\/03\/Kweta-2008-1600x949.jpg 1600w, https:\/\/wloczykij.org\/blog\/wp-content\/uploads\/sites\/2\/2016\/03\/Kweta-2008.jpg 1684w\" sizes=\"auto, (max-width: 640px) 100vw, 640px\" data-attachment-id=\"1681\" data-permalink=\"https:\/\/wloczykij.org\/blog\/2016\/03\/02\/wagabunda-senior-cz-i-tadeusz-platek-czuc-sympatie-do-narodow-ktore-sie-odwiedza\/kweta-2008\/\" data-orig-file=\"https:\/\/wloczykij.org\/blog\/wp-content\/uploads\/sites\/2\/2016\/03\/Kweta-2008.jpg\" data-orig-size=\"1684,999\" data-comments-opened=\"0\" data-image-meta=\"{&quot;aperture&quot;:&quot;0&quot;,&quot;credit&quot;:&quot;&quot;,&quot;camera&quot;:&quot;&quot;,&quot;caption&quot;:&quot;&quot;,&quot;created_timestamp&quot;:&quot;0&quot;,&quot;copyright&quot;:&quot;&quot;,&quot;focal_length&quot;:&quot;0&quot;,&quot;iso&quot;:&quot;0&quot;,&quot;shutter_speed&quot;:&quot;0&quot;,&quot;title&quot;:&quot;&quot;,&quot;orientation&quot;:&quot;0&quot;}\" data-image-title=\"Kweta 2008\" data-image-description=\"\" data-image-caption=\"&lt;p&gt;Kweta, 2008 &lt;br \/&gt; Fot. Tadeusz P\u0142atek&lt;\/p&gt;\n\" data-large-file=\"https:\/\/wloczykij.org\/blog\/wp-content\/uploads\/sites\/2\/2016\/03\/Kweta-2008-1000x593.jpg\" \/><\/a>\n\t\t\t<\/div>\n\t\t\t\t<figcaption class='wp-caption-text gallery-caption' id='gallery-1-1681'>\n\t\t\t\tKweta, 2008 <br\/> Fot. Tadeusz P\u0142atek\n\t\t\t\t<\/figcaption><\/figure>\n\t\t<\/div>\n\n<p><strong>Kiedy pojawi\u0142a si\u0119 u Pana fascynacja Indiami?<\/strong><\/p>\n<p>Ju\u017c od si\u00f3dmej klasy podstaw\u00f3wki. By\u0142 taki okres w latach pi\u0119\u0107dziesi\u0105tych, kiedy puszczano u nas indyjskie kino. Pierwszym filmem, jaki obejrza\u0142em, by\u0142 Pucybut (1954, re\u017c. Prakash Arora, przyp. RH). To by\u0142o co\u015b pi\u0119knego, zupe\u0142nie inna ekspresja. W Polsce aktorzy grali ch\u0142odno, teatralnie a tam? Ile emocji! Urzek\u0142a mnie te\u017c muzyka. R\u00f3\u017cna od tego, co znamy, taka bardziej\u2026 mistyczna. Mo\u017ce nie do ka\u017cdego to trafia? Mo\u017ce jestem bardziej wra\u017cliwy na muzyk\u0119, ale to mnie porwa\u0142o. Ogl\u0105da\u0142em indyjskie kino na\u0142ogowo.<\/p>\n<p>Nale\u017cy pochwali\u0107 \u00f3wczesne w\u0142adze pa\u0144stwowej kinematografii, czego nie mo\u017cna powiedzie\u0107 o wsp\u00f3\u0142czesnych. Bo oni nie potrafi\u0105 \u015bci\u0105gn\u0105\u0107 dzi\u015b film\u00f3w warto\u015bciowych, tylko niestety same szmiry. Je\u017celi ju\u017c co\u015b si\u0119 w telewizji pokazuje to tylko przeboje bollywoodzkie, kt\u00f3re nie pokazuj\u0105 prawdziwych Indii. W latach pi\u0119\u0107dziesi\u0105tych, sze\u015b\u0107dziesi\u0105tych, za czas\u00f3w komuny, \u015bci\u0105gni\u0119to najwspanialsze dzie\u0142a neorealizmu indyjskiego. Wtedy potrafili, a dzi\u015b nie. Je\u017celi obecnie kto\u015b chce dotrze\u0107 do warto\u015bciowych film\u00f3w indyjskich, to musi si\u0119 naszpera\u0107.<\/p>\n<p><strong>A\u017c tak \u017ale?<\/strong><\/p>\n<p>Niestety. Ambitne kino indyjskie dalej powstaje, ale trzeba wyj\u015b\u0107 poza Bollywood. Ostatnio na TVP Kultura puszczano <em>Ostatni Taniec<\/em> (1999, re\u017c. Shaji N. Karun przyp. RH). Chwa\u0142a tej stacji za to! Bo jest jedyn\u0105, kt\u00f3ra czasem co\u015b warto\u015bciowego poka\u017ce. Zainteresowanie Indiami pog\u0142\u0119bia\u0142em te\u017c przez literatur\u0119, czyta\u0142em takie ksi\u0105\u017cki jak <em>Wielkie Serce<\/em> Mulk Raj Anandy czy opowiadania Narayana, albo <em>Muzyka dla Mohini<\/em> Bhabani Bhattachary. Pi\u0119kna ksi\u0105\u017cka i dlaczego jej nie wznawiaj\u0105?<\/p>\n<p><strong>Czyli uczy\u0142 si\u0119 Pan kultury przez literatur\u0119 i film.<\/strong><\/p>\n<p>To wszystko sprawi\u0142o, \u017ce gdy po raz pierwszy znalaz\u0142em si\u0119 w Indiach, to nie czu\u0142em si\u0119 obco. Tak jakbym przyjecha\u0142 do dawno niewidzianych przyjaci\u00f3\u0142.<\/p>\n<figure id=\"attachment_1677\" aria-describedby=\"caption-attachment-1677\" style=\"width: 1000px\" class=\"wp-caption alignnone\"><img loading=\"lazy\" decoding=\"async\" data-attachment-id=\"1677\" data-permalink=\"https:\/\/wloczykij.org\/blog\/2016\/03\/02\/wagabunda-senior-cz-i-tadeusz-platek-czuc-sympatie-do-narodow-ktore-sie-odwiedza\/benarez-2008\/\" data-orig-file=\"https:\/\/wloczykij.org\/blog\/wp-content\/uploads\/sites\/2\/2016\/03\/Benarez-2008.jpg\" data-orig-size=\"1679,1019\" data-comments-opened=\"0\" data-image-meta=\"{&quot;aperture&quot;:&quot;0&quot;,&quot;credit&quot;:&quot;&quot;,&quot;camera&quot;:&quot;&quot;,&quot;caption&quot;:&quot;&quot;,&quot;created_timestamp&quot;:&quot;0&quot;,&quot;copyright&quot;:&quot;&quot;,&quot;focal_length&quot;:&quot;0&quot;,&quot;iso&quot;:&quot;0&quot;,&quot;shutter_speed&quot;:&quot;0&quot;,&quot;title&quot;:&quot;&quot;,&quot;orientation&quot;:&quot;0&quot;}\" data-image-title=\"Benarez 2008\" data-image-description=\"\" data-image-caption=\"&lt;p&gt;Ghaty w Waranasi &lt;br \/&gt; Fot. Tadeusz P\u0142atek&lt;\/p&gt;\n\" data-large-file=\"https:\/\/wloczykij.org\/blog\/wp-content\/uploads\/sites\/2\/2016\/03\/Benarez-2008-1000x607.jpg\" class=\"wp-image-1677\" src=\"https:\/\/wloczykij.org\/blog\/wp-content\/uploads\/sites\/2\/2016\/03\/Benarez-2008-1024x621.jpg\" alt=\"Ghaty w Waranasi Fot. Tadeusz P\u0142atek\" width=\"1000\" height=\"607\" \/><figcaption id=\"caption-attachment-1677\" class=\"wp-caption-text\">Ghaty w Waranasi <br \/>Fot. Tadeusz P\u0142atek<\/figcaption><\/figure>\n<p><strong>A jak Pan wspomina drog\u0119 l\u0105dow\u0105? Czy by\u0142a jaka\u015b trudniejsza sytuacja? Chwila zw\u0105tpienia?<\/strong><\/p>\n<p>Nie by\u0142o. By\u0142o fascynuj\u0105co. Co za zabytki, Hagia Sophia\u2026 Stambu\u0142 to ostatnie miasto gdzie obowi\u0105zuj\u0105 europejskie warunki. Piesi jeszcze mog\u0105 bezpiecznie przechodzi\u0107 przez pasy. Za czas\u00f3w komuny je\u017adzi\u0142em te\u017c po Europie poci\u0105gami.<\/p>\n<p><strong>Jednak Iran i Pakistan w powszechnej opinii to kraje niebezpieczne.<\/strong><\/p>\n<p>Ot\u00f3\u017c nic podobnego. Iran jest pa\u0144stwem policyjnym, a takie s\u0105 najbardziej bezpieczne (\u015bmiech). Zreszt\u0105 niezale\u017cnie od tego, ludzie s\u0105 naprawd\u0119 \u017cyczliwi i uczynni. To odizolowanie Iranu od czas\u00f3w Chomeiniego sprawi\u0142o, \u017ce ludzie s\u0105 ciekawi \u015bwiata. \u017badnego zagro\u017cenia czy niebezpiecze\u0144stwa. Du\u017c\u0105 serdeczno\u015bci\u0105 darz\u0105 Polak\u00f3w, ale nale\u017cy pami\u0119ta\u0107, by nie m\u00f3wi\u0107 Poland, bo im si\u0119 to mo\u017ce skojarzy\u0107 z Holandi\u0105, a ten kraj ju\u017c takiej dobrej opinii w Iranie nie ma. Polska j\u0119zyku farsi to Lechistan. Naprawd\u0119 ta nazwa budzi sympati\u0119 w Iranie.<\/p>\n<p>Je\u015bli chodzi o Pakistan, to ja te\u017c nie mog\u0105 nic z\u0142ego powiedzie\u0107. Bardzo uczynni ludzie.<\/p>\n<p><strong>Tajemnic\u0105 poliszynela jest, \u017ce Kweta, miasto, w kt\u00f3rym si\u0119 Pan zatrzyma\u0142, to nieoficjalna stolica talib\u00f3w.<\/strong><\/p>\n<p>Niech B\u00f3g broni! Zreszt\u0105 nie s\u0105dz\u0119, \u017ceby si\u0119 czepiali turyst\u00f3w takich jak ja. Prawd\u0119 m\u00f3wi\u0105c, Kweta nie jest miastem specjalnie ciekawym, poniewa\u017c w 1935 roku dotkn\u0119\u0142o je silne trz\u0119sienie ziemi i dzi\u015b wi\u0119kszo\u015b\u0107 budynk\u00f3w jest w stylu europejskim. Za to natkn\u0105\u0142em si\u0119 tam na tablic\u0119 upami\u0119tniaj\u0105c\u0105 brytyjski batalion. By\u0142y tam dwa nazwiska polskie! Co do islamu, to w tym mie\u015bcie pewien brodaty m\u0119\u017cczyzna, mo\u017ce mu\u0142\u0142a, pomaga\u0142 mi naprawi\u0107 plecak. W Kwecie widzia\u0142em te\u017c du\u017cy ko\u015bci\u00f3\u0142 metodyst\u00f3w.<\/p>\n<div data-carousel-extra='{&quot;blog_id&quot;:2,&quot;permalink&quot;:&quot;https:\/\/wloczykij.org\/blog\/2016\/03\/02\/wagabunda-senior-cz-i-tadeusz-platek-czuc-sympatie-do-narodow-ktore-sie-odwiedza\/&quot;}' id='gallery-2' class='gallery galleryid-1673 gallery-columns-3 gallery-size-large'><figure class='gallery-item'>\n\t\t\t<div class='gallery-icon portrait'>\n\t\t\t\t<a href='https:\/\/wloczykij.org\/blog\/2016\/03\/02\/wagabunda-senior-cz-i-tadeusz-platek-czuc-sympatie-do-narodow-ktore-sie-odwiedza\/tadeusz-platek-2008\/'><img loading=\"lazy\" decoding=\"async\" width=\"599\" height=\"1000\" src=\"https:\/\/wloczykij.org\/blog\/wp-content\/uploads\/sites\/2\/2016\/03\/Tadeusz-P\u0142atek-2008-599x1000.jpg\" class=\"attachment-large size-large\" alt=\"\" aria-describedby=\"gallery-2-1685\" srcset=\"https:\/\/wloczykij.org\/blog\/wp-content\/uploads\/sites\/2\/2016\/03\/Tadeusz-P\u0142atek-2008-599x1000.jpg 599w, https:\/\/wloczykij.org\/blog\/wp-content\/uploads\/sites\/2\/2016\/03\/Tadeusz-P\u0142atek-2008-460x768.jpg 460w, https:\/\/wloczykij.org\/blog\/wp-content\/uploads\/sites\/2\/2016\/03\/Tadeusz-P\u0142atek-2008.jpg 708w\" sizes=\"auto, (max-width: 599px) 100vw, 599px\" data-attachment-id=\"1685\" data-permalink=\"https:\/\/wloczykij.org\/blog\/2016\/03\/02\/wagabunda-senior-cz-i-tadeusz-platek-czuc-sympatie-do-narodow-ktore-sie-odwiedza\/tadeusz-platek-2008\/\" data-orig-file=\"https:\/\/wloczykij.org\/blog\/wp-content\/uploads\/sites\/2\/2016\/03\/Tadeusz-P\u0142atek-2008.jpg\" data-orig-size=\"708,1181\" data-comments-opened=\"0\" data-image-meta=\"{&quot;aperture&quot;:&quot;0&quot;,&quot;credit&quot;:&quot;&quot;,&quot;camera&quot;:&quot;&quot;,&quot;caption&quot;:&quot;&quot;,&quot;created_timestamp&quot;:&quot;0&quot;,&quot;copyright&quot;:&quot;&quot;,&quot;focal_length&quot;:&quot;0&quot;,&quot;iso&quot;:&quot;0&quot;,&quot;shutter_speed&quot;:&quot;0&quot;,&quot;title&quot;:&quot;&quot;,&quot;orientation&quot;:&quot;0&quot;}\" data-image-title=\"Tadeusz P\u0142atek 2008\" data-image-description=\"\" data-image-caption=\"&lt;p&gt;Pan Tadeusz w Indiach &lt;br \/&gt; Fot. archiwum Tadeusza P\u0142atka &lt;\/p&gt;\n\" data-large-file=\"https:\/\/wloczykij.org\/blog\/wp-content\/uploads\/sites\/2\/2016\/03\/Tadeusz-P\u0142atek-2008-599x1000.jpg\" \/><\/a>\n\t\t\t<\/div>\n\t\t\t\t<figcaption class='wp-caption-text gallery-caption' id='gallery-2-1685'>\n\t\t\t\tPan Tadeusz w Indiach <br\/> Fot. archiwum Tadeusza P\u0142atka \n\t\t\t\t<\/figcaption><\/figure><figure class='gallery-item'>\n\t\t\t<div class='gallery-icon landscape'>\n\t\t\t\t<a href='https:\/\/wloczykij.org\/blog\/2016\/03\/02\/wagabunda-senior-cz-i-tadeusz-platek-czuc-sympatie-do-narodow-ktore-sie-odwiedza\/lahore-2008\/'><img loading=\"lazy\" decoding=\"async\" width=\"640\" height=\"378\" src=\"https:\/\/wloczykij.org\/blog\/wp-content\/uploads\/sites\/2\/2016\/03\/Lahore-2008-1000x591.jpg\" class=\"attachment-large size-large\" alt=\"\" aria-describedby=\"gallery-2-1683\" srcset=\"https:\/\/wloczykij.org\/blog\/wp-content\/uploads\/sites\/2\/2016\/03\/Lahore-2008-1000x591.jpg 1000w, https:\/\/wloczykij.org\/blog\/wp-content\/uploads\/sites\/2\/2016\/03\/Lahore-2008-768x454.jpg 768w, https:\/\/wloczykij.org\/blog\/wp-content\/uploads\/sites\/2\/2016\/03\/Lahore-2008-920x544.jpg 920w, https:\/\/wloczykij.org\/blog\/wp-content\/uploads\/sites\/2\/2016\/03\/Lahore-2008-1250x739.jpg 1250w, https:\/\/wloczykij.org\/blog\/wp-content\/uploads\/sites\/2\/2016\/03\/Lahore-2008-1600x946.jpg 1600w, https:\/\/wloczykij.org\/blog\/wp-content\/uploads\/sites\/2\/2016\/03\/Lahore-2008.jpg 1684w\" sizes=\"auto, (max-width: 640px) 100vw, 640px\" data-attachment-id=\"1683\" data-permalink=\"https:\/\/wloczykij.org\/blog\/2016\/03\/02\/wagabunda-senior-cz-i-tadeusz-platek-czuc-sympatie-do-narodow-ktore-sie-odwiedza\/lahore-2008\/\" data-orig-file=\"https:\/\/wloczykij.org\/blog\/wp-content\/uploads\/sites\/2\/2016\/03\/Lahore-2008.jpg\" data-orig-size=\"1684,996\" data-comments-opened=\"0\" data-image-meta=\"{&quot;aperture&quot;:&quot;0&quot;,&quot;credit&quot;:&quot;&quot;,&quot;camera&quot;:&quot;&quot;,&quot;caption&quot;:&quot;&quot;,&quot;created_timestamp&quot;:&quot;0&quot;,&quot;copyright&quot;:&quot;&quot;,&quot;focal_length&quot;:&quot;0&quot;,&quot;iso&quot;:&quot;0&quot;,&quot;shutter_speed&quot;:&quot;0&quot;,&quot;title&quot;:&quot;&quot;,&quot;orientation&quot;:&quot;0&quot;}\" data-image-title=\"Lahore 2008\" data-image-description=\"\" data-image-caption=\"&lt;p&gt;Lahore, 2008 &lt;br \/&gt; Fot. Tadeusz P\u0142atek&lt;\/p&gt;\n\" data-large-file=\"https:\/\/wloczykij.org\/blog\/wp-content\/uploads\/sites\/2\/2016\/03\/Lahore-2008-1000x591.jpg\" \/><\/a>\n\t\t\t<\/div>\n\t\t\t\t<figcaption class='wp-caption-text gallery-caption' id='gallery-2-1683'>\n\t\t\t\tLahore, 2008 <br\/> Fot. Tadeusz P\u0142atek\n\t\t\t\t<\/figcaption><\/figure><figure class='gallery-item'>\n\t\t\t<div class='gallery-icon landscape'>\n\t\t\t\t<a href='https:\/\/wloczykij.org\/blog\/2016\/03\/02\/wagabunda-senior-cz-i-tadeusz-platek-czuc-sympatie-do-narodow-ktore-sie-odwiedza\/dzieci-w-dzielnicy-muzulmanskiej-w-benarez-2008\/'><img loading=\"lazy\" decoding=\"async\" width=\"640\" height=\"468\" src=\"https:\/\/wloczykij.org\/blog\/wp-content\/uploads\/sites\/2\/2016\/03\/dzieci-w-dzielnicy-muzu\u0142ma\u0144skiej-w-Benarez-2008-1000x731.jpg\" class=\"attachment-large size-large\" alt=\"\" aria-describedby=\"gallery-2-1679\" srcset=\"https:\/\/wloczykij.org\/blog\/wp-content\/uploads\/sites\/2\/2016\/03\/dzieci-w-dzielnicy-muzu\u0142ma\u0144skiej-w-Benarez-2008-1000x731.jpg 1000w, https:\/\/wloczykij.org\/blog\/wp-content\/uploads\/sites\/2\/2016\/03\/dzieci-w-dzielnicy-muzu\u0142ma\u0144skiej-w-Benarez-2008-768x561.jpg 768w, https:\/\/wloczykij.org\/blog\/wp-content\/uploads\/sites\/2\/2016\/03\/dzieci-w-dzielnicy-muzu\u0142ma\u0144skiej-w-Benarez-2008-920x672.jpg 920w, https:\/\/wloczykij.org\/blog\/wp-content\/uploads\/sites\/2\/2016\/03\/dzieci-w-dzielnicy-muzu\u0142ma\u0144skiej-w-Benarez-2008.jpg 1181w\" sizes=\"auto, (max-width: 640px) 100vw, 640px\" data-attachment-id=\"1679\" data-permalink=\"https:\/\/wloczykij.org\/blog\/2016\/03\/02\/wagabunda-senior-cz-i-tadeusz-platek-czuc-sympatie-do-narodow-ktore-sie-odwiedza\/dzieci-w-dzielnicy-muzulmanskiej-w-benarez-2008\/\" data-orig-file=\"https:\/\/wloczykij.org\/blog\/wp-content\/uploads\/sites\/2\/2016\/03\/dzieci-w-dzielnicy-muzu\u0142ma\u0144skiej-w-Benarez-2008.jpg\" data-orig-size=\"1181,863\" data-comments-opened=\"0\" data-image-meta=\"{&quot;aperture&quot;:&quot;0&quot;,&quot;credit&quot;:&quot;&quot;,&quot;camera&quot;:&quot;&quot;,&quot;caption&quot;:&quot;&quot;,&quot;created_timestamp&quot;:&quot;0&quot;,&quot;copyright&quot;:&quot;&quot;,&quot;focal_length&quot;:&quot;0&quot;,&quot;iso&quot;:&quot;0&quot;,&quot;shutter_speed&quot;:&quot;0&quot;,&quot;title&quot;:&quot;&quot;,&quot;orientation&quot;:&quot;0&quot;}\" data-image-title=\"dzieci w dzielnicy muzu\u0142ma\u0144skiej w Benarez 2008\" data-image-description=\"\" data-image-caption=\"&lt;p&gt;Dzieciaki w muzu\u0142ma\u0144skiej dzielnicy Waranasi &lt;br \/&gt; Fot. Tadeusz P\u0142atek&lt;\/p&gt;\n\" data-large-file=\"https:\/\/wloczykij.org\/blog\/wp-content\/uploads\/sites\/2\/2016\/03\/dzieci-w-dzielnicy-muzu\u0142ma\u0144skiej-w-Benarez-2008-1000x731.jpg\" \/><\/a>\n\t\t\t<\/div>\n\t\t\t\t<figcaption class='wp-caption-text gallery-caption' id='gallery-2-1679'>\n\t\t\t\tDzieciaki w muzu\u0142ma\u0144skiej dzielnicy Waranasi <br\/> Fot. Tadeusz P\u0142atek\n\t\t\t\t<\/figcaption><\/figure>\n\t\t<\/div>\n\n<p><strong>Dzi\u015b w Polsce mo\u017cna zauwa\u017cy\u0107 wzrost nastroj\u00f3w islamofobicznych.<\/strong><\/p>\n<p>To robi\u0105 mass media. Ludzie zachowuj\u0105 si\u0119 drastycznie w skrajnych sytuacjach, takich jak w Syrii. Tam, gdzie muzu\u0142manie \u017cyj\u0105 w pokoju, nie ma \u017cadnych problem\u00f3w. W Iranie i w Pakistanie spotka\u0142em wielu \u017cyczliwych i uczynnych muzu\u0142man\u00f3w. Naprawd\u0119 byli w porz\u0105dku. Oczywi\u015bcie zachowanie tych ludzi na emigracji to inna kwestia, nie \u017cyj\u0105 w \u015brodowisku dla siebie naturalnym. Zreszt\u0105, czy Polacy wsz\u0119dzie za granic\u0105 zachowuj\u0105 si\u0119 dobrze?<\/p>\n<p><strong>A jak Pan si\u0119 komunikowa\u0142?<\/strong><\/p>\n<p>Specjalnie rok przed podr\u00f3\u017c\u0105 rozpocz\u0105\u0142em nauk\u0119 j\u0119zyka hindi. Hindusi bardzo lubi\u0105, jak si\u0119 przem\u00f3wi w ich j\u0119zyku. To naprawd\u0119 zupe\u0142nie zmienia perspektyw\u0119. Oczywi\u015bcie angielski te\u017c jest bardzo wa\u017cny. Zw\u0142aszcza \u017ce w hindi nie wsz\u0119dzie w Indiach si\u0119 porozumiemy.<\/p>\n<p><strong>Od podstaw\u00f3wki interesowa\u0142 si\u0119 Pan Indiami. Odwiedzi\u0107 wymarzony kraj uda\u0142o si\u0119 Panu w okolicach emerytury. Czy Pana oczekiwania po tylu latach fascynacji si\u0119 spe\u0142ni\u0142y?<\/strong><\/p>\n<p>Zna\u0142em kino, zna\u0142em kultur\u0119, zna\u0142em sztuk\u0119, religi\u0119\u2026 zna\u0142em troch\u0119 j\u0119zyk. Hindusi od razu to wyczuli i docenili. Oni maj\u0105 du\u017c\u0105 intuicj\u0119, co do ludzi i ich intencji. Wi\u0119c wszystko posz\u0142o tak jak w moim nazwisku: jak z p\u0142atka. (\u015bmiech). Mam zreszt\u0105 nadziej\u0119 nied\u0142ugo znowu w Indiach zawita\u0107.<\/p>\n<figure id=\"attachment_1682\" aria-describedby=\"caption-attachment-1682\" style=\"width: 1000px\" class=\"wp-caption alignnone\"><img loading=\"lazy\" decoding=\"async\" data-attachment-id=\"1682\" data-permalink=\"https:\/\/wloczykij.org\/blog\/2016\/03\/02\/wagabunda-senior-cz-i-tadeusz-platek-czuc-sympatie-do-narodow-ktore-sie-odwiedza\/lahore-2008-a\/\" data-orig-file=\"https:\/\/wloczykij.org\/blog\/wp-content\/uploads\/sites\/2\/2016\/03\/Lahore-2008-a.jpg\" data-orig-size=\"1688,1043\" data-comments-opened=\"0\" data-image-meta=\"{&quot;aperture&quot;:&quot;0&quot;,&quot;credit&quot;:&quot;&quot;,&quot;camera&quot;:&quot;&quot;,&quot;caption&quot;:&quot;&quot;,&quot;created_timestamp&quot;:&quot;0&quot;,&quot;copyright&quot;:&quot;&quot;,&quot;focal_length&quot;:&quot;0&quot;,&quot;iso&quot;:&quot;0&quot;,&quot;shutter_speed&quot;:&quot;0&quot;,&quot;title&quot;:&quot;&quot;,&quot;orientation&quot;:&quot;0&quot;}\" data-image-title=\"Lahore 2008 a\" data-image-description=\"\" data-image-caption=\"&lt;p&gt;Lahore, 2008 &lt;br \/&gt; Fot. Tadeusz P\u0142atek&lt;\/p&gt;\n\" data-large-file=\"https:\/\/wloczykij.org\/blog\/wp-content\/uploads\/sites\/2\/2016\/03\/Lahore-2008-a-1000x618.jpg\" class=\"wp-image-1682\" src=\"https:\/\/wloczykij.org\/blog\/wp-content\/uploads\/sites\/2\/2016\/03\/Lahore-2008-a-1024x633.jpg\" alt=\"Lahore, 2008 Fot. Tadeusz P\u0142atek\" width=\"1000\" height=\"618\" \/><figcaption id=\"caption-attachment-1682\" class=\"wp-caption-text\">Lahore, 2008 <br \/>Fot. Tadeusz P\u0142atek<\/figcaption><\/figure>\n<p><strong>Jakie s\u0105 najpopularniejsze stereotypy odno\u015bnie do Indii w Polsce?<\/strong><\/p>\n<p>W Polsce my\u015bli si\u0119 o Indiach, \u017ce to brud, smr\u00f3d i ub\u00f3stwo. U nas przed wej\u015bciem do Unii te\u017c w wielu miejscach nie by\u0142o najlepiej. Oczywi\u015bcie Indie s\u0105 krajem biednym. Te ulice mo\u017ce s\u0105 bardziej za\u015bmiecone ni\u017c u nas, ale trzeba podkre\u015bli\u0107 jedno: Hindusi dbaj\u0105 o higien\u0119 osobist\u0105. Nigdzie nie spotka\u0142em si\u0119 z przykrymi zapachami. Ani razu! A jecha\u0142em w zat\u0142oczonych poci\u0105gach i autobusach. Dla nich higiena osobista to \u015bwi\u0119to\u015b\u0107. W Polsce rozpisuje si\u0119 o indyjskich \u017cebrakach, ale naprawd\u0119 nie jest to rzecz nagminna. Nie widzia\u0142em te\u017c \u017cebrz\u0105cych dzieci. Czyta\u0142em tak\u0105 ksi\u0105\u017ck\u0119 <em>Lalki w ogniu<\/em>. Te wszystkie opisy dzieci. Nie m\u00f3wi\u0119, \u017ce tego nie ma. Jak kto\u015b tego szuka to znajdzie, ale mam wra\u017cenie, \u017ce wielu publicyst\u00f3w w Polsce ma jaki\u015b kompleks ni\u017cszo\u015bci, dlatego wyolbrzymia pojawiaj\u0105ce si\u0119 w innych krajach patologie.<\/p>\n<p><strong>Czy widzi Pan jakie\u015b przewagi, jakie osoba starsza mo\u017ce mie\u0107 podczas podr\u00f3\u017cy nad lud\u017ami m\u0142odymi?<\/strong><\/p>\n<p>Niespecjalnie. Oczywi\u015bcie te narody, kt\u00f3re odwiedzi\u0142em, bardzo szanuj\u0105 osoby starsze. Ale Indie po prostu nie s\u0105 dla ka\u017cdego. Obecnie zdobycie wizy do Pakistanu dla os\u00f3b starszych mo\u017ce by\u0107 \u0142atwiejsze. Bo kto by chcia\u0142 nas porywa\u0107! (\u015bmiech)<\/p>\n<p>Czyta\u0142em tak\u0105 histori\u0119 o osiemdziesi\u0119ciu siedmiolatku, kt\u00f3ry dowiedzia\u0142 si\u0119, \u017ce ma raka krwi i czeka go zaledwie kilka lat \u017cycia. Wyruszy\u0142 wi\u0119c w podr\u00f3\u017c dooko\u0142a \u015bwiata. Po roku okaza\u0142o si\u0119, \u017ce nie ma \u015bladu raka. Cud czy co? Mimo takiego wieku podr\u00f3\u017cowa\u0142 sobie. Da si\u0119!<\/p>\n<p><strong>A rada dla podr\u00f3\u017cuj\u0105cych m\u0142odzian\u00f3w?<\/strong><\/p>\n<p>Nale\u017cy czu\u0107 sympati\u0119 do narod\u00f3w, kt\u00f3re si\u0119 odwiedza. Tubylcy to \u015bwietnie wyczuj\u0105 i nie b\u0119dzie problemu.<\/p>\n<figure id=\"attachment_1686\" aria-describedby=\"caption-attachment-1686\" style=\"width: 1000px\" class=\"wp-caption alignnone\"><img loading=\"lazy\" decoding=\"async\" data-attachment-id=\"1686\" data-permalink=\"https:\/\/wloczykij.org\/blog\/2016\/03\/02\/wagabunda-senior-cz-i-tadeusz-platek-czuc-sympatie-do-narodow-ktore-sie-odwiedza\/udajpur-2011\/\" data-orig-file=\"https:\/\/wloczykij.org\/blog\/wp-content\/uploads\/sites\/2\/2016\/03\/Udajpur-2011.jpg\" data-orig-size=\"1181,788\" data-comments-opened=\"0\" data-image-meta=\"{&quot;aperture&quot;:&quot;0&quot;,&quot;credit&quot;:&quot;&quot;,&quot;camera&quot;:&quot;&quot;,&quot;caption&quot;:&quot;&quot;,&quot;created_timestamp&quot;:&quot;0&quot;,&quot;copyright&quot;:&quot;&quot;,&quot;focal_length&quot;:&quot;0&quot;,&quot;iso&quot;:&quot;0&quot;,&quot;shutter_speed&quot;:&quot;0&quot;,&quot;title&quot;:&quot;&quot;,&quot;orientation&quot;:&quot;0&quot;}\" data-image-title=\"Udajpur 2011\" data-image-description=\"\" data-image-caption=\"&lt;p&gt;Udajpur, 2011 &lt;br \/&gt; Fot. Tadeusz P\u0142atek&lt;\/p&gt;\n\" data-large-file=\"https:\/\/wloczykij.org\/blog\/wp-content\/uploads\/sites\/2\/2016\/03\/Udajpur-2011-1000x667.jpg\" class=\"wp-image-1686\" src=\"https:\/\/wloczykij.org\/blog\/wp-content\/uploads\/sites\/2\/2016\/03\/Udajpur-2011-1024x683.jpg\" alt=\"Udajpur, 2011 Fot. Tadeusz P\u0142atek\" width=\"1000\" height=\"667\" \/><figcaption id=\"caption-attachment-1686\" class=\"wp-caption-text\">Udajpur, 2011 <br \/>Fot. Tadeusz P\u0142atek<\/figcaption><\/figure>\n<p>&nbsp;<\/p>\n","protected":false},"excerpt":{"rendered":"<p>Tekst do przeczytania te\u017c na peronie4. Emerytura daje wielu osobom szans\u0119 na pog\u0142\u0119bienie zainteresowa\u0144. Dla Pana Tadeusza pasj\u0105 by\u0142y Indie, kt\u00f3re od 2008 roku odwiedzi\u0142 ju\u017c trzykrotnie, docieraj\u0105c do kraju Gandhiego tak\u017ce drog\u0105 l\u0105dow\u0105. Pomimo przekroczenia siedemdziesi\u0105tki nie zamierza z podr\u00f3\u017cy rezygnowa\u0107 i o swoich do\u015bwiadczeniach zgodzi\u0142 si\u0119 nam opowiedzie\u0107. Wi\u0119kszo\u015b\u0107 os\u00f3b starszych, je\u015bli podr\u00f3\u017cuje &hellip; <\/p>\n","protected":false},"author":1,"featured_media":1684,"comment_status":"open","ping_status":"open","sticky":false,"template":"","format":"standard","meta":{"_jetpack_memberships_contains_paid_content":false,"footnotes":"","jetpack_publicize_message":"","jetpack_publicize_feature_enabled":true,"jetpack_social_post_already_shared":true,"jetpack_social_options":{"image_generator_settings":{"template":"highway","default_image_id":0,"font":"","enabled":false},"version":2}},"categories":[4,426],"tags":[59,229,228,145],"class_list":["post-1673","post","type-post","status-publish","format-standard","has-post-thumbnail","hentry","category-o-podrozowaniu","category-wywiad","tag-indie","tag-tadeusz-platek","tag-wagabunda-senior","tag-wywiad"],"yoast_head":"<!-- This site is optimized with the Yoast SEO plugin v27.5 - https:\/\/yoast.com\/product\/yoast-seo-wordpress\/ -->\n<title>WAGABUNDA SENIOR cz. I Tadeusz P\u0142atek &quot;Czu\u0107 sympati\u0119 do narod\u00f3w, kt\u00f3re si\u0119 odwiedza&quot; - W\u0142\u00f3czykij - Roman Husarski<\/title>\n<meta name=\"robots\" content=\"index, follow, max-snippet:-1, max-image-preview:large, max-video-preview:-1\" \/>\n<link rel=\"canonical\" href=\"https:\/\/wloczykij.org\/blog\/2016\/03\/02\/wagabunda-senior-cz-i-tadeusz-platek-czuc-sympatie-do-narodow-ktore-sie-odwiedza\/\" \/>\n<meta property=\"og:locale\" content=\"pl_PL\" \/>\n<meta property=\"og:type\" content=\"article\" \/>\n<meta property=\"og:title\" content=\"WAGABUNDA SENIOR cz. I Tadeusz P\u0142atek &quot;Czu\u0107 sympati\u0119 do narod\u00f3w, kt\u00f3re si\u0119 odwiedza&quot; - W\u0142\u00f3czykij - Roman Husarski\" \/>\n<meta property=\"og:description\" content=\"Tekst do przeczytania te\u017c na peronie4. Emerytura daje wielu osobom szans\u0119 na pog\u0142\u0119bienie zainteresowa\u0144. Dla Pana Tadeusza pasj\u0105 by\u0142y Indie, kt\u00f3re od 2008 roku odwiedzi\u0142 ju\u017c trzykrotnie, docieraj\u0105c do kraju Gandhiego tak\u017ce drog\u0105 l\u0105dow\u0105. Pomimo przekroczenia siedemdziesi\u0105tki nie zamierza z podr\u00f3\u017cy rezygnowa\u0107 i o swoich do\u015bwiadczeniach zgodzi\u0142 si\u0119 nam opowiedzie\u0107. Wi\u0119kszo\u015b\u0107 os\u00f3b starszych, je\u015bli podr\u00f3\u017cuje &hellip;\" \/>\n<meta property=\"og:url\" content=\"https:\/\/wloczykij.org\/blog\/2016\/03\/02\/wagabunda-senior-cz-i-tadeusz-platek-czuc-sympatie-do-narodow-ktore-sie-odwiedza\/\" \/>\n<meta property=\"og:site_name\" content=\"W\u0142\u00f3czykij - Roman Husarski\" \/>\n<meta property=\"article:publisher\" content=\"https:\/\/www.facebook.com\/pages\/W%c5%82%c3%b3czykij\/282838631839707\" \/>\n<meta property=\"article:published_time\" content=\"2016-03-02T15:43:39+00:00\" \/>\n<meta property=\"article:modified_time\" content=\"2022-03-20T14:28:42+00:00\" \/>\n<meta property=\"og:image\" content=\"https:\/\/wloczykij.org\/blog\/wp-content\/uploads\/sites\/2\/2016\/03\/Tadeusz-P\u0142atek-2008-nr.2.jpg\" \/>\n\t<meta property=\"og:image:width\" content=\"1181\" \/>\n\t<meta property=\"og:image:height\" content=\"711\" \/>\n\t<meta property=\"og:image:type\" content=\"image\/jpeg\" \/>\n<meta name=\"author\" content=\"Roman\" \/>\n<meta name=\"twitter:label1\" content=\"Napisane przez\" \/>\n\t<meta name=\"twitter:data1\" content=\"Roman\" \/>\n\t<meta name=\"twitter:label2\" content=\"Szacowany czas czytania\" \/>\n\t<meta name=\"twitter:data2\" content=\"7 minut\" \/>\n<script type=\"application\/ld+json\" class=\"yoast-schema-graph\">{\"@context\":\"https:\\\/\\\/schema.org\",\"@graph\":[{\"@type\":\"Article\",\"@id\":\"https:\\\/\\\/wloczykij.org\\\/blog\\\/2016\\\/03\\\/02\\\/wagabunda-senior-cz-i-tadeusz-platek-czuc-sympatie-do-narodow-ktore-sie-odwiedza\\\/#article\",\"isPartOf\":{\"@id\":\"https:\\\/\\\/wloczykij.org\\\/blog\\\/2016\\\/03\\\/02\\\/wagabunda-senior-cz-i-tadeusz-platek-czuc-sympatie-do-narodow-ktore-sie-odwiedza\\\/\"},\"author\":{\"name\":\"Roman\",\"@id\":\"https:\\\/\\\/wloczykij.org\\\/blog\\\/#\\\/schema\\\/person\\\/5715e17c214052b93c6c53e27ea498e5\"},\"headline\":\"WAGABUNDA SENIOR cz. I Tadeusz P\u0142atek &#8222;Czu\u0107 sympati\u0119 do narod\u00f3w, kt\u00f3re si\u0119 odwiedza&#8221;\",\"datePublished\":\"2016-03-02T15:43:39+00:00\",\"dateModified\":\"2022-03-20T14:28:42+00:00\",\"mainEntityOfPage\":{\"@id\":\"https:\\\/\\\/wloczykij.org\\\/blog\\\/2016\\\/03\\\/02\\\/wagabunda-senior-cz-i-tadeusz-platek-czuc-sympatie-do-narodow-ktore-sie-odwiedza\\\/\"},\"wordCount\":1458,\"commentCount\":1,\"image\":{\"@id\":\"https:\\\/\\\/wloczykij.org\\\/blog\\\/2016\\\/03\\\/02\\\/wagabunda-senior-cz-i-tadeusz-platek-czuc-sympatie-do-narodow-ktore-sie-odwiedza\\\/#primaryimage\"},\"thumbnailUrl\":\"https:\\\/\\\/wloczykij.org\\\/blog\\\/wp-content\\\/uploads\\\/sites\\\/2\\\/2016\\\/03\\\/Tadeusz-P\u0142atek-2008-nr.2.jpg\",\"keywords\":[\"Indie\",\"Tadeusz P\u0142atek\",\"Wagabunda Senior\",\"wywiad\"],\"articleSection\":[\"...O PODR\u00d3\u017bOWANIU...\",\"WYWIAD\"],\"inLanguage\":\"pl-PL\",\"potentialAction\":[{\"@type\":\"CommentAction\",\"name\":\"Comment\",\"target\":[\"https:\\\/\\\/wloczykij.org\\\/blog\\\/2016\\\/03\\\/02\\\/wagabunda-senior-cz-i-tadeusz-platek-czuc-sympatie-do-narodow-ktore-sie-odwiedza\\\/#respond\"]}]},{\"@type\":\"WebPage\",\"@id\":\"https:\\\/\\\/wloczykij.org\\\/blog\\\/2016\\\/03\\\/02\\\/wagabunda-senior-cz-i-tadeusz-platek-czuc-sympatie-do-narodow-ktore-sie-odwiedza\\\/\",\"url\":\"https:\\\/\\\/wloczykij.org\\\/blog\\\/2016\\\/03\\\/02\\\/wagabunda-senior-cz-i-tadeusz-platek-czuc-sympatie-do-narodow-ktore-sie-odwiedza\\\/\",\"name\":\"WAGABUNDA SENIOR cz. I Tadeusz P\u0142atek \\\"Czu\u0107 sympati\u0119 do narod\u00f3w, kt\u00f3re si\u0119 odwiedza\\\" - W\u0142\u00f3czykij - Roman Husarski\",\"isPartOf\":{\"@id\":\"https:\\\/\\\/wloczykij.org\\\/blog\\\/#website\"},\"primaryImageOfPage\":{\"@id\":\"https:\\\/\\\/wloczykij.org\\\/blog\\\/2016\\\/03\\\/02\\\/wagabunda-senior-cz-i-tadeusz-platek-czuc-sympatie-do-narodow-ktore-sie-odwiedza\\\/#primaryimage\"},\"image\":{\"@id\":\"https:\\\/\\\/wloczykij.org\\\/blog\\\/2016\\\/03\\\/02\\\/wagabunda-senior-cz-i-tadeusz-platek-czuc-sympatie-do-narodow-ktore-sie-odwiedza\\\/#primaryimage\"},\"thumbnailUrl\":\"https:\\\/\\\/wloczykij.org\\\/blog\\\/wp-content\\\/uploads\\\/sites\\\/2\\\/2016\\\/03\\\/Tadeusz-P\u0142atek-2008-nr.2.jpg\",\"datePublished\":\"2016-03-02T15:43:39+00:00\",\"dateModified\":\"2022-03-20T14:28:42+00:00\",\"author\":{\"@id\":\"https:\\\/\\\/wloczykij.org\\\/blog\\\/#\\\/schema\\\/person\\\/5715e17c214052b93c6c53e27ea498e5\"},\"breadcrumb\":{\"@id\":\"https:\\\/\\\/wloczykij.org\\\/blog\\\/2016\\\/03\\\/02\\\/wagabunda-senior-cz-i-tadeusz-platek-czuc-sympatie-do-narodow-ktore-sie-odwiedza\\\/#breadcrumb\"},\"inLanguage\":\"pl-PL\",\"potentialAction\":[{\"@type\":\"ReadAction\",\"target\":[\"https:\\\/\\\/wloczykij.org\\\/blog\\\/2016\\\/03\\\/02\\\/wagabunda-senior-cz-i-tadeusz-platek-czuc-sympatie-do-narodow-ktore-sie-odwiedza\\\/\"]}]},{\"@type\":\"ImageObject\",\"inLanguage\":\"pl-PL\",\"@id\":\"https:\\\/\\\/wloczykij.org\\\/blog\\\/2016\\\/03\\\/02\\\/wagabunda-senior-cz-i-tadeusz-platek-czuc-sympatie-do-narodow-ktore-sie-odwiedza\\\/#primaryimage\",\"url\":\"https:\\\/\\\/wloczykij.org\\\/blog\\\/wp-content\\\/uploads\\\/sites\\\/2\\\/2016\\\/03\\\/Tadeusz-P\u0142atek-2008-nr.2.jpg\",\"contentUrl\":\"https:\\\/\\\/wloczykij.org\\\/blog\\\/wp-content\\\/uploads\\\/sites\\\/2\\\/2016\\\/03\\\/Tadeusz-P\u0142atek-2008-nr.2.jpg\",\"width\":1181,\"height\":711,\"caption\":\"Do Indii dojecha\u0142em drog\u0105 l\u0105dow\u0105. (Fot. archiwum Tadeusza P\u0142atka)\"},{\"@type\":\"BreadcrumbList\",\"@id\":\"https:\\\/\\\/wloczykij.org\\\/blog\\\/2016\\\/03\\\/02\\\/wagabunda-senior-cz-i-tadeusz-platek-czuc-sympatie-do-narodow-ktore-sie-odwiedza\\\/#breadcrumb\",\"itemListElement\":[{\"@type\":\"ListItem\",\"position\":1,\"name\":\"Strona g\u0142\u00f3wna\",\"item\":\"https:\\\/\\\/wloczykij.org\\\/blog\\\/\"},{\"@type\":\"ListItem\",\"position\":2,\"name\":\"WAGABUNDA SENIOR cz. I Tadeusz P\u0142atek &#8222;Czu\u0107 sympati\u0119 do narod\u00f3w, kt\u00f3re si\u0119 odwiedza&#8221;\"}]},{\"@type\":\"WebSite\",\"@id\":\"https:\\\/\\\/wloczykij.org\\\/blog\\\/#website\",\"url\":\"https:\\\/\\\/wloczykij.org\\\/blog\\\/\",\"name\":\"W\u0142\u00f3czykij - Roman Husarski\",\"description\":\"\",\"potentialAction\":[{\"@type\":\"SearchAction\",\"target\":{\"@type\":\"EntryPoint\",\"urlTemplate\":\"https:\\\/\\\/wloczykij.org\\\/blog\\\/?s={search_term_string}\"},\"query-input\":{\"@type\":\"PropertyValueSpecification\",\"valueRequired\":true,\"valueName\":\"search_term_string\"}}],\"inLanguage\":\"pl-PL\"},{\"@type\":\"Person\",\"@id\":\"https:\\\/\\\/wloczykij.org\\\/blog\\\/#\\\/schema\\\/person\\\/5715e17c214052b93c6c53e27ea498e5\",\"name\":\"Roman\",\"image\":{\"@type\":\"ImageObject\",\"inLanguage\":\"pl-PL\",\"@id\":\"https:\\\/\\\/secure.gravatar.com\\\/avatar\\\/a4ad12ebb0eef153209fb3604f0a54cb2d9993a45803e045e020a86a4527c70b?s=96&d=mm&r=g\",\"url\":\"https:\\\/\\\/secure.gravatar.com\\\/avatar\\\/a4ad12ebb0eef153209fb3604f0a54cb2d9993a45803e045e020a86a4527c70b?s=96&d=mm&r=g\",\"contentUrl\":\"https:\\\/\\\/secure.gravatar.com\\\/avatar\\\/a4ad12ebb0eef153209fb3604f0a54cb2d9993a45803e045e020a86a4527c70b?s=96&d=mm&r=g\",\"caption\":\"Roman\"},\"url\":\"https:\\\/\\\/wloczykij.org\\\/blog\\\/author\\\/remus\\\/\"}]}<\/script>\n<!-- \/ Yoast SEO plugin. -->","yoast_head_json":{"title":"WAGABUNDA SENIOR cz. I Tadeusz P\u0142atek \"Czu\u0107 sympati\u0119 do narod\u00f3w, kt\u00f3re si\u0119 odwiedza\" - W\u0142\u00f3czykij - Roman Husarski","robots":{"index":"index","follow":"follow","max-snippet":"max-snippet:-1","max-image-preview":"max-image-preview:large","max-video-preview":"max-video-preview:-1"},"canonical":"https:\/\/wloczykij.org\/blog\/2016\/03\/02\/wagabunda-senior-cz-i-tadeusz-platek-czuc-sympatie-do-narodow-ktore-sie-odwiedza\/","og_locale":"pl_PL","og_type":"article","og_title":"WAGABUNDA SENIOR cz. I Tadeusz P\u0142atek \"Czu\u0107 sympati\u0119 do narod\u00f3w, kt\u00f3re si\u0119 odwiedza\" - W\u0142\u00f3czykij - Roman Husarski","og_description":"Tekst do przeczytania te\u017c na peronie4. Emerytura daje wielu osobom szans\u0119 na pog\u0142\u0119bienie zainteresowa\u0144. Dla Pana Tadeusza pasj\u0105 by\u0142y Indie, kt\u00f3re od 2008 roku odwiedzi\u0142 ju\u017c trzykrotnie, docieraj\u0105c do kraju Gandhiego tak\u017ce drog\u0105 l\u0105dow\u0105. Pomimo przekroczenia siedemdziesi\u0105tki nie zamierza z podr\u00f3\u017cy rezygnowa\u0107 i o swoich do\u015bwiadczeniach zgodzi\u0142 si\u0119 nam opowiedzie\u0107. Wi\u0119kszo\u015b\u0107 os\u00f3b starszych, je\u015bli podr\u00f3\u017cuje &hellip;","og_url":"https:\/\/wloczykij.org\/blog\/2016\/03\/02\/wagabunda-senior-cz-i-tadeusz-platek-czuc-sympatie-do-narodow-ktore-sie-odwiedza\/","og_site_name":"W\u0142\u00f3czykij - Roman Husarski","article_publisher":"https:\/\/www.facebook.com\/pages\/W%c5%82%c3%b3czykij\/282838631839707","article_published_time":"2016-03-02T15:43:39+00:00","article_modified_time":"2022-03-20T14:28:42+00:00","og_image":[{"width":1181,"height":711,"url":"https:\/\/wloczykij.org\/blog\/wp-content\/uploads\/sites\/2\/2016\/03\/Tadeusz-P\u0142atek-2008-nr.2.jpg","type":"image\/jpeg"}],"author":"Roman","twitter_misc":{"Napisane przez":"Roman","Szacowany czas czytania":"7 minut"},"schema":{"@context":"https:\/\/schema.org","@graph":[{"@type":"Article","@id":"https:\/\/wloczykij.org\/blog\/2016\/03\/02\/wagabunda-senior-cz-i-tadeusz-platek-czuc-sympatie-do-narodow-ktore-sie-odwiedza\/#article","isPartOf":{"@id":"https:\/\/wloczykij.org\/blog\/2016\/03\/02\/wagabunda-senior-cz-i-tadeusz-platek-czuc-sympatie-do-narodow-ktore-sie-odwiedza\/"},"author":{"name":"Roman","@id":"https:\/\/wloczykij.org\/blog\/#\/schema\/person\/5715e17c214052b93c6c53e27ea498e5"},"headline":"WAGABUNDA SENIOR cz. I Tadeusz P\u0142atek &#8222;Czu\u0107 sympati\u0119 do narod\u00f3w, kt\u00f3re si\u0119 odwiedza&#8221;","datePublished":"2016-03-02T15:43:39+00:00","dateModified":"2022-03-20T14:28:42+00:00","mainEntityOfPage":{"@id":"https:\/\/wloczykij.org\/blog\/2016\/03\/02\/wagabunda-senior-cz-i-tadeusz-platek-czuc-sympatie-do-narodow-ktore-sie-odwiedza\/"},"wordCount":1458,"commentCount":1,"image":{"@id":"https:\/\/wloczykij.org\/blog\/2016\/03\/02\/wagabunda-senior-cz-i-tadeusz-platek-czuc-sympatie-do-narodow-ktore-sie-odwiedza\/#primaryimage"},"thumbnailUrl":"https:\/\/wloczykij.org\/blog\/wp-content\/uploads\/sites\/2\/2016\/03\/Tadeusz-P\u0142atek-2008-nr.2.jpg","keywords":["Indie","Tadeusz P\u0142atek","Wagabunda Senior","wywiad"],"articleSection":["...O PODR\u00d3\u017bOWANIU...","WYWIAD"],"inLanguage":"pl-PL","potentialAction":[{"@type":"CommentAction","name":"Comment","target":["https:\/\/wloczykij.org\/blog\/2016\/03\/02\/wagabunda-senior-cz-i-tadeusz-platek-czuc-sympatie-do-narodow-ktore-sie-odwiedza\/#respond"]}]},{"@type":"WebPage","@id":"https:\/\/wloczykij.org\/blog\/2016\/03\/02\/wagabunda-senior-cz-i-tadeusz-platek-czuc-sympatie-do-narodow-ktore-sie-odwiedza\/","url":"https:\/\/wloczykij.org\/blog\/2016\/03\/02\/wagabunda-senior-cz-i-tadeusz-platek-czuc-sympatie-do-narodow-ktore-sie-odwiedza\/","name":"WAGABUNDA SENIOR cz. I Tadeusz P\u0142atek \"Czu\u0107 sympati\u0119 do narod\u00f3w, kt\u00f3re si\u0119 odwiedza\" - W\u0142\u00f3czykij - Roman Husarski","isPartOf":{"@id":"https:\/\/wloczykij.org\/blog\/#website"},"primaryImageOfPage":{"@id":"https:\/\/wloczykij.org\/blog\/2016\/03\/02\/wagabunda-senior-cz-i-tadeusz-platek-czuc-sympatie-do-narodow-ktore-sie-odwiedza\/#primaryimage"},"image":{"@id":"https:\/\/wloczykij.org\/blog\/2016\/03\/02\/wagabunda-senior-cz-i-tadeusz-platek-czuc-sympatie-do-narodow-ktore-sie-odwiedza\/#primaryimage"},"thumbnailUrl":"https:\/\/wloczykij.org\/blog\/wp-content\/uploads\/sites\/2\/2016\/03\/Tadeusz-P\u0142atek-2008-nr.2.jpg","datePublished":"2016-03-02T15:43:39+00:00","dateModified":"2022-03-20T14:28:42+00:00","author":{"@id":"https:\/\/wloczykij.org\/blog\/#\/schema\/person\/5715e17c214052b93c6c53e27ea498e5"},"breadcrumb":{"@id":"https:\/\/wloczykij.org\/blog\/2016\/03\/02\/wagabunda-senior-cz-i-tadeusz-platek-czuc-sympatie-do-narodow-ktore-sie-odwiedza\/#breadcrumb"},"inLanguage":"pl-PL","potentialAction":[{"@type":"ReadAction","target":["https:\/\/wloczykij.org\/blog\/2016\/03\/02\/wagabunda-senior-cz-i-tadeusz-platek-czuc-sympatie-do-narodow-ktore-sie-odwiedza\/"]}]},{"@type":"ImageObject","inLanguage":"pl-PL","@id":"https:\/\/wloczykij.org\/blog\/2016\/03\/02\/wagabunda-senior-cz-i-tadeusz-platek-czuc-sympatie-do-narodow-ktore-sie-odwiedza\/#primaryimage","url":"https:\/\/wloczykij.org\/blog\/wp-content\/uploads\/sites\/2\/2016\/03\/Tadeusz-P\u0142atek-2008-nr.2.jpg","contentUrl":"https:\/\/wloczykij.org\/blog\/wp-content\/uploads\/sites\/2\/2016\/03\/Tadeusz-P\u0142atek-2008-nr.2.jpg","width":1181,"height":711,"caption":"Do Indii dojecha\u0142em drog\u0105 l\u0105dow\u0105. (Fot. archiwum Tadeusza P\u0142atka)"},{"@type":"BreadcrumbList","@id":"https:\/\/wloczykij.org\/blog\/2016\/03\/02\/wagabunda-senior-cz-i-tadeusz-platek-czuc-sympatie-do-narodow-ktore-sie-odwiedza\/#breadcrumb","itemListElement":[{"@type":"ListItem","position":1,"name":"Strona g\u0142\u00f3wna","item":"https:\/\/wloczykij.org\/blog\/"},{"@type":"ListItem","position":2,"name":"WAGABUNDA SENIOR cz. I Tadeusz P\u0142atek &#8222;Czu\u0107 sympati\u0119 do narod\u00f3w, kt\u00f3re si\u0119 odwiedza&#8221;"}]},{"@type":"WebSite","@id":"https:\/\/wloczykij.org\/blog\/#website","url":"https:\/\/wloczykij.org\/blog\/","name":"W\u0142\u00f3czykij - Roman Husarski","description":"","potentialAction":[{"@type":"SearchAction","target":{"@type":"EntryPoint","urlTemplate":"https:\/\/wloczykij.org\/blog\/?s={search_term_string}"},"query-input":{"@type":"PropertyValueSpecification","valueRequired":true,"valueName":"search_term_string"}}],"inLanguage":"pl-PL"},{"@type":"Person","@id":"https:\/\/wloczykij.org\/blog\/#\/schema\/person\/5715e17c214052b93c6c53e27ea498e5","name":"Roman","image":{"@type":"ImageObject","inLanguage":"pl-PL","@id":"https:\/\/secure.gravatar.com\/avatar\/a4ad12ebb0eef153209fb3604f0a54cb2d9993a45803e045e020a86a4527c70b?s=96&d=mm&r=g","url":"https:\/\/secure.gravatar.com\/avatar\/a4ad12ebb0eef153209fb3604f0a54cb2d9993a45803e045e020a86a4527c70b?s=96&d=mm&r=g","contentUrl":"https:\/\/secure.gravatar.com\/avatar\/a4ad12ebb0eef153209fb3604f0a54cb2d9993a45803e045e020a86a4527c70b?s=96&d=mm&r=g","caption":"Roman"},"url":"https:\/\/wloczykij.org\/blog\/author\/remus\/"}]}},"jetpack_publicize_connections":[],"jetpack_featured_media_url":"https:\/\/wloczykij.org\/blog\/wp-content\/uploads\/sites\/2\/2016\/03\/Tadeusz-P\u0142atek-2008-nr.2.jpg","jetpack_sharing_enabled":true,"_links":{"self":[{"href":"https:\/\/wloczykij.org\/blog\/wp-json\/wp\/v2\/posts\/1673","targetHints":{"allow":["GET"]}}],"collection":[{"href":"https:\/\/wloczykij.org\/blog\/wp-json\/wp\/v2\/posts"}],"about":[{"href":"https:\/\/wloczykij.org\/blog\/wp-json\/wp\/v2\/types\/post"}],"author":[{"embeddable":true,"href":"https:\/\/wloczykij.org\/blog\/wp-json\/wp\/v2\/users\/1"}],"replies":[{"embeddable":true,"href":"https:\/\/wloczykij.org\/blog\/wp-json\/wp\/v2\/comments?post=1673"}],"version-history":[{"count":2,"href":"https:\/\/wloczykij.org\/blog\/wp-json\/wp\/v2\/posts\/1673\/revisions"}],"predecessor-version":[{"id":3968,"href":"https:\/\/wloczykij.org\/blog\/wp-json\/wp\/v2\/posts\/1673\/revisions\/3968"}],"wp:featuredmedia":[{"embeddable":true,"href":"https:\/\/wloczykij.org\/blog\/wp-json\/wp\/v2\/media\/1684"}],"wp:attachment":[{"href":"https:\/\/wloczykij.org\/blog\/wp-json\/wp\/v2\/media?parent=1673"}],"wp:term":[{"taxonomy":"category","embeddable":true,"href":"https:\/\/wloczykij.org\/blog\/wp-json\/wp\/v2\/categories?post=1673"},{"taxonomy":"post_tag","embeddable":true,"href":"https:\/\/wloczykij.org\/blog\/wp-json\/wp\/v2\/tags?post=1673"}],"curies":[{"name":"wp","href":"https:\/\/api.w.org\/{rel}","templated":true}]}}