{"id":1711,"date":"2016-03-28T23:30:47","date_gmt":"2016-03-28T21:30:47","guid":{"rendered":"https:\/\/wloczykij.org\/blog\/?p=1711"},"modified":"2022-03-20T15:28:16","modified_gmt":"2022-03-20T14:28:16","slug":"kilka-refleksji-na-temat-autostopu-w-polsce","status":"publish","type":"post","link":"https:\/\/wloczykij.org\/blog\/2016\/03\/28\/kilka-refleksji-na-temat-autostopu-w-polsce\/","title":{"rendered":"Kilka refleksji na temat autostopu w Polsce"},"content":{"rendered":"<p><em>Jedziemy autostopem, jedziemy autostopem,<\/em><br \/>\n<em> ej uda\u0142 si\u0119 nam dzisiaj w\u00f3z ten i jego szofer.<\/em><br \/>\n<em> Gdzie szosy bia\u0142a ni\u0107, tam chce si\u0119 bracie \u017cy\u0107.<\/em><br \/>\n<em> I nie martw si\u0119 co b\u0119dzie potem.<\/em><\/p>\n<p><em><a href=\"https:\/\/www.youtube.com\/watch?v=Y-2cPsOXya4\">Autostop<\/a><\/em> Karin Stanek<\/p>\n<figure id=\"attachment_1718\" aria-describedby=\"caption-attachment-1718\" style=\"width: 1000px\" class=\"wp-caption alignnone\"><img loading=\"lazy\" decoding=\"async\" data-attachment-id=\"1718\" data-permalink=\"https:\/\/wloczykij.org\/blog\/2016\/03\/28\/kilka-refleksji-na-temat-autostopu-w-polsce\/3637701d-6f74-4148-aac6-9712b23e6945\/\" data-orig-file=\"https:\/\/wloczykij.org\/blog\/wp-content\/uploads\/sites\/2\/2016\/03\/3637701d-6f74-4148-aac6-9712b23e6945.jpg\" data-orig-size=\"1181,650\" data-comments-opened=\"0\" data-image-meta=\"{&quot;aperture&quot;:&quot;0&quot;,&quot;credit&quot;:&quot;&quot;,&quot;camera&quot;:&quot;&quot;,&quot;caption&quot;:&quot;&quot;,&quot;created_timestamp&quot;:&quot;0&quot;,&quot;copyright&quot;:&quot;&quot;,&quot;focal_length&quot;:&quot;0&quot;,&quot;iso&quot;:&quot;0&quot;,&quot;shutter_speed&quot;:&quot;0&quot;,&quot;title&quot;:&quot;&quot;,&quot;orientation&quot;:&quot;0&quot;}\" data-image-title=\"3637701d-6f74-4148-aac6-9712b23e6945\" data-image-description=\"\" data-image-caption=\"\" data-large-file=\"https:\/\/wloczykij.org\/blog\/wp-content\/uploads\/sites\/2\/2016\/03\/3637701d-6f74-4148-aac6-9712b23e6945-1000x550.jpg\" class=\"wp-image-1718\" src=\"https:\/\/wloczykij.org\/blog\/wp-content\/uploads\/sites\/2\/2016\/03\/3637701d-6f74-4148-aac6-9712b23e6945-1024x564.jpg\" alt=\"3637701d-6f74-4148-aac6-9712b23e6945\" width=\"1000\" height=\"550\" \/><figcaption id=\"caption-attachment-1718\" class=\"wp-caption-text\">Pan Samochodzik (Stanis\u0142aw Mikulski) ch\u0119tnie zabiera\u0142 autostopowicz\u00f3w. Szczeg\u00f3lnie p\u0142ci pi\u0119knej. <br \/>Samochodzik i Templariusze, 1971<\/figcaption><\/figure>\n<p>Min\u0119\u0142o dziesi\u0119\u0107 lat, odk\u0105d pierwszy raz spr\u00f3bowa\u0142em z\u0142apa\u0107 stopa. Nie by\u0142a to d\u0142uga trasa, zaledwie kilkana\u015bcie kilometr\u00f3w od Krakowa. Jecha\u0142em z dresiarzami i w rytmach dj Tiesto.\u00a0 Nie zrazi\u0142em si\u0119, wr\u0119cz przeciwnie. Uzna\u0142em autostop za dobra zabaw\u0119. Od tamtej pory \u0142apa\u0142em okazj\u0119 nagminnie.<\/p>\n<p>Polska ma wielki potencja\u0142 autostopowy. Serwis Hitchwiki okre\u015bla nawet nasz kraj jako jeden z najbardziej przyjaznych autostopowiczom w Europie. Za PRL ta forma podr\u00f3\u017cowania by\u0142a tak popularna, \u017ce ju\u017c w 1958 roku zorganizowano og\u00f3lnopolskie mistrzostwa autostopowe. W tym samym roku powsta\u0142 Spo\u0142eczny Komitet Autostopu, kt\u00f3ry wydawa\u0142 w\u0119drowcom imienne ksi\u0105\u017ceczki &#8211; wpisuj\u0105cy si\u0119 do nich kierowcy mogli wygra\u0107 du\u017ce nagrody. Dzi\u0119ki temu systemowi polskie w\u0142adze mia\u0142y kontrole nad podr\u00f3\u017cuj\u0105cymi a kierowcy wi\u0119ksze poczucie komfortu. W tamtym okresie rz\u0105d nawet promowa\u0142 autostop, maj\u0105c na uwadze ograniczenia komunikacji mi\u0119dzymiejskiej.<\/p>\n<figure id=\"attachment_1717\" aria-describedby=\"caption-attachment-1717\" style=\"width: 1000px\" class=\"wp-caption alignnone\"><img loading=\"lazy\" decoding=\"async\" data-attachment-id=\"1717\" data-permalink=\"https:\/\/wloczykij.org\/blog\/2016\/03\/28\/kilka-refleksji-na-temat-autostopu-w-polsce\/serial_droga_jelcz\/\" data-orig-file=\"https:\/\/wloczykij.org\/blog\/wp-content\/uploads\/sites\/2\/2016\/03\/serial_droga_jelcz.jpg\" data-orig-size=\"664,454\" data-comments-opened=\"0\" data-image-meta=\"{&quot;aperture&quot;:&quot;0&quot;,&quot;credit&quot;:&quot;&quot;,&quot;camera&quot;:&quot;&quot;,&quot;caption&quot;:&quot;&quot;,&quot;created_timestamp&quot;:&quot;0&quot;,&quot;copyright&quot;:&quot;&quot;,&quot;focal_length&quot;:&quot;0&quot;,&quot;iso&quot;:&quot;0&quot;,&quot;shutter_speed&quot;:&quot;0&quot;,&quot;title&quot;:&quot;&quot;,&quot;orientation&quot;:&quot;0&quot;}\" data-image-title=\"serial_droga_jelcz\" data-image-description=\"\" data-image-caption=\"\" data-large-file=\"https:\/\/wloczykij.org\/blog\/wp-content\/uploads\/sites\/2\/2016\/03\/serial_droga_jelcz.jpg\" class=\"wp-image-1717\" src=\"https:\/\/wloczykij.org\/blog\/wp-content\/uploads\/sites\/2\/2016\/03\/serial_droga_jelcz.jpg\" alt=\"serial_droga_jelcz\" width=\"1000\" height=\"684\" \/><figcaption id=\"caption-attachment-1717\" class=\"wp-caption-text\">W serialu Droga motyw autostopu pojawia si\u0119 kilkakrotnie.<br \/>Droga, 1973<\/figcaption><\/figure>\n<p>Chocia\u017c sam system ksi\u0105\u017ceczek wraz ze spadkiem zaufania do w\u0142adz traci\u0142 na znaczeniu, to przetrwa\u0142 a\u017c do 1992 roku. Autostop by\u0142 sta\u0142ym elementem PRL-owskiej rzeczywisto\u015bci. Wielokrotnie pojawia\u0142 si\u0119 w literaturze i sztuce. Do dzi\u015b ta autostopowa legenda jeszcze gdzie\u015b w powietrzu wisi, cho\u0107 wielu kierowc\u00f3w m\u00f3wi\u0142o mi, \u017ce to ju\u017c nie to, co kiedy\u015b. Z drugiej strony pojawiaj\u0105 si\u0119 takie inicjatywy jak <a href=\"http:\/\/www.autostoprace.pl\/\">Auto Stop Race<\/a>, kt\u00f3ry jest pono\u0107 najwi\u0119ksz\u0105 imprez\u0105 tego typu w Europie.<\/p>\n<p>Dobrze pami\u0119tam m\u00f3j pierwszy eurotrip z dw\u00f3jk\u0105 przyjaci\u00f3\u0142. Trzech licealist\u00f3w bez problemu zatrzymywa\u0142o tiry, stoj\u0105c na poboczu. Teoretycznie samoch\u00f3d towarowy ma zazwyczaj tylko jedno miejsce pasa\u017cerskie, ale zabierano nas. Dzi\u015b kierowcy du\u017cych maszyn, zapewne za spraw\u0105 dotkliwych unijnych kar, o wiele bardziej przyk\u0142adaj\u0105 si\u0119 do zasad. Zabra\u0107 dw\u00f3ch? S\u0142abo, dura lex, sed lex. Z\u0142apa\u0107 takiego z pobocza? Zapomnij.<\/p>\n<p>Mimo wszystko moje w\u0142asne do\u015bwiadczenie pokazuje, \u017ce w Polsce autostopuje si\u0119 bardzo dobrze. Du\u017co lepiej ni\u017c na zachodzie Europy. Na utartych szlakach mo\u017cna nawet w nocy przejecha\u0107 ca\u0142\u0105 Polsk\u0119, zatrzymuj\u0105c si\u0119 na stacjach benzynowych.<\/p>\n<figure id=\"attachment_1716\" aria-describedby=\"caption-attachment-1716\" style=\"width: 1000px\" class=\"wp-caption alignnone\"><img loading=\"lazy\" decoding=\"async\" data-attachment-id=\"1716\" data-permalink=\"https:\/\/wloczykij.org\/blog\/2016\/03\/28\/kilka-refleksji-na-temat-autostopu-w-polsce\/poldek-i-dudus\/\" data-orig-file=\"https:\/\/wloczykij.org\/blog\/wp-content\/uploads\/sites\/2\/2016\/03\/Poldek-i-Dudus.jpg\" data-orig-size=\"620,390\" data-comments-opened=\"0\" data-image-meta=\"{&quot;aperture&quot;:&quot;0&quot;,&quot;credit&quot;:&quot;&quot;,&quot;camera&quot;:&quot;&quot;,&quot;caption&quot;:&quot;&quot;,&quot;created_timestamp&quot;:&quot;0&quot;,&quot;copyright&quot;:&quot;&quot;,&quot;focal_length&quot;:&quot;0&quot;,&quot;iso&quot;:&quot;0&quot;,&quot;shutter_speed&quot;:&quot;0&quot;,&quot;title&quot;:&quot;&quot;,&quot;orientation&quot;:&quot;0&quot;}\" data-image-title=\"Poldek-i-Dudus\" data-image-description=\"\" data-image-caption=\"\" data-large-file=\"https:\/\/wloczykij.org\/blog\/wp-content\/uploads\/sites\/2\/2016\/03\/Poldek-i-Dudus.jpg\" class=\"wp-image-1716\" src=\"https:\/\/wloczykij.org\/blog\/wp-content\/uploads\/sites\/2\/2016\/03\/Poldek-i-Dudus.jpg\" alt=\"Poldek-i-Dudus\" width=\"1000\" height=\"629\" \/><figcaption id=\"caption-attachment-1716\" class=\"wp-caption-text\">Poldek i Dudu\u015b na trasie <br \/>Podr\u00f3\u017c za jeden u\u015bmiech, 1972<\/figcaption><\/figure>\n<p>By\u0142y takie okresy, \u017ce przynajmniej raz w miesi\u0105cu \u0142apa\u0142em stopa. Testowa\u0142em zar\u00f3wno karton, jak i kciuka. Kierowcy zazwyczaj m\u00f3wi\u0105, \u017ce karton lepszy, og\u00f3lnie rzecz bior\u0105c zgadzam si\u0119 z nimi, ale r\u00f3wnie\u017c paluch nigdy mnie nie zawi\u00f3d\u0142. Zazwyczaj \u0142api\u0119 samoch\u00f3d do godziny nawet w miejscach, kt\u00f3re uzna\u0142bym za feralne. Praktycznie zawsze znajduje si\u0119 kto\u015b, kto si\u0119 zlituj\u0119. Zrozumie sytuacje, nawet oleje przepisy, ale pomo\u017ce.<\/p>\n<p>Bywa\u0142y te\u017c gorsze chwile. Najwi\u0119ksza pora\u017cka spotka\u0142a mnie kilka lat temu na bramce na A1 w Gda\u0144sku, gdy obs\u0142uga mnie przegoni\u0142a i b\u0142\u0105ka\u0142em si\u0119 w okolicach obwodnicy, nie mog\u0105c znale\u017a\u0107 dobrego miejsca. Straci\u0142em pi\u0119\u0107 godzin na dojechanie na inn\u0105 bramk\u0119 &#8211; gdzie po 10 minutach z\u0142apa\u0142em okazj\u0119. Kilkakrotnie mia\u0142em te\u017c problemy w miejscach, gdzie po prostu nie ma pobocza np. w Wojew\u00f3dztwie Lubelski czy Warmi\u0144sko-Mazurskim. Zdarza\u0142y si\u0119 r\u00f3wnie\u017c kompletne wygwizdowa, jednak nigdy przenigdy nikt mnie w Polsce nie zapyta\u0142 o pieni\u0105dze.<\/p>\n<p>Pomimo \u017ce wielu puka si\u0119 w g\u0142ow\u0119, argumentuj\u0105c, \u017ce transport u nas tani dalej cieszy mnie ta forma podr\u00f3\u017cowania\u00a0 &#8211; cho\u0107 bardziej napi\u0119ty grafik nie zawsze mi na to pozwala. Nie chodzi tu w\u0142a\u015bnie o pieni\u0105dze, ale o niesamowite spotkania, jakie mia\u0142em szcz\u0119\u015bcie do\u015bwiadczy\u0107. Tych gorszych by\u0142o niewiele!<\/p>\n<p>W Polsce mamy ten plus (je\u015bli oczywi\u015bcie kto\u015b nie traktuje stopa jako darmowego transportu), \u017ce na pewno porozumiemy si\u0119 z kierowc\u0105. Rozmowy bywaj\u0105 r\u00f3\u017cne, ale kto\u015b z zewn\u0105trz by\u0142by zdziwiony, jak wiele zdarza si\u0119 kierowcom powiedzie\u0107 zupe\u0142nie nieznanej osobie. Autostop to dobra szko\u0142a. Wyrywa z ba\u0144ki, w kt\u00f3rej coraz wi\u0119cej ludzi si\u0119 zamyka. Wi\u0119kszo\u015b\u0107 woli przebywa\u0107 w swojej strefie komfortu. Facebook i inne tzw. portale spo\u0142eczno\u015bciowe tylko to pog\u0142\u0119biaj\u0105 poprzez selekcj\u0119 znajomych i odcinanie si\u0119 od niepasuj\u0105cych nam pogl\u0105d\u00f3w. Mo\u017ce to z\u0142udzenie, ale wydaje mi si\u0119, \u017ce przepa\u015b\u0107 dziel\u0105ca ludzi si\u0119 pog\u0142\u0119bia.<\/p>\n<p>Je\u017adzi\u0142em zar\u00f3wno z anarchistami, starymi hipisami, jak i zwolennikami teorii spiskowych, \u015awiadkami Jehowy oraz wyznawcami religii smole\u0144skiej. Pozna\u0142em przedstawicieli najr\u00f3\u017cniejszych zawod\u00f3w m.in. my\u015bliwego, strongmana, zielarza, polityka, hodowc\u0119 kur ozdobnych, organizatora wy\u015bcig\u00f3w samochodowych&#8230; Policjant\u00f3w i przemytnik\u00f3w. Lubi\u0119 s\u0142ucha\u0107 innych, poznawa\u0107 r\u00f3\u017cne pogl\u0105dy na \u017cycie i \u015bwiat. Te \u015bwiaty to wielka si\u0142a autostopu. Nigdy nie wiesz, kogo spotkasz i jak ci\u0119 podr\u00f3\u017c zaskoczy. Jak pisa\u0142 ks. <span class=\"st\">Tischner spotkanie z drugim cz\u0142owiekiem, zawsze jest pocz\u0105tkiem dramatu. I dzi\u0119ki temu jest te\u017c pocz\u0105tkiem my\u015blenia. <\/span><\/p>\n<figure id=\"attachment_1714\" aria-describedby=\"caption-attachment-1714\" style=\"width: 1000px\" class=\"wp-caption alignnone\"><img loading=\"lazy\" decoding=\"async\" data-attachment-id=\"1714\" data-permalink=\"https:\/\/wloczykij.org\/blog\/2016\/03\/28\/kilka-refleksji-na-temat-autostopu-w-polsce\/noz_w_wodzie_06\/\" data-orig-file=\"https:\/\/wloczykij.org\/blog\/wp-content\/uploads\/sites\/2\/2016\/03\/noz_w_wodzie_06.png\" data-orig-size=\"1181,669\" data-comments-opened=\"0\" data-image-meta=\"{&quot;aperture&quot;:&quot;0&quot;,&quot;credit&quot;:&quot;&quot;,&quot;camera&quot;:&quot;&quot;,&quot;caption&quot;:&quot;&quot;,&quot;created_timestamp&quot;:&quot;0&quot;,&quot;copyright&quot;:&quot;&quot;,&quot;focal_length&quot;:&quot;0&quot;,&quot;iso&quot;:&quot;0&quot;,&quot;shutter_speed&quot;:&quot;0&quot;,&quot;title&quot;:&quot;&quot;,&quot;orientation&quot;:&quot;0&quot;}\" data-image-title=\"noz_w_wodzie_06\" data-image-description=\"\" data-image-caption=\"\" data-large-file=\"https:\/\/wloczykij.org\/blog\/wp-content\/uploads\/sites\/2\/2016\/03\/noz_w_wodzie_06-1000x566.png\" class=\"wp-image-1714\" src=\"https:\/\/wloczykij.org\/blog\/wp-content\/uploads\/sites\/2\/2016\/03\/noz_w_wodzie_06-1024x580.png\" alt=\"noz_w_wodzie_06\" width=\"1000\" height=\"566\" \/><figcaption id=\"caption-attachment-1714\" class=\"wp-caption-text\">S\u0142ynny film Romana Pola\u0144skiego zaczyna si\u0119 od zabrania m\u0142odego autostopowicza <br \/>N\u00f3\u017c w wodzie, 1961<\/figcaption><\/figure>\n","protected":false},"excerpt":{"rendered":"<p>Jedziemy autostopem, jedziemy autostopem, ej uda\u0142 si\u0119 nam dzisiaj w\u00f3z ten i jego szofer. Gdzie szosy bia\u0142a ni\u0107, tam chce si\u0119 bracie \u017cy\u0107. I nie martw si\u0119 co b\u0119dzie potem. Autostop Karin Stanek Min\u0119\u0142o dziesi\u0119\u0107 lat, odk\u0105d pierwszy raz spr\u00f3bowa\u0142em z\u0142apa\u0107 stopa. Nie by\u0142a to d\u0142uga trasa, zaledwie kilkana\u015bcie kilometr\u00f3w od Krakowa. Jecha\u0142em z dresiarzami &hellip; <\/p>\n","protected":false},"author":1,"featured_media":1717,"comment_status":"open","ping_status":"open","sticky":false,"template":"","format":"standard","meta":{"_jetpack_memberships_contains_paid_content":false,"footnotes":"","jetpack_publicize_message":"","jetpack_publicize_feature_enabled":true,"jetpack_social_post_already_shared":true,"jetpack_social_options":{"image_generator_settings":{"template":"highway","default_image_id":0,"font":"","enabled":false},"version":2}},"categories":[2,4,427],"tags":[41,95,97],"class_list":["post-1711","post","type-post","status-publish","format-standard","has-post-thumbnail","hentry","category-autostop-3","category-o-podrozowaniu","category-inne-podroze","tag-autostop","tag-podroz","tag-polska"],"yoast_head":"<!-- This site is optimized with the Yoast SEO plugin v27.5 - https:\/\/yoast.com\/product\/yoast-seo-wordpress\/ -->\n<title>Kilka refleksji na temat autostopu w Polsce - W\u0142\u00f3czykij - Roman Husarski<\/title>\n<meta name=\"robots\" content=\"index, follow, max-snippet:-1, max-image-preview:large, max-video-preview:-1\" \/>\n<link rel=\"canonical\" href=\"https:\/\/wloczykij.org\/blog\/2016\/03\/28\/kilka-refleksji-na-temat-autostopu-w-polsce\/\" \/>\n<meta property=\"og:locale\" content=\"pl_PL\" \/>\n<meta property=\"og:type\" content=\"article\" \/>\n<meta property=\"og:title\" content=\"Kilka refleksji na temat autostopu w Polsce - W\u0142\u00f3czykij - Roman Husarski\" \/>\n<meta property=\"og:description\" content=\"Jedziemy autostopem, jedziemy autostopem, ej uda\u0142 si\u0119 nam dzisiaj w\u00f3z ten i jego szofer. Gdzie szosy bia\u0142a ni\u0107, tam chce si\u0119 bracie \u017cy\u0107. I nie martw si\u0119 co b\u0119dzie potem. Autostop Karin Stanek Min\u0119\u0142o dziesi\u0119\u0107 lat, odk\u0105d pierwszy raz spr\u00f3bowa\u0142em z\u0142apa\u0107 stopa. Nie by\u0142a to d\u0142uga trasa, zaledwie kilkana\u015bcie kilometr\u00f3w od Krakowa. Jecha\u0142em z dresiarzami &hellip;\" \/>\n<meta property=\"og:url\" content=\"https:\/\/wloczykij.org\/blog\/2016\/03\/28\/kilka-refleksji-na-temat-autostopu-w-polsce\/\" \/>\n<meta property=\"og:site_name\" content=\"W\u0142\u00f3czykij - Roman Husarski\" \/>\n<meta property=\"article:publisher\" content=\"https:\/\/www.facebook.com\/pages\/W%c5%82%c3%b3czykij\/282838631839707\" \/>\n<meta property=\"article:published_time\" content=\"2016-03-28T21:30:47+00:00\" \/>\n<meta property=\"article:modified_time\" content=\"2022-03-20T14:28:16+00:00\" \/>\n<meta property=\"og:image\" content=\"https:\/\/wloczykij.org\/blog\/wp-content\/uploads\/sites\/2\/2016\/03\/serial_droga_jelcz.jpg\" \/>\n\t<meta property=\"og:image:width\" content=\"664\" \/>\n\t<meta property=\"og:image:height\" content=\"454\" \/>\n\t<meta property=\"og:image:type\" content=\"image\/jpeg\" \/>\n<meta name=\"author\" content=\"Roman\" \/>\n<meta name=\"twitter:label1\" content=\"Napisane przez\" \/>\n\t<meta name=\"twitter:data1\" content=\"Roman\" \/>\n\t<meta name=\"twitter:label2\" content=\"Szacowany czas czytania\" \/>\n\t<meta name=\"twitter:data2\" content=\"5 minut\" \/>\n<script type=\"application\/ld+json\" class=\"yoast-schema-graph\">{\"@context\":\"https:\\\/\\\/schema.org\",\"@graph\":[{\"@type\":\"Article\",\"@id\":\"https:\\\/\\\/wloczykij.org\\\/blog\\\/2016\\\/03\\\/28\\\/kilka-refleksji-na-temat-autostopu-w-polsce\\\/#article\",\"isPartOf\":{\"@id\":\"https:\\\/\\\/wloczykij.org\\\/blog\\\/2016\\\/03\\\/28\\\/kilka-refleksji-na-temat-autostopu-w-polsce\\\/\"},\"author\":{\"name\":\"Roman\",\"@id\":\"https:\\\/\\\/wloczykij.org\\\/blog\\\/#\\\/schema\\\/person\\\/5715e17c214052b93c6c53e27ea498e5\"},\"headline\":\"Kilka refleksji na temat autostopu w Polsce\",\"datePublished\":\"2016-03-28T21:30:47+00:00\",\"dateModified\":\"2022-03-20T14:28:16+00:00\",\"mainEntityOfPage\":{\"@id\":\"https:\\\/\\\/wloczykij.org\\\/blog\\\/2016\\\/03\\\/28\\\/kilka-refleksji-na-temat-autostopu-w-polsce\\\/\"},\"wordCount\":928,\"commentCount\":4,\"image\":{\"@id\":\"https:\\\/\\\/wloczykij.org\\\/blog\\\/2016\\\/03\\\/28\\\/kilka-refleksji-na-temat-autostopu-w-polsce\\\/#primaryimage\"},\"thumbnailUrl\":\"https:\\\/\\\/wloczykij.org\\\/blog\\\/wp-content\\\/uploads\\\/sites\\\/2\\\/2016\\\/03\\\/serial_droga_jelcz.jpg\",\"keywords\":[\"autostop\",\"podr\u00f3\u017c\",\"Polska\"],\"articleSection\":[\"...AUTOSTOP...\",\"...O PODR\u00d3\u017bOWANIU...\",\"Inne podr\u00f3\u017ce\"],\"inLanguage\":\"pl-PL\",\"potentialAction\":[{\"@type\":\"CommentAction\",\"name\":\"Comment\",\"target\":[\"https:\\\/\\\/wloczykij.org\\\/blog\\\/2016\\\/03\\\/28\\\/kilka-refleksji-na-temat-autostopu-w-polsce\\\/#respond\"]}]},{\"@type\":\"WebPage\",\"@id\":\"https:\\\/\\\/wloczykij.org\\\/blog\\\/2016\\\/03\\\/28\\\/kilka-refleksji-na-temat-autostopu-w-polsce\\\/\",\"url\":\"https:\\\/\\\/wloczykij.org\\\/blog\\\/2016\\\/03\\\/28\\\/kilka-refleksji-na-temat-autostopu-w-polsce\\\/\",\"name\":\"Kilka refleksji na temat autostopu w Polsce - W\u0142\u00f3czykij - Roman Husarski\",\"isPartOf\":{\"@id\":\"https:\\\/\\\/wloczykij.org\\\/blog\\\/#website\"},\"primaryImageOfPage\":{\"@id\":\"https:\\\/\\\/wloczykij.org\\\/blog\\\/2016\\\/03\\\/28\\\/kilka-refleksji-na-temat-autostopu-w-polsce\\\/#primaryimage\"},\"image\":{\"@id\":\"https:\\\/\\\/wloczykij.org\\\/blog\\\/2016\\\/03\\\/28\\\/kilka-refleksji-na-temat-autostopu-w-polsce\\\/#primaryimage\"},\"thumbnailUrl\":\"https:\\\/\\\/wloczykij.org\\\/blog\\\/wp-content\\\/uploads\\\/sites\\\/2\\\/2016\\\/03\\\/serial_droga_jelcz.jpg\",\"datePublished\":\"2016-03-28T21:30:47+00:00\",\"dateModified\":\"2022-03-20T14:28:16+00:00\",\"author\":{\"@id\":\"https:\\\/\\\/wloczykij.org\\\/blog\\\/#\\\/schema\\\/person\\\/5715e17c214052b93c6c53e27ea498e5\"},\"breadcrumb\":{\"@id\":\"https:\\\/\\\/wloczykij.org\\\/blog\\\/2016\\\/03\\\/28\\\/kilka-refleksji-na-temat-autostopu-w-polsce\\\/#breadcrumb\"},\"inLanguage\":\"pl-PL\",\"potentialAction\":[{\"@type\":\"ReadAction\",\"target\":[\"https:\\\/\\\/wloczykij.org\\\/blog\\\/2016\\\/03\\\/28\\\/kilka-refleksji-na-temat-autostopu-w-polsce\\\/\"]}]},{\"@type\":\"ImageObject\",\"inLanguage\":\"pl-PL\",\"@id\":\"https:\\\/\\\/wloczykij.org\\\/blog\\\/2016\\\/03\\\/28\\\/kilka-refleksji-na-temat-autostopu-w-polsce\\\/#primaryimage\",\"url\":\"https:\\\/\\\/wloczykij.org\\\/blog\\\/wp-content\\\/uploads\\\/sites\\\/2\\\/2016\\\/03\\\/serial_droga_jelcz.jpg\",\"contentUrl\":\"https:\\\/\\\/wloczykij.org\\\/blog\\\/wp-content\\\/uploads\\\/sites\\\/2\\\/2016\\\/03\\\/serial_droga_jelcz.jpg\",\"width\":664,\"height\":454},{\"@type\":\"BreadcrumbList\",\"@id\":\"https:\\\/\\\/wloczykij.org\\\/blog\\\/2016\\\/03\\\/28\\\/kilka-refleksji-na-temat-autostopu-w-polsce\\\/#breadcrumb\",\"itemListElement\":[{\"@type\":\"ListItem\",\"position\":1,\"name\":\"Strona g\u0142\u00f3wna\",\"item\":\"https:\\\/\\\/wloczykij.org\\\/blog\\\/\"},{\"@type\":\"ListItem\",\"position\":2,\"name\":\"Kilka refleksji na temat autostopu w Polsce\"}]},{\"@type\":\"WebSite\",\"@id\":\"https:\\\/\\\/wloczykij.org\\\/blog\\\/#website\",\"url\":\"https:\\\/\\\/wloczykij.org\\\/blog\\\/\",\"name\":\"W\u0142\u00f3czykij - Roman Husarski\",\"description\":\"\",\"potentialAction\":[{\"@type\":\"SearchAction\",\"target\":{\"@type\":\"EntryPoint\",\"urlTemplate\":\"https:\\\/\\\/wloczykij.org\\\/blog\\\/?s={search_term_string}\"},\"query-input\":{\"@type\":\"PropertyValueSpecification\",\"valueRequired\":true,\"valueName\":\"search_term_string\"}}],\"inLanguage\":\"pl-PL\"},{\"@type\":\"Person\",\"@id\":\"https:\\\/\\\/wloczykij.org\\\/blog\\\/#\\\/schema\\\/person\\\/5715e17c214052b93c6c53e27ea498e5\",\"name\":\"Roman\",\"image\":{\"@type\":\"ImageObject\",\"inLanguage\":\"pl-PL\",\"@id\":\"https:\\\/\\\/secure.gravatar.com\\\/avatar\\\/a4ad12ebb0eef153209fb3604f0a54cb2d9993a45803e045e020a86a4527c70b?s=96&d=mm&r=g\",\"url\":\"https:\\\/\\\/secure.gravatar.com\\\/avatar\\\/a4ad12ebb0eef153209fb3604f0a54cb2d9993a45803e045e020a86a4527c70b?s=96&d=mm&r=g\",\"contentUrl\":\"https:\\\/\\\/secure.gravatar.com\\\/avatar\\\/a4ad12ebb0eef153209fb3604f0a54cb2d9993a45803e045e020a86a4527c70b?s=96&d=mm&r=g\",\"caption\":\"Roman\"},\"url\":\"https:\\\/\\\/wloczykij.org\\\/blog\\\/author\\\/remus\\\/\"}]}<\/script>\n<!-- \/ Yoast SEO plugin. -->","yoast_head_json":{"title":"Kilka refleksji na temat autostopu w Polsce - W\u0142\u00f3czykij - Roman Husarski","robots":{"index":"index","follow":"follow","max-snippet":"max-snippet:-1","max-image-preview":"max-image-preview:large","max-video-preview":"max-video-preview:-1"},"canonical":"https:\/\/wloczykij.org\/blog\/2016\/03\/28\/kilka-refleksji-na-temat-autostopu-w-polsce\/","og_locale":"pl_PL","og_type":"article","og_title":"Kilka refleksji na temat autostopu w Polsce - W\u0142\u00f3czykij - Roman Husarski","og_description":"Jedziemy autostopem, jedziemy autostopem, ej uda\u0142 si\u0119 nam dzisiaj w\u00f3z ten i jego szofer. Gdzie szosy bia\u0142a ni\u0107, tam chce si\u0119 bracie \u017cy\u0107. I nie martw si\u0119 co b\u0119dzie potem. Autostop Karin Stanek Min\u0119\u0142o dziesi\u0119\u0107 lat, odk\u0105d pierwszy raz spr\u00f3bowa\u0142em z\u0142apa\u0107 stopa. Nie by\u0142a to d\u0142uga trasa, zaledwie kilkana\u015bcie kilometr\u00f3w od Krakowa. Jecha\u0142em z dresiarzami &hellip;","og_url":"https:\/\/wloczykij.org\/blog\/2016\/03\/28\/kilka-refleksji-na-temat-autostopu-w-polsce\/","og_site_name":"W\u0142\u00f3czykij - Roman Husarski","article_publisher":"https:\/\/www.facebook.com\/pages\/W%c5%82%c3%b3czykij\/282838631839707","article_published_time":"2016-03-28T21:30:47+00:00","article_modified_time":"2022-03-20T14:28:16+00:00","og_image":[{"width":664,"height":454,"url":"https:\/\/wloczykij.org\/blog\/wp-content\/uploads\/sites\/2\/2016\/03\/serial_droga_jelcz.jpg","type":"image\/jpeg"}],"author":"Roman","twitter_misc":{"Napisane przez":"Roman","Szacowany czas czytania":"5 minut"},"schema":{"@context":"https:\/\/schema.org","@graph":[{"@type":"Article","@id":"https:\/\/wloczykij.org\/blog\/2016\/03\/28\/kilka-refleksji-na-temat-autostopu-w-polsce\/#article","isPartOf":{"@id":"https:\/\/wloczykij.org\/blog\/2016\/03\/28\/kilka-refleksji-na-temat-autostopu-w-polsce\/"},"author":{"name":"Roman","@id":"https:\/\/wloczykij.org\/blog\/#\/schema\/person\/5715e17c214052b93c6c53e27ea498e5"},"headline":"Kilka refleksji na temat autostopu w Polsce","datePublished":"2016-03-28T21:30:47+00:00","dateModified":"2022-03-20T14:28:16+00:00","mainEntityOfPage":{"@id":"https:\/\/wloczykij.org\/blog\/2016\/03\/28\/kilka-refleksji-na-temat-autostopu-w-polsce\/"},"wordCount":928,"commentCount":4,"image":{"@id":"https:\/\/wloczykij.org\/blog\/2016\/03\/28\/kilka-refleksji-na-temat-autostopu-w-polsce\/#primaryimage"},"thumbnailUrl":"https:\/\/wloczykij.org\/blog\/wp-content\/uploads\/sites\/2\/2016\/03\/serial_droga_jelcz.jpg","keywords":["autostop","podr\u00f3\u017c","Polska"],"articleSection":["...AUTOSTOP...","...O PODR\u00d3\u017bOWANIU...","Inne podr\u00f3\u017ce"],"inLanguage":"pl-PL","potentialAction":[{"@type":"CommentAction","name":"Comment","target":["https:\/\/wloczykij.org\/blog\/2016\/03\/28\/kilka-refleksji-na-temat-autostopu-w-polsce\/#respond"]}]},{"@type":"WebPage","@id":"https:\/\/wloczykij.org\/blog\/2016\/03\/28\/kilka-refleksji-na-temat-autostopu-w-polsce\/","url":"https:\/\/wloczykij.org\/blog\/2016\/03\/28\/kilka-refleksji-na-temat-autostopu-w-polsce\/","name":"Kilka refleksji na temat autostopu w Polsce - W\u0142\u00f3czykij - Roman Husarski","isPartOf":{"@id":"https:\/\/wloczykij.org\/blog\/#website"},"primaryImageOfPage":{"@id":"https:\/\/wloczykij.org\/blog\/2016\/03\/28\/kilka-refleksji-na-temat-autostopu-w-polsce\/#primaryimage"},"image":{"@id":"https:\/\/wloczykij.org\/blog\/2016\/03\/28\/kilka-refleksji-na-temat-autostopu-w-polsce\/#primaryimage"},"thumbnailUrl":"https:\/\/wloczykij.org\/blog\/wp-content\/uploads\/sites\/2\/2016\/03\/serial_droga_jelcz.jpg","datePublished":"2016-03-28T21:30:47+00:00","dateModified":"2022-03-20T14:28:16+00:00","author":{"@id":"https:\/\/wloczykij.org\/blog\/#\/schema\/person\/5715e17c214052b93c6c53e27ea498e5"},"breadcrumb":{"@id":"https:\/\/wloczykij.org\/blog\/2016\/03\/28\/kilka-refleksji-na-temat-autostopu-w-polsce\/#breadcrumb"},"inLanguage":"pl-PL","potentialAction":[{"@type":"ReadAction","target":["https:\/\/wloczykij.org\/blog\/2016\/03\/28\/kilka-refleksji-na-temat-autostopu-w-polsce\/"]}]},{"@type":"ImageObject","inLanguage":"pl-PL","@id":"https:\/\/wloczykij.org\/blog\/2016\/03\/28\/kilka-refleksji-na-temat-autostopu-w-polsce\/#primaryimage","url":"https:\/\/wloczykij.org\/blog\/wp-content\/uploads\/sites\/2\/2016\/03\/serial_droga_jelcz.jpg","contentUrl":"https:\/\/wloczykij.org\/blog\/wp-content\/uploads\/sites\/2\/2016\/03\/serial_droga_jelcz.jpg","width":664,"height":454},{"@type":"BreadcrumbList","@id":"https:\/\/wloczykij.org\/blog\/2016\/03\/28\/kilka-refleksji-na-temat-autostopu-w-polsce\/#breadcrumb","itemListElement":[{"@type":"ListItem","position":1,"name":"Strona g\u0142\u00f3wna","item":"https:\/\/wloczykij.org\/blog\/"},{"@type":"ListItem","position":2,"name":"Kilka refleksji na temat autostopu w Polsce"}]},{"@type":"WebSite","@id":"https:\/\/wloczykij.org\/blog\/#website","url":"https:\/\/wloczykij.org\/blog\/","name":"W\u0142\u00f3czykij - Roman Husarski","description":"","potentialAction":[{"@type":"SearchAction","target":{"@type":"EntryPoint","urlTemplate":"https:\/\/wloczykij.org\/blog\/?s={search_term_string}"},"query-input":{"@type":"PropertyValueSpecification","valueRequired":true,"valueName":"search_term_string"}}],"inLanguage":"pl-PL"},{"@type":"Person","@id":"https:\/\/wloczykij.org\/blog\/#\/schema\/person\/5715e17c214052b93c6c53e27ea498e5","name":"Roman","image":{"@type":"ImageObject","inLanguage":"pl-PL","@id":"https:\/\/secure.gravatar.com\/avatar\/a4ad12ebb0eef153209fb3604f0a54cb2d9993a45803e045e020a86a4527c70b?s=96&d=mm&r=g","url":"https:\/\/secure.gravatar.com\/avatar\/a4ad12ebb0eef153209fb3604f0a54cb2d9993a45803e045e020a86a4527c70b?s=96&d=mm&r=g","contentUrl":"https:\/\/secure.gravatar.com\/avatar\/a4ad12ebb0eef153209fb3604f0a54cb2d9993a45803e045e020a86a4527c70b?s=96&d=mm&r=g","caption":"Roman"},"url":"https:\/\/wloczykij.org\/blog\/author\/remus\/"}]}},"jetpack_publicize_connections":[],"jetpack_featured_media_url":"https:\/\/wloczykij.org\/blog\/wp-content\/uploads\/sites\/2\/2016\/03\/serial_droga_jelcz.jpg","jetpack_sharing_enabled":true,"_links":{"self":[{"href":"https:\/\/wloczykij.org\/blog\/wp-json\/wp\/v2\/posts\/1711","targetHints":{"allow":["GET"]}}],"collection":[{"href":"https:\/\/wloczykij.org\/blog\/wp-json\/wp\/v2\/posts"}],"about":[{"href":"https:\/\/wloczykij.org\/blog\/wp-json\/wp\/v2\/types\/post"}],"author":[{"embeddable":true,"href":"https:\/\/wloczykij.org\/blog\/wp-json\/wp\/v2\/users\/1"}],"replies":[{"embeddable":true,"href":"https:\/\/wloczykij.org\/blog\/wp-json\/wp\/v2\/comments?post=1711"}],"version-history":[{"count":3,"href":"https:\/\/wloczykij.org\/blog\/wp-json\/wp\/v2\/posts\/1711\/revisions"}],"predecessor-version":[{"id":3969,"href":"https:\/\/wloczykij.org\/blog\/wp-json\/wp\/v2\/posts\/1711\/revisions\/3969"}],"wp:featuredmedia":[{"embeddable":true,"href":"https:\/\/wloczykij.org\/blog\/wp-json\/wp\/v2\/media\/1717"}],"wp:attachment":[{"href":"https:\/\/wloczykij.org\/blog\/wp-json\/wp\/v2\/media?parent=1711"}],"wp:term":[{"taxonomy":"category","embeddable":true,"href":"https:\/\/wloczykij.org\/blog\/wp-json\/wp\/v2\/categories?post=1711"},{"taxonomy":"post_tag","embeddable":true,"href":"https:\/\/wloczykij.org\/blog\/wp-json\/wp\/v2\/tags?post=1711"}],"curies":[{"name":"wp","href":"https:\/\/api.w.org\/{rel}","templated":true}]}}