{"id":1738,"date":"2016-04-24T21:25:14","date_gmt":"2016-04-24T19:25:14","guid":{"rendered":"https:\/\/wloczykij.org\/blog\/?p=1738"},"modified":"2022-03-20T15:28:00","modified_gmt":"2022-03-20T14:28:00","slug":"wagabunda-senior-cz-ii-zeflik-chlodek-ja-poprostu-jestem-koszalek-opalek","status":"publish","type":"post","link":"https:\/\/wloczykij.org\/blog\/2016\/04\/24\/wagabunda-senior-cz-ii-zeflik-chlodek-ja-poprostu-jestem-koszalek-opalek\/","title":{"rendered":"WAGABUNDA SENIOR cz. II Zeflik Ch\u0142\u00f3dek \u201eJa poprostu jestem Kosza\u0142ek Opa\u0142ek\u201d"},"content":{"rendered":"<p>Tekst do przeczytania te\u017c na <a href=\"http:\/\/www.peron4.pl\/zeflik-chlodek-ja-po-prostu-jestem-koszalek-opalek\/\">peronie4<\/a>.<\/p>\n<p>Zeflik Ch\u0142\u00f3dek jest znan\u0105 postaci\u0105 krakowskiego \u017cycia kulturalnego. Bywa na wieczorach karaoke, podr\u00f3\u017cniczych slajdowiskach i konferencjach naukowych. Nazywaj\u0105 go le\u015bnym ludkiem, w\u0142\u00f3czykijem, dziwakiem. Odwiedzi\u0142 sto czterdzie\u015bci dziewi\u0119\u0107 kraj\u00f3w, by\u0142 dezerterem, wi\u0119\u017aniem i dziennikarzem. Cho\u0107 para\u0142 si\u0119 praktycznie ka\u017cd\u0105 prac\u0105, przez ostatnie siedem lat nie mia\u0142 sta\u0142ego miejsca zamieszkania, by\u0142 te\u017c bezdomnym. Niezra\u017cony przeciwno\u015bciami losu planuje now\u0105 podr\u00f3\u017c.<\/p>\n<figure id=\"attachment_1746\" aria-describedby=\"caption-attachment-1746\" style=\"width: 1000px\" class=\"wp-caption alignnone\"><img loading=\"lazy\" decoding=\"async\" data-attachment-id=\"1746\" data-permalink=\"https:\/\/wloczykij.org\/blog\/2016\/04\/24\/wagabunda-senior-cz-ii-zeflik-chlodek-ja-poprostu-jestem-koszalek-opalek\/zeflik-chlodek_fot-roman-husarski\/\" data-orig-file=\"https:\/\/wloczykij.org\/blog\/wp-content\/uploads\/sites\/2\/2016\/04\/Zeflik-Ch\u0142\u00f3dek_Fot.-Roman-Husarski.jpg\" data-orig-size=\"977,651\" data-comments-opened=\"0\" data-image-meta=\"{&quot;aperture&quot;:&quot;0&quot;,&quot;credit&quot;:&quot;&quot;,&quot;camera&quot;:&quot;&quot;,&quot;caption&quot;:&quot;&quot;,&quot;created_timestamp&quot;:&quot;0&quot;,&quot;copyright&quot;:&quot;&quot;,&quot;focal_length&quot;:&quot;0&quot;,&quot;iso&quot;:&quot;0&quot;,&quot;shutter_speed&quot;:&quot;0&quot;,&quot;title&quot;:&quot;&quot;,&quot;orientation&quot;:&quot;0&quot;}\" data-image-title=\"Zeflik Ch\u0142\u00f3dek_Fot. Roman Husarski\" data-image-description=\"\" data-image-caption=\"&lt;p&gt;Zeflik na krakowskich plantach &lt;br \/&gt; Fot. Roman Husarski&lt;\/p&gt;\n\" data-large-file=\"https:\/\/wloczykij.org\/blog\/wp-content\/uploads\/sites\/2\/2016\/04\/Zeflik-Ch\u0142\u00f3dek_Fot.-Roman-Husarski.jpg\" class=\"wp-image-1746\" src=\"https:\/\/wloczykij.org\/blog\/wp-content\/uploads\/sites\/2\/2016\/04\/Zeflik-Ch\u0142\u00f3dek_Fot.-Roman-Husarski.jpg\" alt=\"Zeflik na krakowskich plantach Fot. Roman Husarski\" width=\"1000\" height=\"666\" srcset=\"https:\/\/wloczykij.org\/blog\/wp-content\/uploads\/sites\/2\/2016\/04\/Zeflik-Ch\u0142\u00f3dek_Fot.-Roman-Husarski.jpg 977w, https:\/\/wloczykij.org\/blog\/wp-content\/uploads\/sites\/2\/2016\/04\/Zeflik-Ch\u0142\u00f3dek_Fot.-Roman-Husarski-768x512.jpg 768w, https:\/\/wloczykij.org\/blog\/wp-content\/uploads\/sites\/2\/2016\/04\/Zeflik-Ch\u0142\u00f3dek_Fot.-Roman-Husarski-920x613.jpg 920w\" sizes=\"auto, (max-width: 1000px) 100vw, 1000px\" \/><figcaption id=\"caption-attachment-1746\" class=\"wp-caption-text\">Zeflik na krakowskich plantach <br \/>Fot. Roman Husarski<\/figcaption><\/figure>\n<p><strong>Pami\u0119tasz swoj\u0105 pierwsz\u0105 wypraw\u0119?<\/strong><\/p>\n<p>To by\u0142o w grudniu 1950 roku, by\u0142em ma\u0142ym dzieckiem, mieszkali\u015bmy przy czeskiej granicy. Zapyta\u0142em si\u0119 dziadka, jak to jest tam, gdzie si\u0119 niebo ko\u0144czy. Dziadek nie zd\u0105\u017cy\u0142 mi odpowiedzie\u0107, bo musia\u0142 i\u015b\u0107 do roboty, a mnie ciekawo\u015b\u0107 z\u017cera\u0142a. Jak wypru\u0142em, to z\u0142apali mnie dopiero po o\u015bmiu dniach czechos\u0142owaccy pogranicznicy. Ojciec musia\u0142 przyjecha\u0107 po mnie do Ostrawy.<\/p>\n<p><strong>W\u0142\u00f3czykij od najm\u0142odszych lat?<\/strong><\/p>\n<p>Ja po prostu zawsze, jak mnie co\u015b interesowa\u0142o, to rusza\u0142em do przodu. A co z ty\u0142u to ju\u017c mnie nie interesowa\u0142o. Dlatego od najm\u0142odszych lat je\u017adzi\u0142em stopem. Z kolei pierwsz\u0105 du\u017c\u0105 podr\u00f3\u017c odby\u0142em w 1966 roku z klubu kopalnianego na Wyspy Kanaryjskie i Azory. By\u0142em ju\u017c wtedy na II roku Wy\u017cszej Szko\u0142y Marynarki Wojennej i, jako wojskowemu, w og\u00f3le nie by\u0142o mowy o przyznaniu mi paszportu. W ko\u0144cu uda\u0142o mi si\u0119 dosta\u0107 za\u015bwiadczenie, Partia te\u017c si\u0119 podpisa\u0142a i pop\u0142yn\u0105\u0142em se.<br \/>\nMia\u0142em potem jednak przerw\u0119 w podr\u00f3\u017cowaniu. W 1968 roku wys\u0142ano nas, by\u015bmy wraz z ZSRR napadli na Czechos\u0142owacj\u0119. Moja babcia by\u0142a stuprocentow\u0105 Czeszk\u0105, wi\u0119c zaraz po interwencji da\u0142em dyla.<\/p>\n<p><img loading=\"lazy\" decoding=\"async\" width=\"653\" height=\"951\" data-attachment-id=\"1742\" data-permalink=\"https:\/\/wloczykij.org\/blog\/2016\/04\/24\/wagabunda-senior-cz-ii-zeflik-chlodek-ja-poprostu-jestem-koszalek-opalek\/na-granicy-azersko-iranskiej_archiwum-zeflika-chlodka\/\" data-orig-file=\"https:\/\/wloczykij.org\/blog\/wp-content\/uploads\/sites\/2\/2016\/04\/Na-granicy-azersko-ira\u0144skiej_Archiwum-Zeflika-Ch\u0142\u00f3dka.jpg\" data-orig-size=\"653,951\" data-comments-opened=\"0\" data-image-meta=\"{&quot;aperture&quot;:&quot;0&quot;,&quot;credit&quot;:&quot;&quot;,&quot;camera&quot;:&quot;&quot;,&quot;caption&quot;:&quot;&quot;,&quot;created_timestamp&quot;:&quot;0&quot;,&quot;copyright&quot;:&quot;&quot;,&quot;focal_length&quot;:&quot;0&quot;,&quot;iso&quot;:&quot;0&quot;,&quot;shutter_speed&quot;:&quot;0&quot;,&quot;title&quot;:&quot;&quot;,&quot;orientation&quot;:&quot;0&quot;}\" data-image-title=\"Na granicy azersko-ira\u0144skiej_Archiwum Zeflika Ch\u0142\u00f3dka\" data-image-description=\"\" data-image-caption=\"&lt;p&gt;Na granicy azersko-ira\u0144skiej. (Archiwum Zeflika Ch\u0142\u00f3dka)&lt;\/p&gt;\n\" data-large-file=\"https:\/\/wloczykij.org\/blog\/wp-content\/uploads\/sites\/2\/2016\/04\/Na-granicy-azersko-ira\u0144skiej_Archiwum-Zeflika-Ch\u0142\u00f3dka.jpg\" class=\"wp-image-1742 size-full\" src=\"https:\/\/wloczykij.org\/blog\/wp-content\/uploads\/sites\/2\/2016\/04\/Na-granicy-azersko-ira\u0144skiej_Archiwum-Zeflika-Ch\u0142\u00f3dka.jpg\" alt=\"Na granicy azersko-ira\u0144skiej. (Archiwum Zeflika Ch\u0142\u00f3dka)\" srcset=\"https:\/\/wloczykij.org\/blog\/wp-content\/uploads\/sites\/2\/2016\/04\/Na-granicy-azersko-ira\u0144skiej_Archiwum-Zeflika-Ch\u0142\u00f3dka.jpg 653w, https:\/\/wloczykij.org\/blog\/wp-content\/uploads\/sites\/2\/2016\/04\/Na-granicy-azersko-ira\u0144skiej_Archiwum-Zeflika-Ch\u0142\u00f3dka-527x768.jpg 527w\" sizes=\"auto, (max-width: 653px) 100vw, 653px\" \/><\/p>\n<p><strong>Jak wygl\u0105da\u0142a twoja dezercja?<\/strong><\/p>\n<p>Najpierw odm\u00f3wi\u0142em wykonania rozkazu, wi\u0119c zosta\u0142em zdegradowany do stopnia zwyk\u0142ego \u017co\u0142nierza. Uzna\u0142em, \u017ce nie b\u0119d\u0119 do tego przyk\u0142ada\u0142 r\u0119ki. W nocy wskoczy\u0142em na scota, to jest taki \u015bredni transporter na osiemnastu \u017co\u0142nierzy i wyruszy\u0142em w stron\u0119 granicy. Tego nikt si\u0119 nie spodziewa\u0142. Niestety ko\u0142o Raciborza maszyna mi si\u0119 utopi\u0142a. W Polsce mnie z\u0142apali, dosta\u0142em osiemna\u015bcie lat i osiem miesi\u0119cy. Wyszed\u0142em po dw\u00f3ch latach z haczykiem na amnesti\u0119. I nie \u017ca\u0142uj\u0119, \u017ce siedzia\u0142em, nauczy\u0142o mnie to \u017cycia.<\/p>\n<p><strong>W latach siedemdziesi\u0105tych zacz\u0105\u0142e\u015b je\u017adzi\u0107 w Himalaje?<\/strong><\/p>\n<p>Co roku je\u017adzi\u0142em nawet na kilkana\u015bcie wypraw w Karakorum, Himalaje, Hindukusz, Pamir. Jako szerpa. Przynie\u015b, wynie\u015b, pozamiataj. Od noszenia by\u0142em, ale pozna\u0142em praktycznie wszystkich najwa\u017cniejszych polskich alpinist\u00f3w. W wi\u0119kszo\u015bci dzi\u015b ju\u017c nie\u017cyj\u0105cych. Z Kukuczk\u0105 si\u0119 tylko nigdy nie spotka\u0142em, bo on p\u00f3\u017aniej zaczyna\u0142, jak ja ju\u017c ko\u0144czy\u0142em. O dziwo, pomimo mojej przesz\u0142o\u015bci, za Gierka nie mia\u0142em \u017cadnego problemu z otrzymaniem paszportu.<\/p>\n<figure id=\"attachment_1745\" aria-describedby=\"caption-attachment-1745\" style=\"width: 1000px\" class=\"wp-caption alignnone\"><img loading=\"lazy\" decoding=\"async\" data-attachment-id=\"1745\" data-permalink=\"https:\/\/wloczykij.org\/blog\/2016\/04\/24\/wagabunda-senior-cz-ii-zeflik-chlodek-ja-poprostu-jestem-koszalek-opalek\/zaflik-i-dzochar-dudajew_-archiwum-zeflika-chlodka\/\" data-orig-file=\"https:\/\/wloczykij.org\/blog\/wp-content\/uploads\/sites\/2\/2016\/04\/Zaflik-i-D\u017cochar-Dudajew_-Archiwum-Zeflika-Ch\u0142\u00f3dka.jpg\" data-orig-size=\"948,651\" data-comments-opened=\"0\" data-image-meta=\"{&quot;aperture&quot;:&quot;0&quot;,&quot;credit&quot;:&quot;&quot;,&quot;camera&quot;:&quot;&quot;,&quot;caption&quot;:&quot;&quot;,&quot;created_timestamp&quot;:&quot;0&quot;,&quot;copyright&quot;:&quot;&quot;,&quot;focal_length&quot;:&quot;0&quot;,&quot;iso&quot;:&quot;0&quot;,&quot;shutter_speed&quot;:&quot;0&quot;,&quot;title&quot;:&quot;&quot;,&quot;orientation&quot;:&quot;0&quot;}\" data-image-title=\"Zaflik i D\u017cochar Dudajew_ Archiwum Zeflika Ch\u0142\u00f3dka\" data-image-description=\"\" data-image-caption=\"&lt;p&gt;Zeflik i D\u017cochar Dudajew &lt;br \/&gt; Fot. Roman Husarski&lt;\/p&gt;\n\" data-large-file=\"https:\/\/wloczykij.org\/blog\/wp-content\/uploads\/sites\/2\/2016\/04\/Zaflik-i-D\u017cochar-Dudajew_-Archiwum-Zeflika-Ch\u0142\u00f3dka.jpg\" class=\"wp-image-1745\" src=\"https:\/\/wloczykij.org\/blog\/wp-content\/uploads\/sites\/2\/2016\/04\/Zaflik-i-D\u017cochar-Dudajew_-Archiwum-Zeflika-Ch\u0142\u00f3dka.jpg\" alt=\"Zeflik i D\u017cochar Dudajew (Archiwum Zeflika Ch\u0142odka)\" width=\"1000\" height=\"687\" srcset=\"https:\/\/wloczykij.org\/blog\/wp-content\/uploads\/sites\/2\/2016\/04\/Zaflik-i-D\u017cochar-Dudajew_-Archiwum-Zeflika-Ch\u0142\u00f3dka.jpg 948w, https:\/\/wloczykij.org\/blog\/wp-content\/uploads\/sites\/2\/2016\/04\/Zaflik-i-D\u017cochar-Dudajew_-Archiwum-Zeflika-Ch\u0142\u00f3dka-768x527.jpg 768w, https:\/\/wloczykij.org\/blog\/wp-content\/uploads\/sites\/2\/2016\/04\/Zaflik-i-D\u017cochar-Dudajew_-Archiwum-Zeflika-Ch\u0142\u00f3dka-920x632.jpg 920w\" sizes=\"auto, (max-width: 1000px) 100vw, 1000px\" \/><figcaption id=\"caption-attachment-1745\" class=\"wp-caption-text\">Zeflik i D\u017cochar Dudajew <br \/>(Archiwum Zeflika Ch\u0142odka)<\/figcaption><\/figure>\n<p><strong>Takie wyprawy musia\u0142y by\u0107 obci\u0105\u017caj\u0105ce na d\u0142u\u017csz\u0105 met\u0119.<\/strong><\/p>\n<p>I to jak, dlatego ko\u0144cem lat siedemdziesi\u0105tych zrobi\u0142em sobie licencj\u0119 pilota wycieczek. Je\u017adzi\u0142em nawet do Ameryki Po\u0142udniowej, mimo \u017ce nie zna\u0142em hiszpa\u0144skiego. Ale pilot wycieczki wtedy musia\u0142 by\u0107! Pami\u0119tam, jak pojecha\u0142em z grup\u0105 na grzyby do Peru. Nie mia\u0142em pocz\u0105tkowo nawet poj\u0119cia, o jakie grzyby im chodzi\u0142o. Pami\u0119tam, jak przekraczali\u015bmy nielegalnie granic\u0119 z Boliwi\u0105 przez Titicac\u0119. Przewozili nas na \u0142\u00f3dkach i potem w\u0119drowali\u015bmy trzydzie\u015bci kilometr\u00f3w pieszo do szaman\u00f3w. Ja z d\u0142ug\u0105 rud\u0105 brod\u0105 by\u0142em traktowany niczym w\u00f3dz.<\/p>\n<p><strong>Je\u017adzi\u0142e\u015b jako pilot kiedy\u015b i dzi\u015b. Czy zauwa\u017cy\u0142e\u015b jakie\u015b zmiany w zachowaniu turyst\u00f3w?<\/strong><\/p>\n<p>Za PRL nie by\u0142o \u017cadnych k\u0142opot\u00f3w. Problemy zacz\u0119\u0142y si\u0119 po 89 roku, bo ludziom si\u0119 wydawa\u0142o, \u017ce jak jest wycieczka do Egiptu za trzysta osiemdziesi\u0105t z\u0142otych, bo i takie by\u0142y, to jemu si\u0119 wszystko nale\u017cy. A na miejscu trzeba by\u0142o za wszystko p\u0142aci\u0107. Winni te\u017c byli cz\u0119sto organizatorzy, kt\u00f3rzy np. pokazywali na zdj\u0119ciach inne warunki ni\u017c by\u0142y w rzeczywisto\u015bci. Wtedy za to tury\u015bci mieli du\u017co wi\u0119cej szacunku dla innych kultur. Je\u017adzili tacy, co naprawd\u0119 chcieli podr\u00f3\u017cowa\u0107, wyprawy czasem trwa\u0142y nawet trzy miesi\u0105ce. Pilot te\u017c m\u00f3g\u0142 wystawi\u0107 negatywn\u0105 recenzj\u0119, wi\u0119c ludzie bardziej uwa\u017cali.<\/p>\n<p><strong>A jak podr\u00f3\u017ce po ZSRR?<\/strong><\/p>\n<p>Je\u017adzi\u0142em wsz\u0119dzie. Czterokrotnie by\u0142em te\u017c w Korei P\u00f3\u0142nocnej. Dwa razy za komuny i dwa razy p\u00f3\u017aniej. W latach siedemdziesi\u0105tych to szczerze ten kraj si\u0119 wiele od standard\u00f3w Zwi\u0105zku Radzieckiego nie r\u00f3\u017cni\u0142. Natomiast, za Kim Dzong Ila to ju\u017c by\u0142o wyra\u017anie wida\u0107 r\u00f3\u017cnice. Nikt nie chcia\u0142 rozmawia\u0107. Ludzie od nas uciekali.<\/p>\n<p><strong>By\u0142e\u015b w stu czterdziestu dziewi\u0119ciu krajach\u2026<\/strong><\/p>\n<p>Wyliczy\u0142em to ju\u017c chwil\u0119 temu i chyba b\u0119d\u0119 musia\u0142 zrobi\u0107 korekt\u0119, bo wtedy jeszcze nie by\u0142o Kosowa i Czarnog\u00f3ry. Z drugiej strony liczy\u0142em wtedy NRD i RFN, Czechos\u0142owacj\u0119 jako jedno, a w ZSRR\u2026<\/p>\n<p><strong>\u2026 czy kt\u00f3ry\u015b zapad\u0142 ci szczeg\u00f3lnie w pami\u0119ci?<\/strong><\/p>\n<p>Co innego kraj, co innego ludzie. Bardzo lubi\u0119 Uzbek\u00f3w, Tad\u017cyk\u00f3w, Kirgiz\u00f3w, jak si\u0119 zapoznasz, z Kazachami to te\u017c s\u0105 super! Ale nie od razu. Azerowie r\u00f3wnie\u017c musz\u0105 ci\u0119 pozna\u0107. Z by\u0142ego ZSRR to w\u0142a\u015bnie Azerbejd\u017can najbardziej si\u0119 zmieni\u0142. To s\u0105 muzu\u0142manie, szyici, \u015bwietni ludzie. Poleci\u0142bym te\u017c <a href=\"http:\/\/www.peron4.pl\/tag\/iran\/\">Iran<\/a>, r\u00f3wnie\u017c niesamowity skok od lat siedemdziesi\u0105tych. Zreszt\u0105, gdyby tam by\u0142a troszk\u0119 \u0142agodniejsza w\u0142adza, to przeni\u00f3s\u0142bym si\u0119 tam na sta\u0142e.<\/p>\n<figure id=\"attachment_1740\" aria-describedby=\"caption-attachment-1740\" style=\"width: 1000px\" class=\"wp-caption alignnone\"><img loading=\"lazy\" decoding=\"async\" data-attachment-id=\"1740\" data-permalink=\"https:\/\/wloczykij.org\/blog\/2016\/04\/24\/wagabunda-senior-cz-ii-zeflik-chlodek-ja-poprostu-jestem-koszalek-opalek\/122letni-mezczyzna-i-jego-trzecia-61letnia-zona_archiwum-zeflika-chlodka\/\" data-orig-file=\"https:\/\/wloczykij.org\/blog\/wp-content\/uploads\/sites\/2\/2016\/04\/122letni-m\u0119\u017cczyzna-i-jego-trzecia-61letnia-\u017cona_Archiwum-Zeflika-Ch\u0142\u00f3dka.jpg\" data-orig-size=\"944,651\" data-comments-opened=\"0\" data-image-meta=\"{&quot;aperture&quot;:&quot;0&quot;,&quot;credit&quot;:&quot;&quot;,&quot;camera&quot;:&quot;&quot;,&quot;caption&quot;:&quot;&quot;,&quot;created_timestamp&quot;:&quot;0&quot;,&quot;copyright&quot;:&quot;&quot;,&quot;focal_length&quot;:&quot;0&quot;,&quot;iso&quot;:&quot;0&quot;,&quot;shutter_speed&quot;:&quot;0&quot;,&quot;title&quot;:&quot;&quot;,&quot;orientation&quot;:&quot;0&quot;}\" data-image-title=\"122letni m\u0119\u017cczyzna i jego trzecia 61letnia \u017cona_Archiwum Zeflika Ch\u0142\u00f3dka\" data-image-description=\"\" data-image-caption=\"&lt;p&gt;Studwudziestodwuletni m\u0119\u017cczyzna z Kaukazu i jego trzecia, sze\u015b\u0107dziesi\u0119ciojedoletnia \u017cona. (Archiwum Zeflika Ch\u0142odka)&lt;\/p&gt;\n\" data-large-file=\"https:\/\/wloczykij.org\/blog\/wp-content\/uploads\/sites\/2\/2016\/04\/122letni-m\u0119\u017cczyzna-i-jego-trzecia-61letnia-\u017cona_Archiwum-Zeflika-Ch\u0142\u00f3dka.jpg\" class=\"wp-image-1740\" src=\"https:\/\/wloczykij.org\/blog\/wp-content\/uploads\/sites\/2\/2016\/04\/122letni-m\u0119\u017cczyzna-i-jego-trzecia-61letnia-\u017cona_Archiwum-Zeflika-Ch\u0142\u00f3dka.jpg\" alt=\"Studwudziestodwuletni m\u0119\u017cczyzna z Kaukazu i jego trzecia, sze\u015b\u0107dziesi\u0119ciojedoletnia \u017cona. (Archiwum Zeflika Ch\u0142odka)\" width=\"1000\" height=\"690\" srcset=\"https:\/\/wloczykij.org\/blog\/wp-content\/uploads\/sites\/2\/2016\/04\/122letni-m\u0119\u017cczyzna-i-jego-trzecia-61letnia-\u017cona_Archiwum-Zeflika-Ch\u0142\u00f3dka.jpg 944w, https:\/\/wloczykij.org\/blog\/wp-content\/uploads\/sites\/2\/2016\/04\/122letni-m\u0119\u017cczyzna-i-jego-trzecia-61letnia-\u017cona_Archiwum-Zeflika-Ch\u0142\u00f3dka-768x530.jpg 768w, https:\/\/wloczykij.org\/blog\/wp-content\/uploads\/sites\/2\/2016\/04\/122letni-m\u0119\u017cczyzna-i-jego-trzecia-61letnia-\u017cona_Archiwum-Zeflika-Ch\u0142\u00f3dka-920x634.jpg 920w\" sizes=\"auto, (max-width: 1000px) 100vw, 1000px\" \/><figcaption id=\"caption-attachment-1740\" class=\"wp-caption-text\">Studwudziestodwuletni m\u0119\u017cczyzna z Kaukazu i jego trzecia, sze\u015b\u0107dziesi\u0119ciojedoletnia \u017cona. <br \/>(Archiwum Zeflika Ch\u0142odka)<\/figcaption><\/figure>\n<p><strong>Na Kaukazie spotyka\u0142e\u015b si\u0119 z najstarszymi lud\u017ami \u015bwiata.<\/strong><\/p>\n<p>Z pocz\u0105tku to my nie wierzyli\u015bmy, \u017ce oni s\u0105 a\u017c tak starzy. Np. ten, co ma sto dwadzie\u015bcia dwa lata mia\u0142 w paszporcie wpisane sto dwana\u015bcie i na pytanie, dlaczego ma dziesi\u0119\u0107 lat mniej, m\u00f3wi\u0142, \u017ce jak w 1922 roku weszli Rosjanie, kazali przynie\u015b\u0107 wszystkim akty urodzenia, a one by\u0142y po persku. Ruscy nie umieli si\u0119 odczyta\u0107, wi\u0119c wpisywali wszystkim m\u0119\u017cczyznom mniej lat. I od razu do wojska. Ja si\u0119 pytam: by\u0142 pan na ostatniej wojnie? On m\u00f3wi, oczywi\u015bcie i zaczyna opowiada\u0107 o Syberii, o Japo\u0144czykach. Ja m\u00f3wi\u0119 zdziwiony, to, na jakiej wojnie pan by\u0142? A on, \u017ce na ostatniej, wojnie rosyjsko-japo\u0144skiej 1904-1905! Czyli jakby mia\u0142 tak jak w paszporcie to mia\u0142by wtedy czterna\u015bcie lat, a takich Rosja nie bra\u0142a. Wtedy mu uwierzy\u0142em.<\/p>\n<p><strong>A gdzie ich dok\u0142adnie spotyka\u0142e\u015b?<\/strong><\/p>\n<p>Oni mieszkali na granicy Azerbejd\u017canu w Iranie. To byli Ta\u0142yszowie z G\u00f3r Ta\u0142yskich.<\/p>\n<p><strong>I da\u0142o si\u0119 z nimi \u015bwiadomie rozmawia\u0107?<\/strong><\/p>\n<p>Oczywi\u015bcie! Cho\u0107 przez t\u0142umacza, oni nie m\u00f3wili po azersku, ledwo po rosyjsku, w\u0142a\u015bciwie tylko w lokalnym j\u0119zyku. A ten, co mia\u0142 sto dwadzie\u015bcia dwa lata, to jak byli\u015bmy w urz\u0119dzie gminy, to pokazano nam \u015bwiadectwa zgonu jego trzech syn\u00f3w. W wieku: stu czterech, stu trzech i stu dw\u00f3ch lat! Nie m\u00f3g\u0142by mie\u0107 wi\u0119c dziesi\u0119\u0107 lat mniej, bo w jakim wieku by\u0142by ojcem?<\/p>\n<p>Spotkali\u015bmy jeszcze starsz\u0105 osob\u0119, babci\u0119 w wieku stu trzydziestu\u00a0lat. Zapyta\u0142em jej, jakie by\u0142o jej najwi\u0119ksze wydarzenie w \u017cyciu. Odpowiedzia\u0142a, \u017ce zam\u0105\u017cp\u00f3j\u015bcie w wieku czternastu\u00a0lat. Czyli sto szesna\u015bcie lat wcze\u015bniej!<\/p>\n<p><strong>Jak to si\u0119 sta\u0142o, \u017ce zosta\u0142e\u015b dziennikarzem?<\/strong><\/p>\n<p>Pisa\u0142em du\u017co o ochronie przyrody. Jak widzisz, chodz\u0119 na zielono. To mi zosta\u0142o ze stra\u017cy ochrony przyrody, kt\u00f3ra istnia\u0142a za czas\u00f3w komuny. Potem zlikwidowa\u0142 j\u0105 Dobrowolski, m\u00f3wi\u0105c, \u017ce instytucja ta ma komunistyczne korzenie. Przecie\u017c wtedy wszystko mia\u0142o takie korzenie!<\/p>\n<figure id=\"attachment_1743\" aria-describedby=\"caption-attachment-1743\" style=\"width: 1000px\" class=\"wp-caption alignnone\"><img loading=\"lazy\" decoding=\"async\" data-attachment-id=\"1743\" data-permalink=\"https:\/\/wloczykij.org\/blog\/2016\/04\/24\/wagabunda-senior-cz-ii-zeflik-chlodek-ja-poprostu-jestem-koszalek-opalek\/z-askarem-akajewem-prezydentem-kirgistanu_archiwum-zeflika-chlodka\/\" data-orig-file=\"https:\/\/wloczykij.org\/blog\/wp-content\/uploads\/sites\/2\/2016\/04\/Z-Askarem-Akajewem-prezydentem-Kirgistanu_Archiwum-Zeflika-Ch\u0142\u00f3dka.jpg\" data-orig-size=\"923,651\" data-comments-opened=\"0\" data-image-meta=\"{&quot;aperture&quot;:&quot;0&quot;,&quot;credit&quot;:&quot;&quot;,&quot;camera&quot;:&quot;&quot;,&quot;caption&quot;:&quot;&quot;,&quot;created_timestamp&quot;:&quot;0&quot;,&quot;copyright&quot;:&quot;&quot;,&quot;focal_length&quot;:&quot;0&quot;,&quot;iso&quot;:&quot;0&quot;,&quot;shutter_speed&quot;:&quot;0&quot;,&quot;title&quot;:&quot;&quot;,&quot;orientation&quot;:&quot;0&quot;}\" data-image-title=\"Z Askarem Akajewem prezydentem Kirgistanu_Archiwum Zeflika Ch\u0142\u00f3dka\" data-image-description=\"\" data-image-caption=\"\" data-large-file=\"https:\/\/wloczykij.org\/blog\/wp-content\/uploads\/sites\/2\/2016\/04\/Z-Askarem-Akajewem-prezydentem-Kirgistanu_Archiwum-Zeflika-Ch\u0142\u00f3dka.jpg\" class=\"wp-image-1743\" src=\"https:\/\/wloczykij.org\/blog\/wp-content\/uploads\/sites\/2\/2016\/04\/Z-Askarem-Akajewem-prezydentem-Kirgistanu_Archiwum-Zeflika-Ch\u0142\u00f3dka.jpg\" alt=\"Z Askarem Akajewem prezydentem Kirgistanu_Archiwum Zeflika Ch\u0142\u00f3dka\" width=\"1000\" height=\"705\" srcset=\"https:\/\/wloczykij.org\/blog\/wp-content\/uploads\/sites\/2\/2016\/04\/Z-Askarem-Akajewem-prezydentem-Kirgistanu_Archiwum-Zeflika-Ch\u0142\u00f3dka.jpg 923w, https:\/\/wloczykij.org\/blog\/wp-content\/uploads\/sites\/2\/2016\/04\/Z-Askarem-Akajewem-prezydentem-Kirgistanu_Archiwum-Zeflika-Ch\u0142\u00f3dka-768x542.jpg 768w, https:\/\/wloczykij.org\/blog\/wp-content\/uploads\/sites\/2\/2016\/04\/Z-Askarem-Akajewem-prezydentem-Kirgistanu_Archiwum-Zeflika-Ch\u0142\u00f3dka-920x649.jpg 920w\" sizes=\"auto, (max-width: 1000px) 100vw, 1000px\" \/><figcaption id=\"caption-attachment-1743\" class=\"wp-caption-text\">Spotkanie z Askarem Akajewem, prezydentem Kirgistanu. <br \/>(Archiwum Zeflika Ch\u0142\u00f3dka)<\/figcaption><\/figure>\n<p><strong>Ale potem spotyka\u0142e\u015b si\u0119 z prezydentami, politykami\u2026?<\/strong><\/p>\n<p>Zaproponowa\u0142 mi to kolega dziennikarz z Nowin Rzeszowskich. Pojechali\u015bmy najpierw obserwowa\u0107 wojn\u0119 w <a href=\"http:\/\/www.peron4.pl\/tag\/gorski-karabach\/\">G\u00f3rskim Karabachu<\/a>. Po drodze spotka\u0142em si\u0119 z D\u017cocharem Dudajewem w Czeczeni. W Groznym spotkali\u015bmy te\u017c Gamsachurdije, pierwszego prezydenta Gruzji, kt\u00f3ry by\u0142 ju\u017c wtedy wygnany. I p\u00f3\u017aniej do Baku i helikopterem do Karabachu.<\/p>\n<p>Pami\u0119tam, jak w Karabachu rozmawia\u0142em z lud\u017ami, kt\u00f3rzy m\u00f3wili mi o rewolucji, zapyta\u0142em ich, czy ma\u0142o ju\u017c si\u0119 przez te rewolucje krwi nie przela\u0142o? Czemu nie mog\u0105 zrobi\u0107 ewolucji? Z kolei na linii frontu wojskowi chcieli, by\u015bmy sobie postrzelali w arme\u0144sk\u0105 stron\u0119, ale ja jestem korespondentem, a nie najemnikiem. W 2002 roku po raz kolejny je\u017adzi\u0142em spotyka\u0107 si\u0119 z politykami w serii filmowej produkowanej przez Telewizj\u0119 Polsk\u0105.<\/p>\n<p><strong>Kt\u00f3re spotkanie szczeg\u00f3lnie zapad\u0142o ci w pami\u0119ci?<\/strong><\/p>\n<p>Jak pok\u0142\u00f3ci\u0142em si\u0119 z prezydentem Tad\u017cykistanu Emomalim Rahmonem. On twierdzi\u0142, \u017ce najwy\u017cszy szczyt na \u015bwiecie jest tylko sto metr\u00f3w wy\u017cszy od Piku Komunizmu w Tad\u017cykistanie. Ale to nieprawda, bo Pik Komunizmu ma 7495 i w dodatku w chi\u0144skim Pamirze s\u0105 dwa wy\u017csze szczyty \u2013 Kongur Tagh i Muztagh Ata. Pomyli\u0142 sto metr\u00f3w z kilometrem i si\u0119 upiera!<\/p>\n<p>Bardzo dobrze wspominam za to spotkanie z prezydentem Azerbejd\u017canu. Osiemdziesi\u0119cioletni w\u00f3wczas Heydar Aliyev na pytanie, czy rozpocznie wojn\u0119 z Armeni\u0105, odpowiedzia\u0142: A kto mia\u0142by i\u015b\u0107 walczy\u0107? Ja nie p\u00f3jd\u0119, a ludzie tego nie chc\u0105. To kto ma walczy\u0107 i po co? Wojna nigdy nikomu niczego dobrego nie przynosi ludziom. Moim zdaniem to nawet cz\u0119sto wygranym nie przynosi nic dobrego. Ukraina jest przegran\u0105 z Rosj\u0105, ale wygran\u0105 politycznie. A Krym i inne tereny wr\u00f3c\u0105 do nich kiedy\u015b, cho\u0107 mo\u017ce ju\u017c tego nie do\u017cyj\u0119.<\/p>\n<p><strong>Je\u017adzi\u0142e\u015b po \u015bwiecie, spotyka\u0142e\u015b si\u0119 z prezydentami. Jak to si\u0119 sta\u0142o, \u017ce sta\u0142e\u015b si\u0119 bezdomny? Czy\u017cby z podr\u00f3\u017cowania nie da\u0142o si\u0119 wy\u017cy\u0107?<\/strong><\/p>\n<p>\u017bona mnie wyrzuci\u0142a z domu, po tym, jak si\u0119 urodzi\u0142a c\u00f3rka z zespo\u0142em Downa. M\u00f3wi\u0142a, \u017ce to kara bo\u017ca za moje grzechy. Ale przecie\u017c B\u00f3g nie ka\u017ce kogo\u015b za czyje\u015b grzechy, bo to moja c\u00f3rka mia\u0142a Downa, a nie ja.<\/p>\n<p><strong>Ty masz same c\u00f3ry?<\/strong><\/p>\n<p>No.<\/p>\n<p><strong>Sze\u015b\u0107?<\/strong><\/p>\n<p>Dziesi\u0119\u0107. Z dw\u00f3ch ma\u0142\u017ce\u0144stw. I na szcz\u0119\u015bcie nie mam \u017cadnego faceta! (\u015bmiech)<\/p>\n<p>No, ale wracaj\u0105c do bezdomno\u015bci, lepiej si\u0119 \u015bpi na \u0142awce na plantach ni\u017c w wi\u0119zieniu. Cz\u0142owiek mo\u017ce si\u0119 do wszystkiego przystosowa\u0107, a ja jestem wysoko przystosowywalny. Na razie ta bezdomno\u015b\u0107 jest zawieszona, po prawie czterech latach znalaz\u0142em sobie miejsce w takim baraku\u2026 Pilnuj\u0119 magazynu za k\u0105t do spania.<\/p>\n<p><strong>Chyba zajmowa\u0142e\u015b si\u0119 ju\u017c w \u017cyciu wszystkim.<\/strong><\/p>\n<p>Liczy\u0142em par\u0119 lat temu, to wysz\u0142y mi dwadzie\u015bcia trzy zawody. Murarz, g\u00f3rnik, \u017co\u0142nierz, marynarz, podnosiciel ci\u0119\u017car\u00f3w, instruktor sportowy, tenor w operze, dziennikarz\u2026 A od niedawna nauczyciel j\u0119zyka polskiego w Kijowie.<\/p>\n<figure id=\"attachment_1744\" aria-describedby=\"caption-attachment-1744\" style=\"width: 1000px\" class=\"wp-caption alignnone\"><img loading=\"lazy\" decoding=\"async\" data-attachment-id=\"1744\" data-permalink=\"https:\/\/wloczykij.org\/blog\/2016\/04\/24\/wagabunda-senior-cz-ii-zeflik-chlodek-ja-poprostu-jestem-koszalek-opalek\/z-pierwszym-prezydentem-gruzji_archiwum-zeflika-chlodka\/\" data-orig-file=\"https:\/\/wloczykij.org\/blog\/wp-content\/uploads\/sites\/2\/2016\/04\/Z-pierwszym-prezydentem-Gruzji_Archiwum-Zeflika-Ch\u0142\u00f3dka.jpg\" data-orig-size=\"956,651\" data-comments-opened=\"0\" data-image-meta=\"{&quot;aperture&quot;:&quot;0&quot;,&quot;credit&quot;:&quot;&quot;,&quot;camera&quot;:&quot;&quot;,&quot;caption&quot;:&quot;&quot;,&quot;created_timestamp&quot;:&quot;0&quot;,&quot;copyright&quot;:&quot;&quot;,&quot;focal_length&quot;:&quot;0&quot;,&quot;iso&quot;:&quot;0&quot;,&quot;shutter_speed&quot;:&quot;0&quot;,&quot;title&quot;:&quot;&quot;,&quot;orientation&quot;:&quot;0&quot;}\" data-image-title=\"Z pierwszym prezydentem Gruzji_Archiwum Zeflika Ch\u0142\u00f3dka\" data-image-description=\"\" data-image-caption=\"\" data-large-file=\"https:\/\/wloczykij.org\/blog\/wp-content\/uploads\/sites\/2\/2016\/04\/Z-pierwszym-prezydentem-Gruzji_Archiwum-Zeflika-Ch\u0142\u00f3dka.jpg\" class=\"wp-image-1744\" src=\"https:\/\/wloczykij.org\/blog\/wp-content\/uploads\/sites\/2\/2016\/04\/Z-pierwszym-prezydentem-Gruzji_Archiwum-Zeflika-Ch\u0142\u00f3dka.jpg\" alt=\"Z pierwszym prezydentem Gruzji_Archiwum Zeflika Ch\u0142\u00f3dka\" width=\"1000\" height=\"681\" srcset=\"https:\/\/wloczykij.org\/blog\/wp-content\/uploads\/sites\/2\/2016\/04\/Z-pierwszym-prezydentem-Gruzji_Archiwum-Zeflika-Ch\u0142\u00f3dka.jpg 956w, https:\/\/wloczykij.org\/blog\/wp-content\/uploads\/sites\/2\/2016\/04\/Z-pierwszym-prezydentem-Gruzji_Archiwum-Zeflika-Ch\u0142\u00f3dka-768x523.jpg 768w, https:\/\/wloczykij.org\/blog\/wp-content\/uploads\/sites\/2\/2016\/04\/Z-pierwszym-prezydentem-Gruzji_Archiwum-Zeflika-Ch\u0142\u00f3dka-920x626.jpg 920w\" sizes=\"auto, (max-width: 1000px) 100vw, 1000px\" \/><figcaption id=\"caption-attachment-1744\" class=\"wp-caption-text\">Dziennikarskie spotkanie z pierwszym prezydentem Gruzji. <br \/>(Archiwum Zeflika Ch\u0142\u00f3dka)<\/figcaption><\/figure>\n<p><strong>Wracaj\u0105c do podr\u00f3\u017cowania \u2013 jak wspominasz z dawnych lat pa\u0144stwa takie jak Turcja, Iran, Pakistan?<\/strong><\/p>\n<p>Wtedy to by\u0142a bida straszna. U nas by\u0142o \u017ale, a w stosunku do nas to u nich by\u0142o dziesi\u0119\u0107 razy gorzej. W latach dziewi\u0119\u0107dziesi\u0105tych, jak by\u0142em w Iranie, za dolara by\u0142o prawie sto pi\u0119\u0107dziesi\u0105t litr\u00f3w ropy. Potem by\u0142em znowu po siedmiu latach i pewien Pers narzeka\u0142, \u017ce za dolara mo\u017ce kupi\u0107 tylko pi\u0119\u0107dziesi\u0105t litr\u00f3w. Prosz\u0119 to sobie wyobrazi\u0107.<\/p>\n<p><strong>A jak obecnie idzie \u0142apanie stopa?<\/strong><\/p>\n<p>W Polsce boj\u0105 si\u0119 mnie, wytykaj\u0105 mnie, patrz\u0105 jak na dziwol\u0105ga. Wi\u0119c nie je\u017cd\u017c\u0119 stopem. Co innego w takiej Gruzji. Z moim g\u00f3ralskim kapeluszem z pi\u00f3rkiem wygl\u0105dam na obcokrajowca, to ka\u017cdy si\u0119 zatrzymuje. Nawet nie musz\u0119 macha\u0107 r\u0119k\u0105.<\/p>\n<p><strong>Nie da si\u0119 ukry\u0107, \u017ce si\u0119 wyr\u00f3\u017cniasz.<\/strong><\/p>\n<p>Zauwa\u017cy\u0142em jedn\u0105 rzecz. Wi\u0119kszo\u015b\u0107 ludzi chce si\u0119 wyr\u00f3\u017cnia\u0107 przez upodobnienie si\u0119 do wszystkich. Ja si\u0119 nie chc\u0119 wyr\u00f3\u017cnia\u0107, ja po prostu jestem Kosza\u0142ek Opa\u0142ek.<\/p>\n<p><strong>A co by\u015b powiedzia\u0142 innym starszym osobom, kt\u00f3re boj\u0105 si\u0119 podr\u00f3\u017cowa\u0107?<\/strong><\/p>\n<p>Jeszcze raz polec\u0119 Azj\u0119 \u015arodkow\u0105. Tam maj\u0105 du\u017cy szacunek do starszych os\u00f3b i jest tanio. Mo\u017cna lecie\u0107 te\u017c do Ameryki Po\u0142udniowej. Afryk\u0119 raczej bym odradza\u0142. Chyba, \u017ce Etiopia. To jest jedyny kraj, kt\u00f3ry nie by\u0142 skolonizowany.<\/p>\n<p><strong>Wiek w podr\u00f3\u017cowaniu nie przeszkadza?<\/strong><\/p>\n<p>Mnie w og\u00f3le wiek nie doskwiera. Jem \u015bledzie i surowe warzywa, zakonserwowuj\u0119 si\u0119. I jak najdalej od alkoholu!<\/p>\n<p><strong>Uczestniczysz aktywnie w \u017cyciu Krakowa. Wida\u0107 ci\u0119 na konferencjach, na karaoke, w kawiarniach. Ci\u0105gnie ci\u0119 do m\u0142odych ludzi?<\/strong><\/p>\n<p>Mnie po prostu ci\u0105gnie do fajnych ludzi. A rzadko kto\u015b ze starszych jest fajny.<\/p>\n<p><strong>Wybierasz si\u0119 gdzie\u015b jeszcze?<\/strong><\/p>\n<p>Je\u015bli chodzi o podr\u00f3\u017cnik\u00f3w w\u0142\u00f3czykij\u00f3w, to zawsze najwi\u0119ksza podr\u00f3\u017c jest przed nimi (\u015bmiech). Planuj\u0119 za dwa lata pojecha\u0107 autobusem do Australii. Wszyscy si\u0119 dziw\u0105 jak przez ocean, ale tam nie ma \u017cadnego oceanu! Malutkie odcinki. Promami do Timoru Wschodniego, potem promem do Australii. A autobus ju\u017c mam! Czeka na mnie w Czechach. Jeszcze kilka wolnych miejsc jest, wi\u0119c zapraszam.<\/p>\n<p><strong>Tw\u00f3j \u017cyciorys to jest temat na ksi\u0105\u017ck\u0119, a nie na tak kr\u00f3tki wywiad.<\/strong><\/p>\n<p>Jak ju\u017c wspomnia\u0142em \u2013 ja po prostu jestem Kosza\u0142ek Opa\u0142ek.<\/p>\n<figure id=\"attachment_1749\" aria-describedby=\"caption-attachment-1749\" style=\"width: 1000px\" class=\"wp-caption alignnone\"><img loading=\"lazy\" decoding=\"async\" data-attachment-id=\"1749\" data-permalink=\"https:\/\/wloczykij.org\/blog\/2016\/04\/24\/wagabunda-senior-cz-ii-zeflik-chlodek-ja-poprostu-jestem-koszalek-opalek\/img_4701\/\" data-orig-file=\"https:\/\/wloczykij.org\/blog\/wp-content\/uploads\/sites\/2\/2016\/04\/IMG_4701.jpg\" data-orig-size=\"977,651\" data-comments-opened=\"0\" data-image-meta=\"{&quot;aperture&quot;:&quot;0&quot;,&quot;credit&quot;:&quot;&quot;,&quot;camera&quot;:&quot;&quot;,&quot;caption&quot;:&quot;&quot;,&quot;created_timestamp&quot;:&quot;0&quot;,&quot;copyright&quot;:&quot;&quot;,&quot;focal_length&quot;:&quot;0&quot;,&quot;iso&quot;:&quot;0&quot;,&quot;shutter_speed&quot;:&quot;0&quot;,&quot;title&quot;:&quot;&quot;,&quot;orientation&quot;:&quot;0&quot;}\" data-image-title=\"IMG_4701\" data-image-description=\"\" data-image-caption=\"\" data-large-file=\"https:\/\/wloczykij.org\/blog\/wp-content\/uploads\/sites\/2\/2016\/04\/IMG_4701.jpg\" class=\"wp-image-1749\" src=\"https:\/\/wloczykij.org\/blog\/wp-content\/uploads\/sites\/2\/2016\/04\/IMG_4701.jpg\" alt=\"IMG_4701\" width=\"1000\" height=\"666\" srcset=\"https:\/\/wloczykij.org\/blog\/wp-content\/uploads\/sites\/2\/2016\/04\/IMG_4701.jpg 977w, https:\/\/wloczykij.org\/blog\/wp-content\/uploads\/sites\/2\/2016\/04\/IMG_4701-768x512.jpg 768w, https:\/\/wloczykij.org\/blog\/wp-content\/uploads\/sites\/2\/2016\/04\/IMG_4701-920x613.jpg 920w\" sizes=\"auto, (max-width: 1000px) 100vw, 1000px\" \/><figcaption id=\"caption-attachment-1749\" class=\"wp-caption-text\">Fot. Roman Husarski<\/figcaption><\/figure>\n","protected":false},"excerpt":{"rendered":"<p>Tekst do przeczytania te\u017c na peronie4. Zeflik Ch\u0142\u00f3dek jest znan\u0105 postaci\u0105 krakowskiego \u017cycia kulturalnego. Bywa na wieczorach karaoke, podr\u00f3\u017cniczych slajdowiskach i konferencjach naukowych. Nazywaj\u0105 go le\u015bnym ludkiem, w\u0142\u00f3czykijem, dziwakiem. Odwiedzi\u0142 sto czterdzie\u015bci dziewi\u0119\u0107 kraj\u00f3w, by\u0142 dezerterem, wi\u0119\u017aniem i dziennikarzem. Cho\u0107 para\u0142 si\u0119 praktycznie ka\u017cd\u0105 prac\u0105, przez ostatnie siedem lat nie mia\u0142 sta\u0142ego miejsca zamieszkania, by\u0142 &hellip; <\/p>\n","protected":false},"author":1,"featured_media":1746,"comment_status":"open","ping_status":"open","sticky":false,"template":"","format":"standard","meta":{"_jetpack_memberships_contains_paid_content":false,"footnotes":"","jetpack_publicize_message":"","jetpack_publicize_feature_enabled":true,"jetpack_social_post_already_shared":true,"jetpack_social_options":{"image_generator_settings":{"template":"highway","default_image_id":0,"font":"","enabled":false},"version":2}},"categories":[4,426],"tags":[228,145,233],"class_list":["post-1738","post","type-post","status-publish","format-standard","has-post-thumbnail","hentry","category-o-podrozowaniu","category-wywiad","tag-wagabunda-senior","tag-wywiad","tag-zeflik-chlodek"],"yoast_head":"<!-- This site is optimized with the Yoast SEO plugin v27.5 - https:\/\/yoast.com\/product\/yoast-seo-wordpress\/ -->\n<title>WAGABUNDA SENIOR cz. II Zeflik Ch\u0142\u00f3dek \u201eJa poprostu jestem Kosza\u0142ek Opa\u0142ek\u201d - W\u0142\u00f3czykij - Roman Husarski<\/title>\n<meta name=\"robots\" content=\"index, follow, max-snippet:-1, max-image-preview:large, max-video-preview:-1\" \/>\n<link rel=\"canonical\" href=\"https:\/\/wloczykij.org\/blog\/2016\/04\/24\/wagabunda-senior-cz-ii-zeflik-chlodek-ja-poprostu-jestem-koszalek-opalek\/\" \/>\n<meta property=\"og:locale\" content=\"pl_PL\" \/>\n<meta property=\"og:type\" content=\"article\" \/>\n<meta property=\"og:title\" content=\"WAGABUNDA SENIOR cz. II Zeflik Ch\u0142\u00f3dek \u201eJa poprostu jestem Kosza\u0142ek Opa\u0142ek\u201d - W\u0142\u00f3czykij - Roman Husarski\" \/>\n<meta property=\"og:description\" content=\"Tekst do przeczytania te\u017c na peronie4. Zeflik Ch\u0142\u00f3dek jest znan\u0105 postaci\u0105 krakowskiego \u017cycia kulturalnego. Bywa na wieczorach karaoke, podr\u00f3\u017cniczych slajdowiskach i konferencjach naukowych. Nazywaj\u0105 go le\u015bnym ludkiem, w\u0142\u00f3czykijem, dziwakiem. Odwiedzi\u0142 sto czterdzie\u015bci dziewi\u0119\u0107 kraj\u00f3w, by\u0142 dezerterem, wi\u0119\u017aniem i dziennikarzem. Cho\u0107 para\u0142 si\u0119 praktycznie ka\u017cd\u0105 prac\u0105, przez ostatnie siedem lat nie mia\u0142 sta\u0142ego miejsca zamieszkania, by\u0142 &hellip;\" \/>\n<meta property=\"og:url\" content=\"https:\/\/wloczykij.org\/blog\/2016\/04\/24\/wagabunda-senior-cz-ii-zeflik-chlodek-ja-poprostu-jestem-koszalek-opalek\/\" \/>\n<meta property=\"og:site_name\" content=\"W\u0142\u00f3czykij - Roman Husarski\" \/>\n<meta property=\"article:publisher\" content=\"https:\/\/www.facebook.com\/pages\/W%c5%82%c3%b3czykij\/282838631839707\" \/>\n<meta property=\"article:published_time\" content=\"2016-04-24T19:25:14+00:00\" \/>\n<meta property=\"article:modified_time\" content=\"2022-03-20T14:28:00+00:00\" \/>\n<meta property=\"og:image\" content=\"https:\/\/wloczykij.org\/blog\/wp-content\/uploads\/sites\/2\/2016\/04\/Zeflik-Ch\u0142\u00f3dek_Fot.-Roman-Husarski.jpg\" \/>\n\t<meta property=\"og:image:width\" content=\"977\" \/>\n\t<meta property=\"og:image:height\" content=\"651\" \/>\n\t<meta property=\"og:image:type\" content=\"image\/jpeg\" \/>\n<meta name=\"author\" content=\"Roman\" \/>\n<meta name=\"twitter:label1\" content=\"Napisane przez\" \/>\n\t<meta name=\"twitter:data1\" content=\"Roman\" \/>\n\t<meta name=\"twitter:label2\" content=\"Szacowany czas czytania\" \/>\n\t<meta name=\"twitter:data2\" content=\"11 minut\" \/>\n<script type=\"application\/ld+json\" class=\"yoast-schema-graph\">{\"@context\":\"https:\\\/\\\/schema.org\",\"@graph\":[{\"@type\":\"Article\",\"@id\":\"https:\\\/\\\/wloczykij.org\\\/blog\\\/2016\\\/04\\\/24\\\/wagabunda-senior-cz-ii-zeflik-chlodek-ja-poprostu-jestem-koszalek-opalek\\\/#article\",\"isPartOf\":{\"@id\":\"https:\\\/\\\/wloczykij.org\\\/blog\\\/2016\\\/04\\\/24\\\/wagabunda-senior-cz-ii-zeflik-chlodek-ja-poprostu-jestem-koszalek-opalek\\\/\"},\"author\":{\"name\":\"Roman\",\"@id\":\"https:\\\/\\\/wloczykij.org\\\/blog\\\/#\\\/schema\\\/person\\\/5715e17c214052b93c6c53e27ea498e5\"},\"headline\":\"WAGABUNDA SENIOR cz. II Zeflik Ch\u0142\u00f3dek \u201eJa poprostu jestem Kosza\u0142ek Opa\u0142ek\u201d\",\"datePublished\":\"2016-04-24T19:25:14+00:00\",\"dateModified\":\"2022-03-20T14:28:00+00:00\",\"mainEntityOfPage\":{\"@id\":\"https:\\\/\\\/wloczykij.org\\\/blog\\\/2016\\\/04\\\/24\\\/wagabunda-senior-cz-ii-zeflik-chlodek-ja-poprostu-jestem-koszalek-opalek\\\/\"},\"wordCount\":2313,\"commentCount\":0,\"image\":{\"@id\":\"https:\\\/\\\/wloczykij.org\\\/blog\\\/2016\\\/04\\\/24\\\/wagabunda-senior-cz-ii-zeflik-chlodek-ja-poprostu-jestem-koszalek-opalek\\\/#primaryimage\"},\"thumbnailUrl\":\"https:\\\/\\\/wloczykij.org\\\/blog\\\/wp-content\\\/uploads\\\/sites\\\/2\\\/2016\\\/04\\\/Zeflik-Ch\u0142\u00f3dek_Fot.-Roman-Husarski.jpg\",\"keywords\":[\"Wagabunda Senior\",\"wywiad\",\"Zeflik Ch\u0142\u00f3dek\"],\"articleSection\":[\"...O PODR\u00d3\u017bOWANIU...\",\"WYWIAD\"],\"inLanguage\":\"pl-PL\",\"potentialAction\":[{\"@type\":\"CommentAction\",\"name\":\"Comment\",\"target\":[\"https:\\\/\\\/wloczykij.org\\\/blog\\\/2016\\\/04\\\/24\\\/wagabunda-senior-cz-ii-zeflik-chlodek-ja-poprostu-jestem-koszalek-opalek\\\/#respond\"]}]},{\"@type\":\"WebPage\",\"@id\":\"https:\\\/\\\/wloczykij.org\\\/blog\\\/2016\\\/04\\\/24\\\/wagabunda-senior-cz-ii-zeflik-chlodek-ja-poprostu-jestem-koszalek-opalek\\\/\",\"url\":\"https:\\\/\\\/wloczykij.org\\\/blog\\\/2016\\\/04\\\/24\\\/wagabunda-senior-cz-ii-zeflik-chlodek-ja-poprostu-jestem-koszalek-opalek\\\/\",\"name\":\"WAGABUNDA SENIOR cz. II Zeflik Ch\u0142\u00f3dek \u201eJa poprostu jestem Kosza\u0142ek Opa\u0142ek\u201d - W\u0142\u00f3czykij - Roman Husarski\",\"isPartOf\":{\"@id\":\"https:\\\/\\\/wloczykij.org\\\/blog\\\/#website\"},\"primaryImageOfPage\":{\"@id\":\"https:\\\/\\\/wloczykij.org\\\/blog\\\/2016\\\/04\\\/24\\\/wagabunda-senior-cz-ii-zeflik-chlodek-ja-poprostu-jestem-koszalek-opalek\\\/#primaryimage\"},\"image\":{\"@id\":\"https:\\\/\\\/wloczykij.org\\\/blog\\\/2016\\\/04\\\/24\\\/wagabunda-senior-cz-ii-zeflik-chlodek-ja-poprostu-jestem-koszalek-opalek\\\/#primaryimage\"},\"thumbnailUrl\":\"https:\\\/\\\/wloczykij.org\\\/blog\\\/wp-content\\\/uploads\\\/sites\\\/2\\\/2016\\\/04\\\/Zeflik-Ch\u0142\u00f3dek_Fot.-Roman-Husarski.jpg\",\"datePublished\":\"2016-04-24T19:25:14+00:00\",\"dateModified\":\"2022-03-20T14:28:00+00:00\",\"author\":{\"@id\":\"https:\\\/\\\/wloczykij.org\\\/blog\\\/#\\\/schema\\\/person\\\/5715e17c214052b93c6c53e27ea498e5\"},\"breadcrumb\":{\"@id\":\"https:\\\/\\\/wloczykij.org\\\/blog\\\/2016\\\/04\\\/24\\\/wagabunda-senior-cz-ii-zeflik-chlodek-ja-poprostu-jestem-koszalek-opalek\\\/#breadcrumb\"},\"inLanguage\":\"pl-PL\",\"potentialAction\":[{\"@type\":\"ReadAction\",\"target\":[\"https:\\\/\\\/wloczykij.org\\\/blog\\\/2016\\\/04\\\/24\\\/wagabunda-senior-cz-ii-zeflik-chlodek-ja-poprostu-jestem-koszalek-opalek\\\/\"]}]},{\"@type\":\"ImageObject\",\"inLanguage\":\"pl-PL\",\"@id\":\"https:\\\/\\\/wloczykij.org\\\/blog\\\/2016\\\/04\\\/24\\\/wagabunda-senior-cz-ii-zeflik-chlodek-ja-poprostu-jestem-koszalek-opalek\\\/#primaryimage\",\"url\":\"https:\\\/\\\/wloczykij.org\\\/blog\\\/wp-content\\\/uploads\\\/sites\\\/2\\\/2016\\\/04\\\/Zeflik-Ch\u0142\u00f3dek_Fot.-Roman-Husarski.jpg\",\"contentUrl\":\"https:\\\/\\\/wloczykij.org\\\/blog\\\/wp-content\\\/uploads\\\/sites\\\/2\\\/2016\\\/04\\\/Zeflik-Ch\u0142\u00f3dek_Fot.-Roman-Husarski.jpg\",\"width\":977,\"height\":651,\"caption\":\"Zeflik na krakowskich plantach Fot. Roman Husarski\"},{\"@type\":\"BreadcrumbList\",\"@id\":\"https:\\\/\\\/wloczykij.org\\\/blog\\\/2016\\\/04\\\/24\\\/wagabunda-senior-cz-ii-zeflik-chlodek-ja-poprostu-jestem-koszalek-opalek\\\/#breadcrumb\",\"itemListElement\":[{\"@type\":\"ListItem\",\"position\":1,\"name\":\"Strona g\u0142\u00f3wna\",\"item\":\"https:\\\/\\\/wloczykij.org\\\/blog\\\/\"},{\"@type\":\"ListItem\",\"position\":2,\"name\":\"WAGABUNDA SENIOR cz. II Zeflik Ch\u0142\u00f3dek \u201eJa poprostu jestem Kosza\u0142ek Opa\u0142ek\u201d\"}]},{\"@type\":\"WebSite\",\"@id\":\"https:\\\/\\\/wloczykij.org\\\/blog\\\/#website\",\"url\":\"https:\\\/\\\/wloczykij.org\\\/blog\\\/\",\"name\":\"W\u0142\u00f3czykij - Roman Husarski\",\"description\":\"\",\"potentialAction\":[{\"@type\":\"SearchAction\",\"target\":{\"@type\":\"EntryPoint\",\"urlTemplate\":\"https:\\\/\\\/wloczykij.org\\\/blog\\\/?s={search_term_string}\"},\"query-input\":{\"@type\":\"PropertyValueSpecification\",\"valueRequired\":true,\"valueName\":\"search_term_string\"}}],\"inLanguage\":\"pl-PL\"},{\"@type\":\"Person\",\"@id\":\"https:\\\/\\\/wloczykij.org\\\/blog\\\/#\\\/schema\\\/person\\\/5715e17c214052b93c6c53e27ea498e5\",\"name\":\"Roman\",\"image\":{\"@type\":\"ImageObject\",\"inLanguage\":\"pl-PL\",\"@id\":\"https:\\\/\\\/secure.gravatar.com\\\/avatar\\\/a4ad12ebb0eef153209fb3604f0a54cb2d9993a45803e045e020a86a4527c70b?s=96&d=mm&r=g\",\"url\":\"https:\\\/\\\/secure.gravatar.com\\\/avatar\\\/a4ad12ebb0eef153209fb3604f0a54cb2d9993a45803e045e020a86a4527c70b?s=96&d=mm&r=g\",\"contentUrl\":\"https:\\\/\\\/secure.gravatar.com\\\/avatar\\\/a4ad12ebb0eef153209fb3604f0a54cb2d9993a45803e045e020a86a4527c70b?s=96&d=mm&r=g\",\"caption\":\"Roman\"},\"url\":\"https:\\\/\\\/wloczykij.org\\\/blog\\\/author\\\/remus\\\/\"}]}<\/script>\n<!-- \/ Yoast SEO plugin. -->","yoast_head_json":{"title":"WAGABUNDA SENIOR cz. II Zeflik Ch\u0142\u00f3dek \u201eJa poprostu jestem Kosza\u0142ek Opa\u0142ek\u201d - W\u0142\u00f3czykij - Roman Husarski","robots":{"index":"index","follow":"follow","max-snippet":"max-snippet:-1","max-image-preview":"max-image-preview:large","max-video-preview":"max-video-preview:-1"},"canonical":"https:\/\/wloczykij.org\/blog\/2016\/04\/24\/wagabunda-senior-cz-ii-zeflik-chlodek-ja-poprostu-jestem-koszalek-opalek\/","og_locale":"pl_PL","og_type":"article","og_title":"WAGABUNDA SENIOR cz. II Zeflik Ch\u0142\u00f3dek \u201eJa poprostu jestem Kosza\u0142ek Opa\u0142ek\u201d - W\u0142\u00f3czykij - Roman Husarski","og_description":"Tekst do przeczytania te\u017c na peronie4. Zeflik Ch\u0142\u00f3dek jest znan\u0105 postaci\u0105 krakowskiego \u017cycia kulturalnego. Bywa na wieczorach karaoke, podr\u00f3\u017cniczych slajdowiskach i konferencjach naukowych. Nazywaj\u0105 go le\u015bnym ludkiem, w\u0142\u00f3czykijem, dziwakiem. Odwiedzi\u0142 sto czterdzie\u015bci dziewi\u0119\u0107 kraj\u00f3w, by\u0142 dezerterem, wi\u0119\u017aniem i dziennikarzem. Cho\u0107 para\u0142 si\u0119 praktycznie ka\u017cd\u0105 prac\u0105, przez ostatnie siedem lat nie mia\u0142 sta\u0142ego miejsca zamieszkania, by\u0142 &hellip;","og_url":"https:\/\/wloczykij.org\/blog\/2016\/04\/24\/wagabunda-senior-cz-ii-zeflik-chlodek-ja-poprostu-jestem-koszalek-opalek\/","og_site_name":"W\u0142\u00f3czykij - Roman Husarski","article_publisher":"https:\/\/www.facebook.com\/pages\/W%c5%82%c3%b3czykij\/282838631839707","article_published_time":"2016-04-24T19:25:14+00:00","article_modified_time":"2022-03-20T14:28:00+00:00","og_image":[{"width":977,"height":651,"url":"https:\/\/wloczykij.org\/blog\/wp-content\/uploads\/sites\/2\/2016\/04\/Zeflik-Ch\u0142\u00f3dek_Fot.-Roman-Husarski.jpg","type":"image\/jpeg"}],"author":"Roman","twitter_misc":{"Napisane przez":"Roman","Szacowany czas czytania":"11 minut"},"schema":{"@context":"https:\/\/schema.org","@graph":[{"@type":"Article","@id":"https:\/\/wloczykij.org\/blog\/2016\/04\/24\/wagabunda-senior-cz-ii-zeflik-chlodek-ja-poprostu-jestem-koszalek-opalek\/#article","isPartOf":{"@id":"https:\/\/wloczykij.org\/blog\/2016\/04\/24\/wagabunda-senior-cz-ii-zeflik-chlodek-ja-poprostu-jestem-koszalek-opalek\/"},"author":{"name":"Roman","@id":"https:\/\/wloczykij.org\/blog\/#\/schema\/person\/5715e17c214052b93c6c53e27ea498e5"},"headline":"WAGABUNDA SENIOR cz. II Zeflik Ch\u0142\u00f3dek \u201eJa poprostu jestem Kosza\u0142ek Opa\u0142ek\u201d","datePublished":"2016-04-24T19:25:14+00:00","dateModified":"2022-03-20T14:28:00+00:00","mainEntityOfPage":{"@id":"https:\/\/wloczykij.org\/blog\/2016\/04\/24\/wagabunda-senior-cz-ii-zeflik-chlodek-ja-poprostu-jestem-koszalek-opalek\/"},"wordCount":2313,"commentCount":0,"image":{"@id":"https:\/\/wloczykij.org\/blog\/2016\/04\/24\/wagabunda-senior-cz-ii-zeflik-chlodek-ja-poprostu-jestem-koszalek-opalek\/#primaryimage"},"thumbnailUrl":"https:\/\/wloczykij.org\/blog\/wp-content\/uploads\/sites\/2\/2016\/04\/Zeflik-Ch\u0142\u00f3dek_Fot.-Roman-Husarski.jpg","keywords":["Wagabunda Senior","wywiad","Zeflik Ch\u0142\u00f3dek"],"articleSection":["...O PODR\u00d3\u017bOWANIU...","WYWIAD"],"inLanguage":"pl-PL","potentialAction":[{"@type":"CommentAction","name":"Comment","target":["https:\/\/wloczykij.org\/blog\/2016\/04\/24\/wagabunda-senior-cz-ii-zeflik-chlodek-ja-poprostu-jestem-koszalek-opalek\/#respond"]}]},{"@type":"WebPage","@id":"https:\/\/wloczykij.org\/blog\/2016\/04\/24\/wagabunda-senior-cz-ii-zeflik-chlodek-ja-poprostu-jestem-koszalek-opalek\/","url":"https:\/\/wloczykij.org\/blog\/2016\/04\/24\/wagabunda-senior-cz-ii-zeflik-chlodek-ja-poprostu-jestem-koszalek-opalek\/","name":"WAGABUNDA SENIOR cz. II Zeflik Ch\u0142\u00f3dek \u201eJa poprostu jestem Kosza\u0142ek Opa\u0142ek\u201d - W\u0142\u00f3czykij - Roman Husarski","isPartOf":{"@id":"https:\/\/wloczykij.org\/blog\/#website"},"primaryImageOfPage":{"@id":"https:\/\/wloczykij.org\/blog\/2016\/04\/24\/wagabunda-senior-cz-ii-zeflik-chlodek-ja-poprostu-jestem-koszalek-opalek\/#primaryimage"},"image":{"@id":"https:\/\/wloczykij.org\/blog\/2016\/04\/24\/wagabunda-senior-cz-ii-zeflik-chlodek-ja-poprostu-jestem-koszalek-opalek\/#primaryimage"},"thumbnailUrl":"https:\/\/wloczykij.org\/blog\/wp-content\/uploads\/sites\/2\/2016\/04\/Zeflik-Ch\u0142\u00f3dek_Fot.-Roman-Husarski.jpg","datePublished":"2016-04-24T19:25:14+00:00","dateModified":"2022-03-20T14:28:00+00:00","author":{"@id":"https:\/\/wloczykij.org\/blog\/#\/schema\/person\/5715e17c214052b93c6c53e27ea498e5"},"breadcrumb":{"@id":"https:\/\/wloczykij.org\/blog\/2016\/04\/24\/wagabunda-senior-cz-ii-zeflik-chlodek-ja-poprostu-jestem-koszalek-opalek\/#breadcrumb"},"inLanguage":"pl-PL","potentialAction":[{"@type":"ReadAction","target":["https:\/\/wloczykij.org\/blog\/2016\/04\/24\/wagabunda-senior-cz-ii-zeflik-chlodek-ja-poprostu-jestem-koszalek-opalek\/"]}]},{"@type":"ImageObject","inLanguage":"pl-PL","@id":"https:\/\/wloczykij.org\/blog\/2016\/04\/24\/wagabunda-senior-cz-ii-zeflik-chlodek-ja-poprostu-jestem-koszalek-opalek\/#primaryimage","url":"https:\/\/wloczykij.org\/blog\/wp-content\/uploads\/sites\/2\/2016\/04\/Zeflik-Ch\u0142\u00f3dek_Fot.-Roman-Husarski.jpg","contentUrl":"https:\/\/wloczykij.org\/blog\/wp-content\/uploads\/sites\/2\/2016\/04\/Zeflik-Ch\u0142\u00f3dek_Fot.-Roman-Husarski.jpg","width":977,"height":651,"caption":"Zeflik na krakowskich plantach Fot. Roman Husarski"},{"@type":"BreadcrumbList","@id":"https:\/\/wloczykij.org\/blog\/2016\/04\/24\/wagabunda-senior-cz-ii-zeflik-chlodek-ja-poprostu-jestem-koszalek-opalek\/#breadcrumb","itemListElement":[{"@type":"ListItem","position":1,"name":"Strona g\u0142\u00f3wna","item":"https:\/\/wloczykij.org\/blog\/"},{"@type":"ListItem","position":2,"name":"WAGABUNDA SENIOR cz. II Zeflik Ch\u0142\u00f3dek \u201eJa poprostu jestem Kosza\u0142ek Opa\u0142ek\u201d"}]},{"@type":"WebSite","@id":"https:\/\/wloczykij.org\/blog\/#website","url":"https:\/\/wloczykij.org\/blog\/","name":"W\u0142\u00f3czykij - Roman Husarski","description":"","potentialAction":[{"@type":"SearchAction","target":{"@type":"EntryPoint","urlTemplate":"https:\/\/wloczykij.org\/blog\/?s={search_term_string}"},"query-input":{"@type":"PropertyValueSpecification","valueRequired":true,"valueName":"search_term_string"}}],"inLanguage":"pl-PL"},{"@type":"Person","@id":"https:\/\/wloczykij.org\/blog\/#\/schema\/person\/5715e17c214052b93c6c53e27ea498e5","name":"Roman","image":{"@type":"ImageObject","inLanguage":"pl-PL","@id":"https:\/\/secure.gravatar.com\/avatar\/a4ad12ebb0eef153209fb3604f0a54cb2d9993a45803e045e020a86a4527c70b?s=96&d=mm&r=g","url":"https:\/\/secure.gravatar.com\/avatar\/a4ad12ebb0eef153209fb3604f0a54cb2d9993a45803e045e020a86a4527c70b?s=96&d=mm&r=g","contentUrl":"https:\/\/secure.gravatar.com\/avatar\/a4ad12ebb0eef153209fb3604f0a54cb2d9993a45803e045e020a86a4527c70b?s=96&d=mm&r=g","caption":"Roman"},"url":"https:\/\/wloczykij.org\/blog\/author\/remus\/"}]}},"jetpack_publicize_connections":[],"jetpack_featured_media_url":"https:\/\/wloczykij.org\/blog\/wp-content\/uploads\/sites\/2\/2016\/04\/Zeflik-Ch\u0142\u00f3dek_Fot.-Roman-Husarski.jpg","jetpack_sharing_enabled":true,"_links":{"self":[{"href":"https:\/\/wloczykij.org\/blog\/wp-json\/wp\/v2\/posts\/1738","targetHints":{"allow":["GET"]}}],"collection":[{"href":"https:\/\/wloczykij.org\/blog\/wp-json\/wp\/v2\/posts"}],"about":[{"href":"https:\/\/wloczykij.org\/blog\/wp-json\/wp\/v2\/types\/post"}],"author":[{"embeddable":true,"href":"https:\/\/wloczykij.org\/blog\/wp-json\/wp\/v2\/users\/1"}],"replies":[{"embeddable":true,"href":"https:\/\/wloczykij.org\/blog\/wp-json\/wp\/v2\/comments?post=1738"}],"version-history":[{"count":2,"href":"https:\/\/wloczykij.org\/blog\/wp-json\/wp\/v2\/posts\/1738\/revisions"}],"predecessor-version":[{"id":3972,"href":"https:\/\/wloczykij.org\/blog\/wp-json\/wp\/v2\/posts\/1738\/revisions\/3972"}],"wp:featuredmedia":[{"embeddable":true,"href":"https:\/\/wloczykij.org\/blog\/wp-json\/wp\/v2\/media\/1746"}],"wp:attachment":[{"href":"https:\/\/wloczykij.org\/blog\/wp-json\/wp\/v2\/media?parent=1738"}],"wp:term":[{"taxonomy":"category","embeddable":true,"href":"https:\/\/wloczykij.org\/blog\/wp-json\/wp\/v2\/categories?post=1738"},{"taxonomy":"post_tag","embeddable":true,"href":"https:\/\/wloczykij.org\/blog\/wp-json\/wp\/v2\/tags?post=1738"}],"curies":[{"name":"wp","href":"https:\/\/api.w.org\/{rel}","templated":true}]}}