{"id":178,"date":"2012-04-12T14:36:33","date_gmt":"2012-04-12T12:36:33","guid":{"rendered":"http:\/\/rhusarski.wordpress.com\/?p=178"},"modified":"2022-03-20T15:48:48","modified_gmt":"2022-03-20T14:48:48","slug":"birmanski-wieczor","status":"publish","type":"post","link":"https:\/\/wloczykij.org\/blog\/2012\/04\/12\/birmanski-wieczor\/","title":{"rendered":"&#8222;Birma\u0144ski wiecz\u00f3r&#8221;"},"content":{"rendered":"<p>Serdecznie zapraszam wszystkich\u00a0 na &#8222;Birma\u0144ski wiecz\u00f3r!<\/p>\n<p>Wydarzenie odb\u0119dzie si\u0119 23 kwietnia o 19.00 w Piwnicy pod Baranami w Krakowie.<\/p>\n<p>Wiecz\u00f3r prowadz\u0119 razem z Micha\u0142em Lubin\u0105 w ramach Klubu Podr\u00f3\u017cnik\u00f3w &#8222;\u015ar\u00f3dziemie&#8221;.<\/p>\n<p>Przed rozpocz\u0119ciem slajdowiska b\u0119dzie mo\u017cna us\u0142ysze\u0107 ma\u0142\u0105 zapowied\u017a w Radiu Plus.<\/p>\n<p><a href=\"https:\/\/wloczykij.org\/blog\/wp-content\/uploads\/sites\/2\/2012\/04\/birmaplakat4.jpg\"><img loading=\"lazy\" decoding=\"async\" width=\"834\" height=\"1181\" data-attachment-id=\"179\" data-permalink=\"https:\/\/wloczykij.org\/blog\/2012\/04\/12\/birmanski-wieczor\/birmaplakat4\/\" data-orig-file=\"https:\/\/wloczykij.org\/blog\/wp-content\/uploads\/sites\/2\/2012\/04\/birmaplakat4.jpg\" data-orig-size=\"834,1181\" data-comments-opened=\"0\" data-image-meta=\"{&quot;aperture&quot;:&quot;0&quot;,&quot;credit&quot;:&quot;&quot;,&quot;camera&quot;:&quot;&quot;,&quot;caption&quot;:&quot;&quot;,&quot;created_timestamp&quot;:&quot;0&quot;,&quot;copyright&quot;:&quot;&quot;,&quot;focal_length&quot;:&quot;0&quot;,&quot;iso&quot;:&quot;0&quot;,&quot;shutter_speed&quot;:&quot;0&quot;,&quot;title&quot;:&quot;&quot;,&quot;orientation&quot;:&quot;0&quot;}\" data-image-title=\"fot. Roman Husarski\" data-image-description=\"\" data-image-caption=\"\" data-large-file=\"https:\/\/wloczykij.org\/blog\/wp-content\/uploads\/sites\/2\/2012\/04\/birmaplakat4-706x1000.jpg\" class=\"alignnone size-full wp-image-179\" title=\"fot. Roman Husarski\" alt=\"\" src=\"https:\/\/wloczykij.org\/blog\/wp-content\/uploads\/sites\/2\/2012\/04\/birmaplakat4.jpg\" srcset=\"https:\/\/wloczykij.org\/blog\/wp-content\/uploads\/sites\/2\/2012\/04\/birmaplakat4.jpg 834w, https:\/\/wloczykij.org\/blog\/wp-content\/uploads\/sites\/2\/2012\/04\/birmaplakat4-706x1000.jpg 706w, https:\/\/wloczykij.org\/blog\/wp-content\/uploads\/sites\/2\/2012\/04\/birmaplakat4-542x768.jpg 542w, https:\/\/wloczykij.org\/blog\/wp-content\/uploads\/sites\/2\/2012\/04\/birmaplakat4-768x1088.jpg 768w, https:\/\/wloczykij.org\/blog\/wp-content\/uploads\/sites\/2\/2012\/04\/birmaplakat4-723x1024.jpg 723w, https:\/\/wloczykij.org\/blog\/wp-content\/uploads\/sites\/2\/2012\/04\/birmaplakat4-212x300.jpg 212w\" sizes=\"auto, (max-width: 834px) 100vw, 834px\" \/><\/a><br \/>\n<em>fot. do plakatu Roman Husarski<\/em><\/p>\n<p>Opis wydarzenia:<\/p>\n<p>Malaryczna d\u017cungla, brak sanepidu, problemy z transportem, wszechobecna bieda, \u2026, ale i \u017cyczliwi ludzie, niesamowite widoki i przestrze\u0144 nieska\u017cona masowa turystyk\u0105 \u2013 o realiach podr\u00f3\u017cy przez Birm\u0119 opowie mi\u0142o\u015bnik Azji Po\u0142udniowo Wschodniej, student UJ, Roman Husarski.<\/p>\n<p>W drugiej cz\u0119\u015bci wieczoru, doktorant UJ, ekspert CSPA (Centrum Studi\u00f3w Polska &#8211; Azja), pierwszy analityk w kraju, kt\u00f3ry u\u017cy\u0142 okre\u015blenia &#8222;odwil\u017c birma\u0144ska&#8221;: Micha\u0142 Lubina, kt\u00f3ry niedawno wr\u00f3ci\u0142 z Birmy, opowie nam o zmianach, odwil\u017cy, wyborach i aktualnym obrazie tego niesamowitego kraju.<\/p>\n<p>Info na facebooku:<\/p>\n<p><a href=\"http:\/\/www.facebook.com\/events\/395309030493026\/\">http:\/\/www.facebook.com\/events\/395309030493026\/<\/a><\/p>\n<p>Info o wydarzeniu na portalu Peron 4:<\/p>\n<p><a href=\"http:\/\/www.peron4.pl\/wieczor-birmanski-w-srodziemiu\/\">http:\/\/www.peron4.pl\/wieczor-birmanski-w-srodziemiu\/<\/a><\/p>\n<p>Info na stronie Klub Podr\u00f3\u017cnik\u00f3w &#8222;\u015ar\u00f3dziemie&#8221;:<\/p>\n<p><a href=\"http:\/\/www.klubpodroznikow.com\/slajdy\/1306-birma\">http:\/\/www.klubpodroznikow.com\/slajdy\/1306-birma<\/a><\/p>\n","protected":false},"excerpt":{"rendered":"<p>Serdecznie zapraszam wszystkich\u00a0 na &#8222;Birma\u0144ski wiecz\u00f3r! Wydarzenie odb\u0119dzie si\u0119 23 kwietnia o 19.00 w Piwnicy pod Baranami w Krakowie. Wiecz\u00f3r prowadz\u0119 razem z Micha\u0142em Lubin\u0105 w ramach Klubu Podr\u00f3\u017cnik\u00f3w &#8222;\u015ar\u00f3dziemie&#8221;. Przed rozpocz\u0119ciem slajdowiska b\u0119dzie mo\u017cna us\u0142ysze\u0107 ma\u0142\u0105 zapowied\u017a w Radiu Plus. fot. do plakatu Roman Husarski Opis wydarzenia: Malaryczna d\u017cungla, brak sanepidu, problemy z transportem, &hellip; <\/p>\n","protected":false},"author":1,"featured_media":179,"comment_status":"open","ping_status":"open","sticky":false,"template":"","format":"standard","meta":{"_jetpack_memberships_contains_paid_content":false,"footnotes":"","jetpack_publicize_message":"","jetpack_publicize_feature_enabled":true,"jetpack_social_post_already_shared":true,"jetpack_social_options":{"image_generator_settings":{"template":"highway","default_image_id":0,"font":"","enabled":false},"version":2}},"categories":[427],"tags":[44],"class_list":["post-178","post","type-post","status-publish","format-standard","has-post-thumbnail","hentry","category-inne-podroze","tag-birma-2"],"yoast_head":"<!-- This site is optimized with the Yoast SEO plugin v27.5 - https:\/\/yoast.com\/product\/yoast-seo-wordpress\/ -->\n<title>&quot;Birma\u0144ski wiecz\u00f3r&quot; - W\u0142\u00f3czykij - Roman Husarski<\/title>\n<meta name=\"robots\" content=\"index, follow, max-snippet:-1, max-image-preview:large, max-video-preview:-1\" \/>\n<link rel=\"canonical\" href=\"https:\/\/wloczykij.org\/blog\/2012\/04\/12\/birmanski-wieczor\/\" \/>\n<meta property=\"og:locale\" content=\"pl_PL\" \/>\n<meta property=\"og:type\" content=\"article\" \/>\n<meta property=\"og:title\" content=\"&quot;Birma\u0144ski wiecz\u00f3r&quot; - W\u0142\u00f3czykij - Roman Husarski\" \/>\n<meta property=\"og:description\" content=\"Serdecznie zapraszam wszystkich\u00a0 na &#8222;Birma\u0144ski wiecz\u00f3r! Wydarzenie odb\u0119dzie si\u0119 23 kwietnia o 19.00 w Piwnicy pod Baranami w Krakowie. Wiecz\u00f3r prowadz\u0119 razem z Micha\u0142em Lubin\u0105 w ramach Klubu Podr\u00f3\u017cnik\u00f3w &#8222;\u015ar\u00f3dziemie&#8221;. Przed rozpocz\u0119ciem slajdowiska b\u0119dzie mo\u017cna us\u0142ysze\u0107 ma\u0142\u0105 zapowied\u017a w Radiu Plus. fot. do plakatu Roman Husarski Opis wydarzenia: Malaryczna d\u017cungla, brak sanepidu, problemy z transportem, &hellip;\" \/>\n<meta property=\"og:url\" content=\"https:\/\/wloczykij.org\/blog\/2012\/04\/12\/birmanski-wieczor\/\" \/>\n<meta property=\"og:site_name\" content=\"W\u0142\u00f3czykij - Roman Husarski\" \/>\n<meta property=\"article:publisher\" content=\"https:\/\/www.facebook.com\/pages\/W%c5%82%c3%b3czykij\/282838631839707\" \/>\n<meta property=\"article:published_time\" content=\"2012-04-12T12:36:33+00:00\" \/>\n<meta property=\"article:modified_time\" content=\"2022-03-20T14:48:48+00:00\" \/>\n<meta property=\"og:image\" content=\"https:\/\/wloczykij.org\/blog\/wp-content\/uploads\/sites\/2\/2012\/04\/birmaplakat4.jpg\" \/>\n\t<meta property=\"og:image:width\" content=\"834\" \/>\n\t<meta property=\"og:image:height\" content=\"1181\" \/>\n\t<meta property=\"og:image:type\" content=\"image\/jpeg\" \/>\n<meta name=\"author\" content=\"Roman\" \/>\n<meta name=\"twitter:label1\" content=\"Napisane przez\" \/>\n\t<meta name=\"twitter:data1\" content=\"Roman\" \/>\n\t<meta name=\"twitter:label2\" content=\"Szacowany czas czytania\" \/>\n\t<meta name=\"twitter:data2\" content=\"1 minuta\" \/>\n<script type=\"application\/ld+json\" class=\"yoast-schema-graph\">{\"@context\":\"https:\\\/\\\/schema.org\",\"@graph\":[{\"@type\":\"Article\",\"@id\":\"https:\\\/\\\/wloczykij.org\\\/blog\\\/2012\\\/04\\\/12\\\/birmanski-wieczor\\\/#article\",\"isPartOf\":{\"@id\":\"https:\\\/\\\/wloczykij.org\\\/blog\\\/2012\\\/04\\\/12\\\/birmanski-wieczor\\\/\"},\"author\":{\"name\":\"Roman\",\"@id\":\"https:\\\/\\\/wloczykij.org\\\/blog\\\/#\\\/schema\\\/person\\\/5715e17c214052b93c6c53e27ea498e5\"},\"headline\":\"&#8222;Birma\u0144ski wiecz\u00f3r&#8221;\",\"datePublished\":\"2012-04-12T12:36:33+00:00\",\"dateModified\":\"2022-03-20T14:48:48+00:00\",\"mainEntityOfPage\":{\"@id\":\"https:\\\/\\\/wloczykij.org\\\/blog\\\/2012\\\/04\\\/12\\\/birmanski-wieczor\\\/\"},\"wordCount\":186,\"commentCount\":0,\"image\":{\"@id\":\"https:\\\/\\\/wloczykij.org\\\/blog\\\/2012\\\/04\\\/12\\\/birmanski-wieczor\\\/#primaryimage\"},\"thumbnailUrl\":\"https:\\\/\\\/wloczykij.org\\\/blog\\\/wp-content\\\/uploads\\\/sites\\\/2\\\/2012\\\/04\\\/birmaplakat4.jpg\",\"keywords\":[\"birma\"],\"articleSection\":[\"Inne podr\u00f3\u017ce\"],\"inLanguage\":\"pl-PL\",\"potentialAction\":[{\"@type\":\"CommentAction\",\"name\":\"Comment\",\"target\":[\"https:\\\/\\\/wloczykij.org\\\/blog\\\/2012\\\/04\\\/12\\\/birmanski-wieczor\\\/#respond\"]}]},{\"@type\":\"WebPage\",\"@id\":\"https:\\\/\\\/wloczykij.org\\\/blog\\\/2012\\\/04\\\/12\\\/birmanski-wieczor\\\/\",\"url\":\"https:\\\/\\\/wloczykij.org\\\/blog\\\/2012\\\/04\\\/12\\\/birmanski-wieczor\\\/\",\"name\":\"\\\"Birma\u0144ski wiecz\u00f3r\\\" - W\u0142\u00f3czykij - Roman Husarski\",\"isPartOf\":{\"@id\":\"https:\\\/\\\/wloczykij.org\\\/blog\\\/#website\"},\"primaryImageOfPage\":{\"@id\":\"https:\\\/\\\/wloczykij.org\\\/blog\\\/2012\\\/04\\\/12\\\/birmanski-wieczor\\\/#primaryimage\"},\"image\":{\"@id\":\"https:\\\/\\\/wloczykij.org\\\/blog\\\/2012\\\/04\\\/12\\\/birmanski-wieczor\\\/#primaryimage\"},\"thumbnailUrl\":\"https:\\\/\\\/wloczykij.org\\\/blog\\\/wp-content\\\/uploads\\\/sites\\\/2\\\/2012\\\/04\\\/birmaplakat4.jpg\",\"datePublished\":\"2012-04-12T12:36:33+00:00\",\"dateModified\":\"2022-03-20T14:48:48+00:00\",\"author\":{\"@id\":\"https:\\\/\\\/wloczykij.org\\\/blog\\\/#\\\/schema\\\/person\\\/5715e17c214052b93c6c53e27ea498e5\"},\"breadcrumb\":{\"@id\":\"https:\\\/\\\/wloczykij.org\\\/blog\\\/2012\\\/04\\\/12\\\/birmanski-wieczor\\\/#breadcrumb\"},\"inLanguage\":\"pl-PL\",\"potentialAction\":[{\"@type\":\"ReadAction\",\"target\":[\"https:\\\/\\\/wloczykij.org\\\/blog\\\/2012\\\/04\\\/12\\\/birmanski-wieczor\\\/\"]}]},{\"@type\":\"ImageObject\",\"inLanguage\":\"pl-PL\",\"@id\":\"https:\\\/\\\/wloczykij.org\\\/blog\\\/2012\\\/04\\\/12\\\/birmanski-wieczor\\\/#primaryimage\",\"url\":\"https:\\\/\\\/wloczykij.org\\\/blog\\\/wp-content\\\/uploads\\\/sites\\\/2\\\/2012\\\/04\\\/birmaplakat4.jpg\",\"contentUrl\":\"https:\\\/\\\/wloczykij.org\\\/blog\\\/wp-content\\\/uploads\\\/sites\\\/2\\\/2012\\\/04\\\/birmaplakat4.jpg\",\"width\":834,\"height\":1181},{\"@type\":\"BreadcrumbList\",\"@id\":\"https:\\\/\\\/wloczykij.org\\\/blog\\\/2012\\\/04\\\/12\\\/birmanski-wieczor\\\/#breadcrumb\",\"itemListElement\":[{\"@type\":\"ListItem\",\"position\":1,\"name\":\"Strona g\u0142\u00f3wna\",\"item\":\"https:\\\/\\\/wloczykij.org\\\/blog\\\/\"},{\"@type\":\"ListItem\",\"position\":2,\"name\":\"&#8222;Birma\u0144ski wiecz\u00f3r&#8221;\"}]},{\"@type\":\"WebSite\",\"@id\":\"https:\\\/\\\/wloczykij.org\\\/blog\\\/#website\",\"url\":\"https:\\\/\\\/wloczykij.org\\\/blog\\\/\",\"name\":\"W\u0142\u00f3czykij - Roman Husarski\",\"description\":\"\",\"potentialAction\":[{\"@type\":\"SearchAction\",\"target\":{\"@type\":\"EntryPoint\",\"urlTemplate\":\"https:\\\/\\\/wloczykij.org\\\/blog\\\/?s={search_term_string}\"},\"query-input\":{\"@type\":\"PropertyValueSpecification\",\"valueRequired\":true,\"valueName\":\"search_term_string\"}}],\"inLanguage\":\"pl-PL\"},{\"@type\":\"Person\",\"@id\":\"https:\\\/\\\/wloczykij.org\\\/blog\\\/#\\\/schema\\\/person\\\/5715e17c214052b93c6c53e27ea498e5\",\"name\":\"Roman\",\"image\":{\"@type\":\"ImageObject\",\"inLanguage\":\"pl-PL\",\"@id\":\"https:\\\/\\\/secure.gravatar.com\\\/avatar\\\/a4ad12ebb0eef153209fb3604f0a54cb2d9993a45803e045e020a86a4527c70b?s=96&d=mm&r=g\",\"url\":\"https:\\\/\\\/secure.gravatar.com\\\/avatar\\\/a4ad12ebb0eef153209fb3604f0a54cb2d9993a45803e045e020a86a4527c70b?s=96&d=mm&r=g\",\"contentUrl\":\"https:\\\/\\\/secure.gravatar.com\\\/avatar\\\/a4ad12ebb0eef153209fb3604f0a54cb2d9993a45803e045e020a86a4527c70b?s=96&d=mm&r=g\",\"caption\":\"Roman\"},\"url\":\"https:\\\/\\\/wloczykij.org\\\/blog\\\/author\\\/remus\\\/\"}]}<\/script>\n<!-- \/ Yoast SEO plugin. -->","yoast_head_json":{"title":"\"Birma\u0144ski wiecz\u00f3r\" - W\u0142\u00f3czykij - Roman Husarski","robots":{"index":"index","follow":"follow","max-snippet":"max-snippet:-1","max-image-preview":"max-image-preview:large","max-video-preview":"max-video-preview:-1"},"canonical":"https:\/\/wloczykij.org\/blog\/2012\/04\/12\/birmanski-wieczor\/","og_locale":"pl_PL","og_type":"article","og_title":"\"Birma\u0144ski wiecz\u00f3r\" - W\u0142\u00f3czykij - Roman Husarski","og_description":"Serdecznie zapraszam wszystkich\u00a0 na &#8222;Birma\u0144ski wiecz\u00f3r! Wydarzenie odb\u0119dzie si\u0119 23 kwietnia o 19.00 w Piwnicy pod Baranami w Krakowie. Wiecz\u00f3r prowadz\u0119 razem z Micha\u0142em Lubin\u0105 w ramach Klubu Podr\u00f3\u017cnik\u00f3w &#8222;\u015ar\u00f3dziemie&#8221;. Przed rozpocz\u0119ciem slajdowiska b\u0119dzie mo\u017cna us\u0142ysze\u0107 ma\u0142\u0105 zapowied\u017a w Radiu Plus. fot. do plakatu Roman Husarski Opis wydarzenia: Malaryczna d\u017cungla, brak sanepidu, problemy z transportem, &hellip;","og_url":"https:\/\/wloczykij.org\/blog\/2012\/04\/12\/birmanski-wieczor\/","og_site_name":"W\u0142\u00f3czykij - Roman Husarski","article_publisher":"https:\/\/www.facebook.com\/pages\/W%c5%82%c3%b3czykij\/282838631839707","article_published_time":"2012-04-12T12:36:33+00:00","article_modified_time":"2022-03-20T14:48:48+00:00","og_image":[{"width":834,"height":1181,"url":"https:\/\/wloczykij.org\/blog\/wp-content\/uploads\/sites\/2\/2012\/04\/birmaplakat4.jpg","type":"image\/jpeg"}],"author":"Roman","twitter_misc":{"Napisane przez":"Roman","Szacowany czas czytania":"1 minuta"},"schema":{"@context":"https:\/\/schema.org","@graph":[{"@type":"Article","@id":"https:\/\/wloczykij.org\/blog\/2012\/04\/12\/birmanski-wieczor\/#article","isPartOf":{"@id":"https:\/\/wloczykij.org\/blog\/2012\/04\/12\/birmanski-wieczor\/"},"author":{"name":"Roman","@id":"https:\/\/wloczykij.org\/blog\/#\/schema\/person\/5715e17c214052b93c6c53e27ea498e5"},"headline":"&#8222;Birma\u0144ski wiecz\u00f3r&#8221;","datePublished":"2012-04-12T12:36:33+00:00","dateModified":"2022-03-20T14:48:48+00:00","mainEntityOfPage":{"@id":"https:\/\/wloczykij.org\/blog\/2012\/04\/12\/birmanski-wieczor\/"},"wordCount":186,"commentCount":0,"image":{"@id":"https:\/\/wloczykij.org\/blog\/2012\/04\/12\/birmanski-wieczor\/#primaryimage"},"thumbnailUrl":"https:\/\/wloczykij.org\/blog\/wp-content\/uploads\/sites\/2\/2012\/04\/birmaplakat4.jpg","keywords":["birma"],"articleSection":["Inne podr\u00f3\u017ce"],"inLanguage":"pl-PL","potentialAction":[{"@type":"CommentAction","name":"Comment","target":["https:\/\/wloczykij.org\/blog\/2012\/04\/12\/birmanski-wieczor\/#respond"]}]},{"@type":"WebPage","@id":"https:\/\/wloczykij.org\/blog\/2012\/04\/12\/birmanski-wieczor\/","url":"https:\/\/wloczykij.org\/blog\/2012\/04\/12\/birmanski-wieczor\/","name":"\"Birma\u0144ski wiecz\u00f3r\" - W\u0142\u00f3czykij - Roman Husarski","isPartOf":{"@id":"https:\/\/wloczykij.org\/blog\/#website"},"primaryImageOfPage":{"@id":"https:\/\/wloczykij.org\/blog\/2012\/04\/12\/birmanski-wieczor\/#primaryimage"},"image":{"@id":"https:\/\/wloczykij.org\/blog\/2012\/04\/12\/birmanski-wieczor\/#primaryimage"},"thumbnailUrl":"https:\/\/wloczykij.org\/blog\/wp-content\/uploads\/sites\/2\/2012\/04\/birmaplakat4.jpg","datePublished":"2012-04-12T12:36:33+00:00","dateModified":"2022-03-20T14:48:48+00:00","author":{"@id":"https:\/\/wloczykij.org\/blog\/#\/schema\/person\/5715e17c214052b93c6c53e27ea498e5"},"breadcrumb":{"@id":"https:\/\/wloczykij.org\/blog\/2012\/04\/12\/birmanski-wieczor\/#breadcrumb"},"inLanguage":"pl-PL","potentialAction":[{"@type":"ReadAction","target":["https:\/\/wloczykij.org\/blog\/2012\/04\/12\/birmanski-wieczor\/"]}]},{"@type":"ImageObject","inLanguage":"pl-PL","@id":"https:\/\/wloczykij.org\/blog\/2012\/04\/12\/birmanski-wieczor\/#primaryimage","url":"https:\/\/wloczykij.org\/blog\/wp-content\/uploads\/sites\/2\/2012\/04\/birmaplakat4.jpg","contentUrl":"https:\/\/wloczykij.org\/blog\/wp-content\/uploads\/sites\/2\/2012\/04\/birmaplakat4.jpg","width":834,"height":1181},{"@type":"BreadcrumbList","@id":"https:\/\/wloczykij.org\/blog\/2012\/04\/12\/birmanski-wieczor\/#breadcrumb","itemListElement":[{"@type":"ListItem","position":1,"name":"Strona g\u0142\u00f3wna","item":"https:\/\/wloczykij.org\/blog\/"},{"@type":"ListItem","position":2,"name":"&#8222;Birma\u0144ski wiecz\u00f3r&#8221;"}]},{"@type":"WebSite","@id":"https:\/\/wloczykij.org\/blog\/#website","url":"https:\/\/wloczykij.org\/blog\/","name":"W\u0142\u00f3czykij - Roman Husarski","description":"","potentialAction":[{"@type":"SearchAction","target":{"@type":"EntryPoint","urlTemplate":"https:\/\/wloczykij.org\/blog\/?s={search_term_string}"},"query-input":{"@type":"PropertyValueSpecification","valueRequired":true,"valueName":"search_term_string"}}],"inLanguage":"pl-PL"},{"@type":"Person","@id":"https:\/\/wloczykij.org\/blog\/#\/schema\/person\/5715e17c214052b93c6c53e27ea498e5","name":"Roman","image":{"@type":"ImageObject","inLanguage":"pl-PL","@id":"https:\/\/secure.gravatar.com\/avatar\/a4ad12ebb0eef153209fb3604f0a54cb2d9993a45803e045e020a86a4527c70b?s=96&d=mm&r=g","url":"https:\/\/secure.gravatar.com\/avatar\/a4ad12ebb0eef153209fb3604f0a54cb2d9993a45803e045e020a86a4527c70b?s=96&d=mm&r=g","contentUrl":"https:\/\/secure.gravatar.com\/avatar\/a4ad12ebb0eef153209fb3604f0a54cb2d9993a45803e045e020a86a4527c70b?s=96&d=mm&r=g","caption":"Roman"},"url":"https:\/\/wloczykij.org\/blog\/author\/remus\/"}]}},"jetpack_publicize_connections":[],"jetpack_featured_media_url":"https:\/\/wloczykij.org\/blog\/wp-content\/uploads\/sites\/2\/2012\/04\/birmaplakat4.jpg","jetpack_sharing_enabled":true,"_links":{"self":[{"href":"https:\/\/wloczykij.org\/blog\/wp-json\/wp\/v2\/posts\/178","targetHints":{"allow":["GET"]}}],"collection":[{"href":"https:\/\/wloczykij.org\/blog\/wp-json\/wp\/v2\/posts"}],"about":[{"href":"https:\/\/wloczykij.org\/blog\/wp-json\/wp\/v2\/types\/post"}],"author":[{"embeddable":true,"href":"https:\/\/wloczykij.org\/blog\/wp-json\/wp\/v2\/users\/1"}],"replies":[{"embeddable":true,"href":"https:\/\/wloczykij.org\/blog\/wp-json\/wp\/v2\/comments?post=178"}],"version-history":[{"count":1,"href":"https:\/\/wloczykij.org\/blog\/wp-json\/wp\/v2\/posts\/178\/revisions"}],"predecessor-version":[{"id":4149,"href":"https:\/\/wloczykij.org\/blog\/wp-json\/wp\/v2\/posts\/178\/revisions\/4149"}],"wp:featuredmedia":[{"embeddable":true,"href":"https:\/\/wloczykij.org\/blog\/wp-json\/wp\/v2\/media\/179"}],"wp:attachment":[{"href":"https:\/\/wloczykij.org\/blog\/wp-json\/wp\/v2\/media?parent=178"}],"wp:term":[{"taxonomy":"category","embeddable":true,"href":"https:\/\/wloczykij.org\/blog\/wp-json\/wp\/v2\/categories?post=178"},{"taxonomy":"post_tag","embeddable":true,"href":"https:\/\/wloczykij.org\/blog\/wp-json\/wp\/v2\/tags?post=178"}],"curies":[{"name":"wp","href":"https:\/\/api.w.org\/{rel}","templated":true}]}}