{"id":1836,"date":"2017-02-02T15:55:21","date_gmt":"2017-02-02T14:55:21","guid":{"rendered":"https:\/\/wloczykij.org\/blog\/?p=1836"},"modified":"2021-05-23T23:20:18","modified_gmt":"2021-05-23T21:20:18","slug":"kafka-w-korei","status":"publish","type":"post","link":"https:\/\/wloczykij.org\/blog\/2017\/02\/02\/kafka-w-korei\/","title":{"rendered":"Kafka w Korei"},"content":{"rendered":"<p><em>Jak wygl\u0105da codzienne \u017cycie studenta w Korei Po\u0142udniowej? Co warto zobaczy\u0107 w azjatyckim metropolis? Czy w dobie Internetu mo\u017cna jeszcze prze\u017cy\u0107 szok kulturowy? \u00a0Co czwartek\u00a0serwuj\u0119 moje wra\u017cenia i przemy\u015blenia z Seulu. Uwaga, kuchnia korea\u0144ska bywa pikantna!<\/em><\/p>\n<p><img loading=\"lazy\" decoding=\"async\" data-attachment-id=\"1838\" data-permalink=\"https:\/\/wloczykij.org\/blog\/2017\/02\/02\/kafka-w-korei\/critique-le-proces-welles21\/\" data-orig-file=\"https:\/\/wloczykij.org\/blog\/wp-content\/uploads\/sites\/2\/2016\/09\/critique-le-proces-welles21.jpg\" data-orig-size=\"740,443\" data-comments-opened=\"0\" data-image-meta=\"{&quot;aperture&quot;:&quot;0&quot;,&quot;credit&quot;:&quot;&quot;,&quot;camera&quot;:&quot;&quot;,&quot;caption&quot;:&quot;&quot;,&quot;created_timestamp&quot;:&quot;0&quot;,&quot;copyright&quot;:&quot;&quot;,&quot;focal_length&quot;:&quot;0&quot;,&quot;iso&quot;:&quot;0&quot;,&quot;shutter_speed&quot;:&quot;0&quot;,&quot;title&quot;:&quot;&quot;,&quot;orientation&quot;:&quot;0&quot;}\" data-image-title=\"critique-le-proces-welles21\" data-image-description=\"\" data-image-caption=\"\" data-large-file=\"https:\/\/wloczykij.org\/blog\/wp-content\/uploads\/sites\/2\/2016\/09\/critique-le-proces-welles21.jpg\" class=\"alignnone wp-image-1838\" title=\"Le Proc\u00e8s, re\u017c. Orson Welles, 1962\" src=\"https:\/\/wloczykij.org\/blog\/wp-content\/uploads\/sites\/2\/2016\/09\/critique-le-proces-welles21.jpg\" alt=\"critique-le-proces-welles21\" width=\"1000\" height=\"599\" srcset=\"https:\/\/wloczykij.org\/blog\/wp-content\/uploads\/sites\/2\/2016\/09\/critique-le-proces-welles21.jpg 740w, https:\/\/wloczykij.org\/blog\/wp-content\/uploads\/sites\/2\/2016\/09\/critique-le-proces-welles21-500x300.jpg 500w\" sizes=\"auto, (max-width: 1000px) 100vw, 1000px\" \/><\/p>\n<p>Nie ma co si\u0119 \u0142udzi\u0107. Niewiele jest kraj\u00f3w z przejrzyst\u0105 administracj\u0105 i niepogr\u0105\u017conych w biurokracji. Korea jest pa\u0144stwem nowoczesnym i bogatym. Jednak ostatnie wydarzenia przypomnia\u0142y, \u017ce problem braku transparentno\u015bci w\u0142adzy jest ca\u0142y czas aktualny. W skali \u015bwiatowej korupcji (<a href=\"https:\/\/en.wikipedia.org\/wiki\/Corruption_Perceptions_Index#2016\">wed\u0142ug CPI<\/a>) Korea Po\u0142udniowa w 2016 zaj\u0119\u0142a 53 miejsce. Znalaz\u0142a si\u0119 w statystyce pomi\u0119dzy Rwand\u0105 a Namibi\u0105. A ka\u017cdy, kto mia\u0142 okazj\u0119 tu chwil\u0119 pomieszka\u0144, do\u015bwiadczy\u0142 zapewne cho\u0107 raz kafkowskiej atmosfery.<\/p>\n<p>Ju\u017c przed wyjazdem poczu\u0142em si\u0142\u0119 1500 lat konfucja\u0144skiej tradycji Korei. Na papierkologi\u0119 stypendialn\u0105 sk\u0142ada\u0142o si\u0119: za\u015bwiadczenie zdrowotne, esej z moim planem studiowania, CV, osobny wielostronicowy arkusz na akademik (z pytaniami typu: &#8222;o kt\u00f3rej zazwyczaj chodzisz spa\u0107?&#8221; I co by to zmienia\u0142o, gdyby chodzi\u0142 spa\u0107 o 3?), osobny arkusz na wiz\u0119, listy motywacyjne, itd. I najgorsze d\u0142ugie oczekiwanie na ostateczne potwierdzenie ze strony Korei. Mia\u0142em to szcz\u0119\u015bcie, \u017ce m\u00f3j rodzimy Uniwersytet Jagiello\u0144ski okaza\u0142 si\u0119 bardzo pomocny.<\/p>\n<p>Papierkologia dopiero mia\u0142a jednak si\u0119 zacz\u0105\u0107 po przyje\u017adzie. Do wyrobienia karta pobytu, trzeba by\u0142o z\u0142o\u017cy\u0107 odciski palc\u00f3w w odpowiednim urz\u0119dzie itd. Nawet zapisuj\u0105c si\u0119 do studenckiego ko\u0142a mo\u017cna zosta\u0107 zaskoczonym &#8222;umow\u0105&#8221; na kilka podpis\u00f3w i zdj\u0119cia. Posiadanie zdj\u0119\u0107 paszportowych jest niezb\u0119dne w Korei.<\/p>\n<p>Ostatnio administracja studi\u00f3w zaskoczy\u0142a student\u00f3w z wymiany nakazem przej\u015bcia test\u00f3w na gru\u017alic\u0119. Na w\u0142asny koszt. Nie zabrak\u0142o te\u017c porz\u0105dnej kolejki, kt\u00f3rej nie powstydzi\u0142by si\u0119 polski szpital.<\/p>\n<p>Zaskoczeniem by\u0142 dla mnie zdobycie korea\u0144skiego numeru telefonu. Korea\u0144skiej karty sim (wybra\u0142em NFC) nie kupuje si\u0119 w kiosku na rogu. Prawd\u0119 m\u00f3wi\u0105c, wyrobienie jej zaj\u0119\u0142o mi dwa dni. W biurze obs\u0142ugi z niezrozumia\u0142ych powod\u00f3w (przerwa w pracy systemu?) nie uda\u0142o mi si\u0119 zako\u0144czy\u0107 transakcji i musia\u0142em przyj\u015b\u0107 nast\u0119pnego dnia. Zak\u0142adanie konta w banku posz\u0142o szybciej, ale nie zlicz\u0119, ile z\u0142o\u017cy\u0142em podpis\u00f3w.<\/p>\n<p>Nie chcia\u0142bym jednak, by kto\u015b odni\u00f3s\u0142 wra\u017cenie, \u017ce si\u0119 uskar\u017cam. To wszystko to w sumie igraszki w por\u00f3wnaniu z biurokracj\u0105 w niekt\u00f3rych krajach Bliskiego Wschodu czy Afryki. Mo\u017cna si\u0119 te\u017c pociesza\u0107, \u017ce zagraniczny student ma te\u017c wiele przywilej\u00f3w, a prawdziw\u0105 zabaw\u0119 maj\u0105 ci, kt\u00f3rzy prowadz\u0105 biznes w Korei. <a href=\"http:\/\/www.koreatimes.co.kr\/www\/news\/biz\/2016\/02\/175_17870.html\">Du\u017co zabawy<\/a>.<\/p>\n<p>&nbsp;<\/p>\n","protected":false},"excerpt":{"rendered":"<p>Jak wygl\u0105da codzienne \u017cycie studenta w Korei Po\u0142udniowej? Co warto zobaczy\u0107 w azjatyckim metropolis? Czy w dobie Internetu mo\u017cna jeszcze prze\u017cy\u0107 szok kulturowy? \u00a0Co czwartek\u00a0serwuj\u0119 moje wra\u017cenia i przemy\u015blenia z Seulu. Uwaga, kuchnia korea\u0144ska bywa pikantna! Nie ma co si\u0119 \u0142udzi\u0107. Niewiele jest kraj\u00f3w z przejrzyst\u0105 administracj\u0105 i niepogr\u0105\u017conych w biurokracji. Korea jest pa\u0144stwem nowoczesnym &hellip; <\/p>\n","protected":false},"author":1,"featured_media":1838,"comment_status":"open","ping_status":"open","sticky":false,"template":"","format":"standard","meta":{"_jetpack_memberships_contains_paid_content":false,"footnotes":"","jetpack_publicize_message":"","jetpack_publicize_feature_enabled":true,"jetpack_social_post_already_shared":true,"jetpack_social_options":{"image_generator_settings":{"template":"highway","default_image_id":0,"font":"","enabled":false},"version":2}},"categories":[18],"tags":[275,242,274],"class_list":["post-1836","post","type-post","status-publish","format-standard","has-post-thumbnail","hentry","category-korea-poludniowa","tag-biurokracja","tag-dziennik-seulski","tag-korupcja"],"yoast_head":"<!-- This site is optimized with the Yoast SEO plugin v27.5 - https:\/\/yoast.com\/product\/yoast-seo-wordpress\/ -->\n<title>Kafka w Korei - W\u0142\u00f3czykij - Roman Husarski<\/title>\n<meta name=\"robots\" content=\"index, follow, max-snippet:-1, max-image-preview:large, max-video-preview:-1\" \/>\n<link rel=\"canonical\" href=\"https:\/\/wloczykij.org\/blog\/2017\/02\/02\/kafka-w-korei\/\" \/>\n<meta property=\"og:locale\" content=\"pl_PL\" \/>\n<meta property=\"og:type\" content=\"article\" \/>\n<meta property=\"og:title\" content=\"Kafka w Korei - W\u0142\u00f3czykij - Roman Husarski\" \/>\n<meta property=\"og:description\" content=\"Jak wygl\u0105da codzienne \u017cycie studenta w Korei Po\u0142udniowej? Co warto zobaczy\u0107 w azjatyckim metropolis? Czy w dobie Internetu mo\u017cna jeszcze prze\u017cy\u0107 szok kulturowy? \u00a0Co czwartek\u00a0serwuj\u0119 moje wra\u017cenia i przemy\u015blenia z Seulu. Uwaga, kuchnia korea\u0144ska bywa pikantna! Nie ma co si\u0119 \u0142udzi\u0107. Niewiele jest kraj\u00f3w z przejrzyst\u0105 administracj\u0105 i niepogr\u0105\u017conych w biurokracji. Korea jest pa\u0144stwem nowoczesnym &hellip;\" \/>\n<meta property=\"og:url\" content=\"https:\/\/wloczykij.org\/blog\/2017\/02\/02\/kafka-w-korei\/\" \/>\n<meta property=\"og:site_name\" content=\"W\u0142\u00f3czykij - Roman Husarski\" \/>\n<meta property=\"article:publisher\" content=\"https:\/\/www.facebook.com\/pages\/W%c5%82%c3%b3czykij\/282838631839707\" \/>\n<meta property=\"article:published_time\" content=\"2017-02-02T14:55:21+00:00\" \/>\n<meta property=\"article:modified_time\" content=\"2021-05-23T21:20:18+00:00\" \/>\n<meta property=\"og:image\" content=\"https:\/\/wloczykij.org\/blog\/wp-content\/uploads\/sites\/2\/2016\/09\/critique-le-proces-welles21.jpg\" \/>\n\t<meta property=\"og:image:width\" content=\"740\" \/>\n\t<meta property=\"og:image:height\" content=\"443\" \/>\n\t<meta property=\"og:image:type\" content=\"image\/jpeg\" \/>\n<meta name=\"author\" content=\"Roman\" \/>\n<meta name=\"twitter:label1\" content=\"Napisane przez\" \/>\n\t<meta name=\"twitter:data1\" content=\"Roman\" \/>\n\t<meta name=\"twitter:label2\" content=\"Szacowany czas czytania\" \/>\n\t<meta name=\"twitter:data2\" content=\"2 minuty\" \/>\n<script type=\"application\/ld+json\" class=\"yoast-schema-graph\">{\"@context\":\"https:\\\/\\\/schema.org\",\"@graph\":[{\"@type\":\"Article\",\"@id\":\"https:\\\/\\\/wloczykij.org\\\/blog\\\/2017\\\/02\\\/02\\\/kafka-w-korei\\\/#article\",\"isPartOf\":{\"@id\":\"https:\\\/\\\/wloczykij.org\\\/blog\\\/2017\\\/02\\\/02\\\/kafka-w-korei\\\/\"},\"author\":{\"name\":\"Roman\",\"@id\":\"https:\\\/\\\/wloczykij.org\\\/blog\\\/#\\\/schema\\\/person\\\/5715e17c214052b93c6c53e27ea498e5\"},\"headline\":\"Kafka w Korei\",\"datePublished\":\"2017-02-02T14:55:21+00:00\",\"dateModified\":\"2021-05-23T21:20:18+00:00\",\"mainEntityOfPage\":{\"@id\":\"https:\\\/\\\/wloczykij.org\\\/blog\\\/2017\\\/02\\\/02\\\/kafka-w-korei\\\/\"},\"wordCount\":447,\"commentCount\":0,\"image\":{\"@id\":\"https:\\\/\\\/wloczykij.org\\\/blog\\\/2017\\\/02\\\/02\\\/kafka-w-korei\\\/#primaryimage\"},\"thumbnailUrl\":\"https:\\\/\\\/wloczykij.org\\\/blog\\\/wp-content\\\/uploads\\\/sites\\\/2\\\/2016\\\/09\\\/critique-le-proces-welles21.jpg\",\"keywords\":[\"biurokracja\",\"dziennik seulski\",\"korupcja\"],\"articleSection\":[\"Korea Po\u0142udniowa\"],\"inLanguage\":\"pl-PL\",\"potentialAction\":[{\"@type\":\"CommentAction\",\"name\":\"Comment\",\"target\":[\"https:\\\/\\\/wloczykij.org\\\/blog\\\/2017\\\/02\\\/02\\\/kafka-w-korei\\\/#respond\"]}]},{\"@type\":\"WebPage\",\"@id\":\"https:\\\/\\\/wloczykij.org\\\/blog\\\/2017\\\/02\\\/02\\\/kafka-w-korei\\\/\",\"url\":\"https:\\\/\\\/wloczykij.org\\\/blog\\\/2017\\\/02\\\/02\\\/kafka-w-korei\\\/\",\"name\":\"Kafka w Korei - W\u0142\u00f3czykij - Roman Husarski\",\"isPartOf\":{\"@id\":\"https:\\\/\\\/wloczykij.org\\\/blog\\\/#website\"},\"primaryImageOfPage\":{\"@id\":\"https:\\\/\\\/wloczykij.org\\\/blog\\\/2017\\\/02\\\/02\\\/kafka-w-korei\\\/#primaryimage\"},\"image\":{\"@id\":\"https:\\\/\\\/wloczykij.org\\\/blog\\\/2017\\\/02\\\/02\\\/kafka-w-korei\\\/#primaryimage\"},\"thumbnailUrl\":\"https:\\\/\\\/wloczykij.org\\\/blog\\\/wp-content\\\/uploads\\\/sites\\\/2\\\/2016\\\/09\\\/critique-le-proces-welles21.jpg\",\"datePublished\":\"2017-02-02T14:55:21+00:00\",\"dateModified\":\"2021-05-23T21:20:18+00:00\",\"author\":{\"@id\":\"https:\\\/\\\/wloczykij.org\\\/blog\\\/#\\\/schema\\\/person\\\/5715e17c214052b93c6c53e27ea498e5\"},\"breadcrumb\":{\"@id\":\"https:\\\/\\\/wloczykij.org\\\/blog\\\/2017\\\/02\\\/02\\\/kafka-w-korei\\\/#breadcrumb\"},\"inLanguage\":\"pl-PL\",\"potentialAction\":[{\"@type\":\"ReadAction\",\"target\":[\"https:\\\/\\\/wloczykij.org\\\/blog\\\/2017\\\/02\\\/02\\\/kafka-w-korei\\\/\"]}]},{\"@type\":\"ImageObject\",\"inLanguage\":\"pl-PL\",\"@id\":\"https:\\\/\\\/wloczykij.org\\\/blog\\\/2017\\\/02\\\/02\\\/kafka-w-korei\\\/#primaryimage\",\"url\":\"https:\\\/\\\/wloczykij.org\\\/blog\\\/wp-content\\\/uploads\\\/sites\\\/2\\\/2016\\\/09\\\/critique-le-proces-welles21.jpg\",\"contentUrl\":\"https:\\\/\\\/wloczykij.org\\\/blog\\\/wp-content\\\/uploads\\\/sites\\\/2\\\/2016\\\/09\\\/critique-le-proces-welles21.jpg\",\"width\":740,\"height\":443},{\"@type\":\"BreadcrumbList\",\"@id\":\"https:\\\/\\\/wloczykij.org\\\/blog\\\/2017\\\/02\\\/02\\\/kafka-w-korei\\\/#breadcrumb\",\"itemListElement\":[{\"@type\":\"ListItem\",\"position\":1,\"name\":\"Strona g\u0142\u00f3wna\",\"item\":\"https:\\\/\\\/wloczykij.org\\\/blog\\\/\"},{\"@type\":\"ListItem\",\"position\":2,\"name\":\"Kafka w Korei\"}]},{\"@type\":\"WebSite\",\"@id\":\"https:\\\/\\\/wloczykij.org\\\/blog\\\/#website\",\"url\":\"https:\\\/\\\/wloczykij.org\\\/blog\\\/\",\"name\":\"W\u0142\u00f3czykij - Roman Husarski\",\"description\":\"\",\"potentialAction\":[{\"@type\":\"SearchAction\",\"target\":{\"@type\":\"EntryPoint\",\"urlTemplate\":\"https:\\\/\\\/wloczykij.org\\\/blog\\\/?s={search_term_string}\"},\"query-input\":{\"@type\":\"PropertyValueSpecification\",\"valueRequired\":true,\"valueName\":\"search_term_string\"}}],\"inLanguage\":\"pl-PL\"},{\"@type\":\"Person\",\"@id\":\"https:\\\/\\\/wloczykij.org\\\/blog\\\/#\\\/schema\\\/person\\\/5715e17c214052b93c6c53e27ea498e5\",\"name\":\"Roman\",\"image\":{\"@type\":\"ImageObject\",\"inLanguage\":\"pl-PL\",\"@id\":\"https:\\\/\\\/secure.gravatar.com\\\/avatar\\\/a4ad12ebb0eef153209fb3604f0a54cb2d9993a45803e045e020a86a4527c70b?s=96&d=mm&r=g\",\"url\":\"https:\\\/\\\/secure.gravatar.com\\\/avatar\\\/a4ad12ebb0eef153209fb3604f0a54cb2d9993a45803e045e020a86a4527c70b?s=96&d=mm&r=g\",\"contentUrl\":\"https:\\\/\\\/secure.gravatar.com\\\/avatar\\\/a4ad12ebb0eef153209fb3604f0a54cb2d9993a45803e045e020a86a4527c70b?s=96&d=mm&r=g\",\"caption\":\"Roman\"},\"url\":\"https:\\\/\\\/wloczykij.org\\\/blog\\\/author\\\/remus\\\/\"}]}<\/script>\n<!-- \/ Yoast SEO plugin. -->","yoast_head_json":{"title":"Kafka w Korei - W\u0142\u00f3czykij - Roman Husarski","robots":{"index":"index","follow":"follow","max-snippet":"max-snippet:-1","max-image-preview":"max-image-preview:large","max-video-preview":"max-video-preview:-1"},"canonical":"https:\/\/wloczykij.org\/blog\/2017\/02\/02\/kafka-w-korei\/","og_locale":"pl_PL","og_type":"article","og_title":"Kafka w Korei - W\u0142\u00f3czykij - Roman Husarski","og_description":"Jak wygl\u0105da codzienne \u017cycie studenta w Korei Po\u0142udniowej? Co warto zobaczy\u0107 w azjatyckim metropolis? Czy w dobie Internetu mo\u017cna jeszcze prze\u017cy\u0107 szok kulturowy? \u00a0Co czwartek\u00a0serwuj\u0119 moje wra\u017cenia i przemy\u015blenia z Seulu. Uwaga, kuchnia korea\u0144ska bywa pikantna! Nie ma co si\u0119 \u0142udzi\u0107. Niewiele jest kraj\u00f3w z przejrzyst\u0105 administracj\u0105 i niepogr\u0105\u017conych w biurokracji. Korea jest pa\u0144stwem nowoczesnym &hellip;","og_url":"https:\/\/wloczykij.org\/blog\/2017\/02\/02\/kafka-w-korei\/","og_site_name":"W\u0142\u00f3czykij - Roman Husarski","article_publisher":"https:\/\/www.facebook.com\/pages\/W%c5%82%c3%b3czykij\/282838631839707","article_published_time":"2017-02-02T14:55:21+00:00","article_modified_time":"2021-05-23T21:20:18+00:00","og_image":[{"width":740,"height":443,"url":"https:\/\/wloczykij.org\/blog\/wp-content\/uploads\/sites\/2\/2016\/09\/critique-le-proces-welles21.jpg","type":"image\/jpeg"}],"author":"Roman","twitter_misc":{"Napisane przez":"Roman","Szacowany czas czytania":"2 minuty"},"schema":{"@context":"https:\/\/schema.org","@graph":[{"@type":"Article","@id":"https:\/\/wloczykij.org\/blog\/2017\/02\/02\/kafka-w-korei\/#article","isPartOf":{"@id":"https:\/\/wloczykij.org\/blog\/2017\/02\/02\/kafka-w-korei\/"},"author":{"name":"Roman","@id":"https:\/\/wloczykij.org\/blog\/#\/schema\/person\/5715e17c214052b93c6c53e27ea498e5"},"headline":"Kafka w Korei","datePublished":"2017-02-02T14:55:21+00:00","dateModified":"2021-05-23T21:20:18+00:00","mainEntityOfPage":{"@id":"https:\/\/wloczykij.org\/blog\/2017\/02\/02\/kafka-w-korei\/"},"wordCount":447,"commentCount":0,"image":{"@id":"https:\/\/wloczykij.org\/blog\/2017\/02\/02\/kafka-w-korei\/#primaryimage"},"thumbnailUrl":"https:\/\/wloczykij.org\/blog\/wp-content\/uploads\/sites\/2\/2016\/09\/critique-le-proces-welles21.jpg","keywords":["biurokracja","dziennik seulski","korupcja"],"articleSection":["Korea Po\u0142udniowa"],"inLanguage":"pl-PL","potentialAction":[{"@type":"CommentAction","name":"Comment","target":["https:\/\/wloczykij.org\/blog\/2017\/02\/02\/kafka-w-korei\/#respond"]}]},{"@type":"WebPage","@id":"https:\/\/wloczykij.org\/blog\/2017\/02\/02\/kafka-w-korei\/","url":"https:\/\/wloczykij.org\/blog\/2017\/02\/02\/kafka-w-korei\/","name":"Kafka w Korei - W\u0142\u00f3czykij - Roman Husarski","isPartOf":{"@id":"https:\/\/wloczykij.org\/blog\/#website"},"primaryImageOfPage":{"@id":"https:\/\/wloczykij.org\/blog\/2017\/02\/02\/kafka-w-korei\/#primaryimage"},"image":{"@id":"https:\/\/wloczykij.org\/blog\/2017\/02\/02\/kafka-w-korei\/#primaryimage"},"thumbnailUrl":"https:\/\/wloczykij.org\/blog\/wp-content\/uploads\/sites\/2\/2016\/09\/critique-le-proces-welles21.jpg","datePublished":"2017-02-02T14:55:21+00:00","dateModified":"2021-05-23T21:20:18+00:00","author":{"@id":"https:\/\/wloczykij.org\/blog\/#\/schema\/person\/5715e17c214052b93c6c53e27ea498e5"},"breadcrumb":{"@id":"https:\/\/wloczykij.org\/blog\/2017\/02\/02\/kafka-w-korei\/#breadcrumb"},"inLanguage":"pl-PL","potentialAction":[{"@type":"ReadAction","target":["https:\/\/wloczykij.org\/blog\/2017\/02\/02\/kafka-w-korei\/"]}]},{"@type":"ImageObject","inLanguage":"pl-PL","@id":"https:\/\/wloczykij.org\/blog\/2017\/02\/02\/kafka-w-korei\/#primaryimage","url":"https:\/\/wloczykij.org\/blog\/wp-content\/uploads\/sites\/2\/2016\/09\/critique-le-proces-welles21.jpg","contentUrl":"https:\/\/wloczykij.org\/blog\/wp-content\/uploads\/sites\/2\/2016\/09\/critique-le-proces-welles21.jpg","width":740,"height":443},{"@type":"BreadcrumbList","@id":"https:\/\/wloczykij.org\/blog\/2017\/02\/02\/kafka-w-korei\/#breadcrumb","itemListElement":[{"@type":"ListItem","position":1,"name":"Strona g\u0142\u00f3wna","item":"https:\/\/wloczykij.org\/blog\/"},{"@type":"ListItem","position":2,"name":"Kafka w Korei"}]},{"@type":"WebSite","@id":"https:\/\/wloczykij.org\/blog\/#website","url":"https:\/\/wloczykij.org\/blog\/","name":"W\u0142\u00f3czykij - Roman Husarski","description":"","potentialAction":[{"@type":"SearchAction","target":{"@type":"EntryPoint","urlTemplate":"https:\/\/wloczykij.org\/blog\/?s={search_term_string}"},"query-input":{"@type":"PropertyValueSpecification","valueRequired":true,"valueName":"search_term_string"}}],"inLanguage":"pl-PL"},{"@type":"Person","@id":"https:\/\/wloczykij.org\/blog\/#\/schema\/person\/5715e17c214052b93c6c53e27ea498e5","name":"Roman","image":{"@type":"ImageObject","inLanguage":"pl-PL","@id":"https:\/\/secure.gravatar.com\/avatar\/a4ad12ebb0eef153209fb3604f0a54cb2d9993a45803e045e020a86a4527c70b?s=96&d=mm&r=g","url":"https:\/\/secure.gravatar.com\/avatar\/a4ad12ebb0eef153209fb3604f0a54cb2d9993a45803e045e020a86a4527c70b?s=96&d=mm&r=g","contentUrl":"https:\/\/secure.gravatar.com\/avatar\/a4ad12ebb0eef153209fb3604f0a54cb2d9993a45803e045e020a86a4527c70b?s=96&d=mm&r=g","caption":"Roman"},"url":"https:\/\/wloczykij.org\/blog\/author\/remus\/"}]}},"jetpack_publicize_connections":[],"jetpack_featured_media_url":"https:\/\/wloczykij.org\/blog\/wp-content\/uploads\/sites\/2\/2016\/09\/critique-le-proces-welles21.jpg","jetpack_sharing_enabled":true,"_links":{"self":[{"href":"https:\/\/wloczykij.org\/blog\/wp-json\/wp\/v2\/posts\/1836","targetHints":{"allow":["GET"]}}],"collection":[{"href":"https:\/\/wloczykij.org\/blog\/wp-json\/wp\/v2\/posts"}],"about":[{"href":"https:\/\/wloczykij.org\/blog\/wp-json\/wp\/v2\/types\/post"}],"author":[{"embeddable":true,"href":"https:\/\/wloczykij.org\/blog\/wp-json\/wp\/v2\/users\/1"}],"replies":[{"embeddable":true,"href":"https:\/\/wloczykij.org\/blog\/wp-json\/wp\/v2\/comments?post=1836"}],"version-history":[{"count":2,"href":"https:\/\/wloczykij.org\/blog\/wp-json\/wp\/v2\/posts\/1836\/revisions"}],"predecessor-version":[{"id":4060,"href":"https:\/\/wloczykij.org\/blog\/wp-json\/wp\/v2\/posts\/1836\/revisions\/4060"}],"wp:featuredmedia":[{"embeddable":true,"href":"https:\/\/wloczykij.org\/blog\/wp-json\/wp\/v2\/media\/1838"}],"wp:attachment":[{"href":"https:\/\/wloczykij.org\/blog\/wp-json\/wp\/v2\/media?parent=1836"}],"wp:term":[{"taxonomy":"category","embeddable":true,"href":"https:\/\/wloczykij.org\/blog\/wp-json\/wp\/v2\/categories?post=1836"},{"taxonomy":"post_tag","embeddable":true,"href":"https:\/\/wloczykij.org\/blog\/wp-json\/wp\/v2\/tags?post=1836"}],"curies":[{"name":"wp","href":"https:\/\/api.w.org\/{rel}","templated":true}]}}