{"id":2269,"date":"2017-05-11T17:11:40","date_gmt":"2017-05-11T15:11:40","guid":{"rendered":"https:\/\/wloczykij.org\/blog\/?p=2269"},"modified":"2021-01-11T13:50:24","modified_gmt":"2021-01-11T12:50:24","slug":"polonia-w-korei","status":"publish","type":"post","link":"https:\/\/wloczykij.org\/blog\/2017\/05\/11\/polonia-w-korei\/","title":{"rendered":"Polonia w Korei"},"content":{"rendered":"<p><em>Jak wygl\u0105da codzienne \u017cycie studenta w Korei Po\u0142udniowej? Co warto zobaczy\u0107 w azjatyckim metropolis? Czy w dobie Internetu mo\u017cna jeszcze prze\u017cy\u0107 szok kulturowy? \u00a0Co czwartek\u00a0serwuj\u0119 moje wra\u017cenia i przemy\u015blenia z Seulu. Uwaga, kuchnia korea\u0144ska bywa pikantna!<\/em><\/p>\n<p><img loading=\"lazy\" decoding=\"async\" data-attachment-id=\"2271\" data-permalink=\"https:\/\/wloczykij.org\/blog\/2017\/05\/11\/polonia-w-korei\/0004a1hpe36ll5w8-c122-f4\/\" data-orig-file=\"https:\/\/wloczykij.org\/blog\/wp-content\/uploads\/sites\/2\/2017\/05\/0004A1HPE36LL5W8-C122-F4.jpg\" data-orig-size=\"625,350\" data-comments-opened=\"0\" data-image-meta=\"{&quot;aperture&quot;:&quot;0&quot;,&quot;credit&quot;:&quot;&quot;,&quot;camera&quot;:&quot;&quot;,&quot;caption&quot;:&quot;&quot;,&quot;created_timestamp&quot;:&quot;0&quot;,&quot;copyright&quot;:&quot;&quot;,&quot;focal_length&quot;:&quot;0&quot;,&quot;iso&quot;:&quot;0&quot;,&quot;shutter_speed&quot;:&quot;0&quot;,&quot;title&quot;:&quot;&quot;,&quot;orientation&quot;:&quot;0&quot;}\" data-image-title=\"0004A1HPE36LL5W8-C122-F4\" data-image-description=\"\" data-image-caption=\"\" data-large-file=\"https:\/\/wloczykij.org\/blog\/wp-content\/uploads\/sites\/2\/2017\/05\/0004A1HPE36LL5W8-C122-F4.jpg\" class=\"alignnone wp-image-2271\" title=\"Niewinni czarodzieje, 1960, re\u017c. Andrzej Wajda \" src=\"https:\/\/wloczykij.org\/blog\/wp-content\/uploads\/sites\/2\/2017\/05\/0004A1HPE36LL5W8-C122-F4.jpg\" alt=\"\" width=\"1000\" height=\"560\" \/><\/p>\n<p>Przez ostatnie 10 miesi\u0119cy z Polakami mia\u0142em kontakty zaledwie sporadyczne i zaw\u0119\u017caj\u0105ce si\u0119 do wymiany kilku zda\u0144 na sto\u0142\u00f3wce ze studentkami z Poznania. Zaczyna\u0142em studia w Korei z silnym postanowieniem, by w celu jak najlepszego poznania korea\u0144skiego (i innych j\u0119zyk\u00f3w) nie u\u017cywa\u0107 rodzimej mowy praktycznie wcale. Jednak w ostatnich tygodniach odby\u0142y si\u0119 dwie imprezy, kt\u00f3re przynios\u0142y dobre kontakty i wspomnienia za krajem.<\/p>\n<p>Pierwszym wydarzeniem by\u0142 zorganizowany przez <a href=\"http:\/\/www.seul.msz.gov.pl\/pl\/\">ambasad\u0119 Polski w Seulu<\/a> &#8222;Dzie\u0144 Polski&#8221;. Mieli\u015bmy i pocz\u0119stunek i wiele ciekawych namiot\u00f3w. Powr\u00f3ci\u0142y zapomniane smaki. Nigdy nie my\u015bla\u0142em, \u017ce bigos i czarna herbata, b\u0119dzie moim obiektem wzrusze\u0144. Obecnie nie ma stricte polskiej restauracji w Seulu. Wi\u0119kszo\u015b\u0107 posi\u0142k\u00f3w przygotowa\u0142a odnosz\u0105ca w\u015br\u00f3d Korea\u0144czyk\u00f3w du\u017cy sukces bu\u0142garska restauracja &#8222;<a href=\"https:\/\/pl.tripadvisor.com\/Restaurant_Review-g294197-d2428983-Reviews-Zelen-Seoul.html\">Zelen<\/a>&#8222;. Szefowie zak\u0142adu, bracia Micha\u0142 i Filip s\u0105 w po\u0142owie Polakami. Sporadycznie w ich restauracji pojawia si\u0119 polskie menu. Ca\u0142a impreza odby\u0142a si\u0119 w centrum miasta na Cheonggye Plaza &#8211; tu\u017c obok charakterystycznego pomniku &#8222;Spring Sculpture&#8221;, dzie\u0142a, kt\u00f3re mia\u0142o nawi\u0105zywa\u0107 swoim wygl\u0105dem do buddyjskiej pagody, a przypomina kolorowego zakr\u0119conego rogala.<\/p>\n<figure id=\"attachment_2273\" aria-describedby=\"caption-attachment-2273\" style=\"width: 1000px\" class=\"wp-caption alignnone\"><img loading=\"lazy\" decoding=\"async\" data-attachment-id=\"2273\" data-permalink=\"https:\/\/wloczykij.org\/blog\/2017\/05\/11\/polonia-w-korei\/img_8166\/\" data-orig-file=\"https:\/\/wloczykij.org\/blog\/wp-content\/uploads\/sites\/2\/2017\/05\/IMG_8166.jpg\" data-orig-size=\"1181,787\" data-comments-opened=\"0\" data-image-meta=\"{&quot;aperture&quot;:&quot;0&quot;,&quot;credit&quot;:&quot;&quot;,&quot;camera&quot;:&quot;&quot;,&quot;caption&quot;:&quot;&quot;,&quot;created_timestamp&quot;:&quot;0&quot;,&quot;copyright&quot;:&quot;&quot;,&quot;focal_length&quot;:&quot;0&quot;,&quot;iso&quot;:&quot;0&quot;,&quot;shutter_speed&quot;:&quot;0&quot;,&quot;title&quot;:&quot;&quot;,&quot;orientation&quot;:&quot;0&quot;}\" data-image-title=\"IMG_8166\" data-image-description=\"\" data-image-caption=\"\" data-large-file=\"https:\/\/wloczykij.org\/blog\/wp-content\/uploads\/sites\/2\/2017\/05\/IMG_8166-1000x666.jpg\" class=\"wp-image-2273\" src=\"https:\/\/wloczykij.org\/blog\/wp-content\/uploads\/sites\/2\/2017\/05\/IMG_8166-1024x682.jpg\" alt=\"\" width=\"1000\" height=\"666\" \/><figcaption id=\"caption-attachment-2273\" class=\"wp-caption-text\">Korea\u0144scy studenci polonistyki w strojach krakowskich <br \/>fot. Roman Husarski<\/figcaption><\/figure>\n<figure id=\"attachment_2272\" aria-describedby=\"caption-attachment-2272\" style=\"width: 1000px\" class=\"wp-caption alignnone\"><img loading=\"lazy\" decoding=\"async\" data-attachment-id=\"2272\" data-permalink=\"https:\/\/wloczykij.org\/blog\/2017\/05\/11\/polonia-w-korei\/img_8164\/\" data-orig-file=\"https:\/\/wloczykij.org\/blog\/wp-content\/uploads\/sites\/2\/2017\/05\/IMG_8164.jpg\" data-orig-size=\"1181,787\" data-comments-opened=\"0\" data-image-meta=\"{&quot;aperture&quot;:&quot;0&quot;,&quot;credit&quot;:&quot;&quot;,&quot;camera&quot;:&quot;&quot;,&quot;caption&quot;:&quot;&quot;,&quot;created_timestamp&quot;:&quot;0&quot;,&quot;copyright&quot;:&quot;&quot;,&quot;focal_length&quot;:&quot;0&quot;,&quot;iso&quot;:&quot;0&quot;,&quot;shutter_speed&quot;:&quot;0&quot;,&quot;title&quot;:&quot;&quot;,&quot;orientation&quot;:&quot;0&quot;}\" data-image-title=\"IMG_8164\" data-image-description=\"\" data-image-caption=\"\" data-large-file=\"https:\/\/wloczykij.org\/blog\/wp-content\/uploads\/sites\/2\/2017\/05\/IMG_8164-1000x666.jpg\" class=\"wp-image-2272\" src=\"https:\/\/wloczykij.org\/blog\/wp-content\/uploads\/sites\/2\/2017\/05\/IMG_8164-1024x682.jpg\" alt=\"\" width=\"1000\" height=\"666\" \/><figcaption id=\"caption-attachment-2272\" class=\"wp-caption-text\">&#8222;W\u0142a\u015bciwie to ja jestem z Warszawy&#8230;&#8221; <br \/>fot. Roman Husarski<\/figcaption><\/figure>\n<figure id=\"attachment_2274\" aria-describedby=\"caption-attachment-2274\" style=\"width: 1000px\" class=\"wp-caption alignnone\"><img loading=\"lazy\" decoding=\"async\" data-attachment-id=\"2274\" data-permalink=\"https:\/\/wloczykij.org\/blog\/2017\/05\/11\/polonia-w-korei\/img_8170\/\" data-orig-file=\"https:\/\/wloczykij.org\/blog\/wp-content\/uploads\/sites\/2\/2017\/05\/IMG_8170.jpg\" data-orig-size=\"1181,787\" data-comments-opened=\"0\" data-image-meta=\"{&quot;aperture&quot;:&quot;0&quot;,&quot;credit&quot;:&quot;&quot;,&quot;camera&quot;:&quot;&quot;,&quot;caption&quot;:&quot;&quot;,&quot;created_timestamp&quot;:&quot;0&quot;,&quot;copyright&quot;:&quot;&quot;,&quot;focal_length&quot;:&quot;0&quot;,&quot;iso&quot;:&quot;0&quot;,&quot;shutter_speed&quot;:&quot;0&quot;,&quot;title&quot;:&quot;&quot;,&quot;orientation&quot;:&quot;0&quot;}\" data-image-title=\"IMG_8170\" data-image-description=\"\" data-image-caption=\"\" data-large-file=\"https:\/\/wloczykij.org\/blog\/wp-content\/uploads\/sites\/2\/2017\/05\/IMG_8170-1000x666.jpg\" class=\"wp-image-2274\" src=\"https:\/\/wloczykij.org\/blog\/wp-content\/uploads\/sites\/2\/2017\/05\/IMG_8170-1024x682.jpg\" alt=\"\" width=\"1000\" height=\"666\" \/><figcaption id=\"caption-attachment-2274\" class=\"wp-caption-text\">Ten rozwiany w\u0142os. <br \/>fot. Roman Husarski<\/figcaption><\/figure>\n<figure id=\"attachment_2276\" aria-describedby=\"caption-attachment-2276\" style=\"width: 1000px\" class=\"wp-caption alignnone\"><img loading=\"lazy\" decoding=\"async\" data-attachment-id=\"2276\" data-permalink=\"https:\/\/wloczykij.org\/blog\/2017\/05\/11\/polonia-w-korei\/img_8173\/\" data-orig-file=\"https:\/\/wloczykij.org\/blog\/wp-content\/uploads\/sites\/2\/2017\/05\/IMG_8173.jpg\" data-orig-size=\"1181,787\" data-comments-opened=\"0\" data-image-meta=\"{&quot;aperture&quot;:&quot;0&quot;,&quot;credit&quot;:&quot;&quot;,&quot;camera&quot;:&quot;&quot;,&quot;caption&quot;:&quot;&quot;,&quot;created_timestamp&quot;:&quot;0&quot;,&quot;copyright&quot;:&quot;&quot;,&quot;focal_length&quot;:&quot;0&quot;,&quot;iso&quot;:&quot;0&quot;,&quot;shutter_speed&quot;:&quot;0&quot;,&quot;title&quot;:&quot;&quot;,&quot;orientation&quot;:&quot;0&quot;}\" data-image-title=\"IMG_8173\" data-image-description=\"\" data-image-caption=\"\" data-large-file=\"https:\/\/wloczykij.org\/blog\/wp-content\/uploads\/sites\/2\/2017\/05\/IMG_8173-1000x666.jpg\" class=\"wp-image-2276\" src=\"https:\/\/wloczykij.org\/blog\/wp-content\/uploads\/sites\/2\/2017\/05\/IMG_8173-1024x682.jpg\" alt=\"\" width=\"1000\" height=\"666\" \/><figcaption id=\"caption-attachment-2276\" class=\"wp-caption-text\">Do odnosz\u0105cej sukces w Korei gry dosz\u0142a i ksi\u0105\u017cka! <br \/>fot. Roman Husarski<\/figcaption><\/figure>\n<figure id=\"attachment_2277\" aria-describedby=\"caption-attachment-2277\" style=\"width: 1000px\" class=\"wp-caption alignnone\"><img loading=\"lazy\" decoding=\"async\" data-attachment-id=\"2277\" data-permalink=\"https:\/\/wloczykij.org\/blog\/2017\/05\/11\/polonia-w-korei\/img_8176\/\" data-orig-file=\"https:\/\/wloczykij.org\/blog\/wp-content\/uploads\/sites\/2\/2017\/05\/IMG_8176.jpg\" data-orig-size=\"1181,787\" data-comments-opened=\"0\" data-image-meta=\"{&quot;aperture&quot;:&quot;0&quot;,&quot;credit&quot;:&quot;&quot;,&quot;camera&quot;:&quot;&quot;,&quot;caption&quot;:&quot;&quot;,&quot;created_timestamp&quot;:&quot;0&quot;,&quot;copyright&quot;:&quot;&quot;,&quot;focal_length&quot;:&quot;0&quot;,&quot;iso&quot;:&quot;0&quot;,&quot;shutter_speed&quot;:&quot;0&quot;,&quot;title&quot;:&quot;&quot;,&quot;orientation&quot;:&quot;0&quot;}\" data-image-title=\"IMG_8176\" data-image-description=\"\" data-image-caption=\"\" data-large-file=\"https:\/\/wloczykij.org\/blog\/wp-content\/uploads\/sites\/2\/2017\/05\/IMG_8176-1000x666.jpg\" class=\"wp-image-2277\" src=\"https:\/\/wloczykij.org\/blog\/wp-content\/uploads\/sites\/2\/2017\/05\/IMG_8176-1024x682.jpg\" alt=\"\" width=\"1000\" height=\"666\" \/><figcaption id=\"caption-attachment-2277\" class=\"wp-caption-text\">Autorka prezentuje swoj\u0105 ksi\u0105\u017ck\u0119 o Korea\u0144czykach z P\u00f3\u0142nocy, sierotach mieszkaj\u0105cych w Polsce na przestrzeni lat 50-59. <br \/>fot. Roman Husarski<\/figcaption><\/figure>\n<figure id=\"attachment_2278\" aria-describedby=\"caption-attachment-2278\" style=\"width: 1000px\" class=\"wp-caption alignnone\"><img loading=\"lazy\" decoding=\"async\" data-attachment-id=\"2278\" data-permalink=\"https:\/\/wloczykij.org\/blog\/2017\/05\/11\/polonia-w-korei\/img_8177\/\" data-orig-file=\"https:\/\/wloczykij.org\/blog\/wp-content\/uploads\/sites\/2\/2017\/05\/IMG_8177.jpg\" data-orig-size=\"1181,787\" data-comments-opened=\"0\" data-image-meta=\"{&quot;aperture&quot;:&quot;0&quot;,&quot;credit&quot;:&quot;&quot;,&quot;camera&quot;:&quot;&quot;,&quot;caption&quot;:&quot;&quot;,&quot;created_timestamp&quot;:&quot;0&quot;,&quot;copyright&quot;:&quot;&quot;,&quot;focal_length&quot;:&quot;0&quot;,&quot;iso&quot;:&quot;0&quot;,&quot;shutter_speed&quot;:&quot;0&quot;,&quot;title&quot;:&quot;&quot;,&quot;orientation&quot;:&quot;0&quot;}\" data-image-title=\"IMG_8177\" data-image-description=\"\" data-image-caption=\"\" data-large-file=\"https:\/\/wloczykij.org\/blog\/wp-content\/uploads\/sites\/2\/2017\/05\/IMG_8177-1000x666.jpg\" class=\"wp-image-2278\" src=\"https:\/\/wloczykij.org\/blog\/wp-content\/uploads\/sites\/2\/2017\/05\/IMG_8177-1024x682.jpg\" alt=\"\" width=\"1000\" height=\"666\" \/><figcaption id=\"caption-attachment-2278\" class=\"wp-caption-text\">Spotkanie na trasie. Ch\u0142opaki jad\u0105 z Polski do Nepalu przez Kore\u0119. Mo\u017cna \u015bledzi\u0107 ich poczynania na www.aventurateam.com <br \/>Fot. Roman Husarski<\/figcaption><\/figure>\n<figure id=\"attachment_2275\" aria-describedby=\"caption-attachment-2275\" style=\"width: 1000px\" class=\"wp-caption alignnone\"><img loading=\"lazy\" decoding=\"async\" data-attachment-id=\"2275\" data-permalink=\"https:\/\/wloczykij.org\/blog\/2017\/05\/11\/polonia-w-korei\/img_8172\/\" data-orig-file=\"https:\/\/wloczykij.org\/blog\/wp-content\/uploads\/sites\/2\/2017\/05\/IMG_8172.jpg\" data-orig-size=\"1181,787\" data-comments-opened=\"0\" data-image-meta=\"{&quot;aperture&quot;:&quot;0&quot;,&quot;credit&quot;:&quot;&quot;,&quot;camera&quot;:&quot;&quot;,&quot;caption&quot;:&quot;&quot;,&quot;created_timestamp&quot;:&quot;0&quot;,&quot;copyright&quot;:&quot;&quot;,&quot;focal_length&quot;:&quot;0&quot;,&quot;iso&quot;:&quot;0&quot;,&quot;shutter_speed&quot;:&quot;0&quot;,&quot;title&quot;:&quot;&quot;,&quot;orientation&quot;:&quot;0&quot;}\" data-image-title=\"IMG_8172\" data-image-description=\"\" data-image-caption=\"\" data-large-file=\"https:\/\/wloczykij.org\/blog\/wp-content\/uploads\/sites\/2\/2017\/05\/IMG_8172-1000x666.jpg\" class=\"wp-image-2275\" src=\"https:\/\/wloczykij.org\/blog\/wp-content\/uploads\/sites\/2\/2017\/05\/IMG_8172-1024x682.jpg\" alt=\"\" width=\"1000\" height=\"666\" \/><figcaption id=\"caption-attachment-2275\" class=\"wp-caption-text\">Pozuj\u0105c do zdj\u0119\u0107 Korea\u0144czycy krzycz\u0105 &#8222;kimchi&#8221;, y krzyczymy &#8222;bigos&#8221;. <br \/>Fot. Roman Husarski<\/figcaption><\/figure>\n<p>W kolejnym tygodniu po &#8222;Dniu Polski&#8221; do\u015bwiadczy\u0142em swojego rodzaju\u00a0<em>d\u00e9j\u00e0 vu, <\/em>poniewa\u017c m\u00f3j uniwersytet organizowa\u0142 &#8222;Dzie\u0144 Kultur&#8221; i wraz z reszt\u0105 Polak\u00f3w (dok\u0142adnie Polek) przygotowali\u015bmy ma\u0142e show. Nasze pierogi, mo\u017ce nie by\u0142y zaskoczeniem dla Korea\u0144czyk\u00f3w znaj\u0105cych <em>mandu<\/em> i barszcz z proszku obawiam si\u0119, \u017ce nie powala\u0142, ale mieli\u015bmy najpi\u0119kniejsze stroje! Jedynie kimono mog\u0142o z nami konkurowa\u0107!<\/p>\n<figure id=\"attachment_2283\" aria-describedby=\"caption-attachment-2283\" style=\"width: 1000px\" class=\"wp-caption alignnone\"><img loading=\"lazy\" decoding=\"async\" data-attachment-id=\"2283\" data-permalink=\"https:\/\/wloczykij.org\/blog\/2017\/05\/11\/polonia-w-korei\/img_8327\/\" data-orig-file=\"https:\/\/wloczykij.org\/blog\/wp-content\/uploads\/sites\/2\/2017\/05\/IMG_8327.jpg\" data-orig-size=\"1181,787\" data-comments-opened=\"0\" data-image-meta=\"{&quot;aperture&quot;:&quot;0&quot;,&quot;credit&quot;:&quot;&quot;,&quot;camera&quot;:&quot;&quot;,&quot;caption&quot;:&quot;&quot;,&quot;created_timestamp&quot;:&quot;0&quot;,&quot;copyright&quot;:&quot;&quot;,&quot;focal_length&quot;:&quot;0&quot;,&quot;iso&quot;:&quot;0&quot;,&quot;shutter_speed&quot;:&quot;0&quot;,&quot;title&quot;:&quot;&quot;,&quot;orientation&quot;:&quot;0&quot;}\" data-image-title=\"IMG_8327\" data-image-description=\"\" data-image-caption=\"\" data-large-file=\"https:\/\/wloczykij.org\/blog\/wp-content\/uploads\/sites\/2\/2017\/05\/IMG_8327-1000x666.jpg\" class=\"wp-image-2283\" src=\"https:\/\/wloczykij.org\/blog\/wp-content\/uploads\/sites\/2\/2017\/05\/IMG_8327-1024x682.jpg\" alt=\"\" width=\"1000\" height=\"666\" \/><figcaption id=\"caption-attachment-2283\" class=\"wp-caption-text\">Str\u00f3j \u0142owicki przygotowany do &#8222;przymierzania&#8221;. <br \/>Fot. Roman Husarski<\/figcaption><\/figure>\n<figure id=\"attachment_2281\" aria-describedby=\"caption-attachment-2281\" style=\"width: 1000px\" class=\"wp-caption alignnone\"><img loading=\"lazy\" decoding=\"async\" data-attachment-id=\"2281\" data-permalink=\"https:\/\/wloczykij.org\/blog\/2017\/05\/11\/polonia-w-korei\/img_8318\/\" data-orig-file=\"https:\/\/wloczykij.org\/blog\/wp-content\/uploads\/sites\/2\/2017\/05\/IMG_8318.jpg\" data-orig-size=\"1181,787\" data-comments-opened=\"0\" data-image-meta=\"{&quot;aperture&quot;:&quot;0&quot;,&quot;credit&quot;:&quot;&quot;,&quot;camera&quot;:&quot;&quot;,&quot;caption&quot;:&quot;&quot;,&quot;created_timestamp&quot;:&quot;0&quot;,&quot;copyright&quot;:&quot;&quot;,&quot;focal_length&quot;:&quot;0&quot;,&quot;iso&quot;:&quot;0&quot;,&quot;shutter_speed&quot;:&quot;0&quot;,&quot;title&quot;:&quot;&quot;,&quot;orientation&quot;:&quot;0&quot;}\" data-image-title=\"IMG_8318\" data-image-description=\"\" data-image-caption=\"\" data-large-file=\"https:\/\/wloczykij.org\/blog\/wp-content\/uploads\/sites\/2\/2017\/05\/IMG_8318-1000x666.jpg\" class=\"wp-image-2281\" src=\"https:\/\/wloczykij.org\/blog\/wp-content\/uploads\/sites\/2\/2017\/05\/IMG_8318-1024x682.jpg\" alt=\"\" width=\"1000\" height=\"666\" \/><figcaption id=\"caption-attachment-2281\" class=\"wp-caption-text\">Polak Pakista\u0144czyk dwa bratanki&#8230; <br \/>Fot. Roman Husarski<\/figcaption><\/figure>\n<figure id=\"attachment_2279\" aria-describedby=\"caption-attachment-2279\" style=\"width: 1000px\" class=\"wp-caption alignnone\"><img loading=\"lazy\" decoding=\"async\" data-attachment-id=\"2279\" data-permalink=\"https:\/\/wloczykij.org\/blog\/2017\/05\/11\/polonia-w-korei\/img_8260\/\" data-orig-file=\"https:\/\/wloczykij.org\/blog\/wp-content\/uploads\/sites\/2\/2017\/05\/IMG_8260.jpg\" data-orig-size=\"1181,787\" data-comments-opened=\"0\" data-image-meta=\"{&quot;aperture&quot;:&quot;0&quot;,&quot;credit&quot;:&quot;&quot;,&quot;camera&quot;:&quot;&quot;,&quot;caption&quot;:&quot;&quot;,&quot;created_timestamp&quot;:&quot;0&quot;,&quot;copyright&quot;:&quot;&quot;,&quot;focal_length&quot;:&quot;0&quot;,&quot;iso&quot;:&quot;0&quot;,&quot;shutter_speed&quot;:&quot;0&quot;,&quot;title&quot;:&quot;&quot;,&quot;orientation&quot;:&quot;0&quot;}\" data-image-title=\"IMG_8260\" data-image-description=\"\" data-image-caption=\"\" data-large-file=\"https:\/\/wloczykij.org\/blog\/wp-content\/uploads\/sites\/2\/2017\/05\/IMG_8260-1000x666.jpg\" class=\"wp-image-2279\" src=\"https:\/\/wloczykij.org\/blog\/wp-content\/uploads\/sites\/2\/2017\/05\/IMG_8260-1024x682.jpg\" alt=\"\" width=\"1000\" height=\"666\" \/><figcaption id=\"caption-attachment-2279\" class=\"wp-caption-text\"><br \/>Fot. Roman Husarski<\/figcaption><\/figure>\n<figure id=\"attachment_2280\" aria-describedby=\"caption-attachment-2280\" style=\"width: 1000px\" class=\"wp-caption alignnone\"><img loading=\"lazy\" decoding=\"async\" data-attachment-id=\"2280\" data-permalink=\"https:\/\/wloczykij.org\/blog\/2017\/05\/11\/polonia-w-korei\/img_8271\/\" data-orig-file=\"https:\/\/wloczykij.org\/blog\/wp-content\/uploads\/sites\/2\/2017\/05\/IMG_8271.jpg\" data-orig-size=\"1181,787\" data-comments-opened=\"0\" data-image-meta=\"{&quot;aperture&quot;:&quot;0&quot;,&quot;credit&quot;:&quot;&quot;,&quot;camera&quot;:&quot;&quot;,&quot;caption&quot;:&quot;&quot;,&quot;created_timestamp&quot;:&quot;0&quot;,&quot;copyright&quot;:&quot;&quot;,&quot;focal_length&quot;:&quot;0&quot;,&quot;iso&quot;:&quot;0&quot;,&quot;shutter_speed&quot;:&quot;0&quot;,&quot;title&quot;:&quot;&quot;,&quot;orientation&quot;:&quot;0&quot;}\" data-image-title=\"IMG_8271\" data-image-description=\"\" data-image-caption=\"\" data-large-file=\"https:\/\/wloczykij.org\/blog\/wp-content\/uploads\/sites\/2\/2017\/05\/IMG_8271-1000x666.jpg\" class=\"wp-image-2280\" src=\"https:\/\/wloczykij.org\/blog\/wp-content\/uploads\/sites\/2\/2017\/05\/IMG_8271-1024x682.jpg\" alt=\"\" width=\"1000\" height=\"666\" \/><figcaption id=\"caption-attachment-2280\" class=\"wp-caption-text\"><br \/>Fot. Roman Husarski<\/figcaption><\/figure>\n<figure id=\"attachment_2282\" aria-describedby=\"caption-attachment-2282\" style=\"width: 1000px\" class=\"wp-caption alignnone\"><img loading=\"lazy\" decoding=\"async\" data-attachment-id=\"2282\" data-permalink=\"https:\/\/wloczykij.org\/blog\/2017\/05\/11\/polonia-w-korei\/img_8319\/\" data-orig-file=\"https:\/\/wloczykij.org\/blog\/wp-content\/uploads\/sites\/2\/2017\/05\/IMG_8319.jpg\" data-orig-size=\"1181,787\" data-comments-opened=\"0\" data-image-meta=\"{&quot;aperture&quot;:&quot;0&quot;,&quot;credit&quot;:&quot;&quot;,&quot;camera&quot;:&quot;&quot;,&quot;caption&quot;:&quot;&quot;,&quot;created_timestamp&quot;:&quot;0&quot;,&quot;copyright&quot;:&quot;&quot;,&quot;focal_length&quot;:&quot;0&quot;,&quot;iso&quot;:&quot;0&quot;,&quot;shutter_speed&quot;:&quot;0&quot;,&quot;title&quot;:&quot;&quot;,&quot;orientation&quot;:&quot;0&quot;}\" data-image-title=\"IMG_8319\" data-image-description=\"\" data-image-caption=\"\" data-large-file=\"https:\/\/wloczykij.org\/blog\/wp-content\/uploads\/sites\/2\/2017\/05\/IMG_8319-1000x666.jpg\" class=\"wp-image-2282\" src=\"https:\/\/wloczykij.org\/blog\/wp-content\/uploads\/sites\/2\/2017\/05\/IMG_8319-1024x682.jpg\" alt=\"\" width=\"1000\" height=\"666\" \/><figcaption id=\"caption-attachment-2282\" class=\"wp-caption-text\"><br \/>Fot. Roman Husarski<\/figcaption><\/figure>\n<p>&nbsp;<\/p>\n<p>&nbsp;<\/p>\n","protected":false},"excerpt":{"rendered":"<p>Jak wygl\u0105da codzienne \u017cycie studenta w Korei Po\u0142udniowej? Co warto zobaczy\u0107 w azjatyckim metropolis? Czy w dobie Internetu mo\u017cna jeszcze prze\u017cy\u0107 szok kulturowy? \u00a0Co czwartek\u00a0serwuj\u0119 moje wra\u017cenia i przemy\u015blenia z Seulu. Uwaga, kuchnia korea\u0144ska bywa pikantna! Przez ostatnie 10 miesi\u0119cy z Polakami mia\u0142em kontakty zaledwie sporadyczne i zaw\u0119\u017caj\u0105ce si\u0119 do wymiany kilku zda\u0144 na sto\u0142\u00f3wce &hellip; <\/p>\n","protected":false},"author":1,"featured_media":2271,"comment_status":"open","ping_status":"open","sticky":false,"template":"","format":"standard","meta":{"_jetpack_memberships_contains_paid_content":false,"footnotes":"","jetpack_publicize_message":"","jetpack_publicize_feature_enabled":true,"jetpack_social_post_already_shared":true,"jetpack_social_options":{"image_generator_settings":{"template":"highway","default_image_id":0,"font":"","enabled":false},"version":2}},"categories":[18],"tags":[242,289,287],"class_list":["post-2269","post","type-post","status-publish","format-standard","has-post-thumbnail","hentry","category-korea-poludniowa","tag-dziennik-seulski","tag-kuchnia","tag-polonia"],"yoast_head":"<!-- This site is optimized with the Yoast SEO plugin v27.5 - https:\/\/yoast.com\/product\/yoast-seo-wordpress\/ -->\n<title>Polonia w Korei - W\u0142\u00f3czykij - Roman Husarski<\/title>\n<meta name=\"robots\" content=\"index, follow, max-snippet:-1, max-image-preview:large, max-video-preview:-1\" \/>\n<link rel=\"canonical\" href=\"https:\/\/wloczykij.org\/blog\/2017\/05\/11\/polonia-w-korei\/\" \/>\n<meta property=\"og:locale\" content=\"pl_PL\" \/>\n<meta property=\"og:type\" content=\"article\" \/>\n<meta property=\"og:title\" content=\"Polonia w Korei - W\u0142\u00f3czykij - Roman Husarski\" \/>\n<meta property=\"og:description\" content=\"Jak wygl\u0105da codzienne \u017cycie studenta w Korei Po\u0142udniowej? Co warto zobaczy\u0107 w azjatyckim metropolis? Czy w dobie Internetu mo\u017cna jeszcze prze\u017cy\u0107 szok kulturowy? \u00a0Co czwartek\u00a0serwuj\u0119 moje wra\u017cenia i przemy\u015blenia z Seulu. Uwaga, kuchnia korea\u0144ska bywa pikantna! Przez ostatnie 10 miesi\u0119cy z Polakami mia\u0142em kontakty zaledwie sporadyczne i zaw\u0119\u017caj\u0105ce si\u0119 do wymiany kilku zda\u0144 na sto\u0142\u00f3wce &hellip;\" \/>\n<meta property=\"og:url\" content=\"https:\/\/wloczykij.org\/blog\/2017\/05\/11\/polonia-w-korei\/\" \/>\n<meta property=\"og:site_name\" content=\"W\u0142\u00f3czykij - Roman Husarski\" \/>\n<meta property=\"article:publisher\" content=\"https:\/\/www.facebook.com\/pages\/W%c5%82%c3%b3czykij\/282838631839707\" \/>\n<meta property=\"article:published_time\" content=\"2017-05-11T15:11:40+00:00\" \/>\n<meta property=\"article:modified_time\" content=\"2021-01-11T12:50:24+00:00\" \/>\n<meta property=\"og:image\" content=\"https:\/\/wloczykij.org\/blog\/wp-content\/uploads\/sites\/2\/2017\/05\/0004A1HPE36LL5W8-C122-F4.jpg\" \/>\n\t<meta property=\"og:image:width\" content=\"625\" \/>\n\t<meta property=\"og:image:height\" content=\"350\" \/>\n\t<meta property=\"og:image:type\" content=\"image\/jpeg\" \/>\n<meta name=\"author\" content=\"Roman\" \/>\n<meta name=\"twitter:label1\" content=\"Napisane przez\" \/>\n\t<meta name=\"twitter:data1\" content=\"Roman\" \/>\n\t<meta name=\"twitter:label2\" content=\"Szacowany czas czytania\" \/>\n\t<meta name=\"twitter:data2\" content=\"3 minuty\" \/>\n<script type=\"application\/ld+json\" class=\"yoast-schema-graph\">{\"@context\":\"https:\\\/\\\/schema.org\",\"@graph\":[{\"@type\":\"Article\",\"@id\":\"https:\\\/\\\/wloczykij.org\\\/blog\\\/2017\\\/05\\\/11\\\/polonia-w-korei\\\/#article\",\"isPartOf\":{\"@id\":\"https:\\\/\\\/wloczykij.org\\\/blog\\\/2017\\\/05\\\/11\\\/polonia-w-korei\\\/\"},\"author\":{\"name\":\"Roman\",\"@id\":\"https:\\\/\\\/wloczykij.org\\\/blog\\\/#\\\/schema\\\/person\\\/5715e17c214052b93c6c53e27ea498e5\"},\"headline\":\"Polonia w Korei\",\"datePublished\":\"2017-05-11T15:11:40+00:00\",\"dateModified\":\"2021-01-11T12:50:24+00:00\",\"mainEntityOfPage\":{\"@id\":\"https:\\\/\\\/wloczykij.org\\\/blog\\\/2017\\\/05\\\/11\\\/polonia-w-korei\\\/\"},\"wordCount\":539,\"commentCount\":0,\"image\":{\"@id\":\"https:\\\/\\\/wloczykij.org\\\/blog\\\/2017\\\/05\\\/11\\\/polonia-w-korei\\\/#primaryimage\"},\"thumbnailUrl\":\"https:\\\/\\\/wloczykij.org\\\/blog\\\/wp-content\\\/uploads\\\/sites\\\/2\\\/2017\\\/05\\\/0004A1HPE36LL5W8-C122-F4.jpg\",\"keywords\":[\"dziennik seulski\",\"kuchnia\",\"Polonia\"],\"articleSection\":[\"Korea Po\u0142udniowa\"],\"inLanguage\":\"pl-PL\",\"potentialAction\":[{\"@type\":\"CommentAction\",\"name\":\"Comment\",\"target\":[\"https:\\\/\\\/wloczykij.org\\\/blog\\\/2017\\\/05\\\/11\\\/polonia-w-korei\\\/#respond\"]}]},{\"@type\":\"WebPage\",\"@id\":\"https:\\\/\\\/wloczykij.org\\\/blog\\\/2017\\\/05\\\/11\\\/polonia-w-korei\\\/\",\"url\":\"https:\\\/\\\/wloczykij.org\\\/blog\\\/2017\\\/05\\\/11\\\/polonia-w-korei\\\/\",\"name\":\"Polonia w Korei - W\u0142\u00f3czykij - Roman Husarski\",\"isPartOf\":{\"@id\":\"https:\\\/\\\/wloczykij.org\\\/blog\\\/#website\"},\"primaryImageOfPage\":{\"@id\":\"https:\\\/\\\/wloczykij.org\\\/blog\\\/2017\\\/05\\\/11\\\/polonia-w-korei\\\/#primaryimage\"},\"image\":{\"@id\":\"https:\\\/\\\/wloczykij.org\\\/blog\\\/2017\\\/05\\\/11\\\/polonia-w-korei\\\/#primaryimage\"},\"thumbnailUrl\":\"https:\\\/\\\/wloczykij.org\\\/blog\\\/wp-content\\\/uploads\\\/sites\\\/2\\\/2017\\\/05\\\/0004A1HPE36LL5W8-C122-F4.jpg\",\"datePublished\":\"2017-05-11T15:11:40+00:00\",\"dateModified\":\"2021-01-11T12:50:24+00:00\",\"author\":{\"@id\":\"https:\\\/\\\/wloczykij.org\\\/blog\\\/#\\\/schema\\\/person\\\/5715e17c214052b93c6c53e27ea498e5\"},\"breadcrumb\":{\"@id\":\"https:\\\/\\\/wloczykij.org\\\/blog\\\/2017\\\/05\\\/11\\\/polonia-w-korei\\\/#breadcrumb\"},\"inLanguage\":\"pl-PL\",\"potentialAction\":[{\"@type\":\"ReadAction\",\"target\":[\"https:\\\/\\\/wloczykij.org\\\/blog\\\/2017\\\/05\\\/11\\\/polonia-w-korei\\\/\"]}]},{\"@type\":\"ImageObject\",\"inLanguage\":\"pl-PL\",\"@id\":\"https:\\\/\\\/wloczykij.org\\\/blog\\\/2017\\\/05\\\/11\\\/polonia-w-korei\\\/#primaryimage\",\"url\":\"https:\\\/\\\/wloczykij.org\\\/blog\\\/wp-content\\\/uploads\\\/sites\\\/2\\\/2017\\\/05\\\/0004A1HPE36LL5W8-C122-F4.jpg\",\"contentUrl\":\"https:\\\/\\\/wloczykij.org\\\/blog\\\/wp-content\\\/uploads\\\/sites\\\/2\\\/2017\\\/05\\\/0004A1HPE36LL5W8-C122-F4.jpg\",\"width\":625,\"height\":350},{\"@type\":\"BreadcrumbList\",\"@id\":\"https:\\\/\\\/wloczykij.org\\\/blog\\\/2017\\\/05\\\/11\\\/polonia-w-korei\\\/#breadcrumb\",\"itemListElement\":[{\"@type\":\"ListItem\",\"position\":1,\"name\":\"Strona g\u0142\u00f3wna\",\"item\":\"https:\\\/\\\/wloczykij.org\\\/blog\\\/\"},{\"@type\":\"ListItem\",\"position\":2,\"name\":\"Polonia w Korei\"}]},{\"@type\":\"WebSite\",\"@id\":\"https:\\\/\\\/wloczykij.org\\\/blog\\\/#website\",\"url\":\"https:\\\/\\\/wloczykij.org\\\/blog\\\/\",\"name\":\"W\u0142\u00f3czykij - Roman Husarski\",\"description\":\"\",\"potentialAction\":[{\"@type\":\"SearchAction\",\"target\":{\"@type\":\"EntryPoint\",\"urlTemplate\":\"https:\\\/\\\/wloczykij.org\\\/blog\\\/?s={search_term_string}\"},\"query-input\":{\"@type\":\"PropertyValueSpecification\",\"valueRequired\":true,\"valueName\":\"search_term_string\"}}],\"inLanguage\":\"pl-PL\"},{\"@type\":\"Person\",\"@id\":\"https:\\\/\\\/wloczykij.org\\\/blog\\\/#\\\/schema\\\/person\\\/5715e17c214052b93c6c53e27ea498e5\",\"name\":\"Roman\",\"image\":{\"@type\":\"ImageObject\",\"inLanguage\":\"pl-PL\",\"@id\":\"https:\\\/\\\/secure.gravatar.com\\\/avatar\\\/a4ad12ebb0eef153209fb3604f0a54cb2d9993a45803e045e020a86a4527c70b?s=96&d=mm&r=g\",\"url\":\"https:\\\/\\\/secure.gravatar.com\\\/avatar\\\/a4ad12ebb0eef153209fb3604f0a54cb2d9993a45803e045e020a86a4527c70b?s=96&d=mm&r=g\",\"contentUrl\":\"https:\\\/\\\/secure.gravatar.com\\\/avatar\\\/a4ad12ebb0eef153209fb3604f0a54cb2d9993a45803e045e020a86a4527c70b?s=96&d=mm&r=g\",\"caption\":\"Roman\"},\"url\":\"https:\\\/\\\/wloczykij.org\\\/blog\\\/author\\\/remus\\\/\"}]}<\/script>\n<!-- \/ Yoast SEO plugin. -->","yoast_head_json":{"title":"Polonia w Korei - W\u0142\u00f3czykij - Roman Husarski","robots":{"index":"index","follow":"follow","max-snippet":"max-snippet:-1","max-image-preview":"max-image-preview:large","max-video-preview":"max-video-preview:-1"},"canonical":"https:\/\/wloczykij.org\/blog\/2017\/05\/11\/polonia-w-korei\/","og_locale":"pl_PL","og_type":"article","og_title":"Polonia w Korei - W\u0142\u00f3czykij - Roman Husarski","og_description":"Jak wygl\u0105da codzienne \u017cycie studenta w Korei Po\u0142udniowej? Co warto zobaczy\u0107 w azjatyckim metropolis? Czy w dobie Internetu mo\u017cna jeszcze prze\u017cy\u0107 szok kulturowy? \u00a0Co czwartek\u00a0serwuj\u0119 moje wra\u017cenia i przemy\u015blenia z Seulu. Uwaga, kuchnia korea\u0144ska bywa pikantna! Przez ostatnie 10 miesi\u0119cy z Polakami mia\u0142em kontakty zaledwie sporadyczne i zaw\u0119\u017caj\u0105ce si\u0119 do wymiany kilku zda\u0144 na sto\u0142\u00f3wce &hellip;","og_url":"https:\/\/wloczykij.org\/blog\/2017\/05\/11\/polonia-w-korei\/","og_site_name":"W\u0142\u00f3czykij - Roman Husarski","article_publisher":"https:\/\/www.facebook.com\/pages\/W%c5%82%c3%b3czykij\/282838631839707","article_published_time":"2017-05-11T15:11:40+00:00","article_modified_time":"2021-01-11T12:50:24+00:00","og_image":[{"width":625,"height":350,"url":"https:\/\/wloczykij.org\/blog\/wp-content\/uploads\/sites\/2\/2017\/05\/0004A1HPE36LL5W8-C122-F4.jpg","type":"image\/jpeg"}],"author":"Roman","twitter_misc":{"Napisane przez":"Roman","Szacowany czas czytania":"3 minuty"},"schema":{"@context":"https:\/\/schema.org","@graph":[{"@type":"Article","@id":"https:\/\/wloczykij.org\/blog\/2017\/05\/11\/polonia-w-korei\/#article","isPartOf":{"@id":"https:\/\/wloczykij.org\/blog\/2017\/05\/11\/polonia-w-korei\/"},"author":{"name":"Roman","@id":"https:\/\/wloczykij.org\/blog\/#\/schema\/person\/5715e17c214052b93c6c53e27ea498e5"},"headline":"Polonia w Korei","datePublished":"2017-05-11T15:11:40+00:00","dateModified":"2021-01-11T12:50:24+00:00","mainEntityOfPage":{"@id":"https:\/\/wloczykij.org\/blog\/2017\/05\/11\/polonia-w-korei\/"},"wordCount":539,"commentCount":0,"image":{"@id":"https:\/\/wloczykij.org\/blog\/2017\/05\/11\/polonia-w-korei\/#primaryimage"},"thumbnailUrl":"https:\/\/wloczykij.org\/blog\/wp-content\/uploads\/sites\/2\/2017\/05\/0004A1HPE36LL5W8-C122-F4.jpg","keywords":["dziennik seulski","kuchnia","Polonia"],"articleSection":["Korea Po\u0142udniowa"],"inLanguage":"pl-PL","potentialAction":[{"@type":"CommentAction","name":"Comment","target":["https:\/\/wloczykij.org\/blog\/2017\/05\/11\/polonia-w-korei\/#respond"]}]},{"@type":"WebPage","@id":"https:\/\/wloczykij.org\/blog\/2017\/05\/11\/polonia-w-korei\/","url":"https:\/\/wloczykij.org\/blog\/2017\/05\/11\/polonia-w-korei\/","name":"Polonia w Korei - W\u0142\u00f3czykij - Roman Husarski","isPartOf":{"@id":"https:\/\/wloczykij.org\/blog\/#website"},"primaryImageOfPage":{"@id":"https:\/\/wloczykij.org\/blog\/2017\/05\/11\/polonia-w-korei\/#primaryimage"},"image":{"@id":"https:\/\/wloczykij.org\/blog\/2017\/05\/11\/polonia-w-korei\/#primaryimage"},"thumbnailUrl":"https:\/\/wloczykij.org\/blog\/wp-content\/uploads\/sites\/2\/2017\/05\/0004A1HPE36LL5W8-C122-F4.jpg","datePublished":"2017-05-11T15:11:40+00:00","dateModified":"2021-01-11T12:50:24+00:00","author":{"@id":"https:\/\/wloczykij.org\/blog\/#\/schema\/person\/5715e17c214052b93c6c53e27ea498e5"},"breadcrumb":{"@id":"https:\/\/wloczykij.org\/blog\/2017\/05\/11\/polonia-w-korei\/#breadcrumb"},"inLanguage":"pl-PL","potentialAction":[{"@type":"ReadAction","target":["https:\/\/wloczykij.org\/blog\/2017\/05\/11\/polonia-w-korei\/"]}]},{"@type":"ImageObject","inLanguage":"pl-PL","@id":"https:\/\/wloczykij.org\/blog\/2017\/05\/11\/polonia-w-korei\/#primaryimage","url":"https:\/\/wloczykij.org\/blog\/wp-content\/uploads\/sites\/2\/2017\/05\/0004A1HPE36LL5W8-C122-F4.jpg","contentUrl":"https:\/\/wloczykij.org\/blog\/wp-content\/uploads\/sites\/2\/2017\/05\/0004A1HPE36LL5W8-C122-F4.jpg","width":625,"height":350},{"@type":"BreadcrumbList","@id":"https:\/\/wloczykij.org\/blog\/2017\/05\/11\/polonia-w-korei\/#breadcrumb","itemListElement":[{"@type":"ListItem","position":1,"name":"Strona g\u0142\u00f3wna","item":"https:\/\/wloczykij.org\/blog\/"},{"@type":"ListItem","position":2,"name":"Polonia w Korei"}]},{"@type":"WebSite","@id":"https:\/\/wloczykij.org\/blog\/#website","url":"https:\/\/wloczykij.org\/blog\/","name":"W\u0142\u00f3czykij - Roman Husarski","description":"","potentialAction":[{"@type":"SearchAction","target":{"@type":"EntryPoint","urlTemplate":"https:\/\/wloczykij.org\/blog\/?s={search_term_string}"},"query-input":{"@type":"PropertyValueSpecification","valueRequired":true,"valueName":"search_term_string"}}],"inLanguage":"pl-PL"},{"@type":"Person","@id":"https:\/\/wloczykij.org\/blog\/#\/schema\/person\/5715e17c214052b93c6c53e27ea498e5","name":"Roman","image":{"@type":"ImageObject","inLanguage":"pl-PL","@id":"https:\/\/secure.gravatar.com\/avatar\/a4ad12ebb0eef153209fb3604f0a54cb2d9993a45803e045e020a86a4527c70b?s=96&d=mm&r=g","url":"https:\/\/secure.gravatar.com\/avatar\/a4ad12ebb0eef153209fb3604f0a54cb2d9993a45803e045e020a86a4527c70b?s=96&d=mm&r=g","contentUrl":"https:\/\/secure.gravatar.com\/avatar\/a4ad12ebb0eef153209fb3604f0a54cb2d9993a45803e045e020a86a4527c70b?s=96&d=mm&r=g","caption":"Roman"},"url":"https:\/\/wloczykij.org\/blog\/author\/remus\/"}]}},"jetpack_publicize_connections":[],"jetpack_featured_media_url":"https:\/\/wloczykij.org\/blog\/wp-content\/uploads\/sites\/2\/2017\/05\/0004A1HPE36LL5W8-C122-F4.jpg","jetpack_sharing_enabled":true,"_links":{"self":[{"href":"https:\/\/wloczykij.org\/blog\/wp-json\/wp\/v2\/posts\/2269","targetHints":{"allow":["GET"]}}],"collection":[{"href":"https:\/\/wloczykij.org\/blog\/wp-json\/wp\/v2\/posts"}],"about":[{"href":"https:\/\/wloczykij.org\/blog\/wp-json\/wp\/v2\/types\/post"}],"author":[{"embeddable":true,"href":"https:\/\/wloczykij.org\/blog\/wp-json\/wp\/v2\/users\/1"}],"replies":[{"embeddable":true,"href":"https:\/\/wloczykij.org\/blog\/wp-json\/wp\/v2\/comments?post=2269"}],"version-history":[{"count":2,"href":"https:\/\/wloczykij.org\/blog\/wp-json\/wp\/v2\/posts\/2269\/revisions"}],"predecessor-version":[{"id":3854,"href":"https:\/\/wloczykij.org\/blog\/wp-json\/wp\/v2\/posts\/2269\/revisions\/3854"}],"wp:featuredmedia":[{"embeddable":true,"href":"https:\/\/wloczykij.org\/blog\/wp-json\/wp\/v2\/media\/2271"}],"wp:attachment":[{"href":"https:\/\/wloczykij.org\/blog\/wp-json\/wp\/v2\/media?parent=2269"}],"wp:term":[{"taxonomy":"category","embeddable":true,"href":"https:\/\/wloczykij.org\/blog\/wp-json\/wp\/v2\/categories?post=2269"},{"taxonomy":"post_tag","embeddable":true,"href":"https:\/\/wloczykij.org\/blog\/wp-json\/wp\/v2\/tags?post=2269"}],"curies":[{"name":"wp","href":"https:\/\/api.w.org\/{rel}","templated":true}]}}