{"id":272,"date":"2012-09-19T18:27:11","date_gmt":"2012-09-19T16:27:11","guid":{"rendered":"http:\/\/rhusarski.wordpress.com\/?p=272"},"modified":"2022-03-20T15:45:46","modified_gmt":"2022-03-20T14:45:46","slug":"syf-kila-i-manila","status":"publish","type":"post","link":"https:\/\/wloczykij.org\/blog\/2012\/09\/19\/syf-kila-i-manila\/","title":{"rendered":"Ci\u0119\u017car Manili"},"content":{"rendered":"<figure id=\"attachment_2080\" aria-describedby=\"caption-attachment-2080\" style=\"width: 1000px\" class=\"wp-caption alignnone\"><img loading=\"lazy\" decoding=\"async\" data-attachment-id=\"2080\" data-permalink=\"https:\/\/wloczykij.org\/blog\/2012\/09\/19\/syf-kila-i-manila\/_mg_6979\/\" data-orig-file=\"https:\/\/wloczykij.org\/blog\/wp-content\/uploads\/sites\/2\/2012\/09\/MG_6979.jpg\" data-orig-size=\"1181,781\" data-comments-opened=\"0\" data-image-meta=\"{&quot;aperture&quot;:&quot;0&quot;,&quot;credit&quot;:&quot;&quot;,&quot;camera&quot;:&quot;&quot;,&quot;caption&quot;:&quot;&quot;,&quot;created_timestamp&quot;:&quot;0&quot;,&quot;copyright&quot;:&quot;&quot;,&quot;focal_length&quot;:&quot;0&quot;,&quot;iso&quot;:&quot;0&quot;,&quot;shutter_speed&quot;:&quot;0&quot;,&quot;title&quot;:&quot;&quot;,&quot;orientation&quot;:&quot;0&quot;}\" data-image-title=\"_MG_6979\" data-image-description=\"\" data-image-caption=\"\" data-large-file=\"https:\/\/wloczykij.org\/blog\/wp-content\/uploads\/sites\/2\/2012\/09\/MG_6979-1000x661.jpg\" class=\"wp-image-2080\" src=\"https:\/\/wloczykij.org\/blog\/wp-content\/uploads\/sites\/2\/2012\/09\/MG_6979-1024x677.jpg\" alt=\"\" width=\"1000\" height=\"661\" \/><figcaption id=\"caption-attachment-2080\" class=\"wp-caption-text\">Fot. Roman Husarski<\/figcaption><\/figure>\n<p><em>Zobacz moj\u0105 fotorelacj\u0119 z <a href=\"https:\/\/wloczykij.org\/navotas-slums\/\">Navotas<\/a>.<\/em><\/p>\n<p>Dziewczynka podrzuci\u0142a w powietrze ludzk\u0105 czaszk\u0119 i odbieg\u0142a z krzykiem. Dooko\u0142a walaj\u0105 si\u0119 ludzkie szcz\u0105tki i tony \u015bmieci. To slumsy na cmentarzu.<br \/>\nDzielnic n\u0119dzy nie trzeba d\u0142ugo szuka\u0107, bo w\u0142a\u015bciwie wi\u0119kszo\u015b\u0107 Manili je przypomina. To miasto ostrych kontrast\u00f3w. Blaszane domki kryj\u0105 si\u0119 na ka\u017cdym rogu, a tony \u015bmieci le\u017c\u0105 nawet na g\u0142\u00f3wnym wybrze\u017cu w pobli\u017cu b\u0142yszcz\u0105cych wie\u017cowc\u00f3w. Nawet 1\/3\u00a0 dwunastomilionowej spo\u0142eczno\u015bci mo\u017ce \u017cy\u0107 w slumsach.<\/p>\n<p>Znajduj\u0119 si\u0119 na ma\u0142ej wyspie Navas &#8211; to tu zdesperowani ludzie, nie mog\u0105c znale\u017a\u0107 lepszej lokalizacji, zamieszkali na cmentarzu. Otacza mnie z ka\u017cdej strony t\u0142umek dzieci, z rado\u015bci\u0105 pozuj\u0105c mi do zdj\u0119\u0107. Atmosfera jest zaskakuj\u0105co weso\u0142a, cho\u0107 miejsce przera\u017ca. Zw\u0142aszcza gdy widzi si\u0119 nagie brzd\u0105ce taplaj\u0105ce si\u0119 w \u015bmieciach. Mieszka\u0144cy cmentarza okazuj\u0105 si\u0119 zaskakuj\u0105co mili, niekt\u00f3rzy wydaj\u0105 si\u0119 zmieszani, inni mnie pozdrawiaj\u0105, krzycz\u0105c: &#8222;hey Joe!&#8221; (pozosta\u0142o\u015b\u0107 po ameryka\u0144skiej wizycie na Filipinach). Zdumiewaj\u0105ce, \u017ce nikt mnie tu nie prosi o pieni\u0105dze, co w centrum miasta jest nagminne.<\/p>\n<figure id=\"attachment_2081\" aria-describedby=\"caption-attachment-2081\" style=\"width: 600px\" class=\"wp-caption alignnone\"><img loading=\"lazy\" decoding=\"async\" data-attachment-id=\"2081\" data-permalink=\"https:\/\/wloczykij.org\/blog\/2012\/09\/19\/syf-kila-i-manila\/_mg_7080\/\" data-orig-file=\"https:\/\/wloczykij.org\/blog\/wp-content\/uploads\/sites\/2\/2012\/09\/MG_7080.jpg\" data-orig-size=\"525,787\" data-comments-opened=\"0\" data-image-meta=\"{&quot;aperture&quot;:&quot;0&quot;,&quot;credit&quot;:&quot;&quot;,&quot;camera&quot;:&quot;&quot;,&quot;caption&quot;:&quot;&quot;,&quot;created_timestamp&quot;:&quot;0&quot;,&quot;copyright&quot;:&quot;&quot;,&quot;focal_length&quot;:&quot;0&quot;,&quot;iso&quot;:&quot;0&quot;,&quot;shutter_speed&quot;:&quot;0&quot;,&quot;title&quot;:&quot;&quot;,&quot;orientation&quot;:&quot;0&quot;}\" data-image-title=\"_MG_7080\" data-image-description=\"\" data-image-caption=\"\" data-large-file=\"https:\/\/wloczykij.org\/blog\/wp-content\/uploads\/sites\/2\/2012\/09\/MG_7080.jpg\" class=\"wp-image-2081\" src=\"https:\/\/wloczykij.org\/blog\/wp-content\/uploads\/sites\/2\/2012\/09\/MG_7080.jpg\" alt=\"\" width=\"600\" height=\"899\" srcset=\"https:\/\/wloczykij.org\/blog\/wp-content\/uploads\/sites\/2\/2012\/09\/MG_7080.jpg 525w, https:\/\/wloczykij.org\/blog\/wp-content\/uploads\/sites\/2\/2012\/09\/MG_7080-512x768.jpg 512w\" sizes=\"auto, (max-width: 600px) 100vw, 600px\" \/><figcaption id=\"caption-attachment-2081\" class=\"wp-caption-text\">Rykszarz ze Slums\u00f3w. <br \/>Fot. Roman Husarski<\/figcaption><\/figure>\n<p>Wchodz\u0105c, widzia\u0142em przeje\u017cd\u017caj\u0105cy w pobli\u017cu w\u00f3z pancerny. Pobliski bank pilnuje a\u017c pi\u0119ciu ochroniarzy, wyposa\u017conych w karabiny maszynowe. Gangster\u00f3w jest co prawda w Manili sporo i zapewne chowaj\u0105 si\u0119 w slumsach. Jednak znajomy mieszkaniec Manili\u00a0m\u00f3wi\u0142, \u017ce nie brak ich te\u017c\u00a0przy bogatych dzielnicach &#8211; takich jak Makati.<\/p>\n<p>Poznani przez\u00a0couchsurfera mieszka\u0144cy Filipin zdumiewaj\u0105 mnie swoim brakiem poj\u0119cia na temat tego co dzieje si\u0119 na obrze\u017cach miasta. A mo\u017ce jest inaczej. Mo\u017ce nie chc\u0105 wiedzie\u0107. Enklaw\u0119 daj\u0105 nowoczesne dzielnice z Makati na czele. Znajomy opowiada\u0142 mi, \u017ce raz przez przypadek jego nowobogacka kole\u017canka przez przypadek opu\u015bci\u0142a stref\u0119 ochron\u0105 &#8211; sko\u0144czy\u0142o si\u0119 p\u0142aczem. A mieszka na Filipinach kilkana\u015bcie lat. To dlatego tak popularne s\u0105 tu taks\u00f3wki.<\/p>\n<p>Opuszczaj\u0105c dzielnic\u0119, czuj\u0119 ci\u0119\u017car w g\u0142owie. Jestem r\u00f3wnie\u017c dos\u0142ownie brudny. Poprzedniego dnia pada\u0142o, wi\u0119c w niekt\u00f3rych miejscach trzeba by\u0142o przej\u015b\u0107 przez rozlewiska pe\u0142ne odchod\u00f3w i \u015bmieci. W pobli\u017cu nie ma oczywi\u015bcie publicznych toalet. Zreszt\u0105 nawet w centrum Manili mo\u017cna si\u0119 natkn\u0105\u0107 na ludzi wypr\u00f3\u017cniaj\u0105cych si\u0119\u00a0na ulicy. Ciekawe czy z\u0142apa\u0142em wszy? Nie mog\u0142em jednak nie pokr\u0119ci\u0107 si\u0119 z dzie\u0107mi, nie przybi\u0107 im pi\u0105tek. W g\u0142owie kot\u0142owa\u0142a mi si\u0119 mieszanina pyta\u0144. Czy naprawd\u0119 nie ma innego wyj\u015bcia? Ile cz\u0142owiek jest w\u00a0stanie wytrzyma\u0107? W jaki spos\u00f3b mo\u017cna odpowiedzie\u0107 na t\u0119 tragedi\u0119? Mieszka\u0144cy slumsu w Navas przyjechali do Manili ze wsi w poszukiwaniu pracy, a sko\u0144czyli, \u015bpi\u0105c na rozkopanych grobach. Dlaczego nie opuszcz\u0105 tego koszmarnego miejsca? Czy gdyby wiedzieli, co ich czeka, to opu\u015bciliby wsie? Ilu z nich wci\u0105\u017c ma\u00a0nadzieje na zmian\u0119 swojej sytuacji? Wiele pyta\u0144 i zapewne wiele odpowiedzi.<\/p>\n<figure id=\"attachment_2082\" aria-describedby=\"caption-attachment-2082\" style=\"width: 1000px\" class=\"wp-caption alignnone\"><img loading=\"lazy\" decoding=\"async\" data-attachment-id=\"2082\" data-permalink=\"https:\/\/wloczykij.org\/blog\/2012\/09\/19\/syf-kila-i-manila\/_mg_7162\/\" data-orig-file=\"https:\/\/wloczykij.org\/blog\/wp-content\/uploads\/sites\/2\/2012\/09\/MG_7162.jpg\" data-orig-size=\"1181,787\" data-comments-opened=\"0\" data-image-meta=\"{&quot;aperture&quot;:&quot;0&quot;,&quot;credit&quot;:&quot;&quot;,&quot;camera&quot;:&quot;&quot;,&quot;caption&quot;:&quot;&quot;,&quot;created_timestamp&quot;:&quot;0&quot;,&quot;copyright&quot;:&quot;&quot;,&quot;focal_length&quot;:&quot;0&quot;,&quot;iso&quot;:&quot;0&quot;,&quot;shutter_speed&quot;:&quot;0&quot;,&quot;title&quot;:&quot;&quot;,&quot;orientation&quot;:&quot;0&quot;}\" data-image-title=\"_MG_7162\" data-image-description=\"\" data-image-caption=\"\" data-large-file=\"https:\/\/wloczykij.org\/blog\/wp-content\/uploads\/sites\/2\/2012\/09\/MG_7162-1000x666.jpg\" class=\"wp-image-2082\" src=\"https:\/\/wloczykij.org\/blog\/wp-content\/uploads\/sites\/2\/2012\/09\/MG_7162-1024x682.jpg\" alt=\"\" width=\"1000\" height=\"666\" \/><figcaption id=\"caption-attachment-2082\" class=\"wp-caption-text\">Fot. Roman Husarski<\/figcaption><\/figure>\n<p><img loading=\"lazy\" decoding=\"async\" data-attachment-id=\"2089\" data-permalink=\"https:\/\/wloczykij.org\/blog\/2012\/10\/02\/manila-upadek-perly-azji\/_mg_7148\/\" data-orig-file=\"https:\/\/wloczykij.org\/blog\/wp-content\/uploads\/sites\/2\/2012\/10\/MG_7148.jpg\" data-orig-size=\"1181,787\" data-comments-opened=\"0\" data-image-meta=\"{&quot;aperture&quot;:&quot;0&quot;,&quot;credit&quot;:&quot;&quot;,&quot;camera&quot;:&quot;&quot;,&quot;caption&quot;:&quot;&quot;,&quot;created_timestamp&quot;:&quot;0&quot;,&quot;copyright&quot;:&quot;&quot;,&quot;focal_length&quot;:&quot;0&quot;,&quot;iso&quot;:&quot;0&quot;,&quot;shutter_speed&quot;:&quot;0&quot;,&quot;title&quot;:&quot;&quot;,&quot;orientation&quot;:&quot;0&quot;}\" data-image-title=\"Fot. Roman Husarski\" data-image-description=\"\" data-image-caption=\"&lt;p&gt;Fot. Roman Husarski&lt;\/p&gt;\n\" data-large-file=\"https:\/\/wloczykij.org\/blog\/wp-content\/uploads\/sites\/2\/2012\/10\/MG_7148-1000x666.jpg\" class=\"alignnone wp-image-2089\" src=\"https:\/\/wloczykij.org\/blog\/wp-content\/uploads\/sites\/2\/2012\/10\/MG_7148-1024x682.jpg\" alt=\"\" width=\"1000\" height=\"666\" \/> \u00a0<img loading=\"lazy\" decoding=\"async\" data-attachment-id=\"2088\" data-permalink=\"https:\/\/wloczykij.org\/blog\/2012\/10\/02\/manila-upadek-perly-azji\/_mg_7146\/\" data-orig-file=\"https:\/\/wloczykij.org\/blog\/wp-content\/uploads\/sites\/2\/2012\/10\/MG_7146.jpg\" data-orig-size=\"1181,787\" data-comments-opened=\"0\" data-image-meta=\"{&quot;aperture&quot;:&quot;0&quot;,&quot;credit&quot;:&quot;&quot;,&quot;camera&quot;:&quot;&quot;,&quot;caption&quot;:&quot;&quot;,&quot;created_timestamp&quot;:&quot;0&quot;,&quot;copyright&quot;:&quot;&quot;,&quot;focal_length&quot;:&quot;0&quot;,&quot;iso&quot;:&quot;0&quot;,&quot;shutter_speed&quot;:&quot;0&quot;,&quot;title&quot;:&quot;&quot;,&quot;orientation&quot;:&quot;0&quot;}\" data-image-title=\"Fot. Roman Husarski\" data-image-description=\"\" data-image-caption=\"&lt;p&gt;Fot. Roman Husarski&lt;\/p&gt;\n\" data-large-file=\"https:\/\/wloczykij.org\/blog\/wp-content\/uploads\/sites\/2\/2012\/10\/MG_7146-1000x666.jpg\" class=\"alignnone wp-image-2088\" src=\"https:\/\/wloczykij.org\/blog\/wp-content\/uploads\/sites\/2\/2012\/10\/MG_7146-1024x682.jpg\" alt=\"\" width=\"1000\" height=\"666\" \/><\/p>\n<figure id=\"attachment_2087\" aria-describedby=\"caption-attachment-2087\" style=\"width: 1000px\" class=\"wp-caption alignnone\"><img loading=\"lazy\" decoding=\"async\" data-attachment-id=\"2087\" data-permalink=\"https:\/\/wloczykij.org\/blog\/2012\/10\/02\/manila-upadek-perly-azji\/_mg_7135\/\" data-orig-file=\"https:\/\/wloczykij.org\/blog\/wp-content\/uploads\/sites\/2\/2012\/10\/MG_7135.jpg\" data-orig-size=\"1181,787\" data-comments-opened=\"0\" data-image-meta=\"{&quot;aperture&quot;:&quot;0&quot;,&quot;credit&quot;:&quot;&quot;,&quot;camera&quot;:&quot;&quot;,&quot;caption&quot;:&quot;&quot;,&quot;created_timestamp&quot;:&quot;0&quot;,&quot;copyright&quot;:&quot;&quot;,&quot;focal_length&quot;:&quot;0&quot;,&quot;iso&quot;:&quot;0&quot;,&quot;shutter_speed&quot;:&quot;0&quot;,&quot;title&quot;:&quot;&quot;,&quot;orientation&quot;:&quot;0&quot;}\" data-image-title=\"Fot. Roman Husarski\" data-image-description=\"\" data-image-caption=\"&lt;p&gt;Fot. Roman Husarski&lt;\/p&gt;\n\" data-large-file=\"https:\/\/wloczykij.org\/blog\/wp-content\/uploads\/sites\/2\/2012\/10\/MG_7135-1000x666.jpg\" class=\"wp-image-2087\" src=\"https:\/\/wloczykij.org\/blog\/wp-content\/uploads\/sites\/2\/2012\/10\/MG_7135-1024x682.jpg\" alt=\"\" width=\"1000\" height=\"666\" \/><figcaption id=\"caption-attachment-2087\" class=\"wp-caption-text\">Fot. Roman Husarski<\/figcaption><\/figure>\n","protected":false},"excerpt":{"rendered":"<p>Zobacz moj\u0105 fotorelacj\u0119 z Navotas. Dziewczynka podrzuci\u0142a w powietrze ludzk\u0105 czaszk\u0119 i odbieg\u0142a z krzykiem. Dooko\u0142a walaj\u0105 si\u0119 ludzkie szcz\u0105tki i tony \u015bmieci. To slumsy na cmentarzu. Dzielnic n\u0119dzy nie trzeba d\u0142ugo szuka\u0107, bo w\u0142a\u015bciwie wi\u0119kszo\u015b\u0107 Manili je przypomina. To miasto ostrych kontrast\u00f3w. Blaszane domki kryj\u0105 si\u0119 na ka\u017cdym rogu, a tony \u015bmieci le\u017c\u0105 nawet &hellip; <\/p>\n","protected":false},"author":1,"featured_media":2080,"comment_status":"open","ping_status":"open","sticky":false,"template":"","format":"standard","meta":{"_jetpack_memberships_contains_paid_content":false,"footnotes":"","jetpack_publicize_message":"","jetpack_publicize_feature_enabled":true,"jetpack_social_post_already_shared":true,"jetpack_social_options":{"image_generator_settings":{"template":"highway","default_image_id":0,"font":"","enabled":false},"version":2}},"categories":[427],"tags":[429,159,264],"class_list":["post-272","post","type-post","status-publish","format-standard","has-post-thumbnail","hentry","category-inne-podroze","tag-filipiny","tag-manila","tag-navotas"],"yoast_head":"<!-- This site is optimized with the Yoast SEO plugin v27.5 - https:\/\/yoast.com\/product\/yoast-seo-wordpress\/ -->\n<title>Ci\u0119\u017car Manili - W\u0142\u00f3czykij - Roman Husarski<\/title>\n<meta name=\"robots\" content=\"index, follow, max-snippet:-1, max-image-preview:large, max-video-preview:-1\" \/>\n<link rel=\"canonical\" href=\"https:\/\/wloczykij.org\/blog\/2012\/09\/19\/syf-kila-i-manila\/\" \/>\n<meta property=\"og:locale\" content=\"pl_PL\" \/>\n<meta property=\"og:type\" content=\"article\" \/>\n<meta property=\"og:title\" content=\"Ci\u0119\u017car Manili - W\u0142\u00f3czykij - Roman Husarski\" \/>\n<meta property=\"og:description\" content=\"Zobacz moj\u0105 fotorelacj\u0119 z Navotas. Dziewczynka podrzuci\u0142a w powietrze ludzk\u0105 czaszk\u0119 i odbieg\u0142a z krzykiem. Dooko\u0142a walaj\u0105 si\u0119 ludzkie szcz\u0105tki i tony \u015bmieci. To slumsy na cmentarzu. Dzielnic n\u0119dzy nie trzeba d\u0142ugo szuka\u0107, bo w\u0142a\u015bciwie wi\u0119kszo\u015b\u0107 Manili je przypomina. To miasto ostrych kontrast\u00f3w. Blaszane domki kryj\u0105 si\u0119 na ka\u017cdym rogu, a tony \u015bmieci le\u017c\u0105 nawet &hellip;\" \/>\n<meta property=\"og:url\" content=\"https:\/\/wloczykij.org\/blog\/2012\/09\/19\/syf-kila-i-manila\/\" \/>\n<meta property=\"og:site_name\" content=\"W\u0142\u00f3czykij - Roman Husarski\" \/>\n<meta property=\"article:publisher\" content=\"https:\/\/www.facebook.com\/pages\/W%c5%82%c3%b3czykij\/282838631839707\" \/>\n<meta property=\"article:published_time\" content=\"2012-09-19T16:27:11+00:00\" \/>\n<meta property=\"article:modified_time\" content=\"2022-03-20T14:45:46+00:00\" \/>\n<meta property=\"og:image\" content=\"https:\/\/wloczykij.org\/blog\/wp-content\/uploads\/sites\/2\/2012\/09\/MG_6979.jpg\" \/>\n\t<meta property=\"og:image:width\" content=\"1181\" \/>\n\t<meta property=\"og:image:height\" content=\"781\" \/>\n\t<meta property=\"og:image:type\" content=\"image\/jpeg\" \/>\n<meta name=\"author\" content=\"Roman\" \/>\n<meta name=\"twitter:label1\" content=\"Napisane przez\" \/>\n\t<meta name=\"twitter:data1\" content=\"Roman\" \/>\n\t<meta name=\"twitter:label2\" content=\"Szacowany czas czytania\" \/>\n\t<meta name=\"twitter:data2\" content=\"3 minuty\" \/>\n<script type=\"application\/ld+json\" class=\"yoast-schema-graph\">{\"@context\":\"https:\\\/\\\/schema.org\",\"@graph\":[{\"@type\":\"Article\",\"@id\":\"https:\\\/\\\/wloczykij.org\\\/blog\\\/2012\\\/09\\\/19\\\/syf-kila-i-manila\\\/#article\",\"isPartOf\":{\"@id\":\"https:\\\/\\\/wloczykij.org\\\/blog\\\/2012\\\/09\\\/19\\\/syf-kila-i-manila\\\/\"},\"author\":{\"name\":\"Roman\",\"@id\":\"https:\\\/\\\/wloczykij.org\\\/blog\\\/#\\\/schema\\\/person\\\/5715e17c214052b93c6c53e27ea498e5\"},\"headline\":\"Ci\u0119\u017car Manili\",\"datePublished\":\"2012-09-19T16:27:11+00:00\",\"dateModified\":\"2022-03-20T14:45:46+00:00\",\"mainEntityOfPage\":{\"@id\":\"https:\\\/\\\/wloczykij.org\\\/blog\\\/2012\\\/09\\\/19\\\/syf-kila-i-manila\\\/\"},\"wordCount\":553,\"commentCount\":2,\"image\":{\"@id\":\"https:\\\/\\\/wloczykij.org\\\/blog\\\/2012\\\/09\\\/19\\\/syf-kila-i-manila\\\/#primaryimage\"},\"thumbnailUrl\":\"https:\\\/\\\/wloczykij.org\\\/blog\\\/wp-content\\\/uploads\\\/sites\\\/2\\\/2012\\\/09\\\/MG_6979.jpg\",\"keywords\":[\"Filipiny\",\"Manila\",\"Navotas\"],\"articleSection\":[\"Inne podr\u00f3\u017ce\"],\"inLanguage\":\"pl-PL\",\"potentialAction\":[{\"@type\":\"CommentAction\",\"name\":\"Comment\",\"target\":[\"https:\\\/\\\/wloczykij.org\\\/blog\\\/2012\\\/09\\\/19\\\/syf-kila-i-manila\\\/#respond\"]}]},{\"@type\":\"WebPage\",\"@id\":\"https:\\\/\\\/wloczykij.org\\\/blog\\\/2012\\\/09\\\/19\\\/syf-kila-i-manila\\\/\",\"url\":\"https:\\\/\\\/wloczykij.org\\\/blog\\\/2012\\\/09\\\/19\\\/syf-kila-i-manila\\\/\",\"name\":\"Ci\u0119\u017car Manili - W\u0142\u00f3czykij - Roman Husarski\",\"isPartOf\":{\"@id\":\"https:\\\/\\\/wloczykij.org\\\/blog\\\/#website\"},\"primaryImageOfPage\":{\"@id\":\"https:\\\/\\\/wloczykij.org\\\/blog\\\/2012\\\/09\\\/19\\\/syf-kila-i-manila\\\/#primaryimage\"},\"image\":{\"@id\":\"https:\\\/\\\/wloczykij.org\\\/blog\\\/2012\\\/09\\\/19\\\/syf-kila-i-manila\\\/#primaryimage\"},\"thumbnailUrl\":\"https:\\\/\\\/wloczykij.org\\\/blog\\\/wp-content\\\/uploads\\\/sites\\\/2\\\/2012\\\/09\\\/MG_6979.jpg\",\"datePublished\":\"2012-09-19T16:27:11+00:00\",\"dateModified\":\"2022-03-20T14:45:46+00:00\",\"author\":{\"@id\":\"https:\\\/\\\/wloczykij.org\\\/blog\\\/#\\\/schema\\\/person\\\/5715e17c214052b93c6c53e27ea498e5\"},\"breadcrumb\":{\"@id\":\"https:\\\/\\\/wloczykij.org\\\/blog\\\/2012\\\/09\\\/19\\\/syf-kila-i-manila\\\/#breadcrumb\"},\"inLanguage\":\"pl-PL\",\"potentialAction\":[{\"@type\":\"ReadAction\",\"target\":[\"https:\\\/\\\/wloczykij.org\\\/blog\\\/2012\\\/09\\\/19\\\/syf-kila-i-manila\\\/\"]}]},{\"@type\":\"ImageObject\",\"inLanguage\":\"pl-PL\",\"@id\":\"https:\\\/\\\/wloczykij.org\\\/blog\\\/2012\\\/09\\\/19\\\/syf-kila-i-manila\\\/#primaryimage\",\"url\":\"https:\\\/\\\/wloczykij.org\\\/blog\\\/wp-content\\\/uploads\\\/sites\\\/2\\\/2012\\\/09\\\/MG_6979.jpg\",\"contentUrl\":\"https:\\\/\\\/wloczykij.org\\\/blog\\\/wp-content\\\/uploads\\\/sites\\\/2\\\/2012\\\/09\\\/MG_6979.jpg\",\"width\":1181,\"height\":781},{\"@type\":\"BreadcrumbList\",\"@id\":\"https:\\\/\\\/wloczykij.org\\\/blog\\\/2012\\\/09\\\/19\\\/syf-kila-i-manila\\\/#breadcrumb\",\"itemListElement\":[{\"@type\":\"ListItem\",\"position\":1,\"name\":\"Strona g\u0142\u00f3wna\",\"item\":\"https:\\\/\\\/wloczykij.org\\\/blog\\\/\"},{\"@type\":\"ListItem\",\"position\":2,\"name\":\"Ci\u0119\u017car Manili\"}]},{\"@type\":\"WebSite\",\"@id\":\"https:\\\/\\\/wloczykij.org\\\/blog\\\/#website\",\"url\":\"https:\\\/\\\/wloczykij.org\\\/blog\\\/\",\"name\":\"W\u0142\u00f3czykij - Roman Husarski\",\"description\":\"\",\"potentialAction\":[{\"@type\":\"SearchAction\",\"target\":{\"@type\":\"EntryPoint\",\"urlTemplate\":\"https:\\\/\\\/wloczykij.org\\\/blog\\\/?s={search_term_string}\"},\"query-input\":{\"@type\":\"PropertyValueSpecification\",\"valueRequired\":true,\"valueName\":\"search_term_string\"}}],\"inLanguage\":\"pl-PL\"},{\"@type\":\"Person\",\"@id\":\"https:\\\/\\\/wloczykij.org\\\/blog\\\/#\\\/schema\\\/person\\\/5715e17c214052b93c6c53e27ea498e5\",\"name\":\"Roman\",\"image\":{\"@type\":\"ImageObject\",\"inLanguage\":\"pl-PL\",\"@id\":\"https:\\\/\\\/secure.gravatar.com\\\/avatar\\\/a4ad12ebb0eef153209fb3604f0a54cb2d9993a45803e045e020a86a4527c70b?s=96&d=mm&r=g\",\"url\":\"https:\\\/\\\/secure.gravatar.com\\\/avatar\\\/a4ad12ebb0eef153209fb3604f0a54cb2d9993a45803e045e020a86a4527c70b?s=96&d=mm&r=g\",\"contentUrl\":\"https:\\\/\\\/secure.gravatar.com\\\/avatar\\\/a4ad12ebb0eef153209fb3604f0a54cb2d9993a45803e045e020a86a4527c70b?s=96&d=mm&r=g\",\"caption\":\"Roman\"},\"url\":\"https:\\\/\\\/wloczykij.org\\\/blog\\\/author\\\/remus\\\/\"}]}<\/script>\n<!-- \/ Yoast SEO plugin. -->","yoast_head_json":{"title":"Ci\u0119\u017car Manili - W\u0142\u00f3czykij - Roman Husarski","robots":{"index":"index","follow":"follow","max-snippet":"max-snippet:-1","max-image-preview":"max-image-preview:large","max-video-preview":"max-video-preview:-1"},"canonical":"https:\/\/wloczykij.org\/blog\/2012\/09\/19\/syf-kila-i-manila\/","og_locale":"pl_PL","og_type":"article","og_title":"Ci\u0119\u017car Manili - W\u0142\u00f3czykij - Roman Husarski","og_description":"Zobacz moj\u0105 fotorelacj\u0119 z Navotas. Dziewczynka podrzuci\u0142a w powietrze ludzk\u0105 czaszk\u0119 i odbieg\u0142a z krzykiem. Dooko\u0142a walaj\u0105 si\u0119 ludzkie szcz\u0105tki i tony \u015bmieci. To slumsy na cmentarzu. Dzielnic n\u0119dzy nie trzeba d\u0142ugo szuka\u0107, bo w\u0142a\u015bciwie wi\u0119kszo\u015b\u0107 Manili je przypomina. To miasto ostrych kontrast\u00f3w. Blaszane domki kryj\u0105 si\u0119 na ka\u017cdym rogu, a tony \u015bmieci le\u017c\u0105 nawet &hellip;","og_url":"https:\/\/wloczykij.org\/blog\/2012\/09\/19\/syf-kila-i-manila\/","og_site_name":"W\u0142\u00f3czykij - Roman Husarski","article_publisher":"https:\/\/www.facebook.com\/pages\/W%c5%82%c3%b3czykij\/282838631839707","article_published_time":"2012-09-19T16:27:11+00:00","article_modified_time":"2022-03-20T14:45:46+00:00","og_image":[{"width":1181,"height":781,"url":"https:\/\/wloczykij.org\/blog\/wp-content\/uploads\/sites\/2\/2012\/09\/MG_6979.jpg","type":"image\/jpeg"}],"author":"Roman","twitter_misc":{"Napisane przez":"Roman","Szacowany czas czytania":"3 minuty"},"schema":{"@context":"https:\/\/schema.org","@graph":[{"@type":"Article","@id":"https:\/\/wloczykij.org\/blog\/2012\/09\/19\/syf-kila-i-manila\/#article","isPartOf":{"@id":"https:\/\/wloczykij.org\/blog\/2012\/09\/19\/syf-kila-i-manila\/"},"author":{"name":"Roman","@id":"https:\/\/wloczykij.org\/blog\/#\/schema\/person\/5715e17c214052b93c6c53e27ea498e5"},"headline":"Ci\u0119\u017car Manili","datePublished":"2012-09-19T16:27:11+00:00","dateModified":"2022-03-20T14:45:46+00:00","mainEntityOfPage":{"@id":"https:\/\/wloczykij.org\/blog\/2012\/09\/19\/syf-kila-i-manila\/"},"wordCount":553,"commentCount":2,"image":{"@id":"https:\/\/wloczykij.org\/blog\/2012\/09\/19\/syf-kila-i-manila\/#primaryimage"},"thumbnailUrl":"https:\/\/wloczykij.org\/blog\/wp-content\/uploads\/sites\/2\/2012\/09\/MG_6979.jpg","keywords":["Filipiny","Manila","Navotas"],"articleSection":["Inne podr\u00f3\u017ce"],"inLanguage":"pl-PL","potentialAction":[{"@type":"CommentAction","name":"Comment","target":["https:\/\/wloczykij.org\/blog\/2012\/09\/19\/syf-kila-i-manila\/#respond"]}]},{"@type":"WebPage","@id":"https:\/\/wloczykij.org\/blog\/2012\/09\/19\/syf-kila-i-manila\/","url":"https:\/\/wloczykij.org\/blog\/2012\/09\/19\/syf-kila-i-manila\/","name":"Ci\u0119\u017car Manili - W\u0142\u00f3czykij - Roman Husarski","isPartOf":{"@id":"https:\/\/wloczykij.org\/blog\/#website"},"primaryImageOfPage":{"@id":"https:\/\/wloczykij.org\/blog\/2012\/09\/19\/syf-kila-i-manila\/#primaryimage"},"image":{"@id":"https:\/\/wloczykij.org\/blog\/2012\/09\/19\/syf-kila-i-manila\/#primaryimage"},"thumbnailUrl":"https:\/\/wloczykij.org\/blog\/wp-content\/uploads\/sites\/2\/2012\/09\/MG_6979.jpg","datePublished":"2012-09-19T16:27:11+00:00","dateModified":"2022-03-20T14:45:46+00:00","author":{"@id":"https:\/\/wloczykij.org\/blog\/#\/schema\/person\/5715e17c214052b93c6c53e27ea498e5"},"breadcrumb":{"@id":"https:\/\/wloczykij.org\/blog\/2012\/09\/19\/syf-kila-i-manila\/#breadcrumb"},"inLanguage":"pl-PL","potentialAction":[{"@type":"ReadAction","target":["https:\/\/wloczykij.org\/blog\/2012\/09\/19\/syf-kila-i-manila\/"]}]},{"@type":"ImageObject","inLanguage":"pl-PL","@id":"https:\/\/wloczykij.org\/blog\/2012\/09\/19\/syf-kila-i-manila\/#primaryimage","url":"https:\/\/wloczykij.org\/blog\/wp-content\/uploads\/sites\/2\/2012\/09\/MG_6979.jpg","contentUrl":"https:\/\/wloczykij.org\/blog\/wp-content\/uploads\/sites\/2\/2012\/09\/MG_6979.jpg","width":1181,"height":781},{"@type":"BreadcrumbList","@id":"https:\/\/wloczykij.org\/blog\/2012\/09\/19\/syf-kila-i-manila\/#breadcrumb","itemListElement":[{"@type":"ListItem","position":1,"name":"Strona g\u0142\u00f3wna","item":"https:\/\/wloczykij.org\/blog\/"},{"@type":"ListItem","position":2,"name":"Ci\u0119\u017car Manili"}]},{"@type":"WebSite","@id":"https:\/\/wloczykij.org\/blog\/#website","url":"https:\/\/wloczykij.org\/blog\/","name":"W\u0142\u00f3czykij - Roman Husarski","description":"","potentialAction":[{"@type":"SearchAction","target":{"@type":"EntryPoint","urlTemplate":"https:\/\/wloczykij.org\/blog\/?s={search_term_string}"},"query-input":{"@type":"PropertyValueSpecification","valueRequired":true,"valueName":"search_term_string"}}],"inLanguage":"pl-PL"},{"@type":"Person","@id":"https:\/\/wloczykij.org\/blog\/#\/schema\/person\/5715e17c214052b93c6c53e27ea498e5","name":"Roman","image":{"@type":"ImageObject","inLanguage":"pl-PL","@id":"https:\/\/secure.gravatar.com\/avatar\/a4ad12ebb0eef153209fb3604f0a54cb2d9993a45803e045e020a86a4527c70b?s=96&d=mm&r=g","url":"https:\/\/secure.gravatar.com\/avatar\/a4ad12ebb0eef153209fb3604f0a54cb2d9993a45803e045e020a86a4527c70b?s=96&d=mm&r=g","contentUrl":"https:\/\/secure.gravatar.com\/avatar\/a4ad12ebb0eef153209fb3604f0a54cb2d9993a45803e045e020a86a4527c70b?s=96&d=mm&r=g","caption":"Roman"},"url":"https:\/\/wloczykij.org\/blog\/author\/remus\/"}]}},"jetpack_publicize_connections":[],"jetpack_featured_media_url":"https:\/\/wloczykij.org\/blog\/wp-content\/uploads\/sites\/2\/2012\/09\/MG_6979.jpg","jetpack_sharing_enabled":true,"_links":{"self":[{"href":"https:\/\/wloczykij.org\/blog\/wp-json\/wp\/v2\/posts\/272","targetHints":{"allow":["GET"]}}],"collection":[{"href":"https:\/\/wloczykij.org\/blog\/wp-json\/wp\/v2\/posts"}],"about":[{"href":"https:\/\/wloczykij.org\/blog\/wp-json\/wp\/v2\/types\/post"}],"author":[{"embeddable":true,"href":"https:\/\/wloczykij.org\/blog\/wp-json\/wp\/v2\/users\/1"}],"replies":[{"embeddable":true,"href":"https:\/\/wloczykij.org\/blog\/wp-json\/wp\/v2\/comments?post=272"}],"version-history":[{"count":2,"href":"https:\/\/wloczykij.org\/blog\/wp-json\/wp\/v2\/posts\/272\/revisions"}],"predecessor-version":[{"id":3813,"href":"https:\/\/wloczykij.org\/blog\/wp-json\/wp\/v2\/posts\/272\/revisions\/3813"}],"wp:featuredmedia":[{"embeddable":true,"href":"https:\/\/wloczykij.org\/blog\/wp-json\/wp\/v2\/media\/2080"}],"wp:attachment":[{"href":"https:\/\/wloczykij.org\/blog\/wp-json\/wp\/v2\/media?parent=272"}],"wp:term":[{"taxonomy":"category","embeddable":true,"href":"https:\/\/wloczykij.org\/blog\/wp-json\/wp\/v2\/categories?post=272"},{"taxonomy":"post_tag","embeddable":true,"href":"https:\/\/wloczykij.org\/blog\/wp-json\/wp\/v2\/tags?post=272"}],"curies":[{"name":"wp","href":"https:\/\/api.w.org\/{rel}","templated":true}]}}