{"id":283,"date":"2012-10-02T20:55:33","date_gmt":"2012-10-02T18:55:33","guid":{"rendered":"http:\/\/rhusarski.wordpress.com\/?p=283"},"modified":"2022-03-20T15:45:02","modified_gmt":"2022-03-20T14:45:02","slug":"manila-upadek-perly-azji","status":"publish","type":"post","link":"https:\/\/wloczykij.org\/blog\/2012\/10\/02\/manila-upadek-perly-azji\/","title":{"rendered":"Manila &#8211; upadek &#8222;Per\u0142y Azji&#8221;"},"content":{"rendered":"<figure id=\"attachment_2090\" aria-describedby=\"caption-attachment-2090\" style=\"width: 1000px\" class=\"wp-caption alignnone\"><img loading=\"lazy\" decoding=\"async\" data-attachment-id=\"2090\" data-permalink=\"https:\/\/wloczykij.org\/blog\/2012\/10\/02\/manila-upadek-perly-azji\/_mg_7600\/\" data-orig-file=\"https:\/\/wloczykij.org\/blog\/wp-content\/uploads\/sites\/2\/2012\/10\/MG_7600.jpg\" data-orig-size=\"1181,787\" data-comments-opened=\"0\" data-image-meta=\"{&quot;aperture&quot;:&quot;0&quot;,&quot;credit&quot;:&quot;&quot;,&quot;camera&quot;:&quot;&quot;,&quot;caption&quot;:&quot;&quot;,&quot;created_timestamp&quot;:&quot;0&quot;,&quot;copyright&quot;:&quot;&quot;,&quot;focal_length&quot;:&quot;0&quot;,&quot;iso&quot;:&quot;0&quot;,&quot;shutter_speed&quot;:&quot;0&quot;,&quot;title&quot;:&quot;&quot;,&quot;orientation&quot;:&quot;0&quot;}\" data-image-title=\"_MG_7600\" data-image-description=\"\" data-image-caption=\"\" data-large-file=\"https:\/\/wloczykij.org\/blog\/wp-content\/uploads\/sites\/2\/2012\/10\/MG_7600-1000x666.jpg\" class=\"wp-image-2090\" src=\"https:\/\/wloczykij.org\/blog\/wp-content\/uploads\/sites\/2\/2012\/10\/MG_7600-1024x682.jpg\" alt=\"\" width=\"1000\" height=\"666\" \/><figcaption id=\"caption-attachment-2090\" class=\"wp-caption-text\">Fot. Roman Husarski<\/figcaption><\/figure>\n<p><em>Zobacz te\u017c moj\u0105 fotorelacj\u0119 z <a href=\"https:\/\/wloczykij.org\/closer-to-unity\/\">pi\u0119kniejszej cz\u0119\u015bci Filipin<\/a>.<\/em><\/p>\n<p>Nie mam z\u0142udze\u0144. Manila to zdecydowanie najbrzydsza stolica Azji, jak\u0105 do tej pory widzia\u0142em i jedno z gorszych miejsc, w jakich by\u0142em. Pozostaje pytanie &#8211; dlaczego? Co si\u0119 sta\u0142o z miastem, kt\u00f3re kiedy\u015b by\u0142o okre\u015blane jako &#8222;Per\u0142a Azji&#8221;. Dlaczego moi dziadkowie, gdy us\u0142yszeli, \u017ce dotar\u0142em do stolicy, Filipin napisali mi: &#8222;Manila wanilia! Rewelacja! &#8221; Jest bardzo wiele czynnik\u00f3w, kt\u00f3re wp\u0142yn\u0119\u0142y na taki, a nie inny wygl\u0105d miasta i postaram si\u0119 je troch\u0119 przybli\u017cy\u0107.<\/p>\n<p>Po pierwsze, w\u0142adze miasta starannie od lat zabiegaj\u0105, by uczyni\u0107 miasto bardziej przyt\u0142aczaj\u0105cym i ch\u0142odnym. Wi\u0119kszo\u015b\u0107 stolic azjatyckich pa\u0144stw w jaki\u015b spos\u00f3b dba o zabytki i miejsca historyczne, odrestaurowuj\u0105c je\u00a0lub wydzielaj\u0105c specjaln\u0105 dla nich dzielnic\u0119. W Manili, poza nielicznymi wyj\u0105tkami, zosta\u0142y g\u0142\u00f3wnie ko\u015bcio\u0142y, co gorsza, w miejsce zabytkowych hiszpa\u0144skich budynk\u00f3w stawia si\u0119 brudne wie\u017cowce. Oczywi\u015bcie\u00a0nadmierna urbanizacja i ci\u0105g\u0142y nap\u0142yw ludno\u015bci wymaga podj\u0119cia odpowiednich wysi\u0142k\u00f3w &#8211; niestety raczej nie by\u0142o one przemy\u015blane. Chaotyczne aran\u017cacja przestrzeni miejskiej tylko zwi\u0119ksza\u00a0poczucie zagubienia. \u00a0Nie m\u00f3wi\u0105c o rosn\u0105cym kontra\u015bcie pomi\u0119dzy bied\u0105 a bogactwem. Ci pierwsi k\u0142\u0119bi\u0105 si\u0119 na ulicach pod wie\u017cowcami \u015bpi\u0105c w zmontowanych napr\u0119dce &#8222;instant housach&#8221;. Ci drudzy \u017cyj\u0105 w zadbanych enklawach, do kt\u00f3rych bieda nie ma wst\u0119pu.<\/p>\n<p>Po drugie, chyba nie ma miasta, gdzie by\u0142oby wi\u0119cej bezsensownych pomnik\u00f3w &#8211; czasami\u00a0 jeden tu\u017c ko\u0142o drugiego! Jest te\u017c w Manili plac, kt\u00f3ry dawa\u0142by cho\u0107 troch\u0119 przestrzeni, ale nie! Wybudowano na nim wielki podest, zapewne na jakie\u015b wyst\u0105pienia. W ten spos\u00f3b w mie\u015bcie nie ma gdzie odetchn\u0105\u0107. Parki? Pe\u0142ne \u015bmieci i zamieszkane przez bezdomnych, pozostaje wi\u0119c tylko kilka p\u0142atnych.<\/p>\n<figure id=\"attachment_2091\" aria-describedby=\"caption-attachment-2091\" style=\"width: 600px\" class=\"wp-caption alignnone\"><img loading=\"lazy\" decoding=\"async\" data-attachment-id=\"2091\" data-permalink=\"https:\/\/wloczykij.org\/blog\/2012\/10\/02\/manila-upadek-perly-azji\/_mg_7605\/\" data-orig-file=\"https:\/\/wloczykij.org\/blog\/wp-content\/uploads\/sites\/2\/2012\/10\/MG_7605.jpg\" data-orig-size=\"525,787\" data-comments-opened=\"0\" data-image-meta=\"{&quot;aperture&quot;:&quot;0&quot;,&quot;credit&quot;:&quot;&quot;,&quot;camera&quot;:&quot;&quot;,&quot;caption&quot;:&quot;&quot;,&quot;created_timestamp&quot;:&quot;0&quot;,&quot;copyright&quot;:&quot;&quot;,&quot;focal_length&quot;:&quot;0&quot;,&quot;iso&quot;:&quot;0&quot;,&quot;shutter_speed&quot;:&quot;0&quot;,&quot;title&quot;:&quot;&quot;,&quot;orientation&quot;:&quot;0&quot;}\" data-image-title=\"_MG_7605\" data-image-description=\"\" data-image-caption=\"\" data-large-file=\"https:\/\/wloczykij.org\/blog\/wp-content\/uploads\/sites\/2\/2012\/10\/MG_7605.jpg\" class=\"wp-image-2091\" src=\"https:\/\/wloczykij.org\/blog\/wp-content\/uploads\/sites\/2\/2012\/10\/MG_7605.jpg\" alt=\"\" width=\"600\" height=\"899\" srcset=\"https:\/\/wloczykij.org\/blog\/wp-content\/uploads\/sites\/2\/2012\/10\/MG_7605.jpg 525w, https:\/\/wloczykij.org\/blog\/wp-content\/uploads\/sites\/2\/2012\/10\/MG_7605-512x768.jpg 512w\" sizes=\"auto, (max-width: 600px) 100vw, 600px\" \/><figcaption id=\"caption-attachment-2091\" class=\"wp-caption-text\">Conan Barbarzy\u0144ca? Lepiej, to bohater narodowy Lapu Lapu. <br \/>Fot. Roman Husarski<\/figcaption><\/figure>\n<figure id=\"attachment_2094\" aria-describedby=\"caption-attachment-2094\" style=\"width: 600px\" class=\"wp-caption alignnone\"><img loading=\"lazy\" decoding=\"async\" data-attachment-id=\"2094\" data-permalink=\"https:\/\/wloczykij.org\/blog\/2012\/10\/02\/manila-upadek-perly-azji\/_mg_7614\/\" data-orig-file=\"https:\/\/wloczykij.org\/blog\/wp-content\/uploads\/sites\/2\/2012\/10\/MG_7614.jpg\" data-orig-size=\"525,787\" data-comments-opened=\"0\" data-image-meta=\"{&quot;aperture&quot;:&quot;0&quot;,&quot;credit&quot;:&quot;&quot;,&quot;camera&quot;:&quot;&quot;,&quot;caption&quot;:&quot;&quot;,&quot;created_timestamp&quot;:&quot;0&quot;,&quot;copyright&quot;:&quot;&quot;,&quot;focal_length&quot;:&quot;0&quot;,&quot;iso&quot;:&quot;0&quot;,&quot;shutter_speed&quot;:&quot;0&quot;,&quot;title&quot;:&quot;&quot;,&quot;orientation&quot;:&quot;0&quot;}\" data-image-title=\"_MG_7614\" data-image-description=\"\" data-image-caption=\"\" data-large-file=\"https:\/\/wloczykij.org\/blog\/wp-content\/uploads\/sites\/2\/2012\/10\/MG_7614.jpg\" class=\"wp-image-2094\" src=\"https:\/\/wloczykij.org\/blog\/wp-content\/uploads\/sites\/2\/2012\/10\/MG_7614.jpg\" alt=\"\" width=\"600\" height=\"899\" srcset=\"https:\/\/wloczykij.org\/blog\/wp-content\/uploads\/sites\/2\/2012\/10\/MG_7614.jpg 525w, https:\/\/wloczykij.org\/blog\/wp-content\/uploads\/sites\/2\/2012\/10\/MG_7614-512x768.jpg 512w\" sizes=\"auto, (max-width: 600px) 100vw, 600px\" \/><figcaption id=\"caption-attachment-2094\" class=\"wp-caption-text\">Dr. Jose Rizal rozstrzelany. <br \/>Fot. Roman Husarski<\/figcaption><\/figure>\n<p>Kolejna sprawa to niesamowita ilo\u015b\u0107 policji nierzadko uzbrojonej po z\u0119by w karabiny maszynowe, shotguny i pistolety. Oczywi\u015bcie, istnieje pewne ryzyko atak\u00f3w terrorystycznych (ale nie wi\u0119ksze ni\u017c w Tajlandii) z powodu walcz\u0105cej o niepodleg\u0142o\u015b\u0107 islamskiej mniejszo\u015bci wyspy Mindanao. Kto\u015b mo\u017ce powiedzie\u0107 r\u00f3wnie\u017c, \u017ce im wi\u0119cej policji, tym lepiej, ale nie na Filipinach &#8211; jednym z najbardziej skorumpowanych pa\u0144stw Azji Po\u0142udniowo-Wschodniej gdzie kwitnie kult <em>machismo<\/em>. Kilkakrotnie miejscowi znajomi przekonywali mnie, \u017ce policja oznacza k\u0142opoty, kt\u00f3re rozwi\u0105zuj\u0105 tylko pieni\u0105dze. W rzeczywisto\u015bci ilo\u015b\u0107 policjant\u00f3w oraz fakt,\u00a0\u017ce nosz\u0105 bro\u0144 na wierzchu, jedynie pog\u0142\u0119bia wra\u017cenie zagro\u017cenia! Uzbrojona ochrona pilnuj\u0105ca\u00a0 McDonallda czy Starbucksa, kt\u00f3ra otwiera drzwi go\u015bciom, sprawia niedorzeczne wra\u017cenie. Czasami w Manili mo\u017cna si\u0119 poczu\u0107 jak na wojnie!<\/p>\n<p>Tymczasem miasto tonie w \u015bmieciach i odchodach. Brak tu koszy i toalet publicznych. Z kolei przyk\u0142ady &#8222;nowoczesno\u015bci&#8221; w stolicy Filipin czasem tak ra\u017c\u0105 tandet\u0105 i kiczem, \u017ce a\u017c strach: \u0142awki w mie\u015bcie wygl\u0105daj\u0105, jakby prze\u017cy\u0142y Czarnobyl, w parku \u017cywop\u0142ot jest uformowany w kup\u0119 (mia\u0142y by\u0107 chyba spirale) a prawie wszystkie pomniki s\u0105 skrajnie patetyczne (cho\u0107 to akurat zapewne kwestia kulturowa). Kto\u015b powie, \u017ce to z powodu ub\u00f3stwa, niestety wi\u0119kszo\u015b\u0107 funduszy jest po prostu absurdalnie wpompowywana w bezpieczne enklawy dla bogaczy i&#8230; rozkradana. Mam nadziej\u0119, \u017ce Manili jeszcze kiedy\u015b uda si\u0119 przywr\u00f3ci\u0107 blask \u015bwietno\u015b\u0107.<\/p>\n<figure id=\"attachment_2092\" aria-describedby=\"caption-attachment-2092\" style=\"width: 1000px\" class=\"wp-caption alignnone\"><img loading=\"lazy\" decoding=\"async\" data-attachment-id=\"2092\" data-permalink=\"https:\/\/wloczykij.org\/blog\/2012\/10\/02\/manila-upadek-perly-azji\/_mg_7607\/\" data-orig-file=\"https:\/\/wloczykij.org\/blog\/wp-content\/uploads\/sites\/2\/2012\/10\/MG_7607.jpg\" data-orig-size=\"1181,787\" data-comments-opened=\"0\" data-image-meta=\"{&quot;aperture&quot;:&quot;0&quot;,&quot;credit&quot;:&quot;&quot;,&quot;camera&quot;:&quot;&quot;,&quot;caption&quot;:&quot;&quot;,&quot;created_timestamp&quot;:&quot;0&quot;,&quot;copyright&quot;:&quot;&quot;,&quot;focal_length&quot;:&quot;0&quot;,&quot;iso&quot;:&quot;0&quot;,&quot;shutter_speed&quot;:&quot;0&quot;,&quot;title&quot;:&quot;&quot;,&quot;orientation&quot;:&quot;0&quot;}\" data-image-title=\"_MG_7607\" data-image-description=\"\" data-image-caption=\"\" data-large-file=\"https:\/\/wloczykij.org\/blog\/wp-content\/uploads\/sites\/2\/2012\/10\/MG_7607-1000x666.jpg\" class=\"wp-image-2092\" src=\"https:\/\/wloczykij.org\/blog\/wp-content\/uploads\/sites\/2\/2012\/10\/MG_7607-1024x682.jpg\" alt=\"\" width=\"1000\" height=\"666\" \/><figcaption id=\"caption-attachment-2092\" class=\"wp-caption-text\">Fot. Roman Husarski<\/figcaption><\/figure>\n<p>&nbsp;<\/p>\n<\/div>\n","protected":false},"excerpt":{"rendered":"<p>Zobacz te\u017c moj\u0105 fotorelacj\u0119 z pi\u0119kniejszej cz\u0119\u015bci Filipin. Nie mam z\u0142udze\u0144. Manila to zdecydowanie najbrzydsza stolica Azji, jak\u0105 do tej pory widzia\u0142em i jedno z gorszych miejsc, w jakich by\u0142em. Pozostaje pytanie &#8211; dlaczego? Co si\u0119 sta\u0142o z miastem, kt\u00f3re kiedy\u015b by\u0142o okre\u015blane jako &#8222;Per\u0142a Azji&#8221;. Dlaczego moi dziadkowie, gdy us\u0142yszeli, \u017ce dotar\u0142em do stolicy, &hellip; <\/p>\n","protected":false},"author":1,"featured_media":2086,"comment_status":"open","ping_status":"open","sticky":false,"template":"","format":"standard","meta":{"_jetpack_memberships_contains_paid_content":false,"footnotes":"","jetpack_publicize_message":"","jetpack_publicize_feature_enabled":true,"jetpack_social_post_already_shared":true,"jetpack_social_options":{"image_generator_settings":{"template":"highway","default_image_id":0,"font":"","enabled":false},"version":2}},"categories":[427],"tags":[159],"class_list":["post-283","post","type-post","status-publish","format-standard","has-post-thumbnail","hentry","category-inne-podroze","tag-manila"],"yoast_head":"<!-- This site is optimized with the Yoast SEO plugin v27.5 - https:\/\/yoast.com\/product\/yoast-seo-wordpress\/ -->\n<title>Manila - upadek &quot;Per\u0142y Azji&quot; - W\u0142\u00f3czykij - Roman Husarski<\/title>\n<meta name=\"robots\" content=\"index, follow, max-snippet:-1, max-image-preview:large, max-video-preview:-1\" \/>\n<link rel=\"canonical\" href=\"https:\/\/wloczykij.org\/blog\/2012\/10\/02\/manila-upadek-perly-azji\/\" \/>\n<meta property=\"og:locale\" content=\"pl_PL\" \/>\n<meta property=\"og:type\" content=\"article\" \/>\n<meta property=\"og:title\" content=\"Manila - upadek &quot;Per\u0142y Azji&quot; - W\u0142\u00f3czykij - Roman Husarski\" \/>\n<meta property=\"og:description\" content=\"Zobacz te\u017c moj\u0105 fotorelacj\u0119 z pi\u0119kniejszej cz\u0119\u015bci Filipin. Nie mam z\u0142udze\u0144. Manila to zdecydowanie najbrzydsza stolica Azji, jak\u0105 do tej pory widzia\u0142em i jedno z gorszych miejsc, w jakich by\u0142em. Pozostaje pytanie &#8211; dlaczego? Co si\u0119 sta\u0142o z miastem, kt\u00f3re kiedy\u015b by\u0142o okre\u015blane jako &#8222;Per\u0142a Azji&#8221;. Dlaczego moi dziadkowie, gdy us\u0142yszeli, \u017ce dotar\u0142em do stolicy, &hellip;\" \/>\n<meta property=\"og:url\" content=\"https:\/\/wloczykij.org\/blog\/2012\/10\/02\/manila-upadek-perly-azji\/\" \/>\n<meta property=\"og:site_name\" content=\"W\u0142\u00f3czykij - Roman Husarski\" \/>\n<meta property=\"article:publisher\" content=\"https:\/\/www.facebook.com\/pages\/W%c5%82%c3%b3czykij\/282838631839707\" \/>\n<meta property=\"article:published_time\" content=\"2012-10-02T18:55:33+00:00\" \/>\n<meta property=\"article:modified_time\" content=\"2022-03-20T14:45:02+00:00\" \/>\n<meta property=\"og:image\" content=\"https:\/\/wloczykij.org\/blog\/wp-content\/uploads\/sites\/2\/2012\/10\/MG_6878.jpg\" \/>\n\t<meta property=\"og:image:width\" content=\"525\" \/>\n\t<meta property=\"og:image:height\" content=\"787\" \/>\n\t<meta property=\"og:image:type\" content=\"image\/jpeg\" \/>\n<meta name=\"author\" content=\"Roman\" \/>\n<meta name=\"twitter:label1\" content=\"Napisane przez\" \/>\n\t<meta name=\"twitter:data1\" content=\"Roman\" \/>\n\t<meta name=\"twitter:label2\" content=\"Szacowany czas czytania\" \/>\n\t<meta name=\"twitter:data2\" content=\"3 minuty\" \/>\n<script type=\"application\/ld+json\" class=\"yoast-schema-graph\">{\"@context\":\"https:\\\/\\\/schema.org\",\"@graph\":[{\"@type\":\"Article\",\"@id\":\"https:\\\/\\\/wloczykij.org\\\/blog\\\/2012\\\/10\\\/02\\\/manila-upadek-perly-azji\\\/#article\",\"isPartOf\":{\"@id\":\"https:\\\/\\\/wloczykij.org\\\/blog\\\/2012\\\/10\\\/02\\\/manila-upadek-perly-azji\\\/\"},\"author\":{\"name\":\"Roman\",\"@id\":\"https:\\\/\\\/wloczykij.org\\\/blog\\\/#\\\/schema\\\/person\\\/5715e17c214052b93c6c53e27ea498e5\"},\"headline\":\"Manila &#8211; upadek &#8222;Per\u0142y Azji&#8221;\",\"datePublished\":\"2012-10-02T18:55:33+00:00\",\"dateModified\":\"2022-03-20T14:45:02+00:00\",\"mainEntityOfPage\":{\"@id\":\"https:\\\/\\\/wloczykij.org\\\/blog\\\/2012\\\/10\\\/02\\\/manila-upadek-perly-azji\\\/\"},\"wordCount\":628,\"commentCount\":3,\"image\":{\"@id\":\"https:\\\/\\\/wloczykij.org\\\/blog\\\/2012\\\/10\\\/02\\\/manila-upadek-perly-azji\\\/#primaryimage\"},\"thumbnailUrl\":\"https:\\\/\\\/wloczykij.org\\\/blog\\\/wp-content\\\/uploads\\\/sites\\\/2\\\/2012\\\/10\\\/MG_6878.jpg\",\"keywords\":[\"Manila\"],\"articleSection\":[\"Inne podr\u00f3\u017ce\"],\"inLanguage\":\"pl-PL\",\"potentialAction\":[{\"@type\":\"CommentAction\",\"name\":\"Comment\",\"target\":[\"https:\\\/\\\/wloczykij.org\\\/blog\\\/2012\\\/10\\\/02\\\/manila-upadek-perly-azji\\\/#respond\"]}]},{\"@type\":\"WebPage\",\"@id\":\"https:\\\/\\\/wloczykij.org\\\/blog\\\/2012\\\/10\\\/02\\\/manila-upadek-perly-azji\\\/\",\"url\":\"https:\\\/\\\/wloczykij.org\\\/blog\\\/2012\\\/10\\\/02\\\/manila-upadek-perly-azji\\\/\",\"name\":\"Manila - upadek \\\"Per\u0142y Azji\\\" - W\u0142\u00f3czykij - Roman Husarski\",\"isPartOf\":{\"@id\":\"https:\\\/\\\/wloczykij.org\\\/blog\\\/#website\"},\"primaryImageOfPage\":{\"@id\":\"https:\\\/\\\/wloczykij.org\\\/blog\\\/2012\\\/10\\\/02\\\/manila-upadek-perly-azji\\\/#primaryimage\"},\"image\":{\"@id\":\"https:\\\/\\\/wloczykij.org\\\/blog\\\/2012\\\/10\\\/02\\\/manila-upadek-perly-azji\\\/#primaryimage\"},\"thumbnailUrl\":\"https:\\\/\\\/wloczykij.org\\\/blog\\\/wp-content\\\/uploads\\\/sites\\\/2\\\/2012\\\/10\\\/MG_6878.jpg\",\"datePublished\":\"2012-10-02T18:55:33+00:00\",\"dateModified\":\"2022-03-20T14:45:02+00:00\",\"author\":{\"@id\":\"https:\\\/\\\/wloczykij.org\\\/blog\\\/#\\\/schema\\\/person\\\/5715e17c214052b93c6c53e27ea498e5\"},\"breadcrumb\":{\"@id\":\"https:\\\/\\\/wloczykij.org\\\/blog\\\/2012\\\/10\\\/02\\\/manila-upadek-perly-azji\\\/#breadcrumb\"},\"inLanguage\":\"pl-PL\",\"potentialAction\":[{\"@type\":\"ReadAction\",\"target\":[\"https:\\\/\\\/wloczykij.org\\\/blog\\\/2012\\\/10\\\/02\\\/manila-upadek-perly-azji\\\/\"]}]},{\"@type\":\"ImageObject\",\"inLanguage\":\"pl-PL\",\"@id\":\"https:\\\/\\\/wloczykij.org\\\/blog\\\/2012\\\/10\\\/02\\\/manila-upadek-perly-azji\\\/#primaryimage\",\"url\":\"https:\\\/\\\/wloczykij.org\\\/blog\\\/wp-content\\\/uploads\\\/sites\\\/2\\\/2012\\\/10\\\/MG_6878.jpg\",\"contentUrl\":\"https:\\\/\\\/wloczykij.org\\\/blog\\\/wp-content\\\/uploads\\\/sites\\\/2\\\/2012\\\/10\\\/MG_6878.jpg\",\"width\":525,\"height\":787},{\"@type\":\"BreadcrumbList\",\"@id\":\"https:\\\/\\\/wloczykij.org\\\/blog\\\/2012\\\/10\\\/02\\\/manila-upadek-perly-azji\\\/#breadcrumb\",\"itemListElement\":[{\"@type\":\"ListItem\",\"position\":1,\"name\":\"Strona g\u0142\u00f3wna\",\"item\":\"https:\\\/\\\/wloczykij.org\\\/blog\\\/\"},{\"@type\":\"ListItem\",\"position\":2,\"name\":\"Manila &#8211; upadek &#8222;Per\u0142y Azji&#8221;\"}]},{\"@type\":\"WebSite\",\"@id\":\"https:\\\/\\\/wloczykij.org\\\/blog\\\/#website\",\"url\":\"https:\\\/\\\/wloczykij.org\\\/blog\\\/\",\"name\":\"W\u0142\u00f3czykij - Roman Husarski\",\"description\":\"\",\"potentialAction\":[{\"@type\":\"SearchAction\",\"target\":{\"@type\":\"EntryPoint\",\"urlTemplate\":\"https:\\\/\\\/wloczykij.org\\\/blog\\\/?s={search_term_string}\"},\"query-input\":{\"@type\":\"PropertyValueSpecification\",\"valueRequired\":true,\"valueName\":\"search_term_string\"}}],\"inLanguage\":\"pl-PL\"},{\"@type\":\"Person\",\"@id\":\"https:\\\/\\\/wloczykij.org\\\/blog\\\/#\\\/schema\\\/person\\\/5715e17c214052b93c6c53e27ea498e5\",\"name\":\"Roman\",\"image\":{\"@type\":\"ImageObject\",\"inLanguage\":\"pl-PL\",\"@id\":\"https:\\\/\\\/secure.gravatar.com\\\/avatar\\\/a4ad12ebb0eef153209fb3604f0a54cb2d9993a45803e045e020a86a4527c70b?s=96&d=mm&r=g\",\"url\":\"https:\\\/\\\/secure.gravatar.com\\\/avatar\\\/a4ad12ebb0eef153209fb3604f0a54cb2d9993a45803e045e020a86a4527c70b?s=96&d=mm&r=g\",\"contentUrl\":\"https:\\\/\\\/secure.gravatar.com\\\/avatar\\\/a4ad12ebb0eef153209fb3604f0a54cb2d9993a45803e045e020a86a4527c70b?s=96&d=mm&r=g\",\"caption\":\"Roman\"},\"url\":\"https:\\\/\\\/wloczykij.org\\\/blog\\\/author\\\/remus\\\/\"}]}<\/script>\n<!-- \/ Yoast SEO plugin. -->","yoast_head_json":{"title":"Manila - upadek \"Per\u0142y Azji\" - W\u0142\u00f3czykij - Roman Husarski","robots":{"index":"index","follow":"follow","max-snippet":"max-snippet:-1","max-image-preview":"max-image-preview:large","max-video-preview":"max-video-preview:-1"},"canonical":"https:\/\/wloczykij.org\/blog\/2012\/10\/02\/manila-upadek-perly-azji\/","og_locale":"pl_PL","og_type":"article","og_title":"Manila - upadek \"Per\u0142y Azji\" - W\u0142\u00f3czykij - Roman Husarski","og_description":"Zobacz te\u017c moj\u0105 fotorelacj\u0119 z pi\u0119kniejszej cz\u0119\u015bci Filipin. Nie mam z\u0142udze\u0144. Manila to zdecydowanie najbrzydsza stolica Azji, jak\u0105 do tej pory widzia\u0142em i jedno z gorszych miejsc, w jakich by\u0142em. Pozostaje pytanie &#8211; dlaczego? Co si\u0119 sta\u0142o z miastem, kt\u00f3re kiedy\u015b by\u0142o okre\u015blane jako &#8222;Per\u0142a Azji&#8221;. Dlaczego moi dziadkowie, gdy us\u0142yszeli, \u017ce dotar\u0142em do stolicy, &hellip;","og_url":"https:\/\/wloczykij.org\/blog\/2012\/10\/02\/manila-upadek-perly-azji\/","og_site_name":"W\u0142\u00f3czykij - Roman Husarski","article_publisher":"https:\/\/www.facebook.com\/pages\/W%c5%82%c3%b3czykij\/282838631839707","article_published_time":"2012-10-02T18:55:33+00:00","article_modified_time":"2022-03-20T14:45:02+00:00","og_image":[{"width":525,"height":787,"url":"https:\/\/wloczykij.org\/blog\/wp-content\/uploads\/sites\/2\/2012\/10\/MG_6878.jpg","type":"image\/jpeg"}],"author":"Roman","twitter_misc":{"Napisane przez":"Roman","Szacowany czas czytania":"3 minuty"},"schema":{"@context":"https:\/\/schema.org","@graph":[{"@type":"Article","@id":"https:\/\/wloczykij.org\/blog\/2012\/10\/02\/manila-upadek-perly-azji\/#article","isPartOf":{"@id":"https:\/\/wloczykij.org\/blog\/2012\/10\/02\/manila-upadek-perly-azji\/"},"author":{"name":"Roman","@id":"https:\/\/wloczykij.org\/blog\/#\/schema\/person\/5715e17c214052b93c6c53e27ea498e5"},"headline":"Manila &#8211; upadek &#8222;Per\u0142y Azji&#8221;","datePublished":"2012-10-02T18:55:33+00:00","dateModified":"2022-03-20T14:45:02+00:00","mainEntityOfPage":{"@id":"https:\/\/wloczykij.org\/blog\/2012\/10\/02\/manila-upadek-perly-azji\/"},"wordCount":628,"commentCount":3,"image":{"@id":"https:\/\/wloczykij.org\/blog\/2012\/10\/02\/manila-upadek-perly-azji\/#primaryimage"},"thumbnailUrl":"https:\/\/wloczykij.org\/blog\/wp-content\/uploads\/sites\/2\/2012\/10\/MG_6878.jpg","keywords":["Manila"],"articleSection":["Inne podr\u00f3\u017ce"],"inLanguage":"pl-PL","potentialAction":[{"@type":"CommentAction","name":"Comment","target":["https:\/\/wloczykij.org\/blog\/2012\/10\/02\/manila-upadek-perly-azji\/#respond"]}]},{"@type":"WebPage","@id":"https:\/\/wloczykij.org\/blog\/2012\/10\/02\/manila-upadek-perly-azji\/","url":"https:\/\/wloczykij.org\/blog\/2012\/10\/02\/manila-upadek-perly-azji\/","name":"Manila - upadek \"Per\u0142y Azji\" - W\u0142\u00f3czykij - Roman Husarski","isPartOf":{"@id":"https:\/\/wloczykij.org\/blog\/#website"},"primaryImageOfPage":{"@id":"https:\/\/wloczykij.org\/blog\/2012\/10\/02\/manila-upadek-perly-azji\/#primaryimage"},"image":{"@id":"https:\/\/wloczykij.org\/blog\/2012\/10\/02\/manila-upadek-perly-azji\/#primaryimage"},"thumbnailUrl":"https:\/\/wloczykij.org\/blog\/wp-content\/uploads\/sites\/2\/2012\/10\/MG_6878.jpg","datePublished":"2012-10-02T18:55:33+00:00","dateModified":"2022-03-20T14:45:02+00:00","author":{"@id":"https:\/\/wloczykij.org\/blog\/#\/schema\/person\/5715e17c214052b93c6c53e27ea498e5"},"breadcrumb":{"@id":"https:\/\/wloczykij.org\/blog\/2012\/10\/02\/manila-upadek-perly-azji\/#breadcrumb"},"inLanguage":"pl-PL","potentialAction":[{"@type":"ReadAction","target":["https:\/\/wloczykij.org\/blog\/2012\/10\/02\/manila-upadek-perly-azji\/"]}]},{"@type":"ImageObject","inLanguage":"pl-PL","@id":"https:\/\/wloczykij.org\/blog\/2012\/10\/02\/manila-upadek-perly-azji\/#primaryimage","url":"https:\/\/wloczykij.org\/blog\/wp-content\/uploads\/sites\/2\/2012\/10\/MG_6878.jpg","contentUrl":"https:\/\/wloczykij.org\/blog\/wp-content\/uploads\/sites\/2\/2012\/10\/MG_6878.jpg","width":525,"height":787},{"@type":"BreadcrumbList","@id":"https:\/\/wloczykij.org\/blog\/2012\/10\/02\/manila-upadek-perly-azji\/#breadcrumb","itemListElement":[{"@type":"ListItem","position":1,"name":"Strona g\u0142\u00f3wna","item":"https:\/\/wloczykij.org\/blog\/"},{"@type":"ListItem","position":2,"name":"Manila &#8211; upadek &#8222;Per\u0142y Azji&#8221;"}]},{"@type":"WebSite","@id":"https:\/\/wloczykij.org\/blog\/#website","url":"https:\/\/wloczykij.org\/blog\/","name":"W\u0142\u00f3czykij - Roman Husarski","description":"","potentialAction":[{"@type":"SearchAction","target":{"@type":"EntryPoint","urlTemplate":"https:\/\/wloczykij.org\/blog\/?s={search_term_string}"},"query-input":{"@type":"PropertyValueSpecification","valueRequired":true,"valueName":"search_term_string"}}],"inLanguage":"pl-PL"},{"@type":"Person","@id":"https:\/\/wloczykij.org\/blog\/#\/schema\/person\/5715e17c214052b93c6c53e27ea498e5","name":"Roman","image":{"@type":"ImageObject","inLanguage":"pl-PL","@id":"https:\/\/secure.gravatar.com\/avatar\/a4ad12ebb0eef153209fb3604f0a54cb2d9993a45803e045e020a86a4527c70b?s=96&d=mm&r=g","url":"https:\/\/secure.gravatar.com\/avatar\/a4ad12ebb0eef153209fb3604f0a54cb2d9993a45803e045e020a86a4527c70b?s=96&d=mm&r=g","contentUrl":"https:\/\/secure.gravatar.com\/avatar\/a4ad12ebb0eef153209fb3604f0a54cb2d9993a45803e045e020a86a4527c70b?s=96&d=mm&r=g","caption":"Roman"},"url":"https:\/\/wloczykij.org\/blog\/author\/remus\/"}]}},"jetpack_publicize_connections":[],"jetpack_featured_media_url":"https:\/\/wloczykij.org\/blog\/wp-content\/uploads\/sites\/2\/2012\/10\/MG_6878.jpg","jetpack_sharing_enabled":true,"_links":{"self":[{"href":"https:\/\/wloczykij.org\/blog\/wp-json\/wp\/v2\/posts\/283","targetHints":{"allow":["GET"]}}],"collection":[{"href":"https:\/\/wloczykij.org\/blog\/wp-json\/wp\/v2\/posts"}],"about":[{"href":"https:\/\/wloczykij.org\/blog\/wp-json\/wp\/v2\/types\/post"}],"author":[{"embeddable":true,"href":"https:\/\/wloczykij.org\/blog\/wp-json\/wp\/v2\/users\/1"}],"replies":[{"embeddable":true,"href":"https:\/\/wloczykij.org\/blog\/wp-json\/wp\/v2\/comments?post=283"}],"version-history":[{"count":2,"href":"https:\/\/wloczykij.org\/blog\/wp-json\/wp\/v2\/posts\/283\/revisions"}],"predecessor-version":[{"id":3817,"href":"https:\/\/wloczykij.org\/blog\/wp-json\/wp\/v2\/posts\/283\/revisions\/3817"}],"wp:featuredmedia":[{"embeddable":true,"href":"https:\/\/wloczykij.org\/blog\/wp-json\/wp\/v2\/media\/2086"}],"wp:attachment":[{"href":"https:\/\/wloczykij.org\/blog\/wp-json\/wp\/v2\/media?parent=283"}],"wp:term":[{"taxonomy":"category","embeddable":true,"href":"https:\/\/wloczykij.org\/blog\/wp-json\/wp\/v2\/categories?post=283"},{"taxonomy":"post_tag","embeddable":true,"href":"https:\/\/wloczykij.org\/blog\/wp-json\/wp\/v2\/tags?post=283"}],"curies":[{"name":"wp","href":"https:\/\/api.w.org\/{rel}","templated":true}]}}