{"id":3173,"date":"2020-03-11T14:24:16","date_gmt":"2020-03-11T13:24:16","guid":{"rendered":"https:\/\/wloczykij.org\/blog\/?p=3173"},"modified":"2021-06-03T10:19:22","modified_gmt":"2021-06-03T08:19:22","slug":"o-kulturze-polityce-i-sytuacji-osob-lgbt-w-polsce-i-w-korei-rozmowa-z-koreanskim-aktywista","status":"publish","type":"post","link":"https:\/\/wloczykij.org\/blog\/2020\/03\/11\/o-kulturze-polityce-i-sytuacji-osob-lgbt-w-polsce-i-w-korei-rozmowa-z-koreanskim-aktywista\/","title":{"rendered":"O kulturze, polityce i sytuacji os\u00f3b LGBT w Polsce i w Korei. Rozmowa z korea\u0144skim aktywist\u0105"},"content":{"rendered":"<p>Mojego rozm\u00f3wc\u0119, Korea\u0144czyka, pod pseudonimem J., pozna\u0142em jeszcze w Polsce. Trzy lata studiowa\u0142 kulturoznawstwo w Krakowie, a obecnie pracuje dla korea\u0144skiej instytucji pa\u0144stwowej. J. nale\u017cy do grona moich najbli\u017cszych korea\u0144skich przyjaci\u00f3\u0142. Zgodzi\u0142 si\u0119 opowiedzie\u0107 o swoim do\u015bwiadczeniu oraz o aktywizmie na rzecz os\u00f3b LGBT w obu krajach.<\/p>\n<figure id=\"attachment_3175\" aria-describedby=\"caption-attachment-3175\" style=\"width: 999px\" class=\"wp-caption alignnone\"><img loading=\"lazy\" decoding=\"async\" data-attachment-id=\"3175\" data-permalink=\"https:\/\/wloczykij.org\/blog\/2020\/03\/11\/o-kulturze-polityce-i-sytuacji-osob-lgbt-w-polsce-i-w-korei-rozmowa-z-koreanskim-aktywista\/%ec%84%9c%ec%9a%b8%ed%80%b4%ec%96%b4%eb%ac%b8%ed%99%94%ec%b6%95%ec%a0%9c\/\" data-orig-file=\"https:\/\/wloczykij.org\/blog\/wp-content\/uploads\/sites\/2\/2020\/03\/\uc11c\uc6b8\ud034\uc5b4\ubb38\ud654\ucd95\uc81c.jpg\" data-orig-size=\"560,373\" data-comments-opened=\"0\" data-image-meta=\"{&quot;aperture&quot;:&quot;0&quot;,&quot;credit&quot;:&quot;&quot;,&quot;camera&quot;:&quot;&quot;,&quot;caption&quot;:&quot;&quot;,&quot;created_timestamp&quot;:&quot;0&quot;,&quot;copyright&quot;:&quot;&quot;,&quot;focal_length&quot;:&quot;0&quot;,&quot;iso&quot;:&quot;0&quot;,&quot;shutter_speed&quot;:&quot;0&quot;,&quot;title&quot;:&quot;&quot;,&quot;orientation&quot;:&quot;0&quot;}\" data-image-title=\"\uc11c\uc6b8\ud034\uc5b4\ubb38\ud654\ucd95\uc81c\" data-image-description=\"\" data-image-caption=\"\" data-large-file=\"https:\/\/wloczykij.org\/blog\/wp-content\/uploads\/sites\/2\/2020\/03\/\uc11c\uc6b8\ud034\uc5b4\ubb38\ud654\ucd95\uc81c.jpg\" class=\"wp-image-3175\" src=\"https:\/\/wloczykij.org\/blog\/wp-content\/uploads\/sites\/2\/2020\/03\/\uc11c\uc6b8\ud034\uc5b4\ubb38\ud654\ucd95\uc81c.jpg\" alt=\"\" width=\"999\" height=\"665\" \/><figcaption id=\"caption-attachment-3175\" class=\"wp-caption-text\">Napis g\u0142osi &#8222;Niech odejdzie wstr\u0119t, niech przyjdzie r\u00f3wno\u015b\u0107!&#8221; \u017br\u00f3d\u0142o: http:\/\/m.news.zum.com\/articles\/52849214<\/figcaption><\/figure>\n<p><strong>W 2014 roku Park Won-soon \u00f3wczesny burmistrz Seoul, w wywiadzie dla The San Francisco Examiner wyrazi\u0142 nadziej\u0119, \u017ce Korea stanie si\u0119 pierwszym krajem azjatyckim, kt\u00f3ry zalegalizuje ma\u0142\u017ce\u0144stwa os\u00f3b tej samej p\u0142ci. Tymczasem to Tajwan rok temu uprzedzi\u0142 Kore\u0119 w tej kwestii. Dlaczego?<\/strong><\/p>\n<p>Pami\u0119tam, \u017ce wraz z innymi aktywistami walcz\u0105cymi o prawa os\u00f3b LGBT, namawiali\u015bmy do g\u0142osowania na Park Won-soon, kt\u00f3ry by\u0142 bardzo progresywny. Mieli\u015bmy nadziej\u0119, \u017ce b\u0119dzie wspiera\u0142 nasz\u0105 spo\u0142eczno\u015b\u0107. Niestety po wygranej burmistrz okaza\u0142 si\u0119 du\u017cym rozczarowaniem. Osobi\u015bcie ciesz\u0119 si\u0119 bardzo z Tajwanu, cho\u0107 by\u0142o to zaskoczenie. My\u015bla\u0142em, \u017ce Korea lub Japonia b\u0119dzie pierwsza.<\/p>\n<p><strong>Czy to nie jest dow\u00f3d na to, \u017ce spo\u0142ecze\u0144stwo korea\u0144skie jest wci\u0105\u017c jednak bardzo konserwatywne pod tym wzgl\u0119dem? Pami\u0119tam, \u017ce przed wyborami prezydenckimi w 2017 roku Moon Jae-in w debacie z Hong Jun-pyo r\u00f3wnie\u017c powiedzia\u0142, \u017ce jest przeciwny liberalizacji. Analitycy argumentowali, \u017ce inaczej m\u00f3g\u0142by zrazi\u0107 do siebie du\u017c\u0105 cz\u0119\u015b\u0107 wyborc\u00f3w<\/strong><\/p>\n<p>Moon Jae-in, jako prawnik, specjalizuje si\u0119 w ochronie praw cz\u0142owieka. My\u015bl\u0119, \u017ce szczerze chce pom\u00f3c ludziom, ale masz racj\u0119. Gdyby w tej debacie tak nie zareagowa\u0142, pewnie straci\u0142by cz\u0119\u015b\u0107 g\u0142os\u00f3w. Mimo wszystko, to rozczarowuj\u0105ce, \u017ce polityczne cele s\u0105 dla niego wa\u017cniejsze ni\u017c prawa cz\u0142owieka. To jednak tym bardziej pokazuje, \u017ce najpierw musimy zmieni\u0107 nastawienie ludzi. I to si\u0119 dzieje. Na przestrzeni lat sytuacja bardzo si\u0119 poprawi\u0142a.<\/p>\n<p><strong>By\u0107 mo\u017ce proces ten dobrze obrazuje przypadek Hong Seok-cheona, kt\u00f3ry w 2000 roku jako pierwszy celebryta i aktor telewizyjny dokona\u0142 g\u0142o\u015bnego coming outu. W efekcie spotka\u0142 go totalny ostracyzm i przez trzy lata pozbawiony by\u0142 pracy. Jedak obecnie \u015bwietnie sobie radzi, a jego sie\u0107 restauracji (zobacz np. <a href=\"http:\/\/4 Itaewon-ro 20-gil, Itaewon 1(il)-dong, Yongsan-gu, Seoul\">My Sweet<\/a>) jest bardzo popularna\u00a0<\/strong><\/p>\n<p>Bardzo dobrze wida\u0107 to na przyk\u0142adzie Korea\u0144skiego Festiwalu Kultury Queer, w kt\u00f3rego organizacj\u0119 by\u0142em zaanga\u017cowany. Jeszcze dziesi\u0119\u0107 lat temu podczas marsz\u00f3w wi\u0119kszo\u015b\u0107 uczestnik\u00f3w czu\u0142a si\u0119 bardzo niekomfortowo. Bali si\u0119 pokaza\u0107 publicznie. Wielu zas\u0142ania\u0142o twarz lub zak\u0142ada\u0142o ciemne okulary. Rozdawano przypinki z napisem \u201ezakaz robienia zdj\u0119\u0107\u201d. Dzi\u015b to powoli si\u0119 zmienia i uczestnicy czuj\u0105 si\u0119 du\u017co bezpieczniej. Atmosfera jest bardziej otwarta. Festiwal ur\u00f3s\u0142 i jest nieod\u0142\u0105czn\u0105 cz\u0119\u015bci\u0105 w kalendarzu wydarze\u0144. Gigantyczn\u0105 przemian\u0119 wida\u0107 w postawie m\u0142odych i w Internecie. Kiedy\u015b nie da\u0142o si\u0119 czyta\u0107 komentarzy pod inicjatywami zwi\u0105zanymi z LGBT. By\u0142y tak brutalne i agresywne. Dzi\u015b hejt nale\u017cy do mniejszo\u015bci. Mamy te\u017c wielu homoseksualnych Youtuber\u00f3w, kt\u00f3rzy opowiadaj\u0105 o swoim \u017cyciu online. Co\u015b, co by\u0142oby nie do pomy\u015blenia jeszcze dziesi\u0119\u0107 lat temu.<\/p>\n<p><b>By\u0142e\u015b te\u017c kilkukrotnie wolontariuszem Korea Queer Film Festival. Jak na przestrzeni lat zmieni\u0142a si\u0119 percepcja os\u00f3b LGBT w kinie?<\/b><\/p>\n<p>A\u017c do 1998 roku w kinie nie mo\u017cna by\u0142o pokazywa\u0107 zwi\u0105zk\u00f3w homoseksualnych. Dzi\u015b jest co raz wi\u0119cej film\u00f3w, nie tylko niszowych czy awangardowych, kt\u00f3re m\u00f3wi\u0105 o tym wprost. Prze\u0142omowym filmem by\u0142 <em>M\u0119\u017cczyzna kr\u00f3la <\/em>(angielski tytu\u0142 to <em>King and the clown<\/em>, r. Jun-ik Lee) z 2005 roku. G\u0142o\u015bna by\u0142a komedia <em>Dwa wesela, jeden pogrzeb<\/em> (r. Kim Jho Kwang-soo, 2012). Dzi\u015b jako spo\u0142eczno\u015b\u0107 nie mo\u017cemy narzeka\u0107. Pomy\u015bl o nagrodzonej w Cannes <em>S\u0142u\u017c\u0105cej<\/em> (r. Park Chan-wook, 2016)?<\/p>\n<p><strong>Mieszka\u0142e\u015b przez trzy lata w Polsce. Uczestniczy\u0142e\u015b w r\u00f3\u017cnych aktywno\u015bciach dla os\u00f3b LGBT w naszym kraju. Z perspektywy prawnej Korea i Polska wydaj\u0105 si\u0119 podobne. Co ci\u0119 zaskoczy\u0142o? <\/strong><\/p>\n<p>Estetyka k-popu sprawia, \u017ce wiele os\u00f3b w Polsce my\u015bli, \u017ce niekt\u00f3re boys bandy s\u0105 homoseksualnymi zespo\u0142ami! To nieporozumienie. Standardy urody s\u0105 diametralnie r\u00f3\u017cne. W Korei i w Polsce, gdy wpisz\u0119 w wyszukiwark\u0119 &#8222;pi\u0119kny m\u0119\u017cczyzna&#8221;, to wyskocz\u0105 mi zupe\u0142ne inne zdj\u0119cia. Najbardziej uderzaj\u0105ca r\u00f3\u017cnica dotyczy kwestii rodzinnych. W Polsce wiele os\u00f3b, z kt\u00f3rymi rozmawia\u0142em, pr\u00f3buje znale\u017a\u0107 akceptacj\u0119 u swoich bliskich i coraz cz\u0119\u015bciej to si\u0119 udaje. W Korei to wci\u0105\u017c cz\u0119sto jest \u201eno go zone\u201d. Wi\u0119kszo\u015b\u0107 os\u00f3b, kt\u00f3re znam i kt\u00f3re walcz\u0105 o prawa os\u00f3b LGBT, ukrywa przed rodzinami swoj\u0105 prawdziw\u0105 to\u017csamo\u015b\u0107. W przeciwie\u0144stwie do Polski nie mamy te\u017c wci\u0105\u017c \u017cadnych transseksualnych lub homoseksualnych polityk\u00f3w.<\/p>\n<p><strong>Co z przemoc\u0105 fizyczn\u0105? Jak wiesz w zesz\u0142ym roku dosz\u0142o do pobi\u0107 na marszu LGBT w Bia\u0142ymstoku<\/strong><\/p>\n<p>W Korei zasadniczo przemoc fizyczna nale\u017cy do rzadko\u015bci. Nie tylko w stosunku do os\u00f3b LGBT. W tej kwestii jest u nas lepiej. Natomiast z punktu widzenia prawnego, te\u017c nie jest ju\u017c \u017ale. Gdyby pracodawca pr\u00f3bowa\u0142 wyrzuci\u0107 mnie z powodu mojej orientacji, spotka\u0142by si\u0119 z konsekwencjami. S\u0105 grupy, kt\u00f3re broni\u0105 nas prawnie. I w Polsce, i w Korei. Wydaje mi si\u0119, \u017ce w Polsce nie jest tak \u017ale, jak czasami s\u0142ysz\u0119 od Polak\u00f3w. Bardzo dobrze wspominam m\u00f3j czas w waszym kraju! Jednak z drugiej strony, jestem \u015bwiadomy, \u017ce jako obcokrajowiec jestem traktowany na specjalnych zasadach. Jako go\u015b\u0107.<\/p>\n<p><strong>W czym jeszcze r\u00f3\u017cni si\u0119 kultura LGBT w obu krajach?<\/strong><\/p>\n<p>Oczywi\u015bcie w Korei wszystko jest na du\u017co wi\u0119ksz\u0105 skal\u0119. W Seulu s\u0105 ca\u0142e enklawy zadedykowane LGBT np. tzw. Homo Hill w Itaewon lub okolice Jongno. Mo\u017cna znale\u017a\u0107 kluby, restauracje, kawiarnie&#8230; Korea\u0144ski Festiwal Kultury Queer jest r\u00f3wnie\u017c bardzo du\u017cym wydarzeniem. Polska ma ma\u0142\u0105 scen\u0119 LGBT, ale pr\u00f3buje si\u0119 j\u0105 rozszerzy\u0107 na mniejsze miasta. Przyk\u0142adem by\u0142y marsze w zesz\u0142ym roku. W Korei r\u00f3\u017cnica pomi\u0119dzy prowincj\u0105 a stolic\u0105 jest wi\u0119ksza.<\/p>\n<p><strong>Nie da si\u0119 ukry\u0107, \u017ce g\u0142o\u015bnym przeciwnikiem praw LGBT w Korei s\u0105 pewne chrze\u015bcija\u0144skie grupy religijne. Niekt\u00f3rzy m\u00f3wi\u0105, \u017ce gdyby Korea by\u0142a bardziej buddyjska, to by\u0142aby te\u017c bardziej liberalna. To jednak powierzchowne za\u0142o\u017cenie. W buddyjskiej Birmie czy Sri Lance wci\u0105\u017c, przynajmniej prawnie, homoseksualistom grozi wieloletnie wi\u0119zienie. Z kolei zaskoczy\u0142 mnie poziom tolerancji katolickich Filipin. <\/strong><\/p>\n<p>To trudne pytanie. Nie chcia\u0142by brzmie\u0107 za bardzo jak Foucault, ale wszystko sprowadza si\u0119 do rz\u0105dz\u0105cych. W Korei wci\u0105\u017c \u017cywy jest etos konfucja\u0144ski, kt\u00f3ry przynajmniej w sferze publicznej, postuluje pewien idea\u0142, kt\u00f3ry jest wykluczaj\u0105cy. Oczywi\u015bcie pewne protestanckie grupy, kopiuj\u0105c moralno\u015b\u0107 fundamentalist\u00f3w z Ameryki, s\u0105 bardzo nam przeciwne. Cz\u0119sto protestuj\u0105 podczas Korea\u0144skiego Festiwalu Kultury Queer. S\u0105 jednak te\u017c tacy pastorzy, cho\u0107 wci\u0105\u017c w mniejszo\u015bci, kt\u00f3rzy wprost nas popieraj\u0105 np. dr. Song Jin-Sun. Tacy chrze\u015bcijanie m\u00f3wi\u0105 &#8222;B\u00f3g nie wyklucza nikogo&#8221; lub &#8222;Chrystus jest zawsze w\u015br\u00f3d prze\u015bladowanych&#8221;.<\/p>\n<p><strong>Niekt\u00f3rzy badacze wskazuj\u0105, \u017ce sytuacja homoseksualist\u00f3w by\u0142a lepsza w przesz\u0142o\u015bci. S\u0105 te\u017c tacy, kt\u00f3rzy doszukuj\u0105 si\u0119 w\u0105tk\u00f3w homoseksualnych u elit Goryeo lub w\u015br\u00f3d cz\u0142onk\u00f3w elitarnych oddzia\u0142\u00f3w Hwarang, bojowej si\u0142y kr\u00f3lestwa Silla. Potem nadszed\u0142 neokonfucjanizm z bardzo silnym rodzinnym etosem.<\/strong><\/p>\n<p>Oczywi\u015bcie homoseksualizm istnia\u0142 zawsze. To s\u0105 ciekawe, ale trudne pytania dla historyk\u00f3w. Generalnie poziom \u017cycia ludzi \u017cyj\u0105cych wtedy by\u0142 niepor\u00f3wnywalnie gorszy. Ci\u0119\u017cko o proste por\u00f3wnania. Z pewno\u015bci\u0105 konfucjanizm odegra\u0142 negatywn\u0105 rol\u0119. Wierz\u0119, \u017ce z czasem nastawienie spo\u0142ecze\u0144stwa si\u0119 zmieni. Wp\u0142ynie to na polityk\u00f3w, ko\u015bcio\u0142y&#8230; Chodzi o prac\u0119 u podstaw.<\/p>\n<p><strong>Na gruncie socjologii istniej\u0105 badania, kt\u00f3re pokazuj\u0105 zwi\u0105zek pomi\u0119dzy kultur\u0105 militarn\u0105 a wzrostem nietolerancji wobec os\u00f3b LGBT.<\/strong><\/p>\n<p>Niedawno by\u0142a g\u0142o\u015bna historia Byun Hui-su, kt\u00f3ra po przej\u015bciu operacji zmiany p\u0142ci w Tajlandii, zosta\u0142a wyrzucona z wojska. Jednak sytuacja z armi\u0105 jest skomplikowana i r\u00f3\u017cne osoby maj\u0105 r\u00f3\u017cne do\u015bwiadczenia. Dla mnie to nie by\u0142 z\u0142y czas, ale nie ujawni\u0142em nikomu swojej orientacji. Osoby homoseksualne potrafi\u0105 jednak szybko wyczu\u0107 &#8222;kto-jest-kto&#8221;. Znam takich, co mieli w armii romans! (\u015bmiech)<\/p>\n","protected":false},"excerpt":{"rendered":"<p>Mojego rozm\u00f3wc\u0119, Korea\u0144czyka, pod pseudonimem J., pozna\u0142em jeszcze w Polsce. Trzy lata studiowa\u0142 kulturoznawstwo w Krakowie, a obecnie pracuje dla korea\u0144skiej instytucji pa\u0144stwowej. J. nale\u017cy do grona moich najbli\u017cszych korea\u0144skich przyjaci\u00f3\u0142. Zgodzi\u0142 si\u0119 opowiedzie\u0107 o swoim do\u015bwiadczeniu oraz o aktywizmie na rzecz os\u00f3b LGBT w obu krajach. W 2014 roku Park Won-soon \u00f3wczesny burmistrz Seoul, &hellip; <\/p>\n","protected":false},"author":1,"featured_media":3175,"comment_status":"open","ping_status":"open","sticky":false,"template":"","format":"standard","meta":{"_jetpack_memberships_contains_paid_content":false,"footnotes":"","jetpack_publicize_message":"","jetpack_publicize_feature_enabled":true,"jetpack_social_post_already_shared":true,"jetpack_social_options":{"image_generator_settings":{"template":"highway","default_image_id":0,"font":"","enabled":false},"version":2}},"categories":[18],"tags":[340,380,145],"class_list":["post-3173","post","type-post","status-publish","format-standard","has-post-thumbnail","hentry","category-korea-poludniowa","tag-korea-beyond-k-pop","tag-lgbt","tag-wywiad"],"yoast_head":"<!-- This site is optimized with the Yoast SEO plugin v27.5 - https:\/\/yoast.com\/product\/yoast-seo-wordpress\/ -->\n<title>O kulturze, polityce i sytuacji os\u00f3b LGBT w Polsce i w Korei. Rozmowa z korea\u0144skim aktywist\u0105 - W\u0142\u00f3czykij - Roman Husarski<\/title>\n<meta name=\"robots\" content=\"index, follow, max-snippet:-1, max-image-preview:large, max-video-preview:-1\" \/>\n<link rel=\"canonical\" href=\"https:\/\/wloczykij.org\/blog\/2020\/03\/11\/o-kulturze-polityce-i-sytuacji-osob-lgbt-w-polsce-i-w-korei-rozmowa-z-koreanskim-aktywista\/\" \/>\n<meta property=\"og:locale\" content=\"pl_PL\" \/>\n<meta property=\"og:type\" content=\"article\" \/>\n<meta property=\"og:title\" content=\"O kulturze, polityce i sytuacji os\u00f3b LGBT w Polsce i w Korei. Rozmowa z korea\u0144skim aktywist\u0105 - W\u0142\u00f3czykij - Roman Husarski\" \/>\n<meta property=\"og:description\" content=\"Mojego rozm\u00f3wc\u0119, Korea\u0144czyka, pod pseudonimem J., pozna\u0142em jeszcze w Polsce. Trzy lata studiowa\u0142 kulturoznawstwo w Krakowie, a obecnie pracuje dla korea\u0144skiej instytucji pa\u0144stwowej. J. nale\u017cy do grona moich najbli\u017cszych korea\u0144skich przyjaci\u00f3\u0142. Zgodzi\u0142 si\u0119 opowiedzie\u0107 o swoim do\u015bwiadczeniu oraz o aktywizmie na rzecz os\u00f3b LGBT w obu krajach. W 2014 roku Park Won-soon \u00f3wczesny burmistrz Seoul, &hellip;\" \/>\n<meta property=\"og:url\" content=\"https:\/\/wloczykij.org\/blog\/2020\/03\/11\/o-kulturze-polityce-i-sytuacji-osob-lgbt-w-polsce-i-w-korei-rozmowa-z-koreanskim-aktywista\/\" \/>\n<meta property=\"og:site_name\" content=\"W\u0142\u00f3czykij - Roman Husarski\" \/>\n<meta property=\"article:publisher\" content=\"https:\/\/www.facebook.com\/pages\/W%c5%82%c3%b3czykij\/282838631839707\" \/>\n<meta property=\"article:published_time\" content=\"2020-03-11T13:24:16+00:00\" \/>\n<meta property=\"article:modified_time\" content=\"2021-06-03T08:19:22+00:00\" \/>\n<meta property=\"og:image\" content=\"https:\/\/wloczykij.org\/blog\/wp-content\/uploads\/sites\/2\/2020\/03\/\uc11c\uc6b8\ud034\uc5b4\ubb38\ud654\ucd95\uc81c.jpg\" \/>\n\t<meta property=\"og:image:width\" content=\"560\" \/>\n\t<meta property=\"og:image:height\" content=\"373\" \/>\n\t<meta property=\"og:image:type\" content=\"image\/jpeg\" \/>\n<meta name=\"author\" content=\"Roman\" \/>\n<meta name=\"twitter:label1\" content=\"Napisane przez\" \/>\n\t<meta name=\"twitter:data1\" content=\"Roman\" \/>\n\t<meta name=\"twitter:label2\" content=\"Szacowany czas czytania\" \/>\n\t<meta name=\"twitter:data2\" content=\"7 minut\" \/>\n<script type=\"application\/ld+json\" class=\"yoast-schema-graph\">{\"@context\":\"https:\\\/\\\/schema.org\",\"@graph\":[{\"@type\":\"Article\",\"@id\":\"https:\\\/\\\/wloczykij.org\\\/blog\\\/2020\\\/03\\\/11\\\/o-kulturze-polityce-i-sytuacji-osob-lgbt-w-polsce-i-w-korei-rozmowa-z-koreanskim-aktywista\\\/#article\",\"isPartOf\":{\"@id\":\"https:\\\/\\\/wloczykij.org\\\/blog\\\/2020\\\/03\\\/11\\\/o-kulturze-polityce-i-sytuacji-osob-lgbt-w-polsce-i-w-korei-rozmowa-z-koreanskim-aktywista\\\/\"},\"author\":{\"name\":\"Roman\",\"@id\":\"https:\\\/\\\/wloczykij.org\\\/blog\\\/#\\\/schema\\\/person\\\/5715e17c214052b93c6c53e27ea498e5\"},\"headline\":\"O kulturze, polityce i sytuacji os\u00f3b LGBT w Polsce i w Korei. Rozmowa z korea\u0144skim aktywist\u0105\",\"datePublished\":\"2020-03-11T13:24:16+00:00\",\"dateModified\":\"2021-06-03T08:19:22+00:00\",\"mainEntityOfPage\":{\"@id\":\"https:\\\/\\\/wloczykij.org\\\/blog\\\/2020\\\/03\\\/11\\\/o-kulturze-polityce-i-sytuacji-osob-lgbt-w-polsce-i-w-korei-rozmowa-z-koreanskim-aktywista\\\/\"},\"wordCount\":1421,\"commentCount\":1,\"image\":{\"@id\":\"https:\\\/\\\/wloczykij.org\\\/blog\\\/2020\\\/03\\\/11\\\/o-kulturze-polityce-i-sytuacji-osob-lgbt-w-polsce-i-w-korei-rozmowa-z-koreanskim-aktywista\\\/#primaryimage\"},\"thumbnailUrl\":\"https:\\\/\\\/wloczykij.org\\\/blog\\\/wp-content\\\/uploads\\\/sites\\\/2\\\/2020\\\/03\\\/\uc11c\uc6b8\ud034\uc5b4\ubb38\ud654\ucd95\uc81c.jpg\",\"keywords\":[\"Korea Beyond K-pop\",\"lgbt\",\"wywiad\"],\"articleSection\":[\"Korea Po\u0142udniowa\"],\"inLanguage\":\"pl-PL\",\"potentialAction\":[{\"@type\":\"CommentAction\",\"name\":\"Comment\",\"target\":[\"https:\\\/\\\/wloczykij.org\\\/blog\\\/2020\\\/03\\\/11\\\/o-kulturze-polityce-i-sytuacji-osob-lgbt-w-polsce-i-w-korei-rozmowa-z-koreanskim-aktywista\\\/#respond\"]}]},{\"@type\":\"WebPage\",\"@id\":\"https:\\\/\\\/wloczykij.org\\\/blog\\\/2020\\\/03\\\/11\\\/o-kulturze-polityce-i-sytuacji-osob-lgbt-w-polsce-i-w-korei-rozmowa-z-koreanskim-aktywista\\\/\",\"url\":\"https:\\\/\\\/wloczykij.org\\\/blog\\\/2020\\\/03\\\/11\\\/o-kulturze-polityce-i-sytuacji-osob-lgbt-w-polsce-i-w-korei-rozmowa-z-koreanskim-aktywista\\\/\",\"name\":\"O kulturze, polityce i sytuacji os\u00f3b LGBT w Polsce i w Korei. Rozmowa z korea\u0144skim aktywist\u0105 - W\u0142\u00f3czykij - Roman Husarski\",\"isPartOf\":{\"@id\":\"https:\\\/\\\/wloczykij.org\\\/blog\\\/#website\"},\"primaryImageOfPage\":{\"@id\":\"https:\\\/\\\/wloczykij.org\\\/blog\\\/2020\\\/03\\\/11\\\/o-kulturze-polityce-i-sytuacji-osob-lgbt-w-polsce-i-w-korei-rozmowa-z-koreanskim-aktywista\\\/#primaryimage\"},\"image\":{\"@id\":\"https:\\\/\\\/wloczykij.org\\\/blog\\\/2020\\\/03\\\/11\\\/o-kulturze-polityce-i-sytuacji-osob-lgbt-w-polsce-i-w-korei-rozmowa-z-koreanskim-aktywista\\\/#primaryimage\"},\"thumbnailUrl\":\"https:\\\/\\\/wloczykij.org\\\/blog\\\/wp-content\\\/uploads\\\/sites\\\/2\\\/2020\\\/03\\\/\uc11c\uc6b8\ud034\uc5b4\ubb38\ud654\ucd95\uc81c.jpg\",\"datePublished\":\"2020-03-11T13:24:16+00:00\",\"dateModified\":\"2021-06-03T08:19:22+00:00\",\"author\":{\"@id\":\"https:\\\/\\\/wloczykij.org\\\/blog\\\/#\\\/schema\\\/person\\\/5715e17c214052b93c6c53e27ea498e5\"},\"breadcrumb\":{\"@id\":\"https:\\\/\\\/wloczykij.org\\\/blog\\\/2020\\\/03\\\/11\\\/o-kulturze-polityce-i-sytuacji-osob-lgbt-w-polsce-i-w-korei-rozmowa-z-koreanskim-aktywista\\\/#breadcrumb\"},\"inLanguage\":\"pl-PL\",\"potentialAction\":[{\"@type\":\"ReadAction\",\"target\":[\"https:\\\/\\\/wloczykij.org\\\/blog\\\/2020\\\/03\\\/11\\\/o-kulturze-polityce-i-sytuacji-osob-lgbt-w-polsce-i-w-korei-rozmowa-z-koreanskim-aktywista\\\/\"]}]},{\"@type\":\"ImageObject\",\"inLanguage\":\"pl-PL\",\"@id\":\"https:\\\/\\\/wloczykij.org\\\/blog\\\/2020\\\/03\\\/11\\\/o-kulturze-polityce-i-sytuacji-osob-lgbt-w-polsce-i-w-korei-rozmowa-z-koreanskim-aktywista\\\/#primaryimage\",\"url\":\"https:\\\/\\\/wloczykij.org\\\/blog\\\/wp-content\\\/uploads\\\/sites\\\/2\\\/2020\\\/03\\\/\uc11c\uc6b8\ud034\uc5b4\ubb38\ud654\ucd95\uc81c.jpg\",\"contentUrl\":\"https:\\\/\\\/wloczykij.org\\\/blog\\\/wp-content\\\/uploads\\\/sites\\\/2\\\/2020\\\/03\\\/\uc11c\uc6b8\ud034\uc5b4\ubb38\ud654\ucd95\uc81c.jpg\",\"width\":560,\"height\":373},{\"@type\":\"BreadcrumbList\",\"@id\":\"https:\\\/\\\/wloczykij.org\\\/blog\\\/2020\\\/03\\\/11\\\/o-kulturze-polityce-i-sytuacji-osob-lgbt-w-polsce-i-w-korei-rozmowa-z-koreanskim-aktywista\\\/#breadcrumb\",\"itemListElement\":[{\"@type\":\"ListItem\",\"position\":1,\"name\":\"Strona g\u0142\u00f3wna\",\"item\":\"https:\\\/\\\/wloczykij.org\\\/blog\\\/\"},{\"@type\":\"ListItem\",\"position\":2,\"name\":\"O kulturze, polityce i sytuacji os\u00f3b LGBT w Polsce i w Korei. Rozmowa z korea\u0144skim aktywist\u0105\"}]},{\"@type\":\"WebSite\",\"@id\":\"https:\\\/\\\/wloczykij.org\\\/blog\\\/#website\",\"url\":\"https:\\\/\\\/wloczykij.org\\\/blog\\\/\",\"name\":\"W\u0142\u00f3czykij - Roman Husarski\",\"description\":\"\",\"potentialAction\":[{\"@type\":\"SearchAction\",\"target\":{\"@type\":\"EntryPoint\",\"urlTemplate\":\"https:\\\/\\\/wloczykij.org\\\/blog\\\/?s={search_term_string}\"},\"query-input\":{\"@type\":\"PropertyValueSpecification\",\"valueRequired\":true,\"valueName\":\"search_term_string\"}}],\"inLanguage\":\"pl-PL\"},{\"@type\":\"Person\",\"@id\":\"https:\\\/\\\/wloczykij.org\\\/blog\\\/#\\\/schema\\\/person\\\/5715e17c214052b93c6c53e27ea498e5\",\"name\":\"Roman\",\"image\":{\"@type\":\"ImageObject\",\"inLanguage\":\"pl-PL\",\"@id\":\"https:\\\/\\\/secure.gravatar.com\\\/avatar\\\/a4ad12ebb0eef153209fb3604f0a54cb2d9993a45803e045e020a86a4527c70b?s=96&d=mm&r=g\",\"url\":\"https:\\\/\\\/secure.gravatar.com\\\/avatar\\\/a4ad12ebb0eef153209fb3604f0a54cb2d9993a45803e045e020a86a4527c70b?s=96&d=mm&r=g\",\"contentUrl\":\"https:\\\/\\\/secure.gravatar.com\\\/avatar\\\/a4ad12ebb0eef153209fb3604f0a54cb2d9993a45803e045e020a86a4527c70b?s=96&d=mm&r=g\",\"caption\":\"Roman\"},\"url\":\"https:\\\/\\\/wloczykij.org\\\/blog\\\/author\\\/remus\\\/\"}]}<\/script>\n<!-- \/ Yoast SEO plugin. -->","yoast_head_json":{"title":"O kulturze, polityce i sytuacji os\u00f3b LGBT w Polsce i w Korei. Rozmowa z korea\u0144skim aktywist\u0105 - W\u0142\u00f3czykij - Roman Husarski","robots":{"index":"index","follow":"follow","max-snippet":"max-snippet:-1","max-image-preview":"max-image-preview:large","max-video-preview":"max-video-preview:-1"},"canonical":"https:\/\/wloczykij.org\/blog\/2020\/03\/11\/o-kulturze-polityce-i-sytuacji-osob-lgbt-w-polsce-i-w-korei-rozmowa-z-koreanskim-aktywista\/","og_locale":"pl_PL","og_type":"article","og_title":"O kulturze, polityce i sytuacji os\u00f3b LGBT w Polsce i w Korei. Rozmowa z korea\u0144skim aktywist\u0105 - W\u0142\u00f3czykij - Roman Husarski","og_description":"Mojego rozm\u00f3wc\u0119, Korea\u0144czyka, pod pseudonimem J., pozna\u0142em jeszcze w Polsce. Trzy lata studiowa\u0142 kulturoznawstwo w Krakowie, a obecnie pracuje dla korea\u0144skiej instytucji pa\u0144stwowej. J. nale\u017cy do grona moich najbli\u017cszych korea\u0144skich przyjaci\u00f3\u0142. Zgodzi\u0142 si\u0119 opowiedzie\u0107 o swoim do\u015bwiadczeniu oraz o aktywizmie na rzecz os\u00f3b LGBT w obu krajach. W 2014 roku Park Won-soon \u00f3wczesny burmistrz Seoul, &hellip;","og_url":"https:\/\/wloczykij.org\/blog\/2020\/03\/11\/o-kulturze-polityce-i-sytuacji-osob-lgbt-w-polsce-i-w-korei-rozmowa-z-koreanskim-aktywista\/","og_site_name":"W\u0142\u00f3czykij - Roman Husarski","article_publisher":"https:\/\/www.facebook.com\/pages\/W%c5%82%c3%b3czykij\/282838631839707","article_published_time":"2020-03-11T13:24:16+00:00","article_modified_time":"2021-06-03T08:19:22+00:00","og_image":[{"width":560,"height":373,"url":"https:\/\/wloczykij.org\/blog\/wp-content\/uploads\/sites\/2\/2020\/03\/\uc11c\uc6b8\ud034\uc5b4\ubb38\ud654\ucd95\uc81c.jpg","type":"image\/jpeg"}],"author":"Roman","twitter_misc":{"Napisane przez":"Roman","Szacowany czas czytania":"7 minut"},"schema":{"@context":"https:\/\/schema.org","@graph":[{"@type":"Article","@id":"https:\/\/wloczykij.org\/blog\/2020\/03\/11\/o-kulturze-polityce-i-sytuacji-osob-lgbt-w-polsce-i-w-korei-rozmowa-z-koreanskim-aktywista\/#article","isPartOf":{"@id":"https:\/\/wloczykij.org\/blog\/2020\/03\/11\/o-kulturze-polityce-i-sytuacji-osob-lgbt-w-polsce-i-w-korei-rozmowa-z-koreanskim-aktywista\/"},"author":{"name":"Roman","@id":"https:\/\/wloczykij.org\/blog\/#\/schema\/person\/5715e17c214052b93c6c53e27ea498e5"},"headline":"O kulturze, polityce i sytuacji os\u00f3b LGBT w Polsce i w Korei. Rozmowa z korea\u0144skim aktywist\u0105","datePublished":"2020-03-11T13:24:16+00:00","dateModified":"2021-06-03T08:19:22+00:00","mainEntityOfPage":{"@id":"https:\/\/wloczykij.org\/blog\/2020\/03\/11\/o-kulturze-polityce-i-sytuacji-osob-lgbt-w-polsce-i-w-korei-rozmowa-z-koreanskim-aktywista\/"},"wordCount":1421,"commentCount":1,"image":{"@id":"https:\/\/wloczykij.org\/blog\/2020\/03\/11\/o-kulturze-polityce-i-sytuacji-osob-lgbt-w-polsce-i-w-korei-rozmowa-z-koreanskim-aktywista\/#primaryimage"},"thumbnailUrl":"https:\/\/wloczykij.org\/blog\/wp-content\/uploads\/sites\/2\/2020\/03\/\uc11c\uc6b8\ud034\uc5b4\ubb38\ud654\ucd95\uc81c.jpg","keywords":["Korea Beyond K-pop","lgbt","wywiad"],"articleSection":["Korea Po\u0142udniowa"],"inLanguage":"pl-PL","potentialAction":[{"@type":"CommentAction","name":"Comment","target":["https:\/\/wloczykij.org\/blog\/2020\/03\/11\/o-kulturze-polityce-i-sytuacji-osob-lgbt-w-polsce-i-w-korei-rozmowa-z-koreanskim-aktywista\/#respond"]}]},{"@type":"WebPage","@id":"https:\/\/wloczykij.org\/blog\/2020\/03\/11\/o-kulturze-polityce-i-sytuacji-osob-lgbt-w-polsce-i-w-korei-rozmowa-z-koreanskim-aktywista\/","url":"https:\/\/wloczykij.org\/blog\/2020\/03\/11\/o-kulturze-polityce-i-sytuacji-osob-lgbt-w-polsce-i-w-korei-rozmowa-z-koreanskim-aktywista\/","name":"O kulturze, polityce i sytuacji os\u00f3b LGBT w Polsce i w Korei. Rozmowa z korea\u0144skim aktywist\u0105 - W\u0142\u00f3czykij - Roman Husarski","isPartOf":{"@id":"https:\/\/wloczykij.org\/blog\/#website"},"primaryImageOfPage":{"@id":"https:\/\/wloczykij.org\/blog\/2020\/03\/11\/o-kulturze-polityce-i-sytuacji-osob-lgbt-w-polsce-i-w-korei-rozmowa-z-koreanskim-aktywista\/#primaryimage"},"image":{"@id":"https:\/\/wloczykij.org\/blog\/2020\/03\/11\/o-kulturze-polityce-i-sytuacji-osob-lgbt-w-polsce-i-w-korei-rozmowa-z-koreanskim-aktywista\/#primaryimage"},"thumbnailUrl":"https:\/\/wloczykij.org\/blog\/wp-content\/uploads\/sites\/2\/2020\/03\/\uc11c\uc6b8\ud034\uc5b4\ubb38\ud654\ucd95\uc81c.jpg","datePublished":"2020-03-11T13:24:16+00:00","dateModified":"2021-06-03T08:19:22+00:00","author":{"@id":"https:\/\/wloczykij.org\/blog\/#\/schema\/person\/5715e17c214052b93c6c53e27ea498e5"},"breadcrumb":{"@id":"https:\/\/wloczykij.org\/blog\/2020\/03\/11\/o-kulturze-polityce-i-sytuacji-osob-lgbt-w-polsce-i-w-korei-rozmowa-z-koreanskim-aktywista\/#breadcrumb"},"inLanguage":"pl-PL","potentialAction":[{"@type":"ReadAction","target":["https:\/\/wloczykij.org\/blog\/2020\/03\/11\/o-kulturze-polityce-i-sytuacji-osob-lgbt-w-polsce-i-w-korei-rozmowa-z-koreanskim-aktywista\/"]}]},{"@type":"ImageObject","inLanguage":"pl-PL","@id":"https:\/\/wloczykij.org\/blog\/2020\/03\/11\/o-kulturze-polityce-i-sytuacji-osob-lgbt-w-polsce-i-w-korei-rozmowa-z-koreanskim-aktywista\/#primaryimage","url":"https:\/\/wloczykij.org\/blog\/wp-content\/uploads\/sites\/2\/2020\/03\/\uc11c\uc6b8\ud034\uc5b4\ubb38\ud654\ucd95\uc81c.jpg","contentUrl":"https:\/\/wloczykij.org\/blog\/wp-content\/uploads\/sites\/2\/2020\/03\/\uc11c\uc6b8\ud034\uc5b4\ubb38\ud654\ucd95\uc81c.jpg","width":560,"height":373},{"@type":"BreadcrumbList","@id":"https:\/\/wloczykij.org\/blog\/2020\/03\/11\/o-kulturze-polityce-i-sytuacji-osob-lgbt-w-polsce-i-w-korei-rozmowa-z-koreanskim-aktywista\/#breadcrumb","itemListElement":[{"@type":"ListItem","position":1,"name":"Strona g\u0142\u00f3wna","item":"https:\/\/wloczykij.org\/blog\/"},{"@type":"ListItem","position":2,"name":"O kulturze, polityce i sytuacji os\u00f3b LGBT w Polsce i w Korei. Rozmowa z korea\u0144skim aktywist\u0105"}]},{"@type":"WebSite","@id":"https:\/\/wloczykij.org\/blog\/#website","url":"https:\/\/wloczykij.org\/blog\/","name":"W\u0142\u00f3czykij - Roman Husarski","description":"","potentialAction":[{"@type":"SearchAction","target":{"@type":"EntryPoint","urlTemplate":"https:\/\/wloczykij.org\/blog\/?s={search_term_string}"},"query-input":{"@type":"PropertyValueSpecification","valueRequired":true,"valueName":"search_term_string"}}],"inLanguage":"pl-PL"},{"@type":"Person","@id":"https:\/\/wloczykij.org\/blog\/#\/schema\/person\/5715e17c214052b93c6c53e27ea498e5","name":"Roman","image":{"@type":"ImageObject","inLanguage":"pl-PL","@id":"https:\/\/secure.gravatar.com\/avatar\/a4ad12ebb0eef153209fb3604f0a54cb2d9993a45803e045e020a86a4527c70b?s=96&d=mm&r=g","url":"https:\/\/secure.gravatar.com\/avatar\/a4ad12ebb0eef153209fb3604f0a54cb2d9993a45803e045e020a86a4527c70b?s=96&d=mm&r=g","contentUrl":"https:\/\/secure.gravatar.com\/avatar\/a4ad12ebb0eef153209fb3604f0a54cb2d9993a45803e045e020a86a4527c70b?s=96&d=mm&r=g","caption":"Roman"},"url":"https:\/\/wloczykij.org\/blog\/author\/remus\/"}]}},"jetpack_publicize_connections":[],"jetpack_featured_media_url":"https:\/\/wloczykij.org\/blog\/wp-content\/uploads\/sites\/2\/2020\/03\/\uc11c\uc6b8\ud034\uc5b4\ubb38\ud654\ucd95\uc81c.jpg","jetpack_sharing_enabled":true,"_links":{"self":[{"href":"https:\/\/wloczykij.org\/blog\/wp-json\/wp\/v2\/posts\/3173","targetHints":{"allow":["GET"]}}],"collection":[{"href":"https:\/\/wloczykij.org\/blog\/wp-json\/wp\/v2\/posts"}],"about":[{"href":"https:\/\/wloczykij.org\/blog\/wp-json\/wp\/v2\/types\/post"}],"author":[{"embeddable":true,"href":"https:\/\/wloczykij.org\/blog\/wp-json\/wp\/v2\/users\/1"}],"replies":[{"embeddable":true,"href":"https:\/\/wloczykij.org\/blog\/wp-json\/wp\/v2\/comments?post=3173"}],"version-history":[{"count":13,"href":"https:\/\/wloczykij.org\/blog\/wp-json\/wp\/v2\/posts\/3173\/revisions"}],"predecessor-version":[{"id":4103,"href":"https:\/\/wloczykij.org\/blog\/wp-json\/wp\/v2\/posts\/3173\/revisions\/4103"}],"wp:featuredmedia":[{"embeddable":true,"href":"https:\/\/wloczykij.org\/blog\/wp-json\/wp\/v2\/media\/3175"}],"wp:attachment":[{"href":"https:\/\/wloczykij.org\/blog\/wp-json\/wp\/v2\/media?parent=3173"}],"wp:term":[{"taxonomy":"category","embeddable":true,"href":"https:\/\/wloczykij.org\/blog\/wp-json\/wp\/v2\/categories?post=3173"},{"taxonomy":"post_tag","embeddable":true,"href":"https:\/\/wloczykij.org\/blog\/wp-json\/wp\/v2\/tags?post=3173"}],"curies":[{"name":"wp","href":"https:\/\/api.w.org\/{rel}","templated":true}]}}