{"id":3383,"date":"2020-05-04T14:03:27","date_gmt":"2020-05-04T12:03:27","guid":{"rendered":"https:\/\/wloczykij.org\/blog\/?p=3383"},"modified":"2023-05-13T20:29:52","modified_gmt":"2023-05-13T18:29:52","slug":"osu-miasto-psow","status":"publish","type":"post","link":"https:\/\/wloczykij.org\/blog\/2020\/05\/04\/osu-miasto-psow\/","title":{"rendered":"Osu &#8211; miasto ps\u00f3w"},"content":{"rendered":"<p>Zapewne ka\u017cdy pasjonat Korei s\u0142ysza\u0142o o <em>jindo<\/em> (\uc9c4\ub3d7\uac1c), czyli korea\u0144skiej rasie ps\u00f3w. Korea\u0144czycy s\u0105 tak dumni z rezolutnego czworonoga, \u017ce trafi\u0142 nawet na list\u0119 narodowych skarb\u00f3w Korei z zaszczytnym numerem 53 &#8211; oznacza to m.in., \u017ce psa nie mo\u017cna wywozi\u0107 poza granic\u0119 kraju. Jednak &#8222;skarb narodowy numer 53&#8221; nie jest jedynym rodzimym psem dla P\u00f3\u0142wyspu Korea\u0144skiego. Korea\u0144czycy wyr\u00f3\u017cniaj\u0105 a\u017c sze\u015b\u0107 korea\u0144skich ras, a nawet siedem, je\u015bli bra\u0107 pod uwag\u0119 r\u00f3wnie\u017c Kore\u0119 P\u00f3\u0142nocn\u0105. Tak si\u0119 z\u0142o\u017cy\u0142o, \u017ce domem jednej z nich jest Osu, niewielkie miasteczko, nieopodal Jeonju. Nieprzypadkowo, poniewa\u017c wed\u0142ug legendy w Osu wiele, wiele lat temu, \u017cy\u0142 pies, kt\u00f3ry po\u015bwi\u0119ci\u0142 si\u0119, aby uratowa\u0107 \u017cycie swojemu w\u0142a\u015bcicielowi&#8230;<\/p>\n<figure id=\"attachment_3414\" aria-describedby=\"caption-attachment-3414\" style=\"width: 970px\" class=\"wp-caption alignnone\"><img loading=\"lazy\" decoding=\"async\" data-attachment-id=\"3414\" data-permalink=\"https:\/\/wloczykij.org\/blog\/2020\/05\/04\/osu-miasto-psow\/img_20200428_122858\/\" data-orig-file=\"https:\/\/wloczykij.org\/blog\/wp-content\/uploads\/sites\/2\/2020\/05\/IMG_20200428_122858.jpg\" data-orig-size=\"970,728\" data-comments-opened=\"0\" data-image-meta=\"{&quot;aperture&quot;:&quot;0&quot;,&quot;credit&quot;:&quot;&quot;,&quot;camera&quot;:&quot;&quot;,&quot;caption&quot;:&quot;&quot;,&quot;created_timestamp&quot;:&quot;0&quot;,&quot;copyright&quot;:&quot;&quot;,&quot;focal_length&quot;:&quot;0&quot;,&quot;iso&quot;:&quot;0&quot;,&quot;shutter_speed&quot;:&quot;0&quot;,&quot;title&quot;:&quot;&quot;,&quot;orientation&quot;:&quot;0&quot;}\" data-image-title=\"Fot. Roman Husarski\" data-image-description=\"\" data-image-caption=\"\" data-large-file=\"https:\/\/wloczykij.org\/blog\/wp-content\/uploads\/sites\/2\/2020\/05\/IMG_20200428_122858.jpg\" class=\"wp-image-3414 size-full\" src=\"https:\/\/wloczykij.org\/blog\/wp-content\/uploads\/sites\/2\/2020\/05\/IMG_20200428_122858.jpg\" alt=\"\" width=\"970\" height=\"728\" srcset=\"https:\/\/wloczykij.org\/blog\/wp-content\/uploads\/sites\/2\/2020\/05\/IMG_20200428_122858.jpg 970w, https:\/\/wloczykij.org\/blog\/wp-content\/uploads\/sites\/2\/2020\/05\/IMG_20200428_122858-768x576.jpg 768w, https:\/\/wloczykij.org\/blog\/wp-content\/uploads\/sites\/2\/2020\/05\/IMG_20200428_122858-920x690.jpg 920w\" sizes=\"auto, (max-width: 970px) 100vw, 970px\" \/><figcaption id=\"caption-attachment-3414\" class=\"wp-caption-text\">Fot. A. Husarska<\/figcaption><\/figure>\n<p style=\"text-align: center;\"><strong>Legenda o wiernym psie z Osu<\/strong><\/p>\n<p style=\"text-align: center;\"><em>Dawno, dawno temu w Korei \u017cy\u0142 cz\u0142owiek o imieniu Kim Kae In. <\/em><\/p>\n<p style=\"text-align: center;\"><em>Kae In wi\u00f3d\u0142 proste \u017cycie, w kt\u00f3rym nie brak\u0142o chwil wielkiego smutku, przeplatanych przeb\u0142yskami drobnych rado\u015bci.\u00a0<\/em><\/p>\n<p style=\"text-align: center;\"><em>We wszystkich tych trudach towarzyszy\u0142 mu wiernie jego pupil.<\/em><\/p>\n<p style=\"text-align: center;\"><em>Pewnego dnia Kim Kae In zabawi\u0142 si\u0119 z przyjaci\u00f3\u0142mi, a w drodze powrotnej do domu, usn\u0105\u0142 znu\u017cony zbyt du\u017c\u0105 ilo\u015bci\u0105 soju.\u00a0<\/em><\/p>\n<p style=\"text-align: center;\"><em>W pobli\u017cu jego drzemki wybuch\u0142 po\u017car, kt\u00f3ry szybko rozprzestrzeni\u0142 si\u0119 w\u015br\u00f3d suchych traw.<\/em><\/p>\n<p style=\"text-align: center;\"><em>Pies pr\u00f3bowa\u0142 obudzi\u0107 m\u0119\u017cczyzn\u0119 szczekaniem, ale bezskutecznie.<\/em><\/p>\n<p style=\"text-align: center;\"><em>W ko\u0144cu wskoczy\u0142 do przep\u0142ywaj\u0105cego nieopodal strumyka i &#8230; otrz\u0105s\u0142 ca\u0142\u0105 wod\u0119 z futra przy Kimie.<\/em><\/p>\n<p style=\"text-align: center;\"><em>Ugasi\u0142 najbli\u017csze, ogarni\u0119te ogniem trawy.<\/em><\/p>\n<p style=\"text-align: center;\"><em>Ponownie wskoczy\u0142 do rzeki! I znowu, i znowu, i znowu&#8230;<\/em><\/p>\n<p style=\"text-align: center;\"><em>Gdy nad ranem Kae In wybudzi\u0142 si\u0119, zobaczy\u0142 osmolone cia\u0142o swojego wiernego kompana.<\/em><\/p>\n<p style=\"text-align: center;\"><em>Pies uratowa\u0142 swojego pana, ale sam umar\u0142 z wycie\u0144czenia.<\/em><\/p>\n<p style=\"text-align: center;\"><em>Zrozpaczony m\u0119\u017cczyzna pochowa\u0142 dzielnego czworonoga, a z laski, kt\u00f3r\u0105 zaznaczy\u0142 miejsce poch\u00f3wku, wyros\u0142o pi\u0119kne drzewo.<\/em><\/p>\n<p style=\"text-align: right;\">na podstawie\u00a0<i>Bohanjip<\/i> (\ubcf4\ud55c\uc9d1) napisanej przez Choi Ja w 1230 roku<i>\u00a0<\/i><\/p>\n<p>Imi\u0119 w\u0142a\u015bciciela psa, Kae-in (\uac1c\uc778) nie jest przypadkowe, znaczy tyle, co &#8222;cz\u0142owiek-pies&#8221;.<\/p>\n<p>Osu, pomimo znanej legendy, nie jest popularnym miejscem, ale bardzo \u0142atwo si\u0119 tam dosta\u0107 podmiejskim poci\u0105giem (\ubb34\uad81\ud654) z Jeonju. Podr\u00f3\u017c trwa nieca\u0142e 30 minut. Kasjer na dworcu chyba nie dowierza\u0142, \u017ce chcemy jecha\u0107 do Osu i dwukrotnie pr\u00f3bowa\u0142 nam sprzeda\u0107 bilety do turystycznego <a href=\"https:\/\/wloczykij.org\/blog\/2020\/03\/30\/odongdo-wyspa-kamelii\/\">Yeosu<\/a>. Kupuj\u0105c bilety, b\u0105d\u017acie ostro\u017cni!<\/p>\n<p><img loading=\"lazy\" decoding=\"async\" data-attachment-id=\"3404\" data-permalink=\"https:\/\/wloczykij.org\/blog\/2020\/05\/04\/osu-miasto-psow\/img_0205\/\" data-orig-file=\"https:\/\/wloczykij.org\/blog\/wp-content\/uploads\/sites\/2\/2020\/05\/IMG_0205.jpg\" data-orig-size=\"1500,1000\" data-comments-opened=\"0\" data-image-meta=\"{&quot;aperture&quot;:&quot;0&quot;,&quot;credit&quot;:&quot;&quot;,&quot;camera&quot;:&quot;&quot;,&quot;caption&quot;:&quot;&quot;,&quot;created_timestamp&quot;:&quot;0&quot;,&quot;copyright&quot;:&quot;&quot;,&quot;focal_length&quot;:&quot;0&quot;,&quot;iso&quot;:&quot;0&quot;,&quot;shutter_speed&quot;:&quot;0&quot;,&quot;title&quot;:&quot;&quot;,&quot;orientation&quot;:&quot;0&quot;}\" data-image-title=\"Fot. Roman Husarski\" data-image-description=\"\" data-image-caption=\"\" data-large-file=\"https:\/\/wloczykij.org\/blog\/wp-content\/uploads\/sites\/2\/2020\/05\/IMG_0205-1000x667.jpg\" class=\"alignnone size-full wp-image-3404\" src=\"https:\/\/wloczykij.org\/blog\/wp-content\/uploads\/sites\/2\/2020\/05\/IMG_0205.jpg\" alt=\"\" width=\"1500\" height=\"1000\" srcset=\"https:\/\/wloczykij.org\/blog\/wp-content\/uploads\/sites\/2\/2020\/05\/IMG_0205.jpg 1500w, https:\/\/wloczykij.org\/blog\/wp-content\/uploads\/sites\/2\/2020\/05\/IMG_0205-768x512.jpg 768w, https:\/\/wloczykij.org\/blog\/wp-content\/uploads\/sites\/2\/2020\/05\/IMG_0205-1000x667.jpg 1000w, https:\/\/wloczykij.org\/blog\/wp-content\/uploads\/sites\/2\/2020\/05\/IMG_0205-920x613.jpg 920w\" sizes=\"auto, (max-width: 1500px) 100vw, 1500px\" \/><\/p>\n<p>Wewn\u0105trz niewielkiego dworca w Osu mo\u017cna obejrze\u0107 p\u0142askorze\u017ab\u0119, opowiadaj\u0105c\u0105 legend\u0119 o dzielnym psie, a po wyj\u015bciu z budynku, rze\u017ab\u0119 czworonoga wraz z w\u0142a\u015bcicielem, kt\u00f3remu uratowa\u0142 \u017cycie. Pierwotnie rze\u017aba przedstawia\u0142a <em>jindo, <\/em>ale badania jasno pokazywa\u0142y, \u017ce bohaterem legendy nie jest Numer 53, wi\u0119c w 1997 roku dokonano korekty i postawiono nowy monument. Po wyj\u015bciu z dworca kolejowego kierujecie si\u0119 w d\u00f3\u0142, w stron\u0119 miasteczka. Droga do parku jest dobrze oznakowana.<\/p>\n<div data-carousel-extra='{&quot;blog_id&quot;:2,&quot;permalink&quot;:&quot;https:\/\/wloczykij.org\/blog\/2020\/05\/04\/osu-miasto-psow\/&quot;}' id='gallery-1' class='gallery galleryid-3383 gallery-columns-2 gallery-size-medium'><figure class='gallery-item'>\n\t\t\t<div class='gallery-icon landscape'>\n\t\t\t\t<a href='https:\/\/wloczykij.org\/blog\/2020\/05\/04\/osu-miasto-psow\/img_0204\/'><img loading=\"lazy\" decoding=\"async\" width=\"768\" height=\"512\" src=\"https:\/\/wloczykij.org\/blog\/wp-content\/uploads\/sites\/2\/2020\/05\/IMG_0204-768x512.jpg\" class=\"attachment-medium size-medium\" alt=\"\" srcset=\"https:\/\/wloczykij.org\/blog\/wp-content\/uploads\/sites\/2\/2020\/05\/IMG_0204-768x512.jpg 768w, https:\/\/wloczykij.org\/blog\/wp-content\/uploads\/sites\/2\/2020\/05\/IMG_0204-1000x667.jpg 1000w, https:\/\/wloczykij.org\/blog\/wp-content\/uploads\/sites\/2\/2020\/05\/IMG_0204-920x613.jpg 920w, https:\/\/wloczykij.org\/blog\/wp-content\/uploads\/sites\/2\/2020\/05\/IMG_0204.jpg 1500w\" sizes=\"auto, (max-width: 768px) 100vw, 768px\" data-attachment-id=\"3406\" data-permalink=\"https:\/\/wloczykij.org\/blog\/2020\/05\/04\/osu-miasto-psow\/img_0204\/\" data-orig-file=\"https:\/\/wloczykij.org\/blog\/wp-content\/uploads\/sites\/2\/2020\/05\/IMG_0204.jpg\" data-orig-size=\"1500,1000\" data-comments-opened=\"0\" data-image-meta=\"{&quot;aperture&quot;:&quot;0&quot;,&quot;credit&quot;:&quot;&quot;,&quot;camera&quot;:&quot;&quot;,&quot;caption&quot;:&quot;&quot;,&quot;created_timestamp&quot;:&quot;0&quot;,&quot;copyright&quot;:&quot;&quot;,&quot;focal_length&quot;:&quot;0&quot;,&quot;iso&quot;:&quot;0&quot;,&quot;shutter_speed&quot;:&quot;0&quot;,&quot;title&quot;:&quot;&quot;,&quot;orientation&quot;:&quot;0&quot;}\" data-image-title=\"Fot. Roman Husarski\" data-image-description=\"\" data-image-caption=\"\" data-large-file=\"https:\/\/wloczykij.org\/blog\/wp-content\/uploads\/sites\/2\/2020\/05\/IMG_0204-1000x667.jpg\" \/><\/a>\n\t\t\t<\/div><\/figure><figure class='gallery-item'>\n\t\t\t<div class='gallery-icon landscape'>\n\t\t\t\t<a href='https:\/\/wloczykij.org\/blog\/2020\/05\/04\/osu-miasto-psow\/img_0203\/'><img loading=\"lazy\" decoding=\"async\" width=\"768\" height=\"512\" src=\"https:\/\/wloczykij.org\/blog\/wp-content\/uploads\/sites\/2\/2020\/05\/IMG_0203-768x512.jpg\" class=\"attachment-medium size-medium\" alt=\"\" srcset=\"https:\/\/wloczykij.org\/blog\/wp-content\/uploads\/sites\/2\/2020\/05\/IMG_0203-768x512.jpg 768w, https:\/\/wloczykij.org\/blog\/wp-content\/uploads\/sites\/2\/2020\/05\/IMG_0203-1000x667.jpg 1000w, https:\/\/wloczykij.org\/blog\/wp-content\/uploads\/sites\/2\/2020\/05\/IMG_0203-920x613.jpg 920w, https:\/\/wloczykij.org\/blog\/wp-content\/uploads\/sites\/2\/2020\/05\/IMG_0203.jpg 1500w\" sizes=\"auto, (max-width: 768px) 100vw, 768px\" data-attachment-id=\"3405\" data-permalink=\"https:\/\/wloczykij.org\/blog\/2020\/05\/04\/osu-miasto-psow\/img_0203\/\" data-orig-file=\"https:\/\/wloczykij.org\/blog\/wp-content\/uploads\/sites\/2\/2020\/05\/IMG_0203.jpg\" data-orig-size=\"1500,1000\" data-comments-opened=\"0\" data-image-meta=\"{&quot;aperture&quot;:&quot;0&quot;,&quot;credit&quot;:&quot;&quot;,&quot;camera&quot;:&quot;&quot;,&quot;caption&quot;:&quot;&quot;,&quot;created_timestamp&quot;:&quot;0&quot;,&quot;copyright&quot;:&quot;&quot;,&quot;focal_length&quot;:&quot;0&quot;,&quot;iso&quot;:&quot;0&quot;,&quot;shutter_speed&quot;:&quot;0&quot;,&quot;title&quot;:&quot;&quot;,&quot;orientation&quot;:&quot;0&quot;}\" data-image-title=\"Fot. Roman Husarski\" data-image-description=\"\" data-image-caption=\"\" data-large-file=\"https:\/\/wloczykij.org\/blog\/wp-content\/uploads\/sites\/2\/2020\/05\/IMG_0203-1000x667.jpg\" \/><\/a>\n\t\t\t<\/div><\/figure>\n\t\t<\/div>\n\n<p>W parku uhonorowano pi\u0119\u0107 ps\u00f3w, kt\u00f3re zas\u0142yn\u0119\u0142y ze swej wierno\u015bci. W centralnym miejscu postawiono oczywi\u015bcie rze\u017ab\u0119 bohaterskiego psa z Osu. Na swoje miejsce zas\u0142u\u017cy\u0142 te\u017c bohaterski Barry, kt\u00f3remu \u017cycie zawdzi\u0119cza 40 os\u00f3b, kt\u00f3re zgubi\u0142y si\u0119 w Aplach. Obok Barrego, stoi rze\u017aba malutkiego Bovi z Edynburga (w Internecie jest informacja, \u017ce pies nazywa\u0142 si\u0119 <a href=\"https:\/\/www.historic-uk.com\/HistoryUK\/HistoryofScotland\/Greyfriars-Bobby\/\">Bobby<\/a>), kt\u00f3ry po \u015bmierci w\u0142a\u015bciciela postanowi\u0142 czuwa\u0107 przy jego grobie. R\u00f3wnie\u017c Hachiko z Japonii wytrwale wyczekiwa\u0142 powrotu swojego pana w miejscu, w kt\u00f3rym widzia\u0142 go po raz ostatni &#8211; na s\u0142ynnej, tokijskiej stacji Shibuya. Powsta\u0142 nawet film oparty na tych wydarzeniach z Richard&#8217;em Gere&#8217;em pt. <a href=\"https:\/\/www.imdb.com\/title\/tt1028532\/\">&#8222;M\u00f3j przyjaciel Hachiko&#8221;<\/a>. Na wieczn\u0105 pami\u0119\u0107 zas\u0142u\u017cy\u0142 te\u017c Balto, kt\u00f3ry w zamieci \u015bnie\u017cnej, przy &#8211; 40 stopniach Celsjusza, prowadzi\u0142 psi zaprz\u0119g z lekarstwem przeciwko b\u0142onicy, kt\u00f3re uratowa\u0142o \u017cycie wielu dzieciom.<\/p>\n<div data-carousel-extra='{&quot;blog_id&quot;:2,&quot;permalink&quot;:&quot;https:\/\/wloczykij.org\/blog\/2020\/05\/04\/osu-miasto-psow\/&quot;}' id='gallery-2' class='gallery galleryid-3383 gallery-columns-3 gallery-size-medium'><figure class='gallery-item'>\n\t\t\t<div class='gallery-icon landscape'>\n\t\t\t\t<a href='https:\/\/wloczykij.org\/blog\/2020\/05\/04\/osu-miasto-psow\/img_0221\/'><img loading=\"lazy\" decoding=\"async\" width=\"768\" height=\"512\" src=\"https:\/\/wloczykij.org\/blog\/wp-content\/uploads\/sites\/2\/2020\/05\/IMG_0221-768x512.jpg\" class=\"attachment-medium size-medium\" alt=\"\" aria-describedby=\"gallery-2-3407\" srcset=\"https:\/\/wloczykij.org\/blog\/wp-content\/uploads\/sites\/2\/2020\/05\/IMG_0221-768x512.jpg 768w, https:\/\/wloczykij.org\/blog\/wp-content\/uploads\/sites\/2\/2020\/05\/IMG_0221-1000x667.jpg 1000w, https:\/\/wloczykij.org\/blog\/wp-content\/uploads\/sites\/2\/2020\/05\/IMG_0221-920x613.jpg 920w, https:\/\/wloczykij.org\/blog\/wp-content\/uploads\/sites\/2\/2020\/05\/IMG_0221.jpg 1500w\" sizes=\"auto, (max-width: 768px) 100vw, 768px\" data-attachment-id=\"3407\" data-permalink=\"https:\/\/wloczykij.org\/blog\/2020\/05\/04\/osu-miasto-psow\/img_0221\/\" data-orig-file=\"https:\/\/wloczykij.org\/blog\/wp-content\/uploads\/sites\/2\/2020\/05\/IMG_0221.jpg\" data-orig-size=\"1500,1000\" data-comments-opened=\"0\" data-image-meta=\"{&quot;aperture&quot;:&quot;0&quot;,&quot;credit&quot;:&quot;&quot;,&quot;camera&quot;:&quot;&quot;,&quot;caption&quot;:&quot;&quot;,&quot;created_timestamp&quot;:&quot;0&quot;,&quot;copyright&quot;:&quot;&quot;,&quot;focal_length&quot;:&quot;0&quot;,&quot;iso&quot;:&quot;0&quot;,&quot;shutter_speed&quot;:&quot;0&quot;,&quot;title&quot;:&quot;&quot;,&quot;orientation&quot;:&quot;0&quot;}\" data-image-title=\"Fot. Roman Husarski\" data-image-description=\"\" data-image-caption=\"&lt;p&gt;Park ku czci wiernych ps\u00f3w&lt;\/p&gt;\n\" data-large-file=\"https:\/\/wloczykij.org\/blog\/wp-content\/uploads\/sites\/2\/2020\/05\/IMG_0221-1000x667.jpg\" \/><\/a>\n\t\t\t<\/div>\n\t\t\t\t<figcaption class='wp-caption-text gallery-caption' id='gallery-2-3407'>\n\t\t\t\tPark ku czci wiernych ps\u00f3w\n\t\t\t\t<\/figcaption><\/figure><figure class='gallery-item'>\n\t\t\t<div class='gallery-icon landscape'>\n\t\t\t\t<a href='https:\/\/wloczykij.org\/blog\/2020\/05\/04\/osu-miasto-psow\/img_0223\/'><img loading=\"lazy\" decoding=\"async\" width=\"768\" height=\"512\" src=\"https:\/\/wloczykij.org\/blog\/wp-content\/uploads\/sites\/2\/2020\/05\/IMG_0223-768x512.jpg\" class=\"attachment-medium size-medium\" alt=\"\" aria-describedby=\"gallery-2-3408\" srcset=\"https:\/\/wloczykij.org\/blog\/wp-content\/uploads\/sites\/2\/2020\/05\/IMG_0223-768x512.jpg 768w, https:\/\/wloczykij.org\/blog\/wp-content\/uploads\/sites\/2\/2020\/05\/IMG_0223-1000x667.jpg 1000w, https:\/\/wloczykij.org\/blog\/wp-content\/uploads\/sites\/2\/2020\/05\/IMG_0223-920x613.jpg 920w, https:\/\/wloczykij.org\/blog\/wp-content\/uploads\/sites\/2\/2020\/05\/IMG_0223.jpg 1500w\" sizes=\"auto, (max-width: 768px) 100vw, 768px\" data-attachment-id=\"3408\" data-permalink=\"https:\/\/wloczykij.org\/blog\/2020\/05\/04\/osu-miasto-psow\/img_0223\/\" data-orig-file=\"https:\/\/wloczykij.org\/blog\/wp-content\/uploads\/sites\/2\/2020\/05\/IMG_0223.jpg\" data-orig-size=\"1500,1000\" data-comments-opened=\"0\" data-image-meta=\"{&quot;aperture&quot;:&quot;0&quot;,&quot;credit&quot;:&quot;&quot;,&quot;camera&quot;:&quot;&quot;,&quot;caption&quot;:&quot;&quot;,&quot;created_timestamp&quot;:&quot;0&quot;,&quot;copyright&quot;:&quot;&quot;,&quot;focal_length&quot;:&quot;0&quot;,&quot;iso&quot;:&quot;0&quot;,&quot;shutter_speed&quot;:&quot;0&quot;,&quot;title&quot;:&quot;&quot;,&quot;orientation&quot;:&quot;0&quot;}\" data-image-title=\"Fot. Roman Husarski\" data-image-description=\"\" data-image-caption=\"&lt;p&gt;Nieustraszony Barry&lt;\/p&gt;\n\" data-large-file=\"https:\/\/wloczykij.org\/blog\/wp-content\/uploads\/sites\/2\/2020\/05\/IMG_0223-1000x667.jpg\" \/><\/a>\n\t\t\t<\/div>\n\t\t\t\t<figcaption class='wp-caption-text gallery-caption' id='gallery-2-3408'>\n\t\t\t\tNieustraszony Barry\n\t\t\t\t<\/figcaption><\/figure><figure class='gallery-item'>\n\t\t\t<div class='gallery-icon landscape'>\n\t\t\t\t<a href='https:\/\/wloczykij.org\/blog\/2020\/05\/04\/osu-miasto-psow\/img_0225\/'><img loading=\"lazy\" decoding=\"async\" width=\"768\" height=\"512\" src=\"https:\/\/wloczykij.org\/blog\/wp-content\/uploads\/sites\/2\/2020\/05\/IMG_0225-768x512.jpg\" class=\"attachment-medium size-medium\" alt=\"\" aria-describedby=\"gallery-2-3409\" srcset=\"https:\/\/wloczykij.org\/blog\/wp-content\/uploads\/sites\/2\/2020\/05\/IMG_0225-768x512.jpg 768w, https:\/\/wloczykij.org\/blog\/wp-content\/uploads\/sites\/2\/2020\/05\/IMG_0225-1000x667.jpg 1000w, https:\/\/wloczykij.org\/blog\/wp-content\/uploads\/sites\/2\/2020\/05\/IMG_0225-920x613.jpg 920w, https:\/\/wloczykij.org\/blog\/wp-content\/uploads\/sites\/2\/2020\/05\/IMG_0225.jpg 1500w\" sizes=\"auto, (max-width: 768px) 100vw, 768px\" data-attachment-id=\"3409\" data-permalink=\"https:\/\/wloczykij.org\/blog\/2020\/05\/04\/osu-miasto-psow\/img_0225\/\" data-orig-file=\"https:\/\/wloczykij.org\/blog\/wp-content\/uploads\/sites\/2\/2020\/05\/IMG_0225.jpg\" data-orig-size=\"1500,1000\" data-comments-opened=\"0\" data-image-meta=\"{&quot;aperture&quot;:&quot;0&quot;,&quot;credit&quot;:&quot;&quot;,&quot;camera&quot;:&quot;&quot;,&quot;caption&quot;:&quot;&quot;,&quot;created_timestamp&quot;:&quot;0&quot;,&quot;copyright&quot;:&quot;&quot;,&quot;focal_length&quot;:&quot;0&quot;,&quot;iso&quot;:&quot;0&quot;,&quot;shutter_speed&quot;:&quot;0&quot;,&quot;title&quot;:&quot;&quot;,&quot;orientation&quot;:&quot;0&quot;}\" data-image-title=\"Fot. Roman Husarski\" data-image-description=\"\" data-image-caption=\"&lt;p&gt;Dzielny pies z Osu&lt;\/p&gt;\n\" data-large-file=\"https:\/\/wloczykij.org\/blog\/wp-content\/uploads\/sites\/2\/2020\/05\/IMG_0225-1000x667.jpg\" \/><\/a>\n\t\t\t<\/div>\n\t\t\t\t<figcaption class='wp-caption-text gallery-caption' id='gallery-2-3409'>\n\t\t\t\tDzielny pies z Osu\n\t\t\t\t<\/figcaption><\/figure><figure class='gallery-item'>\n\t\t\t<div class='gallery-icon landscape'>\n\t\t\t\t<a href='https:\/\/wloczykij.org\/blog\/2020\/05\/04\/osu-miasto-psow\/img_0226\/'><img loading=\"lazy\" decoding=\"async\" width=\"768\" height=\"512\" src=\"https:\/\/wloczykij.org\/blog\/wp-content\/uploads\/sites\/2\/2020\/05\/IMG_0226-768x512.jpg\" class=\"attachment-medium size-medium\" alt=\"\" aria-describedby=\"gallery-2-3410\" srcset=\"https:\/\/wloczykij.org\/blog\/wp-content\/uploads\/sites\/2\/2020\/05\/IMG_0226-768x512.jpg 768w, https:\/\/wloczykij.org\/blog\/wp-content\/uploads\/sites\/2\/2020\/05\/IMG_0226-1000x667.jpg 1000w, https:\/\/wloczykij.org\/blog\/wp-content\/uploads\/sites\/2\/2020\/05\/IMG_0226-920x613.jpg 920w, https:\/\/wloczykij.org\/blog\/wp-content\/uploads\/sites\/2\/2020\/05\/IMG_0226.jpg 1500w\" sizes=\"auto, (max-width: 768px) 100vw, 768px\" data-attachment-id=\"3410\" data-permalink=\"https:\/\/wloczykij.org\/blog\/2020\/05\/04\/osu-miasto-psow\/img_0226\/\" data-orig-file=\"https:\/\/wloczykij.org\/blog\/wp-content\/uploads\/sites\/2\/2020\/05\/IMG_0226.jpg\" data-orig-size=\"1500,1000\" data-comments-opened=\"0\" data-image-meta=\"{&quot;aperture&quot;:&quot;0&quot;,&quot;credit&quot;:&quot;&quot;,&quot;camera&quot;:&quot;&quot;,&quot;caption&quot;:&quot;&quot;,&quot;created_timestamp&quot;:&quot;0&quot;,&quot;copyright&quot;:&quot;&quot;,&quot;focal_length&quot;:&quot;0&quot;,&quot;iso&quot;:&quot;0&quot;,&quot;shutter_speed&quot;:&quot;0&quot;,&quot;title&quot;:&quot;&quot;,&quot;orientation&quot;:&quot;0&quot;}\" data-image-title=\"Fot. Roman Husarski\" data-image-description=\"\" data-image-caption=\"&lt;p&gt;Bovi o wielkim duchu i ma\u0142ym cia\u0142ku&lt;\/p&gt;\n\" data-large-file=\"https:\/\/wloczykij.org\/blog\/wp-content\/uploads\/sites\/2\/2020\/05\/IMG_0226-1000x667.jpg\" \/><\/a>\n\t\t\t<\/div>\n\t\t\t\t<figcaption class='wp-caption-text gallery-caption' id='gallery-2-3410'>\n\t\t\t\tBovi o wielkim duchu i ma\u0142ym cia\u0142ku\n\t\t\t\t<\/figcaption><\/figure><figure class='gallery-item'>\n\t\t\t<div class='gallery-icon landscape'>\n\t\t\t\t<a href='https:\/\/wloczykij.org\/blog\/2020\/05\/04\/osu-miasto-psow\/img_0230\/'><img loading=\"lazy\" decoding=\"async\" width=\"768\" height=\"512\" src=\"https:\/\/wloczykij.org\/blog\/wp-content\/uploads\/sites\/2\/2020\/05\/IMG_0230-768x512.jpg\" class=\"attachment-medium size-medium\" alt=\"\" aria-describedby=\"gallery-2-3411\" srcset=\"https:\/\/wloczykij.org\/blog\/wp-content\/uploads\/sites\/2\/2020\/05\/IMG_0230-768x512.jpg 768w, https:\/\/wloczykij.org\/blog\/wp-content\/uploads\/sites\/2\/2020\/05\/IMG_0230-1000x667.jpg 1000w, https:\/\/wloczykij.org\/blog\/wp-content\/uploads\/sites\/2\/2020\/05\/IMG_0230-920x613.jpg 920w, https:\/\/wloczykij.org\/blog\/wp-content\/uploads\/sites\/2\/2020\/05\/IMG_0230.jpg 1500w\" sizes=\"auto, (max-width: 768px) 100vw, 768px\" data-attachment-id=\"3411\" data-permalink=\"https:\/\/wloczykij.org\/blog\/2020\/05\/04\/osu-miasto-psow\/img_0230\/\" data-orig-file=\"https:\/\/wloczykij.org\/blog\/wp-content\/uploads\/sites\/2\/2020\/05\/IMG_0230.jpg\" data-orig-size=\"1500,1000\" data-comments-opened=\"0\" data-image-meta=\"{&quot;aperture&quot;:&quot;0&quot;,&quot;credit&quot;:&quot;&quot;,&quot;camera&quot;:&quot;&quot;,&quot;caption&quot;:&quot;&quot;,&quot;created_timestamp&quot;:&quot;0&quot;,&quot;copyright&quot;:&quot;&quot;,&quot;focal_length&quot;:&quot;0&quot;,&quot;iso&quot;:&quot;0&quot;,&quot;shutter_speed&quot;:&quot;0&quot;,&quot;title&quot;:&quot;&quot;,&quot;orientation&quot;:&quot;0&quot;}\" data-image-title=\"Fot. Roman Husarski\" data-image-description=\"\" data-image-caption=\"&lt;p&gt;Wierny Hachiko&lt;\/p&gt;\n\" data-large-file=\"https:\/\/wloczykij.org\/blog\/wp-content\/uploads\/sites\/2\/2020\/05\/IMG_0230-1000x667.jpg\" \/><\/a>\n\t\t\t<\/div>\n\t\t\t\t<figcaption class='wp-caption-text gallery-caption' id='gallery-2-3411'>\n\t\t\t\tWierny Hachiko\n\t\t\t\t<\/figcaption><\/figure><figure class='gallery-item'>\n\t\t\t<div class='gallery-icon landscape'>\n\t\t\t\t<a href='https:\/\/wloczykij.org\/blog\/2020\/05\/04\/osu-miasto-psow\/img_0234\/'><img loading=\"lazy\" decoding=\"async\" width=\"768\" height=\"512\" src=\"https:\/\/wloczykij.org\/blog\/wp-content\/uploads\/sites\/2\/2020\/05\/IMG_0234-768x512.jpg\" class=\"attachment-medium size-medium\" alt=\"\" aria-describedby=\"gallery-2-3412\" srcset=\"https:\/\/wloczykij.org\/blog\/wp-content\/uploads\/sites\/2\/2020\/05\/IMG_0234-768x512.jpg 768w, https:\/\/wloczykij.org\/blog\/wp-content\/uploads\/sites\/2\/2020\/05\/IMG_0234-1000x667.jpg 1000w, https:\/\/wloczykij.org\/blog\/wp-content\/uploads\/sites\/2\/2020\/05\/IMG_0234-920x613.jpg 920w, https:\/\/wloczykij.org\/blog\/wp-content\/uploads\/sites\/2\/2020\/05\/IMG_0234.jpg 1500w\" sizes=\"auto, (max-width: 768px) 100vw, 768px\" data-attachment-id=\"3412\" data-permalink=\"https:\/\/wloczykij.org\/blog\/2020\/05\/04\/osu-miasto-psow\/img_0234\/\" data-orig-file=\"https:\/\/wloczykij.org\/blog\/wp-content\/uploads\/sites\/2\/2020\/05\/IMG_0234.jpg\" data-orig-size=\"1500,1000\" data-comments-opened=\"0\" data-image-meta=\"{&quot;aperture&quot;:&quot;0&quot;,&quot;credit&quot;:&quot;&quot;,&quot;camera&quot;:&quot;&quot;,&quot;caption&quot;:&quot;&quot;,&quot;created_timestamp&quot;:&quot;0&quot;,&quot;copyright&quot;:&quot;&quot;,&quot;focal_length&quot;:&quot;0&quot;,&quot;iso&quot;:&quot;0&quot;,&quot;shutter_speed&quot;:&quot;0&quot;,&quot;title&quot;:&quot;&quot;,&quot;orientation&quot;:&quot;0&quot;}\" data-image-title=\"Fot. Roman Husarski\" data-image-description=\"\" data-image-caption=\"&lt;p&gt;Niepowstrzymany Balto&lt;\/p&gt;\n\" data-large-file=\"https:\/\/wloczykij.org\/blog\/wp-content\/uploads\/sites\/2\/2020\/05\/IMG_0234-1000x667.jpg\" \/><\/a>\n\t\t\t<\/div>\n\t\t\t\t<figcaption class='wp-caption-text gallery-caption' id='gallery-2-3412'>\n\t\t\t\tNiepowstrzymany Balto\n\t\t\t\t<\/figcaption><\/figure>\n\t\t<\/div>\n\n<p>Niedaleko parku i specjalnie przystosowanego dla pupili kempingu znajduje si\u0119 hodowla ps\u00f3w z Osu (musicie przej\u015b\u0107 na drug\u0105 stron\u0119 rzeki). Ci\u0119\u017cko j\u0105 przeoczy\u0107, bo psy z Osu s\u0105 poka\u017anej wielko\u015bci i du\u017cej obj\u0119to\u015bci p\u0142uc, z kt\u00f3rych wydobywa si\u0119 g\u0142\u0119boki, gro\u017any szczek. Jeszcze zanim do nich dotarli\u015bmy,\u00a0 z budynku przylegaj\u0105cego do wybiegu, wyszed\u0142 m\u0119\u017cczyzna zaalarmowany ujadaniem sfory. Opiekun z dum\u0105 opowiedzia\u0142 nam, \u017ce psy z Osu przyw\u0119drowa\u0142y do Korei wraz z buddyjskimi mnichami, aby pilnowa\u0142y klasztor\u00f3w. Ma to sens, bo przypominaj\u0105 mastify tybeta\u0144skie, cho\u0107 w odr\u00f3\u017cnieniu od nich, s\u0105 jasnego umaszczenia. Z czasem r\u00f3wnie\u017c miejscowi docenili wyj\u0105tkowe umiej\u0119tno\u015bci czworonog\u00f3w. Pono\u0107 jeden pies m\u00f3g\u0142 pilnowa\u0107 ca\u0142ej wioski! &#8222;Psy z Osu to nie zabawki, ale psy str\u00f3\u017cuj\u0105ce, agresywne w stosunku do obcych, ale wierne do samej \u015bmierci swojemu w\u0142a\u015bcicielowi&#8221; podkre\u015bli\u0142 m\u0119\u017cczyzna.<\/p>\n<figure id=\"attachment_3403\" aria-describedby=\"caption-attachment-3403\" style=\"width: 1500px\" class=\"wp-caption alignnone\"><img loading=\"lazy\" decoding=\"async\" data-attachment-id=\"3403\" data-permalink=\"https:\/\/wloczykij.org\/blog\/2020\/05\/04\/osu-miasto-psow\/img_0215\/\" data-orig-file=\"https:\/\/wloczykij.org\/blog\/wp-content\/uploads\/sites\/2\/2020\/05\/IMG_0215.jpg\" data-orig-size=\"1500,1000\" data-comments-opened=\"0\" data-image-meta=\"{&quot;aperture&quot;:&quot;0&quot;,&quot;credit&quot;:&quot;&quot;,&quot;camera&quot;:&quot;&quot;,&quot;caption&quot;:&quot;&quot;,&quot;created_timestamp&quot;:&quot;0&quot;,&quot;copyright&quot;:&quot;&quot;,&quot;focal_length&quot;:&quot;0&quot;,&quot;iso&quot;:&quot;0&quot;,&quot;shutter_speed&quot;:&quot;0&quot;,&quot;title&quot;:&quot;&quot;,&quot;orientation&quot;:&quot;0&quot;}\" data-image-title=\"Fot. Roman Husarski\" data-image-description=\"\" data-image-caption=\"\" data-large-file=\"https:\/\/wloczykij.org\/blog\/wp-content\/uploads\/sites\/2\/2020\/05\/IMG_0215-1000x667.jpg\" class=\"wp-image-3403 size-full\" src=\"https:\/\/wloczykij.org\/blog\/wp-content\/uploads\/sites\/2\/2020\/05\/IMG_0215.jpg\" alt=\"\" width=\"1500\" height=\"1000\" srcset=\"https:\/\/wloczykij.org\/blog\/wp-content\/uploads\/sites\/2\/2020\/05\/IMG_0215.jpg 1500w, https:\/\/wloczykij.org\/blog\/wp-content\/uploads\/sites\/2\/2020\/05\/IMG_0215-768x512.jpg 768w, https:\/\/wloczykij.org\/blog\/wp-content\/uploads\/sites\/2\/2020\/05\/IMG_0215-1000x667.jpg 1000w, https:\/\/wloczykij.org\/blog\/wp-content\/uploads\/sites\/2\/2020\/05\/IMG_0215-920x613.jpg 920w\" sizes=\"auto, (max-width: 1500px) 100vw, 1500px\" \/><figcaption id=\"caption-attachment-3403\" class=\"wp-caption-text\">My tutaj pilnujemy! <br \/>Fot. R. Husarski<\/figcaption><\/figure>\n<p><strong>Co z pozosta\u0142ymi rasami?<\/strong><\/p>\n<p>Na pierwszym miejscu mamy obowi\u0105zkowo s\u0142ynnego <em>jindo <\/em>(\uc9c4\ub3d7, skarb narodowy numer 53). W zasadzie jest to jedyna korea\u0144ska rasa uznawana przez mi\u0119dzynarodowe zwi\u0105zki kynologiczne.<\/p>\n<figure id=\"attachment_3396\" aria-describedby=\"caption-attachment-3396\" style=\"width: 1000px\" class=\"wp-caption aligncenter\"><img loading=\"lazy\" decoding=\"async\" data-attachment-id=\"3396\" data-permalink=\"https:\/\/wloczykij.org\/blog\/2020\/05\/04\/osu-miasto-psow\/beautiful-dog-in-park-at-sunset-picture-id186598448\/\" data-orig-file=\"https:\/\/wloczykij.org\/blog\/wp-content\/uploads\/sites\/2\/2020\/05\/beautiful-dog-in-park-at-sunset-picture-id186598448.jpg\" data-orig-size=\"590,428\" data-comments-opened=\"0\" data-image-meta=\"{&quot;aperture&quot;:&quot;0&quot;,&quot;credit&quot;:&quot;&quot;,&quot;camera&quot;:&quot;&quot;,&quot;caption&quot;:&quot;&quot;,&quot;created_timestamp&quot;:&quot;0&quot;,&quot;copyright&quot;:&quot;&quot;,&quot;focal_length&quot;:&quot;0&quot;,&quot;iso&quot;:&quot;0&quot;,&quot;shutter_speed&quot;:&quot;0&quot;,&quot;title&quot;:&quot;&quot;,&quot;orientation&quot;:&quot;0&quot;}\" data-image-title=\"beautiful-dog-in-park-at-sunset-picture-id186598448\" data-image-description=\"\" data-image-caption=\"\" data-large-file=\"https:\/\/wloczykij.org\/blog\/wp-content\/uploads\/sites\/2\/2020\/05\/beautiful-dog-in-park-at-sunset-picture-id186598448.jpg\" class=\"wp-image-3396\" src=\"https:\/\/wloczykij.org\/blog\/wp-content\/uploads\/sites\/2\/2020\/05\/beautiful-dog-in-park-at-sunset-picture-id186598448.jpg\" alt=\"\" width=\"1000\" height=\"725\" \/><figcaption id=\"caption-attachment-3396\" class=\"wp-caption-text\">\u017ar\u00f3d\u0142o: https:\/\/www.petmd.com\/dog\/breeds\/c_dg_korean-jindo<\/figcaption><\/figure>\n<figure id=\"attachment_3402\" aria-describedby=\"caption-attachment-3402\" style=\"width: 1500px\" class=\"wp-caption alignnone\"><img loading=\"lazy\" decoding=\"async\" data-attachment-id=\"3402\" data-permalink=\"https:\/\/wloczykij.org\/blog\/2020\/05\/04\/osu-miasto-psow\/img_0218\/\" data-orig-file=\"https:\/\/wloczykij.org\/blog\/wp-content\/uploads\/sites\/2\/2020\/05\/IMG_0218.jpg\" data-orig-size=\"1500,1000\" data-comments-opened=\"0\" data-image-meta=\"{&quot;aperture&quot;:&quot;0&quot;,&quot;credit&quot;:&quot;&quot;,&quot;camera&quot;:&quot;&quot;,&quot;caption&quot;:&quot;&quot;,&quot;created_timestamp&quot;:&quot;0&quot;,&quot;copyright&quot;:&quot;&quot;,&quot;focal_length&quot;:&quot;0&quot;,&quot;iso&quot;:&quot;0&quot;,&quot;shutter_speed&quot;:&quot;0&quot;,&quot;title&quot;:&quot;&quot;,&quot;orientation&quot;:&quot;0&quot;}\" data-image-title=\"Fot. Roman Husarski\" data-image-description=\"\" data-image-caption=\"\" data-large-file=\"https:\/\/wloczykij.org\/blog\/wp-content\/uploads\/sites\/2\/2020\/05\/IMG_0218-1000x667.jpg\" class=\"wp-image-3402 size-full\" src=\"https:\/\/wloczykij.org\/blog\/wp-content\/uploads\/sites\/2\/2020\/05\/IMG_0218.jpg\" alt=\"\" width=\"1500\" height=\"1000\" srcset=\"https:\/\/wloczykij.org\/blog\/wp-content\/uploads\/sites\/2\/2020\/05\/IMG_0218.jpg 1500w, https:\/\/wloczykij.org\/blog\/wp-content\/uploads\/sites\/2\/2020\/05\/IMG_0218-768x512.jpg 768w, https:\/\/wloczykij.org\/blog\/wp-content\/uploads\/sites\/2\/2020\/05\/IMG_0218-1000x667.jpg 1000w, https:\/\/wloczykij.org\/blog\/wp-content\/uploads\/sites\/2\/2020\/05\/IMG_0218-920x613.jpg 920w\" sizes=\"auto, (max-width: 1500px) 100vw, 1500px\" \/><figcaption id=\"caption-attachment-3402\" class=\"wp-caption-text\">Mural z jindo <br \/>Fot. R. Husarski<\/figcaption><\/figure>\n<p>Kolejny to sympatyczny w\u0142ochacz &#8211;\u00a0 <em>sapsali<\/em> (lub sapsaree, \uc0bd\uc0b4\uc774\uac1c, skarb narodowy numer 368). Jednak lepiej z nim nie zadziera\u0107, poniewa\u017c pono\u0107 odstrasza z\u0142e duchy. Szczeg\u00f3lnie upodobali je sobie arystokraci z dynastii Silla. Rasa zosta\u0142 niemal kompletnie przetrzebiona przez Japo\u0144czyk\u00f3w, kt\u00f3rzy wykorzystywali ich futra do robienia ko\u017cuch\u00f3w dla \u017co\u0142nierzy stacjonuj\u0105cych w Mand\u017curii. W latach 60. zacz\u0119to odtwarza\u0107 ras\u0119.<\/p>\n<figure id=\"attachment_3394\" aria-describedby=\"caption-attachment-3394\" style=\"width: 1489px\" class=\"wp-caption aligncenter\"><img loading=\"lazy\" decoding=\"async\" data-attachment-id=\"3394\" data-permalink=\"https:\/\/wloczykij.org\/blog\/2020\/05\/04\/osu-miasto-psow\/attachment\/1631739\/\" data-orig-file=\"https:\/\/wloczykij.org\/blog\/wp-content\/uploads\/sites\/2\/2020\/05\/1631739.jpg\" data-orig-size=\"1489,991\" data-comments-opened=\"0\" data-image-meta=\"{&quot;aperture&quot;:&quot;4.5&quot;,&quot;credit&quot;:&quot;&quot;,&quot;camera&quot;:&quot;Canon EOS 5D&quot;,&quot;caption&quot;:&quot;&quot;,&quot;created_timestamp&quot;:&quot;1239203329&quot;,&quot;copyright&quot;:&quot;&quot;,&quot;focal_length&quot;:&quot;63&quot;,&quot;iso&quot;:&quot;200&quot;,&quot;shutter_speed&quot;:&quot;0.008&quot;,&quot;title&quot;:&quot;&quot;,&quot;orientation&quot;:&quot;0&quot;}\" data-image-title=\"1631739\" data-image-description=\"\" data-image-caption=\"\" data-large-file=\"https:\/\/wloczykij.org\/blog\/wp-content\/uploads\/sites\/2\/2020\/05\/1631739-1000x666.jpg\" class=\"wp-image-3394 size-full\" src=\"https:\/\/wloczykij.org\/blog\/wp-content\/uploads\/sites\/2\/2020\/05\/1631739.jpg\" alt=\"\" width=\"1489\" height=\"991\" srcset=\"https:\/\/wloczykij.org\/blog\/wp-content\/uploads\/sites\/2\/2020\/05\/1631739.jpg 1489w, https:\/\/wloczykij.org\/blog\/wp-content\/uploads\/sites\/2\/2020\/05\/1631739-768x511.jpg 768w, https:\/\/wloczykij.org\/blog\/wp-content\/uploads\/sites\/2\/2020\/05\/1631739-1000x666.jpg 1000w, https:\/\/wloczykij.org\/blog\/wp-content\/uploads\/sites\/2\/2020\/05\/1631739-920x612.jpg 920w\" sizes=\"auto, (max-width: 1489px) 100vw, 1489px\" \/><figcaption id=\"caption-attachment-3394\" class=\"wp-caption-text\">Sapsare dzisiaj &#8230; \u017ar\u00f3d\u0142o: http:\/\/www.heritage.go.kr\/heri\/cul\/culSelectDetail.do?VdkVgwKey=16,03680000,37&amp;pageNo=1_1_1_0#<\/figcaption><\/figure>\n<figure id=\"attachment_3391\" aria-describedby=\"caption-attachment-3391\" style=\"width: 1000px\" class=\"wp-caption aligncenter\"><img loading=\"lazy\" decoding=\"async\" data-attachment-id=\"3391\" data-permalink=\"https:\/\/wloczykij.org\/blog\/2020\/05\/04\/osu-miasto-psow\/kim_duryang-sapsalgae-1743\/\" data-orig-file=\"https:\/\/wloczykij.org\/blog\/wp-content\/uploads\/sites\/2\/2020\/05\/Kim_Duryang-Sapsalgae-1743.jpg\" data-orig-size=\"546,435\" data-comments-opened=\"0\" data-image-meta=\"{&quot;aperture&quot;:&quot;0&quot;,&quot;credit&quot;:&quot;&quot;,&quot;camera&quot;:&quot;&quot;,&quot;caption&quot;:&quot;&quot;,&quot;created_timestamp&quot;:&quot;0&quot;,&quot;copyright&quot;:&quot;&quot;,&quot;focal_length&quot;:&quot;0&quot;,&quot;iso&quot;:&quot;0&quot;,&quot;shutter_speed&quot;:&quot;0&quot;,&quot;title&quot;:&quot;&quot;,&quot;orientation&quot;:&quot;0&quot;}\" data-image-title=\"Kim_Duryang-Sapsalgae-1743\" data-image-description=\"\" data-image-caption=\"\" data-large-file=\"https:\/\/wloczykij.org\/blog\/wp-content\/uploads\/sites\/2\/2020\/05\/Kim_Duryang-Sapsalgae-1743.jpg\" class=\"wp-image-3391\" src=\"https:\/\/wloczykij.org\/blog\/wp-content\/uploads\/sites\/2\/2020\/05\/Kim_Duryang-Sapsalgae-1743.jpg\" alt=\"\" width=\"1000\" height=\"797\" \/><figcaption id=\"caption-attachment-3391\" class=\"wp-caption-text\">&#8230; i dawniej \u017ar\u00f3d\u0142o: https:\/\/en.wikipedia.org\/wiki\/Sapsali<\/figcaption><\/figure>\n<p>Daeng gyeon (\ub315\uacac\uac1c, skarb narodowy numer 540), podobnie jak sapsali, prawie wygin\u0119\u0142y, poniewa\u017c Japo\u0144czycy pozyskiwali z nich futra. Wygl\u0105daj\u0105 bardzo podobnie do jindo, ale maj\u0105 kr\u00f3ciutkie ogonki &#8211; na swoj\u0105 zgub\u0119! Korea\u0144czycy w pewnym momencie stwierdzili to za defekt, a wr\u0119cz z\u0142y znak, przynosz\u0105cy pecha. Jest to troch\u0119 zapomniana rasa, cho\u0107 r\u00f3wnie\u017c podj\u0119to wysi\u0142ki jej ratowania.<\/p>\n<figure id=\"attachment_3387\" aria-describedby=\"caption-attachment-3387\" style=\"width: 1000px\" class=\"wp-caption aligncenter\"><img loading=\"lazy\" decoding=\"async\" data-attachment-id=\"3387\" data-permalink=\"https:\/\/wloczykij.org\/blog\/2020\/05\/04\/osu-miasto-psow\/attachment\/20140410094038444274\/\" data-orig-file=\"https:\/\/wloczykij.org\/blog\/wp-content\/uploads\/sites\/2\/2020\/05\/20140410094038444274.jpg\" data-orig-size=\"500,333\" data-comments-opened=\"0\" data-image-meta=\"{&quot;aperture&quot;:&quot;0&quot;,&quot;credit&quot;:&quot;&quot;,&quot;camera&quot;:&quot;&quot;,&quot;caption&quot;:&quot;&quot;,&quot;created_timestamp&quot;:&quot;0&quot;,&quot;copyright&quot;:&quot;&quot;,&quot;focal_length&quot;:&quot;0&quot;,&quot;iso&quot;:&quot;0&quot;,&quot;shutter_speed&quot;:&quot;0&quot;,&quot;title&quot;:&quot;&quot;,&quot;orientation&quot;:&quot;0&quot;}\" data-image-title=\"20140410094038444274\" data-image-description=\"\" data-image-caption=\"\" data-large-file=\"https:\/\/wloczykij.org\/blog\/wp-content\/uploads\/sites\/2\/2020\/05\/20140410094038444274.jpg\" class=\"wp-image-3387\" src=\"https:\/\/wloczykij.org\/blog\/wp-content\/uploads\/sites\/2\/2020\/05\/20140410094038444274.jpg\" alt=\"\" width=\"1000\" height=\"666\" \/><figcaption id=\"caption-attachment-3387\" class=\"wp-caption-text\">Jindo bez ogonka \ud83d\ude09 \u017ar\u00f3d\u0142o: https:\/\/www.nocutnews.co.kr\/news\/4004386<\/figcaption><\/figure>\n<p>Ostatnia opisywana przez nas rasa wywodzi si\u0119 z Korei P\u00f3\u0142nocnej. To psy &#8211; \u0142owcy, przystosowane do trudnych, g\u00f3rskich warunk\u00f3w. Pono\u0107 ceni\u0105 je nawet Chi\u0144czycy, wi\u0119c czasami s\u0105 przemycane z KRLD. Pungsan (\ud48d\uc0b0\uac1c), bo o nich mowa, to \u015bwietny podarek podczas spotka\u0144 Pjongjang &#8211; Seul. Liderzy z P\u00f3\u0142nocy dwukrotnie podarowywali psy podczas spotka\u0144 w 2000 i 2018 roku. Pungsan i jindo wed\u0142ug ekspert\u00f3w maj\u0105 tego samego przodka i r\u00f3\u017cni\u0105 si\u0119 przede wszystkim g\u0119sto\u015bci\u0105 futra (na P\u00f3\u0142nocy jest du\u017co zimniej). Istniej\u0105 jeszcze dwie endemiczne dla Korei rasy, Bulgae (\ubd88\uac1c) i Jeju (\uc81c\uc8fc\uac1c) &#8211; ich populacja jest jednak bardzo ma\u0142a, nie przekracza stu osobnik\u00f3w.<\/p>\n<figure id=\"attachment_3386\" aria-describedby=\"caption-attachment-3386\" style=\"width: 1000px\" class=\"wp-caption aligncenter\"><img loading=\"lazy\" decoding=\"async\" data-attachment-id=\"3386\" data-permalink=\"https:\/\/wloczykij.org\/blog\/2020\/05\/04\/osu-miasto-psow\/optimize\/\" data-orig-file=\"https:\/\/wloczykij.org\/blog\/wp-content\/uploads\/sites\/2\/2020\/05\/optimize.jpg\" data-orig-size=\"560,345\" data-comments-opened=\"0\" data-image-meta=\"{&quot;aperture&quot;:&quot;0&quot;,&quot;credit&quot;:&quot;&quot;,&quot;camera&quot;:&quot;&quot;,&quot;caption&quot;:&quot;&quot;,&quot;created_timestamp&quot;:&quot;0&quot;,&quot;copyright&quot;:&quot;&quot;,&quot;focal_length&quot;:&quot;0&quot;,&quot;iso&quot;:&quot;0&quot;,&quot;shutter_speed&quot;:&quot;0&quot;,&quot;title&quot;:&quot;&quot;,&quot;orientation&quot;:&quot;0&quot;}\" data-image-title=\"Pungsan Dog\" data-image-description=\"\" data-image-caption=\"\" data-large-file=\"https:\/\/wloczykij.org\/blog\/wp-content\/uploads\/sites\/2\/2020\/05\/optimize.jpg\" class=\"wp-image-3386\" src=\"https:\/\/wloczykij.org\/blog\/wp-content\/uploads\/sites\/2\/2020\/05\/optimize.jpg\" alt=\"Parka podarowana przez Kim Dzong Una w 2018 roku\" width=\"1000\" height=\"616\" \/><figcaption id=\"caption-attachment-3386\" class=\"wp-caption-text\">\u017ar\u00f3d\u0142o: https:\/\/www.news1.kr\/articles\/?3436375<\/figcaption><\/figure>\n<p>Wydawa\u0142oby si\u0119, \u017ce w mie\u015bcie o renomie Osu, psy darzy si\u0119 specjalnym szacunkiem. Z pewno\u015bci\u0105 cz\u0119\u015bciowo tak jest, cho\u0107by ze wzgl\u0119du na pole namiotowe czy hodowl\u0119. Niestety z przykro\u015bci\u0105 zauwa\u017cyli\u015bmy, \u017ce w miasteczku, podobnie, jak w ca\u0142ej Korei, psy s\u0105 trzymane na kr\u00f3tkich \u0142a\u0144cuchach w koszmarnych budach. W dodatku mo\u017cna by\u0142o natrafi\u0107 na kilka psich ferm (na ub\u00f3j). W Osu do niedawna znajdowa\u0142a si\u0119 s\u0142ynna restauracja z psinin\u0105, ale przenios\u0142a si\u0119 do Jeonju. Farmy zosta\u0142y&#8230; Podzia\u0142 dla Korea\u0144czyk\u00f3w jest jasny. S\u0105 psy do jedzenia i te szlachetne, kt\u00f3rych si\u0119 nie je. Troch\u0119 tak, jakby kosmicie t\u0142umaczy\u0107, \u017ce kura nadaje si\u0119 na posi\u0142ek, ale kotka ju\u017c nie ruszamy, bo jest puchaty i milusi. Jednak w praktyce podzia\u0142 jest do\u015b\u0107 rozmyty, poniewa\u017c do ferm, a p\u00f3\u017aniej na talerze, trafiaj\u0105 r\u00f3wnie\u017c &#8222;te \u0142adne&#8221;, nawet &#8222;skarby narodowe&#8221;. W potrawce i tak nie wida\u0107 ju\u017c r\u00f3\u017cnicy. Sprawa jest jednak do\u015b\u0107 skomplikowana i mocno naznaczona uwarunkowaniami kulturowymi. Wi\u0119cej na ten temat przeczytacie w <a href=\"https:\/\/wloczykij.org\/blog\/2017\/07\/13\/aj-garcia\/\">&#8222;O prawach zwierz\u0105t w Korei z AJ Garci\u0105&#8221;<\/a> i <a href=\"https:\/\/wloczykij.org\/blog\/2017\/07\/17\/wizyta-psiej-farmie-wywiad-wlascicielem\/\">&#8222;Wizyta na psiej farmie&#8221;<\/a>, kt\u00f3re stanowi\u0142y uzupe\u0142nienie reporta\u017cu dla Tygodnika Powszechnego\u00a0 pt. <a href=\"https:\/\/www.tygodnikpowszechny.pl\/koscia-w-gardle-148986\">&#8222;Ko\u015bci\u0105 w gardle&#8221;<\/a>.<\/p>\n<figure id=\"attachment_3401\" aria-describedby=\"caption-attachment-3401\" style=\"width: 1500px\" class=\"wp-caption alignnone\"><img loading=\"lazy\" decoding=\"async\" data-attachment-id=\"3401\" data-permalink=\"https:\/\/wloczykij.org\/blog\/2020\/05\/04\/osu-miasto-psow\/img_0211\/\" data-orig-file=\"https:\/\/wloczykij.org\/blog\/wp-content\/uploads\/sites\/2\/2020\/05\/IMG_0211.jpg\" data-orig-size=\"1500,1000\" data-comments-opened=\"0\" data-image-meta=\"{&quot;aperture&quot;:&quot;0&quot;,&quot;credit&quot;:&quot;&quot;,&quot;camera&quot;:&quot;&quot;,&quot;caption&quot;:&quot;&quot;,&quot;created_timestamp&quot;:&quot;0&quot;,&quot;copyright&quot;:&quot;&quot;,&quot;focal_length&quot;:&quot;0&quot;,&quot;iso&quot;:&quot;0&quot;,&quot;shutter_speed&quot;:&quot;0&quot;,&quot;title&quot;:&quot;&quot;,&quot;orientation&quot;:&quot;0&quot;}\" data-image-title=\"Fot. Roman Husarski\" data-image-description=\"\" data-image-caption=\"\" data-large-file=\"https:\/\/wloczykij.org\/blog\/wp-content\/uploads\/sites\/2\/2020\/05\/IMG_0211-1000x667.jpg\" class=\"wp-image-3401 size-full\" src=\"https:\/\/wloczykij.org\/blog\/wp-content\/uploads\/sites\/2\/2020\/05\/IMG_0211.jpg\" alt=\"\" width=\"1500\" height=\"1000\" srcset=\"https:\/\/wloczykij.org\/blog\/wp-content\/uploads\/sites\/2\/2020\/05\/IMG_0211.jpg 1500w, https:\/\/wloczykij.org\/blog\/wp-content\/uploads\/sites\/2\/2020\/05\/IMG_0211-768x512.jpg 768w, https:\/\/wloczykij.org\/blog\/wp-content\/uploads\/sites\/2\/2020\/05\/IMG_0211-1000x667.jpg 1000w, https:\/\/wloczykij.org\/blog\/wp-content\/uploads\/sites\/2\/2020\/05\/IMG_0211-920x613.jpg 920w\" sizes=\"auto, (max-width: 1500px) 100vw, 1500px\" \/><figcaption id=\"caption-attachment-3401\" class=\"wp-caption-text\">Niestety w Osu znale\u017ali\u015bmy te\u017c kilka niewielkich psich ferm <br \/>Fot. R. Husarski<\/figcaption><\/figure>\n<p>Na koniec naszego kr\u00f3tkiego wypadu wybrali\u015bmy si\u0119 na lunch do bufetu &#8222;Wondongsan&#8221; poleconej przez znajomego Korea\u0144czyka. Osu jest sennym miasteczkiem, wi\u0119c obawiali\u015bmy si\u0119, \u017ce restauracja mo\u017ce by\u0107 zamkni\u0119ta lub typowo prowincjonalna. Tymczasem trafili\u015bmy do jednej z najlepszych restauracji, jakie mieli\u015bmy do tej pory szcz\u0119\u015bcie odwiedzi\u0107, z r\u00f3\u017cnorodnym menu, lokalnymi produktami i \u015bwietn\u0105 cen\u0105 (jedynie 7 000 won\u00f3w za &#8222;jesz-ile-chcesz&#8221; od osoby).<\/p>\n<figure id=\"attachment_3399\" aria-describedby=\"caption-attachment-3399\" style=\"width: 1500px\" class=\"wp-caption alignnone\"><img loading=\"lazy\" decoding=\"async\" data-attachment-id=\"3399\" data-permalink=\"https:\/\/wloczykij.org\/blog\/2020\/05\/04\/osu-miasto-psow\/img_0249-2\/\" data-orig-file=\"https:\/\/wloczykij.org\/blog\/wp-content\/uploads\/sites\/2\/2020\/05\/IMG_0249-1.jpg\" data-orig-size=\"1500,1000\" data-comments-opened=\"0\" data-image-meta=\"{&quot;aperture&quot;:&quot;0&quot;,&quot;credit&quot;:&quot;&quot;,&quot;camera&quot;:&quot;&quot;,&quot;caption&quot;:&quot;&quot;,&quot;created_timestamp&quot;:&quot;0&quot;,&quot;copyright&quot;:&quot;&quot;,&quot;focal_length&quot;:&quot;0&quot;,&quot;iso&quot;:&quot;0&quot;,&quot;shutter_speed&quot;:&quot;0&quot;,&quot;title&quot;:&quot;&quot;,&quot;orientation&quot;:&quot;0&quot;}\" data-image-title=\"Fot. Roman Husarski\" data-image-description=\"\" data-image-caption=\"&lt;p&gt;Z w\u0142a\u015bcicielk\u0105 &lt;\/p&gt;\n\" data-large-file=\"https:\/\/wloczykij.org\/blog\/wp-content\/uploads\/sites\/2\/2020\/05\/IMG_0249-1-1000x667.jpg\" class=\"size-full wp-image-3399\" src=\"https:\/\/wloczykij.org\/blog\/wp-content\/uploads\/sites\/2\/2020\/05\/IMG_0249-1.jpg\" alt=\"\" width=\"1500\" height=\"1000\" srcset=\"https:\/\/wloczykij.org\/blog\/wp-content\/uploads\/sites\/2\/2020\/05\/IMG_0249-1.jpg 1500w, https:\/\/wloczykij.org\/blog\/wp-content\/uploads\/sites\/2\/2020\/05\/IMG_0249-1-768x512.jpg 768w, https:\/\/wloczykij.org\/blog\/wp-content\/uploads\/sites\/2\/2020\/05\/IMG_0249-1-1000x667.jpg 1000w, https:\/\/wloczykij.org\/blog\/wp-content\/uploads\/sites\/2\/2020\/05\/IMG_0249-1-920x613.jpg 920w\" sizes=\"auto, (max-width: 1500px) 100vw, 1500px\" \/><figcaption id=\"caption-attachment-3399\" class=\"wp-caption-text\">Z w\u0142a\u015bcicielk\u0105<\/figcaption><\/figure>\n<figure id=\"attachment_3398\" aria-describedby=\"caption-attachment-3398\" style=\"width: 1500px\" class=\"wp-caption alignnone\"><img loading=\"lazy\" decoding=\"async\" data-attachment-id=\"3398\" data-permalink=\"https:\/\/wloczykij.org\/blog\/2020\/05\/04\/osu-miasto-psow\/img_0249\/\" data-orig-file=\"https:\/\/wloczykij.org\/blog\/wp-content\/uploads\/sites\/2\/2020\/05\/IMG_0249.jpg\" data-orig-size=\"1500,1000\" data-comments-opened=\"0\" data-image-meta=\"{&quot;aperture&quot;:&quot;0&quot;,&quot;credit&quot;:&quot;&quot;,&quot;camera&quot;:&quot;&quot;,&quot;caption&quot;:&quot;&quot;,&quot;created_timestamp&quot;:&quot;0&quot;,&quot;copyright&quot;:&quot;&quot;,&quot;focal_length&quot;:&quot;0&quot;,&quot;iso&quot;:&quot;0&quot;,&quot;shutter_speed&quot;:&quot;0&quot;,&quot;title&quot;:&quot;&quot;,&quot;orientation&quot;:&quot;0&quot;}\" data-image-title=\"Fot. Roman Husarski\" data-image-description=\"\" data-image-caption=\"&lt;p&gt;Szwedzki bufet w cenie 7000 won\u00f3w&lt;\/p&gt;\n\" data-large-file=\"https:\/\/wloczykij.org\/blog\/wp-content\/uploads\/sites\/2\/2020\/05\/IMG_0249-1000x667.jpg\" class=\"wp-image-3398 size-full\" src=\"https:\/\/wloczykij.org\/blog\/wp-content\/uploads\/sites\/2\/2020\/05\/IMG_0249.jpg\" alt=\"\" width=\"1500\" height=\"1000\" srcset=\"https:\/\/wloczykij.org\/blog\/wp-content\/uploads\/sites\/2\/2020\/05\/IMG_0249.jpg 1500w, https:\/\/wloczykij.org\/blog\/wp-content\/uploads\/sites\/2\/2020\/05\/IMG_0249-768x512.jpg 768w, https:\/\/wloczykij.org\/blog\/wp-content\/uploads\/sites\/2\/2020\/05\/IMG_0249-1000x667.jpg 1000w, https:\/\/wloczykij.org\/blog\/wp-content\/uploads\/sites\/2\/2020\/05\/IMG_0249-920x613.jpg 920w\" sizes=\"auto, (max-width: 1500px) 100vw, 1500px\" \/><figcaption id=\"caption-attachment-3398\" class=\"wp-caption-text\">Szwedzki bufet w cenie 7000 won\u00f3w <br \/>Fot. R. Husarski<\/figcaption><\/figure>\n<p><strong>Lokalizacja restauracji Wondogsan (\uc6d0\ub3d9\uc0b0)<\/strong><\/p>\n<p><a href=\"http:\/\/kko.to\/S1wN9oCjH\">KAKAO MAPS<\/a><\/p>\n","protected":false},"excerpt":{"rendered":"<p>Zapewne ka\u017cdy pasjonat Korei s\u0142ysza\u0142o o jindo (\uc9c4\ub3d7\uac1c), czyli korea\u0144skiej rasie ps\u00f3w. Korea\u0144czycy s\u0105 tak dumni z rezolutnego czworonoga, \u017ce trafi\u0142 nawet na list\u0119 narodowych skarb\u00f3w Korei z zaszczytnym numerem 53 &#8211; oznacza to m.in., \u017ce psa nie mo\u017cna wywozi\u0107 poza granic\u0119 kraju. Jednak &#8222;skarb narodowy numer 53&#8221; nie jest jedynym rodzimym psem dla P\u00f3\u0142wyspu &hellip; <\/p>\n","protected":false},"author":4,"featured_media":3414,"comment_status":"open","ping_status":"open","sticky":false,"template":"","format":"standard","meta":{"_jetpack_memberships_contains_paid_content":false,"footnotes":"","jetpack_publicize_message":"","jetpack_publicize_feature_enabled":true,"jetpack_social_post_already_shared":true,"jetpack_social_options":{"image_generator_settings":{"template":"highway","default_image_id":0,"font":"","enabled":false},"version":2}},"categories":[18],"tags":[382,340,388],"class_list":["post-3383","post","type-post","status-publish","format-standard","has-post-thumbnail","hentry","category-korea-poludniowa","tag-jeolla","tag-korea-beyond-k-pop","tag-osu"],"yoast_head":"<!-- This site is optimized with the Yoast SEO plugin v27.5 - https:\/\/yoast.com\/product\/yoast-seo-wordpress\/ -->\n<title>Osu - miasto ps\u00f3w - W\u0142\u00f3czykij - Roman Husarski<\/title>\n<meta name=\"robots\" content=\"index, follow, max-snippet:-1, max-image-preview:large, max-video-preview:-1\" \/>\n<link rel=\"canonical\" href=\"https:\/\/wloczykij.org\/blog\/2020\/05\/04\/osu-miasto-psow\/\" \/>\n<meta property=\"og:locale\" content=\"pl_PL\" \/>\n<meta property=\"og:type\" content=\"article\" \/>\n<meta property=\"og:title\" content=\"Osu - miasto ps\u00f3w - W\u0142\u00f3czykij - Roman Husarski\" \/>\n<meta property=\"og:description\" content=\"Zapewne ka\u017cdy pasjonat Korei s\u0142ysza\u0142o o jindo (\uc9c4\ub3d7\uac1c), czyli korea\u0144skiej rasie ps\u00f3w. Korea\u0144czycy s\u0105 tak dumni z rezolutnego czworonoga, \u017ce trafi\u0142 nawet na list\u0119 narodowych skarb\u00f3w Korei z zaszczytnym numerem 53 &#8211; oznacza to m.in., \u017ce psa nie mo\u017cna wywozi\u0107 poza granic\u0119 kraju. Jednak &#8222;skarb narodowy numer 53&#8221; nie jest jedynym rodzimym psem dla P\u00f3\u0142wyspu &hellip;\" \/>\n<meta property=\"og:url\" content=\"https:\/\/wloczykij.org\/blog\/2020\/05\/04\/osu-miasto-psow\/\" \/>\n<meta property=\"og:site_name\" content=\"W\u0142\u00f3czykij - Roman Husarski\" \/>\n<meta property=\"article:publisher\" content=\"https:\/\/www.facebook.com\/pages\/W%c5%82%c3%b3czykij\/282838631839707\" \/>\n<meta property=\"article:published_time\" content=\"2020-05-04T12:03:27+00:00\" \/>\n<meta property=\"article:modified_time\" content=\"2023-05-13T18:29:52+00:00\" \/>\n<meta property=\"og:image\" content=\"https:\/\/wloczykij.org\/blog\/wp-content\/uploads\/sites\/2\/2020\/05\/IMG_20200428_122858.jpg\" \/>\n\t<meta property=\"og:image:width\" content=\"970\" \/>\n\t<meta property=\"og:image:height\" content=\"728\" \/>\n\t<meta property=\"og:image:type\" content=\"image\/jpeg\" \/>\n<meta name=\"author\" content=\"Roman i Agata\" \/>\n<meta name=\"twitter:label1\" content=\"Napisane przez\" \/>\n\t<meta name=\"twitter:data1\" content=\"Roman i Agata\" \/>\n\t<meta name=\"twitter:label2\" content=\"Szacowany czas czytania\" \/>\n\t<meta name=\"twitter:data2\" content=\"10 minut\" \/>\n<script type=\"application\/ld+json\" class=\"yoast-schema-graph\">{\"@context\":\"https:\\\/\\\/schema.org\",\"@graph\":[{\"@type\":\"Article\",\"@id\":\"https:\\\/\\\/wloczykij.org\\\/blog\\\/2020\\\/05\\\/04\\\/osu-miasto-psow\\\/#article\",\"isPartOf\":{\"@id\":\"https:\\\/\\\/wloczykij.org\\\/blog\\\/2020\\\/05\\\/04\\\/osu-miasto-psow\\\/\"},\"author\":{\"name\":\"Roman i Agata\",\"@id\":\"https:\\\/\\\/wloczykij.org\\\/blog\\\/#\\\/schema\\\/person\\\/f307ea57c98b091772421cf77be4665f\"},\"headline\":\"Osu &#8211; miasto ps\u00f3w\",\"datePublished\":\"2020-05-04T12:03:27+00:00\",\"dateModified\":\"2023-05-13T18:29:52+00:00\",\"mainEntityOfPage\":{\"@id\":\"https:\\\/\\\/wloczykij.org\\\/blog\\\/2020\\\/05\\\/04\\\/osu-miasto-psow\\\/\"},\"wordCount\":1546,\"commentCount\":0,\"image\":{\"@id\":\"https:\\\/\\\/wloczykij.org\\\/blog\\\/2020\\\/05\\\/04\\\/osu-miasto-psow\\\/#primaryimage\"},\"thumbnailUrl\":\"https:\\\/\\\/wloczykij.org\\\/blog\\\/wp-content\\\/uploads\\\/sites\\\/2\\\/2020\\\/05\\\/IMG_20200428_122858.jpg\",\"keywords\":[\"Jeolla\",\"Korea Beyond K-pop\",\"Osu\"],\"articleSection\":[\"Korea Po\u0142udniowa\"],\"inLanguage\":\"pl-PL\",\"potentialAction\":[{\"@type\":\"CommentAction\",\"name\":\"Comment\",\"target\":[\"https:\\\/\\\/wloczykij.org\\\/blog\\\/2020\\\/05\\\/04\\\/osu-miasto-psow\\\/#respond\"]}]},{\"@type\":\"WebPage\",\"@id\":\"https:\\\/\\\/wloczykij.org\\\/blog\\\/2020\\\/05\\\/04\\\/osu-miasto-psow\\\/\",\"url\":\"https:\\\/\\\/wloczykij.org\\\/blog\\\/2020\\\/05\\\/04\\\/osu-miasto-psow\\\/\",\"name\":\"Osu - miasto ps\u00f3w - W\u0142\u00f3czykij - Roman Husarski\",\"isPartOf\":{\"@id\":\"https:\\\/\\\/wloczykij.org\\\/blog\\\/#website\"},\"primaryImageOfPage\":{\"@id\":\"https:\\\/\\\/wloczykij.org\\\/blog\\\/2020\\\/05\\\/04\\\/osu-miasto-psow\\\/#primaryimage\"},\"image\":{\"@id\":\"https:\\\/\\\/wloczykij.org\\\/blog\\\/2020\\\/05\\\/04\\\/osu-miasto-psow\\\/#primaryimage\"},\"thumbnailUrl\":\"https:\\\/\\\/wloczykij.org\\\/blog\\\/wp-content\\\/uploads\\\/sites\\\/2\\\/2020\\\/05\\\/IMG_20200428_122858.jpg\",\"datePublished\":\"2020-05-04T12:03:27+00:00\",\"dateModified\":\"2023-05-13T18:29:52+00:00\",\"author\":{\"@id\":\"https:\\\/\\\/wloczykij.org\\\/blog\\\/#\\\/schema\\\/person\\\/f307ea57c98b091772421cf77be4665f\"},\"breadcrumb\":{\"@id\":\"https:\\\/\\\/wloczykij.org\\\/blog\\\/2020\\\/05\\\/04\\\/osu-miasto-psow\\\/#breadcrumb\"},\"inLanguage\":\"pl-PL\",\"potentialAction\":[{\"@type\":\"ReadAction\",\"target\":[\"https:\\\/\\\/wloczykij.org\\\/blog\\\/2020\\\/05\\\/04\\\/osu-miasto-psow\\\/\"]}]},{\"@type\":\"ImageObject\",\"inLanguage\":\"pl-PL\",\"@id\":\"https:\\\/\\\/wloczykij.org\\\/blog\\\/2020\\\/05\\\/04\\\/osu-miasto-psow\\\/#primaryimage\",\"url\":\"https:\\\/\\\/wloczykij.org\\\/blog\\\/wp-content\\\/uploads\\\/sites\\\/2\\\/2020\\\/05\\\/IMG_20200428_122858.jpg\",\"contentUrl\":\"https:\\\/\\\/wloczykij.org\\\/blog\\\/wp-content\\\/uploads\\\/sites\\\/2\\\/2020\\\/05\\\/IMG_20200428_122858.jpg\",\"width\":970,\"height\":728},{\"@type\":\"BreadcrumbList\",\"@id\":\"https:\\\/\\\/wloczykij.org\\\/blog\\\/2020\\\/05\\\/04\\\/osu-miasto-psow\\\/#breadcrumb\",\"itemListElement\":[{\"@type\":\"ListItem\",\"position\":1,\"name\":\"Strona g\u0142\u00f3wna\",\"item\":\"https:\\\/\\\/wloczykij.org\\\/blog\\\/\"},{\"@type\":\"ListItem\",\"position\":2,\"name\":\"Osu &#8211; miasto ps\u00f3w\"}]},{\"@type\":\"WebSite\",\"@id\":\"https:\\\/\\\/wloczykij.org\\\/blog\\\/#website\",\"url\":\"https:\\\/\\\/wloczykij.org\\\/blog\\\/\",\"name\":\"W\u0142\u00f3czykij - Roman Husarski\",\"description\":\"\",\"potentialAction\":[{\"@type\":\"SearchAction\",\"target\":{\"@type\":\"EntryPoint\",\"urlTemplate\":\"https:\\\/\\\/wloczykij.org\\\/blog\\\/?s={search_term_string}\"},\"query-input\":{\"@type\":\"PropertyValueSpecification\",\"valueRequired\":true,\"valueName\":\"search_term_string\"}}],\"inLanguage\":\"pl-PL\"},{\"@type\":\"Person\",\"@id\":\"https:\\\/\\\/wloczykij.org\\\/blog\\\/#\\\/schema\\\/person\\\/f307ea57c98b091772421cf77be4665f\",\"name\":\"Roman i Agata\",\"image\":{\"@type\":\"ImageObject\",\"inLanguage\":\"pl-PL\",\"@id\":\"https:\\\/\\\/secure.gravatar.com\\\/avatar\\\/fd4b2ce3403ab59e748b67d367b66c0e8d2e6208f4ae3bf113b1b276ac01e843?s=96&d=mm&r=g\",\"url\":\"https:\\\/\\\/secure.gravatar.com\\\/avatar\\\/fd4b2ce3403ab59e748b67d367b66c0e8d2e6208f4ae3bf113b1b276ac01e843?s=96&d=mm&r=g\",\"contentUrl\":\"https:\\\/\\\/secure.gravatar.com\\\/avatar\\\/fd4b2ce3403ab59e748b67d367b66c0e8d2e6208f4ae3bf113b1b276ac01e843?s=96&d=mm&r=g\",\"caption\":\"Roman i Agata\"},\"url\":\"https:\\\/\\\/wloczykij.org\\\/blog\\\/author\\\/romaniagata\\\/\"}]}<\/script>\n<!-- \/ Yoast SEO plugin. -->","yoast_head_json":{"title":"Osu - miasto ps\u00f3w - W\u0142\u00f3czykij - Roman Husarski","robots":{"index":"index","follow":"follow","max-snippet":"max-snippet:-1","max-image-preview":"max-image-preview:large","max-video-preview":"max-video-preview:-1"},"canonical":"https:\/\/wloczykij.org\/blog\/2020\/05\/04\/osu-miasto-psow\/","og_locale":"pl_PL","og_type":"article","og_title":"Osu - miasto ps\u00f3w - W\u0142\u00f3czykij - Roman Husarski","og_description":"Zapewne ka\u017cdy pasjonat Korei s\u0142ysza\u0142o o jindo (\uc9c4\ub3d7\uac1c), czyli korea\u0144skiej rasie ps\u00f3w. Korea\u0144czycy s\u0105 tak dumni z rezolutnego czworonoga, \u017ce trafi\u0142 nawet na list\u0119 narodowych skarb\u00f3w Korei z zaszczytnym numerem 53 &#8211; oznacza to m.in., \u017ce psa nie mo\u017cna wywozi\u0107 poza granic\u0119 kraju. Jednak &#8222;skarb narodowy numer 53&#8221; nie jest jedynym rodzimym psem dla P\u00f3\u0142wyspu &hellip;","og_url":"https:\/\/wloczykij.org\/blog\/2020\/05\/04\/osu-miasto-psow\/","og_site_name":"W\u0142\u00f3czykij - Roman Husarski","article_publisher":"https:\/\/www.facebook.com\/pages\/W%c5%82%c3%b3czykij\/282838631839707","article_published_time":"2020-05-04T12:03:27+00:00","article_modified_time":"2023-05-13T18:29:52+00:00","og_image":[{"width":970,"height":728,"url":"https:\/\/wloczykij.org\/blog\/wp-content\/uploads\/sites\/2\/2020\/05\/IMG_20200428_122858.jpg","type":"image\/jpeg"}],"author":"Roman i Agata","twitter_misc":{"Napisane przez":"Roman i Agata","Szacowany czas czytania":"10 minut"},"schema":{"@context":"https:\/\/schema.org","@graph":[{"@type":"Article","@id":"https:\/\/wloczykij.org\/blog\/2020\/05\/04\/osu-miasto-psow\/#article","isPartOf":{"@id":"https:\/\/wloczykij.org\/blog\/2020\/05\/04\/osu-miasto-psow\/"},"author":{"name":"Roman i Agata","@id":"https:\/\/wloczykij.org\/blog\/#\/schema\/person\/f307ea57c98b091772421cf77be4665f"},"headline":"Osu &#8211; miasto ps\u00f3w","datePublished":"2020-05-04T12:03:27+00:00","dateModified":"2023-05-13T18:29:52+00:00","mainEntityOfPage":{"@id":"https:\/\/wloczykij.org\/blog\/2020\/05\/04\/osu-miasto-psow\/"},"wordCount":1546,"commentCount":0,"image":{"@id":"https:\/\/wloczykij.org\/blog\/2020\/05\/04\/osu-miasto-psow\/#primaryimage"},"thumbnailUrl":"https:\/\/wloczykij.org\/blog\/wp-content\/uploads\/sites\/2\/2020\/05\/IMG_20200428_122858.jpg","keywords":["Jeolla","Korea Beyond K-pop","Osu"],"articleSection":["Korea Po\u0142udniowa"],"inLanguage":"pl-PL","potentialAction":[{"@type":"CommentAction","name":"Comment","target":["https:\/\/wloczykij.org\/blog\/2020\/05\/04\/osu-miasto-psow\/#respond"]}]},{"@type":"WebPage","@id":"https:\/\/wloczykij.org\/blog\/2020\/05\/04\/osu-miasto-psow\/","url":"https:\/\/wloczykij.org\/blog\/2020\/05\/04\/osu-miasto-psow\/","name":"Osu - miasto ps\u00f3w - W\u0142\u00f3czykij - Roman Husarski","isPartOf":{"@id":"https:\/\/wloczykij.org\/blog\/#website"},"primaryImageOfPage":{"@id":"https:\/\/wloczykij.org\/blog\/2020\/05\/04\/osu-miasto-psow\/#primaryimage"},"image":{"@id":"https:\/\/wloczykij.org\/blog\/2020\/05\/04\/osu-miasto-psow\/#primaryimage"},"thumbnailUrl":"https:\/\/wloczykij.org\/blog\/wp-content\/uploads\/sites\/2\/2020\/05\/IMG_20200428_122858.jpg","datePublished":"2020-05-04T12:03:27+00:00","dateModified":"2023-05-13T18:29:52+00:00","author":{"@id":"https:\/\/wloczykij.org\/blog\/#\/schema\/person\/f307ea57c98b091772421cf77be4665f"},"breadcrumb":{"@id":"https:\/\/wloczykij.org\/blog\/2020\/05\/04\/osu-miasto-psow\/#breadcrumb"},"inLanguage":"pl-PL","potentialAction":[{"@type":"ReadAction","target":["https:\/\/wloczykij.org\/blog\/2020\/05\/04\/osu-miasto-psow\/"]}]},{"@type":"ImageObject","inLanguage":"pl-PL","@id":"https:\/\/wloczykij.org\/blog\/2020\/05\/04\/osu-miasto-psow\/#primaryimage","url":"https:\/\/wloczykij.org\/blog\/wp-content\/uploads\/sites\/2\/2020\/05\/IMG_20200428_122858.jpg","contentUrl":"https:\/\/wloczykij.org\/blog\/wp-content\/uploads\/sites\/2\/2020\/05\/IMG_20200428_122858.jpg","width":970,"height":728},{"@type":"BreadcrumbList","@id":"https:\/\/wloczykij.org\/blog\/2020\/05\/04\/osu-miasto-psow\/#breadcrumb","itemListElement":[{"@type":"ListItem","position":1,"name":"Strona g\u0142\u00f3wna","item":"https:\/\/wloczykij.org\/blog\/"},{"@type":"ListItem","position":2,"name":"Osu &#8211; miasto ps\u00f3w"}]},{"@type":"WebSite","@id":"https:\/\/wloczykij.org\/blog\/#website","url":"https:\/\/wloczykij.org\/blog\/","name":"W\u0142\u00f3czykij - Roman Husarski","description":"","potentialAction":[{"@type":"SearchAction","target":{"@type":"EntryPoint","urlTemplate":"https:\/\/wloczykij.org\/blog\/?s={search_term_string}"},"query-input":{"@type":"PropertyValueSpecification","valueRequired":true,"valueName":"search_term_string"}}],"inLanguage":"pl-PL"},{"@type":"Person","@id":"https:\/\/wloczykij.org\/blog\/#\/schema\/person\/f307ea57c98b091772421cf77be4665f","name":"Roman i Agata","image":{"@type":"ImageObject","inLanguage":"pl-PL","@id":"https:\/\/secure.gravatar.com\/avatar\/fd4b2ce3403ab59e748b67d367b66c0e8d2e6208f4ae3bf113b1b276ac01e843?s=96&d=mm&r=g","url":"https:\/\/secure.gravatar.com\/avatar\/fd4b2ce3403ab59e748b67d367b66c0e8d2e6208f4ae3bf113b1b276ac01e843?s=96&d=mm&r=g","contentUrl":"https:\/\/secure.gravatar.com\/avatar\/fd4b2ce3403ab59e748b67d367b66c0e8d2e6208f4ae3bf113b1b276ac01e843?s=96&d=mm&r=g","caption":"Roman i Agata"},"url":"https:\/\/wloczykij.org\/blog\/author\/romaniagata\/"}]}},"jetpack_publicize_connections":[],"jetpack_featured_media_url":"https:\/\/wloczykij.org\/blog\/wp-content\/uploads\/sites\/2\/2020\/05\/IMG_20200428_122858.jpg","jetpack_sharing_enabled":true,"_links":{"self":[{"href":"https:\/\/wloczykij.org\/blog\/wp-json\/wp\/v2\/posts\/3383","targetHints":{"allow":["GET"]}}],"collection":[{"href":"https:\/\/wloczykij.org\/blog\/wp-json\/wp\/v2\/posts"}],"about":[{"href":"https:\/\/wloczykij.org\/blog\/wp-json\/wp\/v2\/types\/post"}],"author":[{"embeddable":true,"href":"https:\/\/wloczykij.org\/blog\/wp-json\/wp\/v2\/users\/4"}],"replies":[{"embeddable":true,"href":"https:\/\/wloczykij.org\/blog\/wp-json\/wp\/v2\/comments?post=3383"}],"version-history":[{"count":17,"href":"https:\/\/wloczykij.org\/blog\/wp-json\/wp\/v2\/posts\/3383\/revisions"}],"predecessor-version":[{"id":4314,"href":"https:\/\/wloczykij.org\/blog\/wp-json\/wp\/v2\/posts\/3383\/revisions\/4314"}],"wp:featuredmedia":[{"embeddable":true,"href":"https:\/\/wloczykij.org\/blog\/wp-json\/wp\/v2\/media\/3414"}],"wp:attachment":[{"href":"https:\/\/wloczykij.org\/blog\/wp-json\/wp\/v2\/media?parent=3383"}],"wp:term":[{"taxonomy":"category","embeddable":true,"href":"https:\/\/wloczykij.org\/blog\/wp-json\/wp\/v2\/categories?post=3383"},{"taxonomy":"post_tag","embeddable":true,"href":"https:\/\/wloczykij.org\/blog\/wp-json\/wp\/v2\/tags?post=3383"}],"curies":[{"name":"wp","href":"https:\/\/api.w.org\/{rel}","templated":true}]}}