{"id":3741,"date":"2021-01-18T18:46:09","date_gmt":"2021-01-18T17:46:09","guid":{"rendered":"https:\/\/wloczykij.org\/blog\/?p=3741"},"modified":"2022-03-20T15:08:51","modified_gmt":"2022-03-20T14:08:51","slug":"boseong-herbaciane-tarasy","status":"publish","type":"post","link":"https:\/\/wloczykij.org\/blog\/2021\/01\/18\/boseong-herbaciane-tarasy\/","title":{"rendered":"Boseong &#8211; herbaciane tarasy"},"content":{"rendered":"<p>Korea\u0144czycy to kawosze. Miejska legenda m\u00f3wi, \u017ce w Korei jest wi\u0119cej Starbuck&#8217;\u00f3w ni\u017c w Wielkiej Brytanii. Moi rodzice byli w szoku, gdy pakuj\u0105c si\u0119 przed powrotem do Korei po \u015bwi\u0105tecznej przerwie, pr\u00f3bowa\u0142am dopchn\u0105\u0107 kolanem do walizki jeszcze jedn\u0105 paczk\u0119 zwyk\u0142ej, czarnej herbaty. &#8222;To w Azji nie maj\u0105 herbaty?&#8221; pytali. Ot\u00f3\u017c maj\u0105, ale nasza &#8222;czarna&#8221; jest w Korei stosunkowo droga i nawet wizyta w supermarkecie Lotte potrafi\u0142a sko\u0144czy\u0107 si\u0119 pora\u017ck\u0105. Cho\u0107 w ca\u0142ej Korei znajdziecie mn\u00f3stwo pi\u0119knych herbaciarni to na co dzie\u0144 Korea\u0144czycy, opr\u00f3cz wspomnianej kawy, pij\u0105 g\u0142\u00f3wnie napary z zi\u00f3\u0142 lub zb\u00f3\u017c. Je\u017celi macie ochot\u0119 na zwyk\u0142\u0105, czarn\u0105 herbat\u0119 to cz\u0119sto kryje si\u0119 ona pod nazw\u0105 &#8222;breakfast tea&#8221;. Dlaczego? Nie pytajcie. Nie oznacza to jednak, \u017ce herbacianych tradycji na nie ma&#8230;<\/p>\n<p><img loading=\"lazy\" decoding=\"async\" data-attachment-id=\"3860\" data-permalink=\"https:\/\/wloczykij.org\/blog\/2021\/01\/18\/boseong-herbaciane-tarasy\/img_20191022_133631\/\" data-orig-file=\"https:\/\/wloczykij.org\/blog\/wp-content\/uploads\/sites\/2\/2021\/01\/IMG_20191022_133631.jpg\" data-orig-size=\"652,870\" data-comments-opened=\"0\" data-image-meta=\"{&quot;aperture&quot;:&quot;0&quot;,&quot;credit&quot;:&quot;&quot;,&quot;camera&quot;:&quot;&quot;,&quot;caption&quot;:&quot;&quot;,&quot;created_timestamp&quot;:&quot;0&quot;,&quot;copyright&quot;:&quot;&quot;,&quot;focal_length&quot;:&quot;0&quot;,&quot;iso&quot;:&quot;0&quot;,&quot;shutter_speed&quot;:&quot;0&quot;,&quot;title&quot;:&quot;&quot;,&quot;orientation&quot;:&quot;0&quot;}\" data-image-title=\"Fot. Agata Husarska\" data-image-description=\"\" data-image-caption=\"\" data-large-file=\"https:\/\/wloczykij.org\/blog\/wp-content\/uploads\/sites\/2\/2021\/01\/IMG_20191022_133631.jpg\" class=\"alignnone wp-image-3860\" src=\"https:\/\/wloczykij.org\/blog\/wp-content\/uploads\/sites\/2\/2021\/01\/IMG_20191022_133631.jpg\" alt=\"\" width=\"1000\" height=\"1334\" srcset=\"https:\/\/wloczykij.org\/blog\/wp-content\/uploads\/sites\/2\/2021\/01\/IMG_20191022_133631.jpg 652w, https:\/\/wloczykij.org\/blog\/wp-content\/uploads\/sites\/2\/2021\/01\/IMG_20191022_133631-576x768.jpg 576w\" sizes=\"auto, (max-width: 1000px) 100vw, 1000px\" \/><\/p>\n<p>Historia dzikiej herbaty si\u0119ga na P\u00f3\u0142wyspie Korea\u0144skim niepami\u0119tnych czas\u00f3w, ale upraw\u0119 Korea\u0144czycy nauczyli si\u0119 od Chi\u0144czyk\u00f3w dopiero ok. VI wieku. Niekt\u00f3re \u017ar\u00f3d\u0142a podaj\u0105, \u017ce pierwsza plantacja herbaty w Korei znajdowa\u0142a si\u0119 na u st\u00f3p g\u00f3ry Jirisan. Za czas\u00f3w dynastii Goryeo zielonym naparem raczono si\u0119 g\u0142\u00f3wnie w buddyjskich \u015bwi\u0105tyniach i na dworach arystokrat\u00f3w. Uprawami zajmowali si\u0119 cz\u0119sto buddyjscy mnisi. Jednak herbata zyskiwa\u0142a coraz wi\u0119ksz\u0105 popularno\u015b\u0107. Istniej\u0105 \u017ar\u00f3d\u0142a historyczne (np. \ub3d9\uad6d\uc5ec\uc9c0\uc2b9\ub78c) omawiaj\u0105ce uprawy herbaty w Kr\u00f3lestwie Joseon.<\/p>\n<figure id=\"attachment_3874\" aria-describedby=\"caption-attachment-3874\" style=\"width: 660px\" class=\"wp-caption alignnone\"><img loading=\"lazy\" decoding=\"async\" data-attachment-id=\"3874\" data-permalink=\"https:\/\/wloczykij.org\/blog\/2021\/01\/18\/boseong-herbaciane-tarasy\/fe16b3de106af41a4e775001f808c9e5\/\" data-orig-file=\"https:\/\/wloczykij.org\/blog\/wp-content\/uploads\/sites\/2\/2021\/01\/fe16b3de106af41a4e775001f808c9e5.jpg\" data-orig-size=\"400,540\" data-comments-opened=\"0\" data-image-meta=\"{&quot;aperture&quot;:&quot;0&quot;,&quot;credit&quot;:&quot;&quot;,&quot;camera&quot;:&quot;&quot;,&quot;caption&quot;:&quot;&quot;,&quot;created_timestamp&quot;:&quot;0&quot;,&quot;copyright&quot;:&quot;&quot;,&quot;focal_length&quot;:&quot;0&quot;,&quot;iso&quot;:&quot;0&quot;,&quot;shutter_speed&quot;:&quot;0&quot;,&quot;title&quot;:&quot;&quot;,&quot;orientation&quot;:&quot;0&quot;}\" data-image-title=\"fe16b3de106af41a4e775001f808c9e5\" data-image-description=\"\" data-image-caption=\"\" data-large-file=\"https:\/\/wloczykij.org\/blog\/wp-content\/uploads\/sites\/2\/2021\/01\/fe16b3de106af41a4e775001f808c9e5.jpg\" class=\"wp-image-3874\" src=\"https:\/\/wloczykij.org\/blog\/wp-content\/uploads\/sites\/2\/2021\/01\/fe16b3de106af41a4e775001f808c9e5.jpg\" alt=\"\" width=\"660\" height=\"891\" \/><figcaption id=\"caption-attachment-3874\" class=\"wp-caption-text\">Buddyjscy mnisi racz\u0105cy si\u0119 herbat\u0105 na \u015bredniowiecznej rycinie <br \/>\u017br\u00f3d\u0142o: https:\/\/gigglehd.com\/zbxe\/10711351<\/figcaption><\/figure>\n<figure id=\"attachment_3876\" aria-describedby=\"caption-attachment-3876\" style=\"width: 1000px\" class=\"wp-caption alignnone\"><img loading=\"lazy\" decoding=\"async\" data-attachment-id=\"3876\" data-permalink=\"https:\/\/wloczykij.org\/blog\/2021\/01\/18\/boseong-herbaciane-tarasy\/l_2018060901000662100070741\/\" data-orig-file=\"https:\/\/wloczykij.org\/blog\/wp-content\/uploads\/sites\/2\/2021\/01\/l_2018060901000662100070741.jpg\" data-orig-size=\"700,512\" data-comments-opened=\"0\" data-image-meta=\"{&quot;aperture&quot;:&quot;0&quot;,&quot;credit&quot;:&quot;&quot;,&quot;camera&quot;:&quot;&quot;,&quot;caption&quot;:&quot;&quot;,&quot;created_timestamp&quot;:&quot;0&quot;,&quot;copyright&quot;:&quot;&quot;,&quot;focal_length&quot;:&quot;0&quot;,&quot;iso&quot;:&quot;0&quot;,&quot;shutter_speed&quot;:&quot;0&quot;,&quot;title&quot;:&quot;&quot;,&quot;orientation&quot;:&quot;0&quot;}\" data-image-title=\"l_2018060901000662100070741\" data-image-description=\"\" data-image-caption=\"\" data-large-file=\"https:\/\/wloczykij.org\/blog\/wp-content\/uploads\/sites\/2\/2021\/01\/l_2018060901000662100070741.jpg\" class=\"wp-image-3876\" src=\"https:\/\/wloczykij.org\/blog\/wp-content\/uploads\/sites\/2\/2021\/01\/l_2018060901000662100070741.jpg\" alt=\"\" width=\"1000\" height=\"731\" \/><figcaption id=\"caption-attachment-3876\" class=\"wp-caption-text\">Kultura picia herbaty w Joseon. Frgament malunku \uc1a1\ud558\uc74c\ub2e4\u2019(\u677e\u4e0b\u98ee\u8336)<\/figcaption><\/figure>\n<p>S\u0142ynna plantacja w Boseong (\ubcf4\uc131\ub179\ucc28\ubc2d) powsta\u0142a jednak stosunkowo p\u00f3\u017ano, bo dopiero ok. 1930 roku z inicjatywy Japo\u0144czyk\u00f3w, kt\u00f3rzy uznali tutejsze wzg\u00f3rza za optymalne tereny pod upraw\u0119. Niestety podczas wojny korea\u0144skiej plantacje zosta\u0142y zaniedbane. W 1957 roku inwestor Jang Young-seop postanowi\u0142 odbudowa\u0107 zielone tarasy. Obecnie Boseong to popularna atrakcja turystyczna, a z okolic &#8222;herbacianej stolicy&#8221; pochodzi ok. 40% uprawianej w Korei herbaty (ok. 120 ton rocznie). Poza wysp\u0105 Jeju to jedyna plantacja herbaciana otwarta dla turyst\u00f3w w Korei.<\/p>\n<p>Zwiedzanie plantacji powinno zaj\u0105\u0107 Wam od 1 do\u00a0 2 godzin. Na tarasy prowadzi pi\u0119kna aleja strzelistych i aromatycznych <em>hinoki <\/em>(\ud3b8\ubc31\ub098\ubb34)<em>, <\/em>czyli cyprys\u00f3w japo\u0144skich. W pobli\u017cu znajduje si\u0119 r\u00f3wnie\u017c las wysokich bambus\u00f3w. Obok plantacji znajduje si\u0119 oczywi\u015bcie muzeum herbaty, kt\u00f3re podczas naszej wizyty by\u0142o niestety zamkni\u0119te z powodu koronawirusa. Skrupulatnie zaznaczono miejsca, w kt\u00f3rych nagrywano sceny do popularnej dramy <a href=\"https:\/\/www.imdb.com\/title\/tt5766194\/\">Legend of the Blue Sea<\/a> (\ud478\ub978 \ubc14\ub2e4\uc758 \uc804\uc124) i kilku innych film\u00f3w.<\/p>\n<div data-carousel-extra='{&quot;blog_id&quot;:2,&quot;permalink&quot;:&quot;https:\/\/wloczykij.org\/blog\/2021\/01\/18\/boseong-herbaciane-tarasy\/&quot;}' id='gallery-1' class='gallery galleryid-3741 gallery-columns-2 gallery-size-large'><figure class='gallery-item'>\n\t\t\t<div class='gallery-icon portrait'>\n\t\t\t\t<a href='https:\/\/wloczykij.org\/blog\/2021\/01\/18\/boseong-herbaciane-tarasy\/img_20200607_164257\/'><img loading=\"lazy\" decoding=\"async\" width=\"640\" height=\"854\" src=\"https:\/\/wloczykij.org\/blog\/wp-content\/uploads\/sites\/2\/2021\/01\/IMG_20200607_164257.jpg\" class=\"attachment-large size-large\" alt=\"\" srcset=\"https:\/\/wloczykij.org\/blog\/wp-content\/uploads\/sites\/2\/2021\/01\/IMG_20200607_164257.jpg 652w, https:\/\/wloczykij.org\/blog\/wp-content\/uploads\/sites\/2\/2021\/01\/IMG_20200607_164257-576x768.jpg 576w\" sizes=\"auto, (max-width: 640px) 100vw, 640px\" data-attachment-id=\"3870\" data-permalink=\"https:\/\/wloczykij.org\/blog\/2021\/01\/18\/boseong-herbaciane-tarasy\/img_20200607_164257\/\" data-orig-file=\"https:\/\/wloczykij.org\/blog\/wp-content\/uploads\/sites\/2\/2021\/01\/IMG_20200607_164257.jpg\" data-orig-size=\"652,870\" data-comments-opened=\"0\" data-image-meta=\"{&quot;aperture&quot;:&quot;0&quot;,&quot;credit&quot;:&quot;&quot;,&quot;camera&quot;:&quot;&quot;,&quot;caption&quot;:&quot;&quot;,&quot;created_timestamp&quot;:&quot;0&quot;,&quot;copyright&quot;:&quot;&quot;,&quot;focal_length&quot;:&quot;0&quot;,&quot;iso&quot;:&quot;0&quot;,&quot;shutter_speed&quot;:&quot;0&quot;,&quot;title&quot;:&quot;&quot;,&quot;orientation&quot;:&quot;0&quot;}\" data-image-title=\"Fot. Agata Husarska\" data-image-description=\"\" data-image-caption=\"\" data-large-file=\"https:\/\/wloczykij.org\/blog\/wp-content\/uploads\/sites\/2\/2021\/01\/IMG_20200607_164257.jpg\" \/><\/a>\n\t\t\t<\/div><\/figure><figure class='gallery-item'>\n\t\t\t<div class='gallery-icon portrait'>\n\t\t\t\t<a href='https:\/\/wloczykij.org\/blog\/2021\/01\/18\/boseong-herbaciane-tarasy\/img_20200607_162523\/'><img loading=\"lazy\" decoding=\"async\" width=\"640\" height=\"854\" src=\"https:\/\/wloczykij.org\/blog\/wp-content\/uploads\/sites\/2\/2021\/01\/IMG_20200607_162523.jpg\" class=\"attachment-large size-large\" alt=\"\" srcset=\"https:\/\/wloczykij.org\/blog\/wp-content\/uploads\/sites\/2\/2021\/01\/IMG_20200607_162523.jpg 652w, https:\/\/wloczykij.org\/blog\/wp-content\/uploads\/sites\/2\/2021\/01\/IMG_20200607_162523-576x768.jpg 576w\" sizes=\"auto, (max-width: 640px) 100vw, 640px\" data-attachment-id=\"3869\" data-permalink=\"https:\/\/wloczykij.org\/blog\/2021\/01\/18\/boseong-herbaciane-tarasy\/img_20200607_162523\/\" data-orig-file=\"https:\/\/wloczykij.org\/blog\/wp-content\/uploads\/sites\/2\/2021\/01\/IMG_20200607_162523.jpg\" data-orig-size=\"652,870\" data-comments-opened=\"0\" data-image-meta=\"{&quot;aperture&quot;:&quot;0&quot;,&quot;credit&quot;:&quot;&quot;,&quot;camera&quot;:&quot;&quot;,&quot;caption&quot;:&quot;&quot;,&quot;created_timestamp&quot;:&quot;0&quot;,&quot;copyright&quot;:&quot;&quot;,&quot;focal_length&quot;:&quot;0&quot;,&quot;iso&quot;:&quot;0&quot;,&quot;shutter_speed&quot;:&quot;0&quot;,&quot;title&quot;:&quot;&quot;,&quot;orientation&quot;:&quot;0&quot;}\" data-image-title=\"Fot. Agata Husarska\" data-image-description=\"\" data-image-caption=\"\" data-large-file=\"https:\/\/wloczykij.org\/blog\/wp-content\/uploads\/sites\/2\/2021\/01\/IMG_20200607_162523.jpg\" \/><\/a>\n\t\t\t<\/div><\/figure>\n\t\t<\/div>\n\n<p><img loading=\"lazy\" decoding=\"async\" data-attachment-id=\"3866\" data-permalink=\"https:\/\/wloczykij.org\/blog\/2021\/01\/18\/boseong-herbaciane-tarasy\/img_0755\/\" data-orig-file=\"https:\/\/wloczykij.org\/blog\/wp-content\/uploads\/sites\/2\/2021\/01\/IMG_0755.jpg\" data-orig-size=\"1305,870\" data-comments-opened=\"0\" data-image-meta=\"{&quot;aperture&quot;:&quot;0&quot;,&quot;credit&quot;:&quot;&quot;,&quot;camera&quot;:&quot;&quot;,&quot;caption&quot;:&quot;&quot;,&quot;created_timestamp&quot;:&quot;0&quot;,&quot;copyright&quot;:&quot;&quot;,&quot;focal_length&quot;:&quot;0&quot;,&quot;iso&quot;:&quot;0&quot;,&quot;shutter_speed&quot;:&quot;0&quot;,&quot;title&quot;:&quot;&quot;,&quot;orientation&quot;:&quot;0&quot;}\" data-image-title=\"IMG_0755\" data-image-description=\"\" data-image-caption=\"\" data-large-file=\"https:\/\/wloczykij.org\/blog\/wp-content\/uploads\/sites\/2\/2021\/01\/IMG_0755-1000x667.jpg\" class=\"alignnone size-full wp-image-3866\" src=\"https:\/\/wloczykij.org\/blog\/wp-content\/uploads\/sites\/2\/2021\/01\/IMG_0755.jpg\" alt=\"\" width=\"1305\" height=\"870\" srcset=\"https:\/\/wloczykij.org\/blog\/wp-content\/uploads\/sites\/2\/2021\/01\/IMG_0755.jpg 1305w, https:\/\/wloczykij.org\/blog\/wp-content\/uploads\/sites\/2\/2021\/01\/IMG_0755-768x512.jpg 768w, https:\/\/wloczykij.org\/blog\/wp-content\/uploads\/sites\/2\/2021\/01\/IMG_0755-1000x667.jpg 1000w, https:\/\/wloczykij.org\/blog\/wp-content\/uploads\/sites\/2\/2021\/01\/IMG_0755-920x613.jpg 920w\" sizes=\"auto, (max-width: 1305px) 100vw, 1305px\" \/><\/p>\n<p>Warto wspi\u0105\u0107 si\u0119 na sam szczyt taras\u00f3w, na specjalny punkt widokowy, z kt\u00f3rego rozpo\u015bciera si\u0119 widok na herbaciane pole i morze. Po\u0142\u0105czenie uspokajaj\u0105cej zieleni i ch\u0142odz\u0105cego b\u0142\u0119kitu jest ob\u0142\u0119dne!<\/p>\n<p><img loading=\"lazy\" decoding=\"async\" data-attachment-id=\"3867\" data-permalink=\"https:\/\/wloczykij.org\/blog\/2021\/01\/18\/boseong-herbaciane-tarasy\/img_0769\/\" data-orig-file=\"https:\/\/wloczykij.org\/blog\/wp-content\/uploads\/sites\/2\/2021\/01\/IMG_0769.jpg\" data-orig-size=\"1600,1067\" data-comments-opened=\"0\" data-image-meta=\"{&quot;aperture&quot;:&quot;8&quot;,&quot;credit&quot;:&quot;&quot;,&quot;camera&quot;:&quot;Canon EOS 5D Mark II&quot;,&quot;caption&quot;:&quot;&quot;,&quot;created_timestamp&quot;:&quot;1591525918&quot;,&quot;copyright&quot;:&quot;&quot;,&quot;focal_length&quot;:&quot;17&quot;,&quot;iso&quot;:&quot;100&quot;,&quot;shutter_speed&quot;:&quot;0.016666666666667&quot;,&quot;title&quot;:&quot;&quot;,&quot;orientation&quot;:&quot;1&quot;}\" data-image-title=\"Fot. Roman Husarski\" data-image-description=\"\" data-image-caption=\"\" data-large-file=\"https:\/\/wloczykij.org\/blog\/wp-content\/uploads\/sites\/2\/2021\/01\/IMG_0769-1000x667.jpg\" class=\"alignnone size-full wp-image-3867\" src=\"https:\/\/wloczykij.org\/blog\/wp-content\/uploads\/sites\/2\/2021\/01\/IMG_0769.jpg\" alt=\"\" width=\"1600\" height=\"1067\" srcset=\"https:\/\/wloczykij.org\/blog\/wp-content\/uploads\/sites\/2\/2021\/01\/IMG_0769.jpg 1600w, https:\/\/wloczykij.org\/blog\/wp-content\/uploads\/sites\/2\/2021\/01\/IMG_0769-768x512.jpg 768w, https:\/\/wloczykij.org\/blog\/wp-content\/uploads\/sites\/2\/2021\/01\/IMG_0769-1000x667.jpg 1000w, https:\/\/wloczykij.org\/blog\/wp-content\/uploads\/sites\/2\/2021\/01\/IMG_0769-920x614.jpg 920w, https:\/\/wloczykij.org\/blog\/wp-content\/uploads\/sites\/2\/2021\/01\/IMG_0769-1536x1024.jpg 1536w\" sizes=\"auto, (max-width: 1600px) 100vw, 1600px\" \/><\/p>\n<p>W Boseong maj\u0105 naprawd\u0119 genialny sklepik z pami\u0105tkami, w kt\u00f3rym kupicie mn\u00f3stwo herbacianych gad\u017cet\u00f3w, obowi\u0105zkowo lokaln\u0105 herbat\u0119 i smako\u0142yki o smaku matcha. S\u0105 te\u017c lody, napoje\u00a0 Sama herbata jest we wszystkich mo\u017cliwych wariantach (organiczna, oolong, \u017c\u00f3\u0142ta itd.). A jak ju\u017c jeste\u015bmy przy polecaniu, to koniecznie zajrzyjcie na kulinarny blog <a href=\"http:\/\/www.napaleczkach.pl\/\">Na pa\u0142eczkach<\/a>, gdzie znajdziecie wspania\u0142e przepisy z u\u017cyciem matcha i nie tylko. \ud83d\ude09<\/p>\n<p><img loading=\"lazy\" decoding=\"async\" data-attachment-id=\"3862\" data-permalink=\"https:\/\/wloczykij.org\/blog\/2021\/01\/18\/boseong-herbaciane-tarasy\/img_0749\/\" data-orig-file=\"https:\/\/wloczykij.org\/blog\/wp-content\/uploads\/sites\/2\/2021\/01\/IMG_0749.jpg\" data-orig-size=\"1600,1067\" data-comments-opened=\"0\" data-image-meta=\"{&quot;aperture&quot;:&quot;3.2&quot;,&quot;credit&quot;:&quot;&quot;,&quot;camera&quot;:&quot;Canon EOS 5D Mark II&quot;,&quot;caption&quot;:&quot;&quot;,&quot;created_timestamp&quot;:&quot;1591521888&quot;,&quot;copyright&quot;:&quot;&quot;,&quot;focal_length&quot;:&quot;50&quot;,&quot;iso&quot;:&quot;400&quot;,&quot;shutter_speed&quot;:&quot;0.0125&quot;,&quot;title&quot;:&quot;&quot;,&quot;orientation&quot;:&quot;1&quot;}\" data-image-title=\"Fot. Roman Husarski\" data-image-description=\"\" data-image-caption=\"\" data-large-file=\"https:\/\/wloczykij.org\/blog\/wp-content\/uploads\/sites\/2\/2021\/01\/IMG_0749-1000x667.jpg\" class=\"alignnone size-full wp-image-3862\" src=\"https:\/\/wloczykij.org\/blog\/wp-content\/uploads\/sites\/2\/2021\/01\/IMG_0749.jpg\" alt=\"\" width=\"1600\" height=\"1067\" srcset=\"https:\/\/wloczykij.org\/blog\/wp-content\/uploads\/sites\/2\/2021\/01\/IMG_0749.jpg 1600w, https:\/\/wloczykij.org\/blog\/wp-content\/uploads\/sites\/2\/2021\/01\/IMG_0749-768x512.jpg 768w, https:\/\/wloczykij.org\/blog\/wp-content\/uploads\/sites\/2\/2021\/01\/IMG_0749-1000x667.jpg 1000w, https:\/\/wloczykij.org\/blog\/wp-content\/uploads\/sites\/2\/2021\/01\/IMG_0749-920x614.jpg 920w, https:\/\/wloczykij.org\/blog\/wp-content\/uploads\/sites\/2\/2021\/01\/IMG_0749-1536x1024.jpg 1536w\" sizes=\"auto, (max-width: 1600px) 100vw, 1600px\" \/> <img loading=\"lazy\" decoding=\"async\" data-attachment-id=\"3863\" data-permalink=\"https:\/\/wloczykij.org\/blog\/2021\/01\/18\/boseong-herbaciane-tarasy\/img_0751\/\" data-orig-file=\"https:\/\/wloczykij.org\/blog\/wp-content\/uploads\/sites\/2\/2021\/01\/IMG_0751.jpg\" data-orig-size=\"1600,1067\" data-comments-opened=\"0\" data-image-meta=\"{&quot;aperture&quot;:&quot;4&quot;,&quot;credit&quot;:&quot;&quot;,&quot;camera&quot;:&quot;Canon EOS 5D Mark II&quot;,&quot;caption&quot;:&quot;&quot;,&quot;created_timestamp&quot;:&quot;1591521927&quot;,&quot;copyright&quot;:&quot;&quot;,&quot;focal_length&quot;:&quot;50&quot;,&quot;iso&quot;:&quot;400&quot;,&quot;shutter_speed&quot;:&quot;0.008&quot;,&quot;title&quot;:&quot;&quot;,&quot;orientation&quot;:&quot;1&quot;}\" data-image-title=\"Fot. Roman Husarski\" data-image-description=\"\" data-image-caption=\"\" data-large-file=\"https:\/\/wloczykij.org\/blog\/wp-content\/uploads\/sites\/2\/2021\/01\/IMG_0751-1000x667.jpg\" class=\"alignnone size-full wp-image-3863\" src=\"https:\/\/wloczykij.org\/blog\/wp-content\/uploads\/sites\/2\/2021\/01\/IMG_0751.jpg\" alt=\"\" width=\"1600\" height=\"1067\" srcset=\"https:\/\/wloczykij.org\/blog\/wp-content\/uploads\/sites\/2\/2021\/01\/IMG_0751.jpg 1600w, https:\/\/wloczykij.org\/blog\/wp-content\/uploads\/sites\/2\/2021\/01\/IMG_0751-768x512.jpg 768w, https:\/\/wloczykij.org\/blog\/wp-content\/uploads\/sites\/2\/2021\/01\/IMG_0751-1000x667.jpg 1000w, https:\/\/wloczykij.org\/blog\/wp-content\/uploads\/sites\/2\/2021\/01\/IMG_0751-920x614.jpg 920w, https:\/\/wloczykij.org\/blog\/wp-content\/uploads\/sites\/2\/2021\/01\/IMG_0751-1536x1024.jpg 1536w\" sizes=\"auto, (max-width: 1600px) 100vw, 1600px\" \/><\/p>\n<p>Po wizycie na plantacji herbaty warto wybra\u0107 si\u0119 do przepi\u0119knej kawiarni\/homestay Chunwun Seo-ok Hanok (\ucd98\uc6b4\uc11c\uc625), na kt\u00f3r\u0105 sk\u0142ada si\u0119 kilka tradycyjnych korea\u0144skich dom\u00f3w <em>hanok<\/em>. Gospodarstwo ma ponad 150 lat i jest wpisane na list\u0119 Dziedzictwa Kulturowego prowincji Jeolla Po\u0142udniowego. <em>Hanok<\/em> po\u0142o\u017cony jest w\u015br\u00f3d pi\u0119knych stuletnich sosen i ro\u015bnie te\u017c tu 500-letni pigwowiec chi\u0144ski.<\/p>\n<p><img loading=\"lazy\" decoding=\"async\" data-attachment-id=\"3834\" data-permalink=\"https:\/\/wloczykij.org\/blog\/2021\/01\/18\/boseong-herbaciane-tarasy\/img_20200607_152220\/\" data-orig-file=\"https:\/\/wloczykij.org\/blog\/wp-content\/uploads\/sites\/2\/2020\/12\/IMG_20200607_152220.jpg\" data-orig-size=\"1238,928\" data-comments-opened=\"0\" data-image-meta=\"{&quot;aperture&quot;:&quot;0&quot;,&quot;credit&quot;:&quot;&quot;,&quot;camera&quot;:&quot;&quot;,&quot;caption&quot;:&quot;&quot;,&quot;created_timestamp&quot;:&quot;0&quot;,&quot;copyright&quot;:&quot;&quot;,&quot;focal_length&quot;:&quot;0&quot;,&quot;iso&quot;:&quot;0&quot;,&quot;shutter_speed&quot;:&quot;0&quot;,&quot;title&quot;:&quot;&quot;,&quot;orientation&quot;:&quot;0&quot;}\" data-image-title=\"Fot. Roman Husarski\" data-image-description=\"\" data-image-caption=\"\" data-large-file=\"https:\/\/wloczykij.org\/blog\/wp-content\/uploads\/sites\/2\/2020\/12\/IMG_20200607_152220-1000x750.jpg\" class=\"alignnone size-full wp-image-3834\" src=\"https:\/\/wloczykij.org\/blog\/wp-content\/uploads\/sites\/2\/2020\/12\/IMG_20200607_152220.jpg\" alt=\"\" width=\"1238\" height=\"928\" srcset=\"https:\/\/wloczykij.org\/blog\/wp-content\/uploads\/sites\/2\/2020\/12\/IMG_20200607_152220.jpg 1238w, https:\/\/wloczykij.org\/blog\/wp-content\/uploads\/sites\/2\/2020\/12\/IMG_20200607_152220-768x576.jpg 768w, https:\/\/wloczykij.org\/blog\/wp-content\/uploads\/sites\/2\/2020\/12\/IMG_20200607_152220-1000x750.jpg 1000w, https:\/\/wloczykij.org\/blog\/wp-content\/uploads\/sites\/2\/2020\/12\/IMG_20200607_152220-920x690.jpg 920w\" sizes=\"auto, (max-width: 1238px) 100vw, 1238px\" \/><\/p>\n<p>Dojazd<\/p>\n<p>Naj\u0142atwiej do Boseong dosta\u0107 si\u0119 w\u0142asnym samochodem lub bezpo\u015brednim autobusem z Gwangju. Bilet wst\u0119pu kosztuje 2000 won\u00f3w (ok. 8 z\u0142).<\/p>\n<p><strong>Lokalizacja plantacji w Boseong (\ubcf4\uc131\ub179\ucc28\ubc2d)<\/strong><\/p>\n<p><a href=\"https:\/\/map.kakao.com\/?urlX=517840&amp;urlY=338967&amp;urlLevel=3&amp;itemId=7891228&amp;q=%EB%B3%B4%EC%84%B1%EB%85%B9%EC%B0%A8%EB%B0%AD&amp;srcid=7891228&amp;map_type=TYPE_MAP\">KAKAO MAPS<\/a><\/p>\n<p><strong>Lokalizacja Chunwun Seo-ok Hanok (\ucd98\uc6b4\uc11c\uc625)<\/strong><\/p>\n<p><a href=\"https:\/\/map.kakao.com\/?urlX=518977&amp;urlY=355221&amp;urlLevel=3&amp;itemId=26911236&amp;q=%EC%B6%98%EC%9A%B4%EC%84%9C%EC%98%A5&amp;srcid=26911236&amp;map_type=TYPE_MAP\">KAKAO MAPS<\/a><\/p>\n","protected":false},"excerpt":{"rendered":"<p>Korea\u0144czycy to kawosze. Miejska legenda m\u00f3wi, \u017ce w Korei jest wi\u0119cej Starbuck&#8217;\u00f3w ni\u017c w Wielkiej Brytanii. Moi rodzice byli w szoku, gdy pakuj\u0105c si\u0119 przed powrotem do Korei po \u015bwi\u0105tecznej przerwie, pr\u00f3bowa\u0142am dopchn\u0105\u0107 kolanem do walizki jeszcze jedn\u0105 paczk\u0119 zwyk\u0142ej, czarnej herbaty. &#8222;To w Azji nie maj\u0105 herbaty?&#8221; pytali. Ot\u00f3\u017c maj\u0105, ale nasza &#8222;czarna&#8221; jest &hellip; <\/p>\n","protected":false},"author":1,"featured_media":3834,"comment_status":"open","ping_status":"open","sticky":false,"template":"","format":"standard","meta":{"_jetpack_memberships_contains_paid_content":false,"footnotes":"","jetpack_publicize_message":"","jetpack_publicize_feature_enabled":true,"jetpack_social_post_already_shared":true,"jetpack_social_options":{"image_generator_settings":{"template":"highway","default_image_id":0,"font":"","enabled":false},"version":2}},"categories":[18],"tags":[423,422,382],"class_list":["post-3741","post","type-post","status-publish","format-standard","has-post-thumbnail","hentry","category-korea-poludniowa","tag-boseong","tag-herbata","tag-jeolla"],"yoast_head":"<!-- This site is optimized with the Yoast SEO plugin v27.5 - https:\/\/yoast.com\/product\/yoast-seo-wordpress\/ -->\n<title>Boseong - herbaciane tarasy - W\u0142\u00f3czykij - Roman Husarski<\/title>\n<meta name=\"robots\" content=\"index, follow, max-snippet:-1, max-image-preview:large, max-video-preview:-1\" \/>\n<link rel=\"canonical\" href=\"https:\/\/wloczykij.org\/blog\/2021\/01\/18\/boseong-herbaciane-tarasy\/\" \/>\n<meta property=\"og:locale\" content=\"pl_PL\" \/>\n<meta property=\"og:type\" content=\"article\" \/>\n<meta property=\"og:title\" content=\"Boseong - herbaciane tarasy - W\u0142\u00f3czykij - Roman Husarski\" \/>\n<meta property=\"og:description\" content=\"Korea\u0144czycy to kawosze. Miejska legenda m\u00f3wi, \u017ce w Korei jest wi\u0119cej Starbuck&#8217;\u00f3w ni\u017c w Wielkiej Brytanii. Moi rodzice byli w szoku, gdy pakuj\u0105c si\u0119 przed powrotem do Korei po \u015bwi\u0105tecznej przerwie, pr\u00f3bowa\u0142am dopchn\u0105\u0107 kolanem do walizki jeszcze jedn\u0105 paczk\u0119 zwyk\u0142ej, czarnej herbaty. &#8222;To w Azji nie maj\u0105 herbaty?&#8221; pytali. Ot\u00f3\u017c maj\u0105, ale nasza &#8222;czarna&#8221; jest &hellip;\" \/>\n<meta property=\"og:url\" content=\"https:\/\/wloczykij.org\/blog\/2021\/01\/18\/boseong-herbaciane-tarasy\/\" \/>\n<meta property=\"og:site_name\" content=\"W\u0142\u00f3czykij - Roman Husarski\" \/>\n<meta property=\"article:publisher\" content=\"https:\/\/www.facebook.com\/pages\/W%c5%82%c3%b3czykij\/282838631839707\" \/>\n<meta property=\"article:published_time\" content=\"2021-01-18T17:46:09+00:00\" \/>\n<meta property=\"article:modified_time\" content=\"2022-03-20T14:08:51+00:00\" \/>\n<meta property=\"og:image\" content=\"https:\/\/wloczykij.org\/blog\/wp-content\/uploads\/sites\/2\/2020\/12\/IMG_20200607_152220.jpg\" \/>\n\t<meta property=\"og:image:width\" content=\"1238\" \/>\n\t<meta property=\"og:image:height\" content=\"928\" \/>\n\t<meta property=\"og:image:type\" content=\"image\/jpeg\" \/>\n<meta name=\"author\" content=\"Roman\" \/>\n<meta name=\"twitter:label1\" content=\"Napisane przez\" \/>\n\t<meta name=\"twitter:data1\" content=\"Roman\" \/>\n\t<meta name=\"twitter:label2\" content=\"Szacowany czas czytania\" \/>\n\t<meta name=\"twitter:data2\" content=\"3 minuty\" \/>\n<script type=\"application\/ld+json\" class=\"yoast-schema-graph\">{\"@context\":\"https:\\\/\\\/schema.org\",\"@graph\":[{\"@type\":\"Article\",\"@id\":\"https:\\\/\\\/wloczykij.org\\\/blog\\\/2021\\\/01\\\/18\\\/boseong-herbaciane-tarasy\\\/#article\",\"isPartOf\":{\"@id\":\"https:\\\/\\\/wloczykij.org\\\/blog\\\/2021\\\/01\\\/18\\\/boseong-herbaciane-tarasy\\\/\"},\"author\":{\"name\":\"Roman\",\"@id\":\"https:\\\/\\\/wloczykij.org\\\/blog\\\/#\\\/schema\\\/person\\\/5715e17c214052b93c6c53e27ea498e5\"},\"headline\":\"Boseong &#8211; herbaciane tarasy\",\"datePublished\":\"2021-01-18T17:46:09+00:00\",\"dateModified\":\"2022-03-20T14:08:51+00:00\",\"mainEntityOfPage\":{\"@id\":\"https:\\\/\\\/wloczykij.org\\\/blog\\\/2021\\\/01\\\/18\\\/boseong-herbaciane-tarasy\\\/\"},\"wordCount\":658,\"commentCount\":0,\"image\":{\"@id\":\"https:\\\/\\\/wloczykij.org\\\/blog\\\/2021\\\/01\\\/18\\\/boseong-herbaciane-tarasy\\\/#primaryimage\"},\"thumbnailUrl\":\"https:\\\/\\\/wloczykij.org\\\/blog\\\/wp-content\\\/uploads\\\/sites\\\/2\\\/2020\\\/12\\\/IMG_20200607_152220.jpg\",\"keywords\":[\"Boseong\",\"herbata\",\"Jeolla\"],\"articleSection\":[\"Korea Po\u0142udniowa\"],\"inLanguage\":\"pl-PL\",\"potentialAction\":[{\"@type\":\"CommentAction\",\"name\":\"Comment\",\"target\":[\"https:\\\/\\\/wloczykij.org\\\/blog\\\/2021\\\/01\\\/18\\\/boseong-herbaciane-tarasy\\\/#respond\"]}]},{\"@type\":\"WebPage\",\"@id\":\"https:\\\/\\\/wloczykij.org\\\/blog\\\/2021\\\/01\\\/18\\\/boseong-herbaciane-tarasy\\\/\",\"url\":\"https:\\\/\\\/wloczykij.org\\\/blog\\\/2021\\\/01\\\/18\\\/boseong-herbaciane-tarasy\\\/\",\"name\":\"Boseong - herbaciane tarasy - W\u0142\u00f3czykij - Roman Husarski\",\"isPartOf\":{\"@id\":\"https:\\\/\\\/wloczykij.org\\\/blog\\\/#website\"},\"primaryImageOfPage\":{\"@id\":\"https:\\\/\\\/wloczykij.org\\\/blog\\\/2021\\\/01\\\/18\\\/boseong-herbaciane-tarasy\\\/#primaryimage\"},\"image\":{\"@id\":\"https:\\\/\\\/wloczykij.org\\\/blog\\\/2021\\\/01\\\/18\\\/boseong-herbaciane-tarasy\\\/#primaryimage\"},\"thumbnailUrl\":\"https:\\\/\\\/wloczykij.org\\\/blog\\\/wp-content\\\/uploads\\\/sites\\\/2\\\/2020\\\/12\\\/IMG_20200607_152220.jpg\",\"datePublished\":\"2021-01-18T17:46:09+00:00\",\"dateModified\":\"2022-03-20T14:08:51+00:00\",\"author\":{\"@id\":\"https:\\\/\\\/wloczykij.org\\\/blog\\\/#\\\/schema\\\/person\\\/5715e17c214052b93c6c53e27ea498e5\"},\"breadcrumb\":{\"@id\":\"https:\\\/\\\/wloczykij.org\\\/blog\\\/2021\\\/01\\\/18\\\/boseong-herbaciane-tarasy\\\/#breadcrumb\"},\"inLanguage\":\"pl-PL\",\"potentialAction\":[{\"@type\":\"ReadAction\",\"target\":[\"https:\\\/\\\/wloczykij.org\\\/blog\\\/2021\\\/01\\\/18\\\/boseong-herbaciane-tarasy\\\/\"]}]},{\"@type\":\"ImageObject\",\"inLanguage\":\"pl-PL\",\"@id\":\"https:\\\/\\\/wloczykij.org\\\/blog\\\/2021\\\/01\\\/18\\\/boseong-herbaciane-tarasy\\\/#primaryimage\",\"url\":\"https:\\\/\\\/wloczykij.org\\\/blog\\\/wp-content\\\/uploads\\\/sites\\\/2\\\/2020\\\/12\\\/IMG_20200607_152220.jpg\",\"contentUrl\":\"https:\\\/\\\/wloczykij.org\\\/blog\\\/wp-content\\\/uploads\\\/sites\\\/2\\\/2020\\\/12\\\/IMG_20200607_152220.jpg\",\"width\":1238,\"height\":928},{\"@type\":\"BreadcrumbList\",\"@id\":\"https:\\\/\\\/wloczykij.org\\\/blog\\\/2021\\\/01\\\/18\\\/boseong-herbaciane-tarasy\\\/#breadcrumb\",\"itemListElement\":[{\"@type\":\"ListItem\",\"position\":1,\"name\":\"Strona g\u0142\u00f3wna\",\"item\":\"https:\\\/\\\/wloczykij.org\\\/blog\\\/\"},{\"@type\":\"ListItem\",\"position\":2,\"name\":\"Boseong &#8211; herbaciane tarasy\"}]},{\"@type\":\"WebSite\",\"@id\":\"https:\\\/\\\/wloczykij.org\\\/blog\\\/#website\",\"url\":\"https:\\\/\\\/wloczykij.org\\\/blog\\\/\",\"name\":\"W\u0142\u00f3czykij - Roman Husarski\",\"description\":\"\",\"potentialAction\":[{\"@type\":\"SearchAction\",\"target\":{\"@type\":\"EntryPoint\",\"urlTemplate\":\"https:\\\/\\\/wloczykij.org\\\/blog\\\/?s={search_term_string}\"},\"query-input\":{\"@type\":\"PropertyValueSpecification\",\"valueRequired\":true,\"valueName\":\"search_term_string\"}}],\"inLanguage\":\"pl-PL\"},{\"@type\":\"Person\",\"@id\":\"https:\\\/\\\/wloczykij.org\\\/blog\\\/#\\\/schema\\\/person\\\/5715e17c214052b93c6c53e27ea498e5\",\"name\":\"Roman\",\"image\":{\"@type\":\"ImageObject\",\"inLanguage\":\"pl-PL\",\"@id\":\"https:\\\/\\\/secure.gravatar.com\\\/avatar\\\/a4ad12ebb0eef153209fb3604f0a54cb2d9993a45803e045e020a86a4527c70b?s=96&d=mm&r=g\",\"url\":\"https:\\\/\\\/secure.gravatar.com\\\/avatar\\\/a4ad12ebb0eef153209fb3604f0a54cb2d9993a45803e045e020a86a4527c70b?s=96&d=mm&r=g\",\"contentUrl\":\"https:\\\/\\\/secure.gravatar.com\\\/avatar\\\/a4ad12ebb0eef153209fb3604f0a54cb2d9993a45803e045e020a86a4527c70b?s=96&d=mm&r=g\",\"caption\":\"Roman\"},\"url\":\"https:\\\/\\\/wloczykij.org\\\/blog\\\/author\\\/remus\\\/\"}]}<\/script>\n<!-- \/ Yoast SEO plugin. -->","yoast_head_json":{"title":"Boseong - herbaciane tarasy - W\u0142\u00f3czykij - Roman Husarski","robots":{"index":"index","follow":"follow","max-snippet":"max-snippet:-1","max-image-preview":"max-image-preview:large","max-video-preview":"max-video-preview:-1"},"canonical":"https:\/\/wloczykij.org\/blog\/2021\/01\/18\/boseong-herbaciane-tarasy\/","og_locale":"pl_PL","og_type":"article","og_title":"Boseong - herbaciane tarasy - W\u0142\u00f3czykij - Roman Husarski","og_description":"Korea\u0144czycy to kawosze. Miejska legenda m\u00f3wi, \u017ce w Korei jest wi\u0119cej Starbuck&#8217;\u00f3w ni\u017c w Wielkiej Brytanii. Moi rodzice byli w szoku, gdy pakuj\u0105c si\u0119 przed powrotem do Korei po \u015bwi\u0105tecznej przerwie, pr\u00f3bowa\u0142am dopchn\u0105\u0107 kolanem do walizki jeszcze jedn\u0105 paczk\u0119 zwyk\u0142ej, czarnej herbaty. &#8222;To w Azji nie maj\u0105 herbaty?&#8221; pytali. Ot\u00f3\u017c maj\u0105, ale nasza &#8222;czarna&#8221; jest &hellip;","og_url":"https:\/\/wloczykij.org\/blog\/2021\/01\/18\/boseong-herbaciane-tarasy\/","og_site_name":"W\u0142\u00f3czykij - Roman Husarski","article_publisher":"https:\/\/www.facebook.com\/pages\/W%c5%82%c3%b3czykij\/282838631839707","article_published_time":"2021-01-18T17:46:09+00:00","article_modified_time":"2022-03-20T14:08:51+00:00","og_image":[{"width":1238,"height":928,"url":"https:\/\/wloczykij.org\/blog\/wp-content\/uploads\/sites\/2\/2020\/12\/IMG_20200607_152220.jpg","type":"image\/jpeg"}],"author":"Roman","twitter_misc":{"Napisane przez":"Roman","Szacowany czas czytania":"3 minuty"},"schema":{"@context":"https:\/\/schema.org","@graph":[{"@type":"Article","@id":"https:\/\/wloczykij.org\/blog\/2021\/01\/18\/boseong-herbaciane-tarasy\/#article","isPartOf":{"@id":"https:\/\/wloczykij.org\/blog\/2021\/01\/18\/boseong-herbaciane-tarasy\/"},"author":{"name":"Roman","@id":"https:\/\/wloczykij.org\/blog\/#\/schema\/person\/5715e17c214052b93c6c53e27ea498e5"},"headline":"Boseong &#8211; herbaciane tarasy","datePublished":"2021-01-18T17:46:09+00:00","dateModified":"2022-03-20T14:08:51+00:00","mainEntityOfPage":{"@id":"https:\/\/wloczykij.org\/blog\/2021\/01\/18\/boseong-herbaciane-tarasy\/"},"wordCount":658,"commentCount":0,"image":{"@id":"https:\/\/wloczykij.org\/blog\/2021\/01\/18\/boseong-herbaciane-tarasy\/#primaryimage"},"thumbnailUrl":"https:\/\/wloczykij.org\/blog\/wp-content\/uploads\/sites\/2\/2020\/12\/IMG_20200607_152220.jpg","keywords":["Boseong","herbata","Jeolla"],"articleSection":["Korea Po\u0142udniowa"],"inLanguage":"pl-PL","potentialAction":[{"@type":"CommentAction","name":"Comment","target":["https:\/\/wloczykij.org\/blog\/2021\/01\/18\/boseong-herbaciane-tarasy\/#respond"]}]},{"@type":"WebPage","@id":"https:\/\/wloczykij.org\/blog\/2021\/01\/18\/boseong-herbaciane-tarasy\/","url":"https:\/\/wloczykij.org\/blog\/2021\/01\/18\/boseong-herbaciane-tarasy\/","name":"Boseong - herbaciane tarasy - W\u0142\u00f3czykij - Roman Husarski","isPartOf":{"@id":"https:\/\/wloczykij.org\/blog\/#website"},"primaryImageOfPage":{"@id":"https:\/\/wloczykij.org\/blog\/2021\/01\/18\/boseong-herbaciane-tarasy\/#primaryimage"},"image":{"@id":"https:\/\/wloczykij.org\/blog\/2021\/01\/18\/boseong-herbaciane-tarasy\/#primaryimage"},"thumbnailUrl":"https:\/\/wloczykij.org\/blog\/wp-content\/uploads\/sites\/2\/2020\/12\/IMG_20200607_152220.jpg","datePublished":"2021-01-18T17:46:09+00:00","dateModified":"2022-03-20T14:08:51+00:00","author":{"@id":"https:\/\/wloczykij.org\/blog\/#\/schema\/person\/5715e17c214052b93c6c53e27ea498e5"},"breadcrumb":{"@id":"https:\/\/wloczykij.org\/blog\/2021\/01\/18\/boseong-herbaciane-tarasy\/#breadcrumb"},"inLanguage":"pl-PL","potentialAction":[{"@type":"ReadAction","target":["https:\/\/wloczykij.org\/blog\/2021\/01\/18\/boseong-herbaciane-tarasy\/"]}]},{"@type":"ImageObject","inLanguage":"pl-PL","@id":"https:\/\/wloczykij.org\/blog\/2021\/01\/18\/boseong-herbaciane-tarasy\/#primaryimage","url":"https:\/\/wloczykij.org\/blog\/wp-content\/uploads\/sites\/2\/2020\/12\/IMG_20200607_152220.jpg","contentUrl":"https:\/\/wloczykij.org\/blog\/wp-content\/uploads\/sites\/2\/2020\/12\/IMG_20200607_152220.jpg","width":1238,"height":928},{"@type":"BreadcrumbList","@id":"https:\/\/wloczykij.org\/blog\/2021\/01\/18\/boseong-herbaciane-tarasy\/#breadcrumb","itemListElement":[{"@type":"ListItem","position":1,"name":"Strona g\u0142\u00f3wna","item":"https:\/\/wloczykij.org\/blog\/"},{"@type":"ListItem","position":2,"name":"Boseong &#8211; herbaciane tarasy"}]},{"@type":"WebSite","@id":"https:\/\/wloczykij.org\/blog\/#website","url":"https:\/\/wloczykij.org\/blog\/","name":"W\u0142\u00f3czykij - Roman Husarski","description":"","potentialAction":[{"@type":"SearchAction","target":{"@type":"EntryPoint","urlTemplate":"https:\/\/wloczykij.org\/blog\/?s={search_term_string}"},"query-input":{"@type":"PropertyValueSpecification","valueRequired":true,"valueName":"search_term_string"}}],"inLanguage":"pl-PL"},{"@type":"Person","@id":"https:\/\/wloczykij.org\/blog\/#\/schema\/person\/5715e17c214052b93c6c53e27ea498e5","name":"Roman","image":{"@type":"ImageObject","inLanguage":"pl-PL","@id":"https:\/\/secure.gravatar.com\/avatar\/a4ad12ebb0eef153209fb3604f0a54cb2d9993a45803e045e020a86a4527c70b?s=96&d=mm&r=g","url":"https:\/\/secure.gravatar.com\/avatar\/a4ad12ebb0eef153209fb3604f0a54cb2d9993a45803e045e020a86a4527c70b?s=96&d=mm&r=g","contentUrl":"https:\/\/secure.gravatar.com\/avatar\/a4ad12ebb0eef153209fb3604f0a54cb2d9993a45803e045e020a86a4527c70b?s=96&d=mm&r=g","caption":"Roman"},"url":"https:\/\/wloczykij.org\/blog\/author\/remus\/"}]}},"jetpack_publicize_connections":[],"jetpack_featured_media_url":"https:\/\/wloczykij.org\/blog\/wp-content\/uploads\/sites\/2\/2020\/12\/IMG_20200607_152220.jpg","jetpack_sharing_enabled":true,"_links":{"self":[{"href":"https:\/\/wloczykij.org\/blog\/wp-json\/wp\/v2\/posts\/3741","targetHints":{"allow":["GET"]}}],"collection":[{"href":"https:\/\/wloczykij.org\/blog\/wp-json\/wp\/v2\/posts"}],"about":[{"href":"https:\/\/wloczykij.org\/blog\/wp-json\/wp\/v2\/types\/post"}],"author":[{"embeddable":true,"href":"https:\/\/wloczykij.org\/blog\/wp-json\/wp\/v2\/users\/1"}],"replies":[{"embeddable":true,"href":"https:\/\/wloczykij.org\/blog\/wp-json\/wp\/v2\/comments?post=3741"}],"version-history":[{"count":9,"href":"https:\/\/wloczykij.org\/blog\/wp-json\/wp\/v2\/posts\/3741\/revisions"}],"predecessor-version":[{"id":3879,"href":"https:\/\/wloczykij.org\/blog\/wp-json\/wp\/v2\/posts\/3741\/revisions\/3879"}],"wp:featuredmedia":[{"embeddable":true,"href":"https:\/\/wloczykij.org\/blog\/wp-json\/wp\/v2\/media\/3834"}],"wp:attachment":[{"href":"https:\/\/wloczykij.org\/blog\/wp-json\/wp\/v2\/media?parent=3741"}],"wp:term":[{"taxonomy":"category","embeddable":true,"href":"https:\/\/wloczykij.org\/blog\/wp-json\/wp\/v2\/categories?post=3741"},{"taxonomy":"post_tag","embeddable":true,"href":"https:\/\/wloczykij.org\/blog\/wp-json\/wp\/v2\/tags?post=3741"}],"curies":[{"name":"wp","href":"https:\/\/api.w.org\/{rel}","templated":true}]}}