{"id":40,"date":"2011-11-23T22:13:56","date_gmt":"2011-11-23T21:13:56","guid":{"rendered":"http:\/\/rhusarski.wordpress.com\/?p=40"},"modified":"2022-03-20T15:52:33","modified_gmt":"2022-03-20T14:52:33","slug":"w-krainie-tysiaca-pagod-moja-prelekcja-na-temat-podrozy","status":"publish","type":"post","link":"https:\/\/wloczykij.org\/blog\/2011\/11\/23\/w-krainie-tysiaca-pagod-moja-prelekcja-na-temat-podrozy\/","title":{"rendered":"W krainie tysi\u0105ca pag\u00f3d. Prelekcja na temat mojego pobytu w Birmie!"},"content":{"rendered":"<p>Wszystkich serdecznie zapraszam 14 grudnia\u00a0 do Kawiarni Naukowej (Jakuba 29-30).<br \/>\nO 20.30 poprowadz\u0119 ma\u0142e slajdowisko na temat mojego pobytu w Birmie.<br \/>\nJe\u017celi jeste\u015b zainteresowany realiami tego egzotycznego kraju, to nie mo\u017ce ci\u0119 zabrakn\u0105\u0107!<\/p>\n<p><a href=\"https:\/\/wloczykij.org\/blog\/wp-content\/uploads\/sites\/2\/2011\/11\/birma2popr.jpg\"><img loading=\"lazy\" decoding=\"async\" width=\"1181\" height=\"787\" data-attachment-id=\"41\" data-permalink=\"https:\/\/wloczykij.org\/blog\/2011\/11\/23\/w-krainie-tysiaca-pagod-moja-prelekcja-na-temat-podrozy\/birma2popr\/\" data-orig-file=\"https:\/\/wloczykij.org\/blog\/wp-content\/uploads\/sites\/2\/2011\/11\/birma2popr.jpg\" data-orig-size=\"1181,787\" data-comments-opened=\"0\" data-image-meta=\"{&quot;aperture&quot;:&quot;0&quot;,&quot;credit&quot;:&quot;&quot;,&quot;camera&quot;:&quot;&quot;,&quot;caption&quot;:&quot;&quot;,&quot;created_timestamp&quot;:&quot;0&quot;,&quot;copyright&quot;:&quot;&quot;,&quot;focal_length&quot;:&quot;0&quot;,&quot;iso&quot;:&quot;0&quot;,&quot;shutter_speed&quot;:&quot;0&quot;,&quot;title&quot;:&quot;&quot;,&quot;orientation&quot;:&quot;0&quot;}\" data-image-title=\"birma fot. Roman Husarski\" data-image-description=\"\" data-image-caption=\"\" data-large-file=\"https:\/\/wloczykij.org\/blog\/wp-content\/uploads\/sites\/2\/2011\/11\/birma2popr-1000x666.jpg\" class=\"alignnone size-full wp-image-41\" title=\"birma fot. Roman Husarski\" src=\"https:\/\/wloczykij.org\/blog\/wp-content\/uploads\/sites\/2\/2011\/11\/birma2popr.jpg\" alt=\"\" srcset=\"https:\/\/wloczykij.org\/blog\/wp-content\/uploads\/sites\/2\/2011\/11\/birma2popr.jpg 1181w, https:\/\/wloczykij.org\/blog\/wp-content\/uploads\/sites\/2\/2011\/11\/birma2popr-1000x666.jpg 1000w, https:\/\/wloczykij.org\/blog\/wp-content\/uploads\/sites\/2\/2011\/11\/birma2popr-768x512.jpg 768w, https:\/\/wloczykij.org\/blog\/wp-content\/uploads\/sites\/2\/2011\/11\/birma2popr-920x613.jpg 920w, https:\/\/wloczykij.org\/blog\/wp-content\/uploads\/sites\/2\/2011\/11\/birma2popr-1024x682.jpg 1024w, https:\/\/wloczykij.org\/blog\/wp-content\/uploads\/sites\/2\/2011\/11\/birma2popr-300x200.jpg 300w\" sizes=\"auto, (max-width: 1181px) 100vw, 1181px\" \/><\/a><\/p>\n<p>wydarzenie na facebooku:<a href=\"http:\/\/www.facebook.com\/event.php?eid=280563778647442\"> click<\/a>!<\/p>\n","protected":false},"excerpt":{"rendered":"<p>Wszystkich serdecznie zapraszam 14 grudnia\u00a0 do Kawiarni Naukowej (Jakuba 29-30). O 20.30 poprowadz\u0119 ma\u0142e slajdowisko na temat mojego pobytu w Birmie. Je\u017celi jeste\u015b zainteresowany realiami tego egzotycznego kraju, to nie mo\u017ce ci\u0119 zabrakn\u0105\u0107! wydarzenie na facebooku: click!<\/p>\n","protected":false},"author":1,"featured_media":41,"comment_status":"open","ping_status":"open","sticky":false,"template":"","format":"standard","meta":{"_jetpack_memberships_contains_paid_content":false,"footnotes":"","jetpack_publicize_message":"","jetpack_publicize_feature_enabled":true,"jetpack_social_post_already_shared":true,"jetpack_social_options":{"image_generator_settings":{"template":"highway","default_image_id":0,"font":"","enabled":false},"version":2}},"categories":[4],"tags":[342],"class_list":["post-40","post","type-post","status-publish","format-standard","has-post-thumbnail","hentry","category-o-podrozowaniu","tag-prelekcja"],"yoast_head":"<!-- This site is optimized with the Yoast SEO plugin v27.5 - https:\/\/yoast.com\/product\/yoast-seo-wordpress\/ -->\n<title>W krainie tysi\u0105ca pag\u00f3d. Prelekcja na temat mojego pobytu w Birmie! - W\u0142\u00f3czykij - Roman Husarski<\/title>\n<meta name=\"robots\" content=\"index, follow, max-snippet:-1, max-image-preview:large, max-video-preview:-1\" \/>\n<link rel=\"canonical\" href=\"https:\/\/wloczykij.org\/blog\/2011\/11\/23\/w-krainie-tysiaca-pagod-moja-prelekcja-na-temat-podrozy\/\" \/>\n<meta property=\"og:locale\" content=\"pl_PL\" \/>\n<meta property=\"og:type\" content=\"article\" \/>\n<meta property=\"og:title\" content=\"W krainie tysi\u0105ca pag\u00f3d. Prelekcja na temat mojego pobytu w Birmie! - W\u0142\u00f3czykij - Roman Husarski\" \/>\n<meta property=\"og:description\" content=\"Wszystkich serdecznie zapraszam 14 grudnia\u00a0 do Kawiarni Naukowej (Jakuba 29-30). O 20.30 poprowadz\u0119 ma\u0142e slajdowisko na temat mojego pobytu w Birmie. Je\u017celi jeste\u015b zainteresowany realiami tego egzotycznego kraju, to nie mo\u017ce ci\u0119 zabrakn\u0105\u0107! wydarzenie na facebooku: click!\" \/>\n<meta property=\"og:url\" content=\"https:\/\/wloczykij.org\/blog\/2011\/11\/23\/w-krainie-tysiaca-pagod-moja-prelekcja-na-temat-podrozy\/\" \/>\n<meta property=\"og:site_name\" content=\"W\u0142\u00f3czykij - Roman Husarski\" \/>\n<meta property=\"article:publisher\" content=\"https:\/\/www.facebook.com\/pages\/W%c5%82%c3%b3czykij\/282838631839707\" \/>\n<meta property=\"article:published_time\" content=\"2011-11-23T21:13:56+00:00\" \/>\n<meta property=\"article:modified_time\" content=\"2022-03-20T14:52:33+00:00\" \/>\n<meta property=\"og:image\" content=\"https:\/\/wloczykij.org\/blog\/wp-content\/uploads\/sites\/2\/2011\/11\/birma2popr.jpg\" \/>\n\t<meta property=\"og:image:width\" content=\"1181\" \/>\n\t<meta property=\"og:image:height\" content=\"787\" \/>\n\t<meta property=\"og:image:type\" content=\"image\/jpeg\" \/>\n<meta name=\"author\" content=\"Roman\" \/>\n<meta name=\"twitter:label1\" content=\"Napisane przez\" \/>\n\t<meta name=\"twitter:data1\" content=\"Roman\" \/>\n<script type=\"application\/ld+json\" class=\"yoast-schema-graph\">{\"@context\":\"https:\\\/\\\/schema.org\",\"@graph\":[{\"@type\":\"Article\",\"@id\":\"https:\\\/\\\/wloczykij.org\\\/blog\\\/2011\\\/11\\\/23\\\/w-krainie-tysiaca-pagod-moja-prelekcja-na-temat-podrozy\\\/#article\",\"isPartOf\":{\"@id\":\"https:\\\/\\\/wloczykij.org\\\/blog\\\/2011\\\/11\\\/23\\\/w-krainie-tysiaca-pagod-moja-prelekcja-na-temat-podrozy\\\/\"},\"author\":{\"name\":\"Roman\",\"@id\":\"https:\\\/\\\/wloczykij.org\\\/blog\\\/#\\\/schema\\\/person\\\/5715e17c214052b93c6c53e27ea498e5\"},\"headline\":\"W krainie tysi\u0105ca pag\u00f3d. Prelekcja na temat mojego pobytu w Birmie!\",\"datePublished\":\"2011-11-23T21:13:56+00:00\",\"dateModified\":\"2022-03-20T14:52:33+00:00\",\"mainEntityOfPage\":{\"@id\":\"https:\\\/\\\/wloczykij.org\\\/blog\\\/2011\\\/11\\\/23\\\/w-krainie-tysiaca-pagod-moja-prelekcja-na-temat-podrozy\\\/\"},\"wordCount\":51,\"commentCount\":1,\"image\":{\"@id\":\"https:\\\/\\\/wloczykij.org\\\/blog\\\/2011\\\/11\\\/23\\\/w-krainie-tysiaca-pagod-moja-prelekcja-na-temat-podrozy\\\/#primaryimage\"},\"thumbnailUrl\":\"https:\\\/\\\/wloczykij.org\\\/blog\\\/wp-content\\\/uploads\\\/sites\\\/2\\\/2011\\\/11\\\/birma2popr.jpg\",\"keywords\":[\"prelekcja\"],\"articleSection\":[\"...O PODR\u00d3\u017bOWANIU...\"],\"inLanguage\":\"pl-PL\",\"potentialAction\":[{\"@type\":\"CommentAction\",\"name\":\"Comment\",\"target\":[\"https:\\\/\\\/wloczykij.org\\\/blog\\\/2011\\\/11\\\/23\\\/w-krainie-tysiaca-pagod-moja-prelekcja-na-temat-podrozy\\\/#respond\"]}]},{\"@type\":\"WebPage\",\"@id\":\"https:\\\/\\\/wloczykij.org\\\/blog\\\/2011\\\/11\\\/23\\\/w-krainie-tysiaca-pagod-moja-prelekcja-na-temat-podrozy\\\/\",\"url\":\"https:\\\/\\\/wloczykij.org\\\/blog\\\/2011\\\/11\\\/23\\\/w-krainie-tysiaca-pagod-moja-prelekcja-na-temat-podrozy\\\/\",\"name\":\"W krainie tysi\u0105ca pag\u00f3d. Prelekcja na temat mojego pobytu w Birmie! - W\u0142\u00f3czykij - Roman Husarski\",\"isPartOf\":{\"@id\":\"https:\\\/\\\/wloczykij.org\\\/blog\\\/#website\"},\"primaryImageOfPage\":{\"@id\":\"https:\\\/\\\/wloczykij.org\\\/blog\\\/2011\\\/11\\\/23\\\/w-krainie-tysiaca-pagod-moja-prelekcja-na-temat-podrozy\\\/#primaryimage\"},\"image\":{\"@id\":\"https:\\\/\\\/wloczykij.org\\\/blog\\\/2011\\\/11\\\/23\\\/w-krainie-tysiaca-pagod-moja-prelekcja-na-temat-podrozy\\\/#primaryimage\"},\"thumbnailUrl\":\"https:\\\/\\\/wloczykij.org\\\/blog\\\/wp-content\\\/uploads\\\/sites\\\/2\\\/2011\\\/11\\\/birma2popr.jpg\",\"datePublished\":\"2011-11-23T21:13:56+00:00\",\"dateModified\":\"2022-03-20T14:52:33+00:00\",\"author\":{\"@id\":\"https:\\\/\\\/wloczykij.org\\\/blog\\\/#\\\/schema\\\/person\\\/5715e17c214052b93c6c53e27ea498e5\"},\"breadcrumb\":{\"@id\":\"https:\\\/\\\/wloczykij.org\\\/blog\\\/2011\\\/11\\\/23\\\/w-krainie-tysiaca-pagod-moja-prelekcja-na-temat-podrozy\\\/#breadcrumb\"},\"inLanguage\":\"pl-PL\",\"potentialAction\":[{\"@type\":\"ReadAction\",\"target\":[\"https:\\\/\\\/wloczykij.org\\\/blog\\\/2011\\\/11\\\/23\\\/w-krainie-tysiaca-pagod-moja-prelekcja-na-temat-podrozy\\\/\"]}]},{\"@type\":\"ImageObject\",\"inLanguage\":\"pl-PL\",\"@id\":\"https:\\\/\\\/wloczykij.org\\\/blog\\\/2011\\\/11\\\/23\\\/w-krainie-tysiaca-pagod-moja-prelekcja-na-temat-podrozy\\\/#primaryimage\",\"url\":\"https:\\\/\\\/wloczykij.org\\\/blog\\\/wp-content\\\/uploads\\\/sites\\\/2\\\/2011\\\/11\\\/birma2popr.jpg\",\"contentUrl\":\"https:\\\/\\\/wloczykij.org\\\/blog\\\/wp-content\\\/uploads\\\/sites\\\/2\\\/2011\\\/11\\\/birma2popr.jpg\",\"width\":1181,\"height\":787},{\"@type\":\"BreadcrumbList\",\"@id\":\"https:\\\/\\\/wloczykij.org\\\/blog\\\/2011\\\/11\\\/23\\\/w-krainie-tysiaca-pagod-moja-prelekcja-na-temat-podrozy\\\/#breadcrumb\",\"itemListElement\":[{\"@type\":\"ListItem\",\"position\":1,\"name\":\"Strona g\u0142\u00f3wna\",\"item\":\"https:\\\/\\\/wloczykij.org\\\/blog\\\/\"},{\"@type\":\"ListItem\",\"position\":2,\"name\":\"W krainie tysi\u0105ca pag\u00f3d. Prelekcja na temat mojego pobytu w Birmie!\"}]},{\"@type\":\"WebSite\",\"@id\":\"https:\\\/\\\/wloczykij.org\\\/blog\\\/#website\",\"url\":\"https:\\\/\\\/wloczykij.org\\\/blog\\\/\",\"name\":\"W\u0142\u00f3czykij - Roman Husarski\",\"description\":\"\",\"potentialAction\":[{\"@type\":\"SearchAction\",\"target\":{\"@type\":\"EntryPoint\",\"urlTemplate\":\"https:\\\/\\\/wloczykij.org\\\/blog\\\/?s={search_term_string}\"},\"query-input\":{\"@type\":\"PropertyValueSpecification\",\"valueRequired\":true,\"valueName\":\"search_term_string\"}}],\"inLanguage\":\"pl-PL\"},{\"@type\":\"Person\",\"@id\":\"https:\\\/\\\/wloczykij.org\\\/blog\\\/#\\\/schema\\\/person\\\/5715e17c214052b93c6c53e27ea498e5\",\"name\":\"Roman\",\"image\":{\"@type\":\"ImageObject\",\"inLanguage\":\"pl-PL\",\"@id\":\"https:\\\/\\\/secure.gravatar.com\\\/avatar\\\/a4ad12ebb0eef153209fb3604f0a54cb2d9993a45803e045e020a86a4527c70b?s=96&d=mm&r=g\",\"url\":\"https:\\\/\\\/secure.gravatar.com\\\/avatar\\\/a4ad12ebb0eef153209fb3604f0a54cb2d9993a45803e045e020a86a4527c70b?s=96&d=mm&r=g\",\"contentUrl\":\"https:\\\/\\\/secure.gravatar.com\\\/avatar\\\/a4ad12ebb0eef153209fb3604f0a54cb2d9993a45803e045e020a86a4527c70b?s=96&d=mm&r=g\",\"caption\":\"Roman\"},\"url\":\"https:\\\/\\\/wloczykij.org\\\/blog\\\/author\\\/remus\\\/\"}]}<\/script>\n<!-- \/ Yoast SEO plugin. -->","yoast_head_json":{"title":"W krainie tysi\u0105ca pag\u00f3d. Prelekcja na temat mojego pobytu w Birmie! - W\u0142\u00f3czykij - Roman Husarski","robots":{"index":"index","follow":"follow","max-snippet":"max-snippet:-1","max-image-preview":"max-image-preview:large","max-video-preview":"max-video-preview:-1"},"canonical":"https:\/\/wloczykij.org\/blog\/2011\/11\/23\/w-krainie-tysiaca-pagod-moja-prelekcja-na-temat-podrozy\/","og_locale":"pl_PL","og_type":"article","og_title":"W krainie tysi\u0105ca pag\u00f3d. Prelekcja na temat mojego pobytu w Birmie! - W\u0142\u00f3czykij - Roman Husarski","og_description":"Wszystkich serdecznie zapraszam 14 grudnia\u00a0 do Kawiarni Naukowej (Jakuba 29-30). O 20.30 poprowadz\u0119 ma\u0142e slajdowisko na temat mojego pobytu w Birmie. Je\u017celi jeste\u015b zainteresowany realiami tego egzotycznego kraju, to nie mo\u017ce ci\u0119 zabrakn\u0105\u0107! wydarzenie na facebooku: click!","og_url":"https:\/\/wloczykij.org\/blog\/2011\/11\/23\/w-krainie-tysiaca-pagod-moja-prelekcja-na-temat-podrozy\/","og_site_name":"W\u0142\u00f3czykij - Roman Husarski","article_publisher":"https:\/\/www.facebook.com\/pages\/W%c5%82%c3%b3czykij\/282838631839707","article_published_time":"2011-11-23T21:13:56+00:00","article_modified_time":"2022-03-20T14:52:33+00:00","og_image":[{"width":1181,"height":787,"url":"https:\/\/wloczykij.org\/blog\/wp-content\/uploads\/sites\/2\/2011\/11\/birma2popr.jpg","type":"image\/jpeg"}],"author":"Roman","twitter_misc":{"Napisane przez":"Roman"},"schema":{"@context":"https:\/\/schema.org","@graph":[{"@type":"Article","@id":"https:\/\/wloczykij.org\/blog\/2011\/11\/23\/w-krainie-tysiaca-pagod-moja-prelekcja-na-temat-podrozy\/#article","isPartOf":{"@id":"https:\/\/wloczykij.org\/blog\/2011\/11\/23\/w-krainie-tysiaca-pagod-moja-prelekcja-na-temat-podrozy\/"},"author":{"name":"Roman","@id":"https:\/\/wloczykij.org\/blog\/#\/schema\/person\/5715e17c214052b93c6c53e27ea498e5"},"headline":"W krainie tysi\u0105ca pag\u00f3d. Prelekcja na temat mojego pobytu w Birmie!","datePublished":"2011-11-23T21:13:56+00:00","dateModified":"2022-03-20T14:52:33+00:00","mainEntityOfPage":{"@id":"https:\/\/wloczykij.org\/blog\/2011\/11\/23\/w-krainie-tysiaca-pagod-moja-prelekcja-na-temat-podrozy\/"},"wordCount":51,"commentCount":1,"image":{"@id":"https:\/\/wloczykij.org\/blog\/2011\/11\/23\/w-krainie-tysiaca-pagod-moja-prelekcja-na-temat-podrozy\/#primaryimage"},"thumbnailUrl":"https:\/\/wloczykij.org\/blog\/wp-content\/uploads\/sites\/2\/2011\/11\/birma2popr.jpg","keywords":["prelekcja"],"articleSection":["...O PODR\u00d3\u017bOWANIU..."],"inLanguage":"pl-PL","potentialAction":[{"@type":"CommentAction","name":"Comment","target":["https:\/\/wloczykij.org\/blog\/2011\/11\/23\/w-krainie-tysiaca-pagod-moja-prelekcja-na-temat-podrozy\/#respond"]}]},{"@type":"WebPage","@id":"https:\/\/wloczykij.org\/blog\/2011\/11\/23\/w-krainie-tysiaca-pagod-moja-prelekcja-na-temat-podrozy\/","url":"https:\/\/wloczykij.org\/blog\/2011\/11\/23\/w-krainie-tysiaca-pagod-moja-prelekcja-na-temat-podrozy\/","name":"W krainie tysi\u0105ca pag\u00f3d. Prelekcja na temat mojego pobytu w Birmie! - W\u0142\u00f3czykij - Roman Husarski","isPartOf":{"@id":"https:\/\/wloczykij.org\/blog\/#website"},"primaryImageOfPage":{"@id":"https:\/\/wloczykij.org\/blog\/2011\/11\/23\/w-krainie-tysiaca-pagod-moja-prelekcja-na-temat-podrozy\/#primaryimage"},"image":{"@id":"https:\/\/wloczykij.org\/blog\/2011\/11\/23\/w-krainie-tysiaca-pagod-moja-prelekcja-na-temat-podrozy\/#primaryimage"},"thumbnailUrl":"https:\/\/wloczykij.org\/blog\/wp-content\/uploads\/sites\/2\/2011\/11\/birma2popr.jpg","datePublished":"2011-11-23T21:13:56+00:00","dateModified":"2022-03-20T14:52:33+00:00","author":{"@id":"https:\/\/wloczykij.org\/blog\/#\/schema\/person\/5715e17c214052b93c6c53e27ea498e5"},"breadcrumb":{"@id":"https:\/\/wloczykij.org\/blog\/2011\/11\/23\/w-krainie-tysiaca-pagod-moja-prelekcja-na-temat-podrozy\/#breadcrumb"},"inLanguage":"pl-PL","potentialAction":[{"@type":"ReadAction","target":["https:\/\/wloczykij.org\/blog\/2011\/11\/23\/w-krainie-tysiaca-pagod-moja-prelekcja-na-temat-podrozy\/"]}]},{"@type":"ImageObject","inLanguage":"pl-PL","@id":"https:\/\/wloczykij.org\/blog\/2011\/11\/23\/w-krainie-tysiaca-pagod-moja-prelekcja-na-temat-podrozy\/#primaryimage","url":"https:\/\/wloczykij.org\/blog\/wp-content\/uploads\/sites\/2\/2011\/11\/birma2popr.jpg","contentUrl":"https:\/\/wloczykij.org\/blog\/wp-content\/uploads\/sites\/2\/2011\/11\/birma2popr.jpg","width":1181,"height":787},{"@type":"BreadcrumbList","@id":"https:\/\/wloczykij.org\/blog\/2011\/11\/23\/w-krainie-tysiaca-pagod-moja-prelekcja-na-temat-podrozy\/#breadcrumb","itemListElement":[{"@type":"ListItem","position":1,"name":"Strona g\u0142\u00f3wna","item":"https:\/\/wloczykij.org\/blog\/"},{"@type":"ListItem","position":2,"name":"W krainie tysi\u0105ca pag\u00f3d. Prelekcja na temat mojego pobytu w Birmie!"}]},{"@type":"WebSite","@id":"https:\/\/wloczykij.org\/blog\/#website","url":"https:\/\/wloczykij.org\/blog\/","name":"W\u0142\u00f3czykij - Roman Husarski","description":"","potentialAction":[{"@type":"SearchAction","target":{"@type":"EntryPoint","urlTemplate":"https:\/\/wloczykij.org\/blog\/?s={search_term_string}"},"query-input":{"@type":"PropertyValueSpecification","valueRequired":true,"valueName":"search_term_string"}}],"inLanguage":"pl-PL"},{"@type":"Person","@id":"https:\/\/wloczykij.org\/blog\/#\/schema\/person\/5715e17c214052b93c6c53e27ea498e5","name":"Roman","image":{"@type":"ImageObject","inLanguage":"pl-PL","@id":"https:\/\/secure.gravatar.com\/avatar\/a4ad12ebb0eef153209fb3604f0a54cb2d9993a45803e045e020a86a4527c70b?s=96&d=mm&r=g","url":"https:\/\/secure.gravatar.com\/avatar\/a4ad12ebb0eef153209fb3604f0a54cb2d9993a45803e045e020a86a4527c70b?s=96&d=mm&r=g","contentUrl":"https:\/\/secure.gravatar.com\/avatar\/a4ad12ebb0eef153209fb3604f0a54cb2d9993a45803e045e020a86a4527c70b?s=96&d=mm&r=g","caption":"Roman"},"url":"https:\/\/wloczykij.org\/blog\/author\/remus\/"}]}},"jetpack_publicize_connections":[],"jetpack_featured_media_url":"https:\/\/wloczykij.org\/blog\/wp-content\/uploads\/sites\/2\/2011\/11\/birma2popr.jpg","jetpack_sharing_enabled":true,"_links":{"self":[{"href":"https:\/\/wloczykij.org\/blog\/wp-json\/wp\/v2\/posts\/40","targetHints":{"allow":["GET"]}}],"collection":[{"href":"https:\/\/wloczykij.org\/blog\/wp-json\/wp\/v2\/posts"}],"about":[{"href":"https:\/\/wloczykij.org\/blog\/wp-json\/wp\/v2\/types\/post"}],"author":[{"embeddable":true,"href":"https:\/\/wloczykij.org\/blog\/wp-json\/wp\/v2\/users\/1"}],"replies":[{"embeddable":true,"href":"https:\/\/wloczykij.org\/blog\/wp-json\/wp\/v2\/comments?post=40"}],"version-history":[{"count":1,"href":"https:\/\/wloczykij.org\/blog\/wp-json\/wp\/v2\/posts\/40\/revisions"}],"predecessor-version":[{"id":2624,"href":"https:\/\/wloczykij.org\/blog\/wp-json\/wp\/v2\/posts\/40\/revisions\/2624"}],"wp:featuredmedia":[{"embeddable":true,"href":"https:\/\/wloczykij.org\/blog\/wp-json\/wp\/v2\/media\/41"}],"wp:attachment":[{"href":"https:\/\/wloczykij.org\/blog\/wp-json\/wp\/v2\/media?parent=40"}],"wp:term":[{"taxonomy":"category","embeddable":true,"href":"https:\/\/wloczykij.org\/blog\/wp-json\/wp\/v2\/categories?post=40"},{"taxonomy":"post_tag","embeddable":true,"href":"https:\/\/wloczykij.org\/blog\/wp-json\/wp\/v2\/tags?post=40"}],"curies":[{"name":"wp","href":"https:\/\/api.w.org\/{rel}","templated":true}]}}