{"id":4238,"date":"2022-09-17T19:26:28","date_gmt":"2022-09-17T17:26:28","guid":{"rendered":"https:\/\/wloczykij.org\/blog\/?p=4238"},"modified":"2022-09-18T18:30:45","modified_gmt":"2022-09-18T16:30:45","slug":"dom-kim-ir-sena-w-korei-poludniowej","status":"publish","type":"post","link":"https:\/\/wloczykij.org\/blog\/2022\/09\/17\/dom-kim-ir-sena-w-korei-poludniowej\/","title":{"rendered":"Dom letniskowy Kim Ir Sena w&#8230; Korei Po\u0142udniowej"},"content":{"rendered":"\n<p>Podczas ostatniej pracy badawczej w Korei Po\u0142udniowej* mia\u0142em okazj\u0119 sp\u0119dzi\u0107 weekend zwiedzaj\u0105c powiat Goseong w prowincji Gangwon. Wraz z korea\u0144skim przyjacielem wynaj\u0119li\u015bmy samoch\u00f3d w Seulu i ruszyli\u015bmy na wsch\u00f3d. Goseong (nie myli\u0107 z powiatem o takiej samej nazwie w prowincji Po\u0142udniowy Gyeongsang) interesowa\u0142 mnie od dawna, ze wzgl\u0119du na najbardziej wysuni\u0119t\u0105 na P\u00f3\u0142noc otwart\u0105 dla turyst\u00f3w cz\u0119\u015b\u0107 Strefy Zdemilitaryzowanej, sklepy z produktami z KRLD i pi\u0119kno Morza Wschodniego. Jedn\u0105 z lokalnych atrakcji powiatu jest niewielki, murowany dom, nazwany dumnie will\u0105 (\ubcc4\uc7a5), kt\u00f3ry mia\u0142 nale\u017ce\u0107 przez pewien czas do&#8230; Kim Ir Sena. Chwila \u2014 kto\u015b zapyta \u2014 jak to dom Kim Ir Sena, lidera Korei P\u00f3\u0142nocnej w Korei Po\u0142udniowej? <\/p>\n\n\n\n<h2 class=\"wp-block-heading\">P\u0142ynno\u015b\u0107 granic<\/h2>\n\n\n\n<p>W 1945 roku za obop\u00f3ln\u0105 zgod\u0105 ZSRR i Stan\u00f3w zjednoczonych, Korea zosta\u0142a podzielona wzd\u0142u\u017c 38. r\u00f3wnole\u017cnika. Wojna korea\u0144ska (1950-53) zako\u0144czy\u0142a si\u0119 niemal\u017ce w punkcie wyj\u015bcia, w zwi\u0105zku z tym granice obu kraj\u00f3w przesun\u0119\u0142y si\u0119 jedynie nieznacznie. Po\u0142udnie utraci\u0142o niezwykle wa\u017cne historycznie miasto Kaesong, ale zyska\u0142o tereny na wschodzie, ostatecznie zdobywaj\u0105c terytorialnie wi\u0119cej ni\u017c P\u00f3\u0142noc. Z odzyskanego regionu pochodzi ogromna ilo\u015b\u0107 materia\u0142\u00f3w dotycz\u0105cych przebiegu p\u00f3\u0142nocnokorea\u0144skiej rewolucji komunistycznej. Dzi\u015b mo\u017cna je studiowa\u0107 w archiwach w Seulu i Washington D.C. (czym m.in. zajmuj\u0119 si\u0119 naukowo). Pozosta\u0142o te\u017c kilka przyk\u0142ad\u00f3w socrealizmu w architekturze i wspomniany dom letniskowy Kim Ir Sena. Poni\u017cej zamieszczam map\u0119, kt\u00f3ra mo\u017ce pom\u00f3c w rozeznaniu. <\/p>\n\n\n\n<figure class=\"wp-block-image size-full is-resized\"><img loading=\"lazy\" decoding=\"async\" data-attachment-id=\"4242\" data-permalink=\"https:\/\/wloczykij.org\/blog\/2022\/09\/17\/dom-kim-ir-sena-w-korei-poludniowej\/podzial-1\/\" data-orig-file=\"https:\/\/wloczykij.org\/blog\/wp-content\/uploads\/sites\/2\/2022\/09\/podzial-1.jpg\" data-orig-size=\"1000,750\" data-comments-opened=\"0\" data-image-meta=\"{&quot;aperture&quot;:&quot;0&quot;,&quot;credit&quot;:&quot;&quot;,&quot;camera&quot;:&quot;&quot;,&quot;caption&quot;:&quot;&quot;,&quot;created_timestamp&quot;:&quot;0&quot;,&quot;copyright&quot;:&quot;&quot;,&quot;focal_length&quot;:&quot;0&quot;,&quot;iso&quot;:&quot;0&quot;,&quot;shutter_speed&quot;:&quot;0&quot;,&quot;title&quot;:&quot;&quot;,&quot;orientation&quot;:&quot;0&quot;}\" data-image-title=\"podzial-1\" data-image-description=\"\" data-image-caption=\"\" data-large-file=\"https:\/\/wloczykij.org\/blog\/wp-content\/uploads\/sites\/2\/2022\/09\/podzial-1.jpg\" src=\"https:\/\/wloczykij.org\/blog\/wp-content\/uploads\/sites\/2\/2022\/09\/podzial-1.jpg\" alt=\"\" class=\"wp-image-4242\" width=\"840\" height=\"630\" srcset=\"https:\/\/wloczykij.org\/blog\/wp-content\/uploads\/sites\/2\/2022\/09\/podzial-1.jpg 1000w, https:\/\/wloczykij.org\/blog\/wp-content\/uploads\/sites\/2\/2022\/09\/podzial-1-768x576.jpg 768w, https:\/\/wloczykij.org\/blog\/wp-content\/uploads\/sites\/2\/2022\/09\/podzial-1-920x690.jpg 920w\" sizes=\"auto, (max-width: 840px) 100vw, 840px\" \/><figcaption>Zmiany na granicy obu Korei po wojnie korea\u0144skiej<\/figcaption><\/figure>\n\n\n\n<h2 class=\"wp-block-heading\">Od pastor\u00f3w do Kim\u00f3w<\/h2>\n\n\n\n<p>Dom usytuowany zosta\u0142 na poro\u015bni\u0119tym sosnami wzg\u00f3rzu z widokiem na Hwajinpo, najwi\u0119ksz\u0105 lagun\u0119 Korei. To niezwykle malownicze i spokojne miejsce. Nic dziwnego, \u017ce ch\u0119tnie wybierane przez politycznych magnat\u00f3w na miejsce odosobnienia. W pobli\u017cu znajduj\u0105 si\u0119 ex-wille dw\u00f3ch innych s\u0142awnych (i kontrowersyjnych) Korea\u0144czyk\u00f3w &#8211; Rhee Syngmana i jego wiceprezydenta Lee Ki-poonga, kt\u00f3re r\u00f3wnie\u017c mo\u017cna odwiedzi\u0107. <\/p>\n\n\n\n<p>Kimirsenowska dacza ma trzy pi\u0119tra i wygl\u0105da jak \u015bredniowieczna wie\u017ca. Miejscowi nazywaj\u0105 j\u0105 po prostu  &#8222;zamkiem Hwajinpo&#8221; (\ud654\uc9c4\ud3ec\uc758 \uc131). Po prawdzie wygl\u0105da dosy\u0107 kiczowato. W \u015brodku znajduje si\u0119 kominek, \u0142\u00f3\u017cko oraz wystawy tematyczne m.in. na temat p\u00f3\u0142nocnokorea\u0144skiego ubioru czy r\u00f3\u017cnic j\u0119zykowych pomi\u0119dzy P\u00f3\u0142noc\u0105 a Po\u0142udniem. Ca\u0142o\u015b\u0107 okraszona jest prozjednoczeniowymi sloganami.  Najlepsza z tego wszystkiego jest wie\u017ca, z kt\u00f3rej mo\u017cna podziwia\u0107 zar\u00f3wno Hawjinpo, jak i Morze Wschodnie. <\/p>\n\n\n\n<p>Dom zaprojektowa\u0142 w okresie kolonialnym dezerter z Trzeciej Rzeszy, niejaki H. Weber. Projekt zleci\u0142 w 1938 roku Sherwooda Halla, syn znanej pary kanadyjskich lekarzy i misjonarzy Williama i Rosetty Sherwood Hall. &#8222;Zamek&#8221; w tym czasie s\u0142u\u017cy\u0142, jako miejsca modlitewnych spotka\u0144. Nie trwa\u0142o to d\u0142ugo. Ju\u017c dwa lata p\u00f3\u017aniej Hall podzieli\u0142 los wielu innych misjonarzy. Japo\u0144skie w\u0142adze kolonialne deportowa\u0142y go pod zarzutem szpiegostwa. Dom by\u0142 d\u0142ugo porzucony, a\u017c po podziale P\u00f3\u0142wyspu, upatrzy\u0142 go sobie Kim Ir Sen, przyw\u00f3dca nowo powsta\u0142ej Korei P\u00f3\u0142nocnej.<\/p>\n\n\n\n<figure class=\"wp-block-gallery has-nested-images columns-default is-cropped wp-block-gallery-1 is-layout-flex wp-block-gallery-is-layout-flex\">\n<figure class=\"wp-block-image size-full\"><img loading=\"lazy\" decoding=\"async\" width=\"1202\" height=\"1600\" data-attachment-id=\"4250\" data-permalink=\"https:\/\/wloczykij.org\/blog\/2022\/09\/17\/dom-kim-ir-sena-w-korei-poludniowej\/5-6\/\" data-orig-file=\"https:\/\/wloczykij.org\/blog\/wp-content\/uploads\/sites\/2\/2022\/09\/5.jpg\" data-orig-size=\"1202,1600\" data-comments-opened=\"0\" data-image-meta=\"{&quot;aperture&quot;:&quot;2.2&quot;,&quot;credit&quot;:&quot;&quot;,&quot;camera&quot;:&quot;2109119DG&quot;,&quot;caption&quot;:&quot;&quot;,&quot;created_timestamp&quot;:&quot;1655054744&quot;,&quot;copyright&quot;:&quot;&quot;,&quot;focal_length&quot;:&quot;1.65&quot;,&quot;iso&quot;:&quot;50&quot;,&quot;shutter_speed&quot;:&quot;0.0040322580645161&quot;,&quot;title&quot;:&quot;&quot;,&quot;orientation&quot;:&quot;1&quot;}\" data-image-title=\"5\" data-image-description=\"\" data-image-caption=\"\" data-large-file=\"https:\/\/wloczykij.org\/blog\/wp-content\/uploads\/sites\/2\/2022\/09\/5-751x1000.jpg\" data-id=\"4250\" src=\"https:\/\/wloczykij.org\/blog\/wp-content\/uploads\/sites\/2\/2022\/09\/5.jpg\" alt=\"Zamek Hwajinpo\" class=\"wp-image-4250\" srcset=\"https:\/\/wloczykij.org\/blog\/wp-content\/uploads\/sites\/2\/2022\/09\/5.jpg 1202w, https:\/\/wloczykij.org\/blog\/wp-content\/uploads\/sites\/2\/2022\/09\/5-577x768.jpg 577w, https:\/\/wloczykij.org\/blog\/wp-content\/uploads\/sites\/2\/2022\/09\/5-751x1000.jpg 751w, https:\/\/wloczykij.org\/blog\/wp-content\/uploads\/sites\/2\/2022\/09\/5-920x1225.jpg 920w, https:\/\/wloczykij.org\/blog\/wp-content\/uploads\/sites\/2\/2022\/09\/5-1154x1536.jpg 1154w, https:\/\/wloczykij.org\/blog\/wp-content\/uploads\/sites\/2\/2022\/09\/5-1000x1331.jpg 1000w\" sizes=\"auto, (max-width: 1202px) 100vw, 1202px\" \/><figcaption>Zamek Hwajinpo<\/figcaption><\/figure>\n\n\n\n<figure class=\"wp-block-image size-full\"><img loading=\"lazy\" decoding=\"async\" width=\"500\" height=\"636\" data-attachment-id=\"4251\" data-permalink=\"https:\/\/wloczykij.org\/blog\/2022\/09\/17\/dom-kim-ir-sena-w-korei-poludniowej\/misjonarze\/\" data-orig-file=\"https:\/\/wloczykij.org\/blog\/wp-content\/uploads\/sites\/2\/2022\/09\/misjonarze.jpg\" data-orig-size=\"500,636\" data-comments-opened=\"0\" data-image-meta=\"{&quot;aperture&quot;:&quot;0&quot;,&quot;credit&quot;:&quot;&quot;,&quot;camera&quot;:&quot;&quot;,&quot;caption&quot;:&quot;&quot;,&quot;created_timestamp&quot;:&quot;0&quot;,&quot;copyright&quot;:&quot;&quot;,&quot;focal_length&quot;:&quot;0&quot;,&quot;iso&quot;:&quot;0&quot;,&quot;shutter_speed&quot;:&quot;0&quot;,&quot;title&quot;:&quot;&quot;,&quot;orientation&quot;:&quot;0&quot;}\" data-image-title=\"misjonarze\" data-image-description=\"\" data-image-caption=\"\" data-large-file=\"https:\/\/wloczykij.org\/blog\/wp-content\/uploads\/sites\/2\/2022\/09\/misjonarze.jpg\" data-id=\"4251\" src=\"https:\/\/wloczykij.org\/blog\/wp-content\/uploads\/sites\/2\/2022\/09\/misjonarze.jpg\" alt=\"Sherwoood Hall wraz z \u017con\u0105, w \u015brodku Rosetta Sherwood Hall, znana w Korei z pracy na rzecz niewidomych. \" class=\"wp-image-4251\"\/><figcaption>Sherwoood Hall wraz z \u017con\u0105, w \u015brodku Rosetta Sherwood Hall, znana w Korei z pracy na rzecz niewidomych<\/figcaption><\/figure>\n<\/figure>\n\n\n\n<h2 class=\"wp-block-heading\">Ar\u0142am\u00f3w Korei P\u00f3\u0142nocnej?<\/h2>\n\n\n\n<p>Hwajinpo sta\u0142o si\u0119 miejscem rekreacji dla komunistycznej wierchuszki. Rodzina Kim\u00f3w nie go\u015bci\u0142a tu jednak d\u0142ugo, zaledwie pomi\u0119dzy 1948 a 1950 rokiem. Na tablicy informacyjnej wydrukowano zdj\u0119cie, na kt\u00f3rym wida\u0107 m\u0142odego Kim Dzong Ila i jego siostr\u0119 Kim Kyong-hui  (po\u015brodku, na prawo od brata). Warto zwr\u00f3ci\u0107 uwag\u0119 na rosyjskiego ch\u0142opca, kt\u00f3ry siedzi obok korea\u0144skich dzieci. Wed\u0142ug podpisu to syn sowieckiego genera\u0142a Miko\u0142aja Lebiediewa. Cho\u0107 z informacji zamieszczonych w muzeum nie ma na ten temat ani s\u0142owa, to w\u0142a\u015bnie Lebiediew kontrolowa\u0142 ka\u017cdy krok Kim Ir Sena na pocz\u0105tku jego kariery, a nawet zadecydowa\u0142 o nazwie nowego kraju. Warto r\u00f3wnie\u017c doda\u0107, \u017ce p\u00f3\u0142nocnokorea\u0144skie \u017ar\u00f3d\u0142a potwierdzaj\u0105 pobyt Kim Ir Sena w Hwajinpo (zob. np. &#8222;autobiografi\u0119&#8221; Kim Ir Sena &#8222;W stron\u0119 stulecia!&#8221;). <\/p>\n\n\n\n<p>Po wojnie budynek niszcza\u0142 latami. W 1964 roku przerobiono go na \u015bwietlic\u0119 lokalnego oddzia\u0142u wojskowego. Ostatecznie odrestaurowano go i otworzono wraz z wystaw\u0105 dla turyst\u00f3w w 2006 roku, na fali optymizmu polityki prozjednoczeniowej. <a href=\"https:\/\/n.news.naver.com\/mnews\/article\/001\/0000729982?sid=100\">Nie oby\u0142o si\u0119 bez kontrowersji<\/a> w\u015br\u00f3d lokalnej ludno\u015bci. Na przyk\u0142ad wytykano korea\u0144skiej lewicy hipokryzj\u0119 za sprzeciwianie si\u0119 budowie muzeum Genera\u0142a Park Chung-hee (dyktatora Korei Po\u0142udniowej w latach 1961-79, takie muzeum powsta\u0142o), a wspieranie projektu willi Kim Ir Sena. Przypomnijmy, \u017ce Gangwon jest raczej konserwatywn\u0105 prowincj\u0105 \u2014 cho\u0107by z powodu do\u015bwiadczenia p\u00f3\u0142nocnokorea\u0144skiego komunizmu &#8222;na w\u0142asnej sk\u00f3rze&#8221;.  <\/p>\n\n\n\n<figure class=\"wp-block-gallery has-nested-images columns-default is-cropped wp-block-gallery-2 is-layout-flex wp-block-gallery-is-layout-flex\">\n<figure class=\"wp-block-image size-large\"><img loading=\"lazy\" decoding=\"async\" width=\"800\" height=\"1208\" data-attachment-id=\"4265\" data-permalink=\"https:\/\/wloczykij.org\/blog\/2022\/09\/17\/dom-kim-ir-sena-w-korei-poludniowej\/unity\/\" data-orig-file=\"https:\/\/wloczykij.org\/blog\/wp-content\/uploads\/sites\/2\/2022\/09\/unity.jpg\" data-orig-size=\"800,1208\" data-comments-opened=\"0\" data-image-meta=\"{&quot;aperture&quot;:&quot;0&quot;,&quot;credit&quot;:&quot;&quot;,&quot;camera&quot;:&quot;&quot;,&quot;caption&quot;:&quot;&quot;,&quot;created_timestamp&quot;:&quot;0&quot;,&quot;copyright&quot;:&quot;&quot;,&quot;focal_length&quot;:&quot;0&quot;,&quot;iso&quot;:&quot;0&quot;,&quot;shutter_speed&quot;:&quot;0&quot;,&quot;title&quot;:&quot;&quot;,&quot;orientation&quot;:&quot;0&quot;}\" data-image-title=\"unity\" data-image-description=\"\" data-image-caption=\"\" data-large-file=\"https:\/\/wloczykij.org\/blog\/wp-content\/uploads\/sites\/2\/2022\/09\/unity-662x1000.jpg\" data-id=\"4265\" src=\"https:\/\/wloczykij.org\/blog\/wp-content\/uploads\/sites\/2\/2022\/09\/unity.jpg\" alt=\"\" class=\"wp-image-4265\" srcset=\"https:\/\/wloczykij.org\/blog\/wp-content\/uploads\/sites\/2\/2022\/09\/unity.jpg 800w, https:\/\/wloczykij.org\/blog\/wp-content\/uploads\/sites\/2\/2022\/09\/unity-509x768.jpg 509w, https:\/\/wloczykij.org\/blog\/wp-content\/uploads\/sites\/2\/2022\/09\/unity-662x1000.jpg 662w\" sizes=\"auto, (max-width: 800px) 100vw, 800px\" \/><figcaption>Instalacja prozjednoczeniowa<\/figcaption><\/figure>\n\n\n\n<figure class=\"wp-block-image size-large\"><img loading=\"lazy\" decoding=\"async\" width=\"1600\" height=\"1197\" data-attachment-id=\"4259\" data-permalink=\"https:\/\/wloczykij.org\/blog\/2022\/09\/17\/dom-kim-ir-sena-w-korei-poludniowej\/2-6\/\" data-orig-file=\"https:\/\/wloczykij.org\/blog\/wp-content\/uploads\/sites\/2\/2022\/09\/2.jpg\" data-orig-size=\"1600,1197\" data-comments-opened=\"0\" data-image-meta=\"{&quot;aperture&quot;:&quot;1.79&quot;,&quot;credit&quot;:&quot;&quot;,&quot;camera&quot;:&quot;2109119DG&quot;,&quot;caption&quot;:&quot;&quot;,&quot;created_timestamp&quot;:&quot;1655054187&quot;,&quot;copyright&quot;:&quot;&quot;,&quot;focal_length&quot;:&quot;4.695&quot;,&quot;iso&quot;:&quot;892&quot;,&quot;shutter_speed&quot;:&quot;0.033333333333333&quot;,&quot;title&quot;:&quot;&quot;,&quot;orientation&quot;:&quot;1&quot;}\" data-image-title=\"2\" data-image-description=\"\" data-image-caption=\"\" data-large-file=\"https:\/\/wloczykij.org\/blog\/wp-content\/uploads\/sites\/2\/2022\/09\/2-1000x748.jpg\" data-id=\"4259\" src=\"https:\/\/wloczykij.org\/blog\/wp-content\/uploads\/sites\/2\/2022\/09\/2.jpg\" alt=\"\" class=\"wp-image-4259\" srcset=\"https:\/\/wloczykij.org\/blog\/wp-content\/uploads\/sites\/2\/2022\/09\/2.jpg 1600w, https:\/\/wloczykij.org\/blog\/wp-content\/uploads\/sites\/2\/2022\/09\/2-768x575.jpg 768w, https:\/\/wloczykij.org\/blog\/wp-content\/uploads\/sites\/2\/2022\/09\/2-1000x748.jpg 1000w, https:\/\/wloczykij.org\/blog\/wp-content\/uploads\/sites\/2\/2022\/09\/2-920x688.jpg 920w, https:\/\/wloczykij.org\/blog\/wp-content\/uploads\/sites\/2\/2022\/09\/2-1536x1149.jpg 1536w\" sizes=\"auto, (max-width: 1600px) 100vw, 1600px\" \/><figcaption>Wystawa stroju p\u00f3\u0142nocnokorea\u0144skiego<\/figcaption><\/figure>\n\n\n\n<figure class=\"wp-block-image size-large\"><img loading=\"lazy\" decoding=\"async\" width=\"1197\" height=\"1600\" data-attachment-id=\"4258\" data-permalink=\"https:\/\/wloczykij.org\/blog\/2022\/09\/17\/dom-kim-ir-sena-w-korei-poludniowej\/1-14\/\" data-orig-file=\"https:\/\/wloczykij.org\/blog\/wp-content\/uploads\/sites\/2\/2022\/09\/1.jpg\" data-orig-size=\"1197,1600\" data-comments-opened=\"0\" data-image-meta=\"{&quot;aperture&quot;:&quot;1.79&quot;,&quot;credit&quot;:&quot;&quot;,&quot;camera&quot;:&quot;2109119DG&quot;,&quot;caption&quot;:&quot;&quot;,&quot;created_timestamp&quot;:&quot;1655053968&quot;,&quot;copyright&quot;:&quot;&quot;,&quot;focal_length&quot;:&quot;4.695&quot;,&quot;iso&quot;:&quot;58&quot;,&quot;shutter_speed&quot;:&quot;0.0083333333333333&quot;,&quot;title&quot;:&quot;&quot;,&quot;orientation&quot;:&quot;1&quot;}\" data-image-title=\"1\" data-image-description=\"\" data-image-caption=\"\" data-large-file=\"https:\/\/wloczykij.org\/blog\/wp-content\/uploads\/sites\/2\/2022\/09\/1-748x1000.jpg\" data-id=\"4258\" src=\"https:\/\/wloczykij.org\/blog\/wp-content\/uploads\/sites\/2\/2022\/09\/1.jpg\" alt=\"\" class=\"wp-image-4258\" srcset=\"https:\/\/wloczykij.org\/blog\/wp-content\/uploads\/sites\/2\/2022\/09\/1.jpg 1197w, https:\/\/wloczykij.org\/blog\/wp-content\/uploads\/sites\/2\/2022\/09\/1-575x768.jpg 575w, https:\/\/wloczykij.org\/blog\/wp-content\/uploads\/sites\/2\/2022\/09\/1-748x1000.jpg 748w, https:\/\/wloczykij.org\/blog\/wp-content\/uploads\/sites\/2\/2022\/09\/1-920x1230.jpg 920w, https:\/\/wloczykij.org\/blog\/wp-content\/uploads\/sites\/2\/2022\/09\/1-1149x1536.jpg 1149w, https:\/\/wloczykij.org\/blog\/wp-content\/uploads\/sites\/2\/2022\/09\/1-1000x1337.jpg 1000w\" sizes=\"auto, (max-width: 1197px) 100vw, 1197px\" \/><figcaption>Od lewej syn genera\u0142a Miko\u0142aja Lebiediewa, Kim Dzong Il, Kim Kyong-hui<\/figcaption><\/figure>\n<\/figure>\n\n\n\n<h2 class=\"wp-block-heading\">Jedna&#8230; dwie wille Kim Ir Sena!<\/h2>\n\n\n\n<p>Okazuje si\u0119, \u017ce wie\u017ca w Goseong nie jest jedynym miejscem, w kt\u00f3rym wakacje sp\u0119dza\u0142 Kim Ir Sen. Od dawna wskazywano pewne ruiny willi w pobli\u017cu jeziora Sanjeong (prowincja Gyeonggi). Tam te\u017c mia\u0142 si\u0119 zatrzymywa\u0107 przewodnicz\u0105cy Partii Pracy Korei. Administracja prowincji Gyeonggi w 2019 roku <a href=\"https:\/\/www.hankookilbo.com\/News\/Read\/201903111514047676?did=NA&amp;dtype=&amp;dtypecode=&amp;prnewsid=?did=NA&amp;dtype=&amp;dtypecode=&amp;prnewsid=\">oszacowa\u0142a odbudow\u0119 miejsca wraz z postawieniem pami\u0105tkowego muzeum na 5,4 miliarda won\u00f3w<\/a>. Obecnie stoi tam tablica informacyjna, z kt\u00f3rej dowiemy si\u0119, \u017ce po\u0142o\u017cenie jeziora jest &#8222;doskona\u0142e&#8221;, przypomina kszta\u0142tem odwr\u00f3con\u0105 map\u0119 Korei i Kim Ir Sen lubi\u0142 si\u0119 tu zatrzymywa\u0107 (s\u0142owo &#8222;dyktator&#8221; oczywi\u015bcie nie pada). <\/p>\n\n\n\n<p>Plany budowy wywo\u0142a\u0142y jednak <a href=\"https:\/\/www.bbc.com\/korean\/news-47549736\">zbyt wiele kontrowersji w\u015br\u00f3d mieszka\u0144c\u00f3w i historyk\u00f3w<\/a>. Profesor An Chang-mo, znany badacz architektury wsp\u00f3\u0142czesnej Korei, przypomina, \u017ce w gruncie rzeczy nie ma \u017cadnych materialnych dowod\u00f3w na to, \u017ce Kim Ir Sen kiedykolwiek zatrzymywa\u0142 si\u0119 we wskazanej will. Podobnie jak w przypadku &#8222;zamku Hwajinpo&#8221; ci\u0119\u017cko unikn\u0105\u0107 skojarze\u0144 z polityk\u0105. Propozycja projektu pojawi\u0142a si\u0119 w zenicie nowej s\u0142onecznej polityki Moon Jae-ina, nied\u0142ugo po spotkaniu prezydenta z marsza\u0142kiem Kim Dzong Unem. Reasumuj\u0105c, projekt typu &#8222;willa Kim Ir Sena&#8221; nale\u017cy odczytywa\u0107 w kluczu aktualnej polityki historycznej, w tym wypadku korea\u0144skiej lewicy. Dla przeciwwagi warto odwiedzi\u0107 te\u017c dom letniskowy Rhee Syngmana, kt\u00f3r\u0105 wype\u0142nia duch patriotyzmu (i niezbyt udane figury woskowe prezydenckiej pary). Warto doda\u0107, \u017ce narracje budowane w tego typu miejscach pami\u0119ci wiele m\u00f3wi\u0105 o problemie kultu jednostki i autorytarnych tendencjach w Korei, <a href=\"https:\/\/wloczykij.org\/blog\/2022\/04\/10\/kult-jednostki-w-korei\/\">co\u015b, o czym pisa\u0142em te\u017c wi\u0119cej niedawno<\/a>.  <\/p>\n\n\n\n<figure class=\"wp-block-gallery has-nested-images columns-default is-cropped wp-block-gallery-3 is-layout-flex wp-block-gallery-is-layout-flex\">\n<figure class=\"wp-block-image size-large\"><img loading=\"lazy\" decoding=\"async\" width=\"1000\" height=\"748\" data-attachment-id=\"4263\" data-permalink=\"https:\/\/wloczykij.org\/blog\/2022\/09\/17\/dom-kim-ir-sena-w-korei-poludniowej\/6-9\/\" data-orig-file=\"https:\/\/wloczykij.org\/blog\/wp-content\/uploads\/sites\/2\/2022\/09\/6.jpg\" data-orig-size=\"1600,1197\" data-comments-opened=\"0\" data-image-meta=\"{&quot;aperture&quot;:&quot;1.79&quot;,&quot;credit&quot;:&quot;&quot;,&quot;camera&quot;:&quot;2109119DG&quot;,&quot;caption&quot;:&quot;&quot;,&quot;created_timestamp&quot;:&quot;1655055272&quot;,&quot;copyright&quot;:&quot;&quot;,&quot;focal_length&quot;:&quot;4.695&quot;,&quot;iso&quot;:&quot;852&quot;,&quot;shutter_speed&quot;:&quot;0.016666666666667&quot;,&quot;title&quot;:&quot;&quot;,&quot;orientation&quot;:&quot;1&quot;}\" data-image-title=\"6\" data-image-description=\"\" data-image-caption=\"\" data-large-file=\"https:\/\/wloczykij.org\/blog\/wp-content\/uploads\/sites\/2\/2022\/09\/6-1000x748.jpg\" data-id=\"4263\" src=\"https:\/\/wloczykij.org\/blog\/wp-content\/uploads\/sites\/2\/2022\/09\/6-1000x748.jpg\" alt=\"\" class=\"wp-image-4263\" srcset=\"https:\/\/wloczykij.org\/blog\/wp-content\/uploads\/sites\/2\/2022\/09\/6-1000x748.jpg 1000w, https:\/\/wloczykij.org\/blog\/wp-content\/uploads\/sites\/2\/2022\/09\/6-768x575.jpg 768w, https:\/\/wloczykij.org\/blog\/wp-content\/uploads\/sites\/2\/2022\/09\/6-920x688.jpg 920w, https:\/\/wloczykij.org\/blog\/wp-content\/uploads\/sites\/2\/2022\/09\/6-1536x1149.jpg 1536w, https:\/\/wloczykij.org\/blog\/wp-content\/uploads\/sites\/2\/2022\/09\/6.jpg 1600w\" sizes=\"auto, (max-width: 1000px) 100vw, 1000px\" \/><figcaption>Rozma\u017cony Rhee Syngman<\/figcaption><\/figure>\n\n\n\n<figure class=\"wp-block-image size-large\"><img loading=\"lazy\" decoding=\"async\" width=\"1000\" height=\"748\" data-attachment-id=\"4264\" data-permalink=\"https:\/\/wloczykij.org\/blog\/2022\/09\/17\/dom-kim-ir-sena-w-korei-poludniowej\/7-6\/\" data-orig-file=\"https:\/\/wloczykij.org\/blog\/wp-content\/uploads\/sites\/2\/2022\/09\/7.jpg\" data-orig-size=\"1600,1197\" data-comments-opened=\"0\" data-image-meta=\"{&quot;aperture&quot;:&quot;1.79&quot;,&quot;credit&quot;:&quot;&quot;,&quot;camera&quot;:&quot;2109119DG&quot;,&quot;caption&quot;:&quot;&quot;,&quot;created_timestamp&quot;:&quot;1655055398&quot;,&quot;copyright&quot;:&quot;&quot;,&quot;focal_length&quot;:&quot;4.695&quot;,&quot;iso&quot;:&quot;904&quot;,&quot;shutter_speed&quot;:&quot;0.016666666666667&quot;,&quot;title&quot;:&quot;&quot;,&quot;orientation&quot;:&quot;1&quot;}\" data-image-title=\"7\" data-image-description=\"\" data-image-caption=\"\" data-large-file=\"https:\/\/wloczykij.org\/blog\/wp-content\/uploads\/sites\/2\/2022\/09\/7-1000x748.jpg\" data-id=\"4264\" src=\"https:\/\/wloczykij.org\/blog\/wp-content\/uploads\/sites\/2\/2022\/09\/7-1000x748.jpg\" alt=\"\" class=\"wp-image-4264\" srcset=\"https:\/\/wloczykij.org\/blog\/wp-content\/uploads\/sites\/2\/2022\/09\/7-1000x748.jpg 1000w, https:\/\/wloczykij.org\/blog\/wp-content\/uploads\/sites\/2\/2022\/09\/7-768x575.jpg 768w, https:\/\/wloczykij.org\/blog\/wp-content\/uploads\/sites\/2\/2022\/09\/7-920x688.jpg 920w, https:\/\/wloczykij.org\/blog\/wp-content\/uploads\/sites\/2\/2022\/09\/7-1536x1149.jpg 1536w, https:\/\/wloczykij.org\/blog\/wp-content\/uploads\/sites\/2\/2022\/09\/7.jpg 1600w\" sizes=\"auto, (max-width: 1000px) 100vw, 1000px\" \/><figcaption>Na przeciwko Rhee, jego \u017cona, Franziska Donner<\/figcaption><\/figure>\n<\/figure>\n\n\n\n<p>Do domu letniskowego Kim Ir Sena naj\u0142atwiej dosta\u0107 si\u0119 w\u0142asnym samochodem albo autobusem z Goseong (kt\u00f3ry jednak nie zatrzymuje si\u0119 przy samym domku). Bilet wst\u0119pu kosztuje 3000 won\u00f3w i obejmuje wszystkie trzy wille. <\/p>\n\n\n\n<p><strong>Lokalizacja \u201ewilli Kim Ir Sena\u201d (\uae40\uc77c\uc131 \ubcc4\uc7a5)<\/strong><\/p>\n\n\n\n<p><a href=\"http:\/\/kko.to\/IW3xNOAmP\">KAKAO MAPS<\/a><\/p>\n\n\n\n<p>* Wyjazd badawczy zosta\u0142 sfinansowany ze \u015brodk\u00f3w Wydzia\u0142u Filozoficznego w ramach Programu Strategicznego Inicjatywa Doskona\u0142o\u015bci w Uniwersytecie Jagiello\u0144skim<\/p>\n\n\n\n<figure class=\"wp-block-image size-large\"><img loading=\"lazy\" decoding=\"async\" width=\"1000\" height=\"748\" data-attachment-id=\"4262\" data-permalink=\"https:\/\/wloczykij.org\/blog\/2022\/09\/17\/dom-kim-ir-sena-w-korei-poludniowej\/3-10\/\" data-orig-file=\"https:\/\/wloczykij.org\/blog\/wp-content\/uploads\/sites\/2\/2022\/09\/3.jpg\" data-orig-size=\"1600,1197\" data-comments-opened=\"0\" data-image-meta=\"{&quot;aperture&quot;:&quot;1.79&quot;,&quot;credit&quot;:&quot;&quot;,&quot;camera&quot;:&quot;2109119DG&quot;,&quot;caption&quot;:&quot;&quot;,&quot;created_timestamp&quot;:&quot;1655054241&quot;,&quot;copyright&quot;:&quot;&quot;,&quot;focal_length&quot;:&quot;4.695&quot;,&quot;iso&quot;:&quot;50&quot;,&quot;shutter_speed&quot;:&quot;0.0035211267605634&quot;,&quot;title&quot;:&quot;&quot;,&quot;orientation&quot;:&quot;1&quot;}\" data-image-title=\"3\" data-image-description=\"\" data-image-caption=\"\" data-large-file=\"https:\/\/wloczykij.org\/blog\/wp-content\/uploads\/sites\/2\/2022\/09\/3-1000x748.jpg\" src=\"https:\/\/wloczykij.org\/blog\/wp-content\/uploads\/sites\/2\/2022\/09\/3-1000x748.jpg\" alt=\"\" class=\"wp-image-4262\" srcset=\"https:\/\/wloczykij.org\/blog\/wp-content\/uploads\/sites\/2\/2022\/09\/3-1000x748.jpg 1000w, https:\/\/wloczykij.org\/blog\/wp-content\/uploads\/sites\/2\/2022\/09\/3-768x575.jpg 768w, https:\/\/wloczykij.org\/blog\/wp-content\/uploads\/sites\/2\/2022\/09\/3-920x688.jpg 920w, https:\/\/wloczykij.org\/blog\/wp-content\/uploads\/sites\/2\/2022\/09\/3-1536x1149.jpg 1536w, https:\/\/wloczykij.org\/blog\/wp-content\/uploads\/sites\/2\/2022\/09\/3.jpg 1600w\" sizes=\"auto, (max-width: 1000px) 100vw, 1000px\" \/><figcaption>Morze Wschodnie<\/figcaption><\/figure>\n","protected":false},"excerpt":{"rendered":"<p>Podczas ostatniej pracy badawczej w Korei Po\u0142udniowej* mia\u0142em okazj\u0119 sp\u0119dzi\u0107 weekend zwiedzaj\u0105c powiat Goseong w prowincji Gangwon. Wraz z korea\u0144skim przyjacielem wynaj\u0119li\u015bmy samoch\u00f3d w Seulu i ruszyli\u015bmy na wsch\u00f3d. Goseong (nie myli\u0107 z powiatem o takiej samej nazwie w prowincji Po\u0142udniowy Gyeongsang) interesowa\u0142 mnie od dawna, ze wzgl\u0119du na najbardziej wysuni\u0119t\u0105 na P\u00f3\u0142noc otwart\u0105 dla &hellip; <\/p>\n","protected":false},"author":1,"featured_media":4241,"comment_status":"open","ping_status":"open","sticky":false,"template":"","format":"standard","meta":{"_jetpack_memberships_contains_paid_content":false,"footnotes":"","jetpack_publicize_message":"","jetpack_publicize_feature_enabled":true,"jetpack_social_post_already_shared":true,"jetpack_social_options":{"image_generator_settings":{"template":"highway","default_image_id":0,"font":"","enabled":false},"version":2}},"categories":[17,18],"tags":[435,221,340,434],"class_list":["post-4238","post","type-post","status-publish","format-standard","has-post-thumbnail","hentry","category-korea-polnocna","category-korea-poludniowa","tag-gangwon-do","tag-kim-ir-sen","tag-korea-beyond-k-pop","tag-rhee-syngman"],"yoast_head":"<!-- This site is optimized with the Yoast SEO plugin v27.5 - https:\/\/yoast.com\/product\/yoast-seo-wordpress\/ -->\n<title>Dom letniskowy Kim Ir Sena w... Korei Po\u0142udniowej -<\/title>\n<meta name=\"description\" content=\"Jedn\u0105 z lokalnych atrakcji jest niewielki murowany dom, kt\u00f3ry mia\u0142 nale\u017ce\u0107 przez pewien czas do Kim Ir Sena.\" \/>\n<meta name=\"robots\" content=\"index, follow, max-snippet:-1, max-image-preview:large, max-video-preview:-1\" \/>\n<link rel=\"canonical\" href=\"https:\/\/wloczykij.org\/blog\/2022\/09\/17\/dom-kim-ir-sena-w-korei-poludniowej\/\" \/>\n<meta property=\"og:locale\" content=\"pl_PL\" \/>\n<meta property=\"og:type\" content=\"article\" \/>\n<meta property=\"og:title\" content=\"Dom letniskowy Kim Ir Sena w... Korei Po\u0142udniowej -\" \/>\n<meta property=\"og:description\" content=\"Jedn\u0105 z lokalnych atrakcji jest niewielki murowany dom, kt\u00f3ry mia\u0142 nale\u017ce\u0107 przez pewien czas do Kim Ir Sena.\" \/>\n<meta property=\"og:url\" content=\"https:\/\/wloczykij.org\/blog\/2022\/09\/17\/dom-kim-ir-sena-w-korei-poludniowej\/\" \/>\n<meta property=\"og:site_name\" content=\"W\u0142\u00f3czykij - Roman Husarski\" \/>\n<meta property=\"article:publisher\" content=\"https:\/\/www.facebook.com\/pages\/W%c5%82%c3%b3czykij\/282838631839707\" \/>\n<meta property=\"article:published_time\" content=\"2022-09-17T17:26:28+00:00\" \/>\n<meta property=\"article:modified_time\" content=\"2022-09-18T16:30:45+00:00\" \/>\n<meta property=\"og:image\" content=\"https:\/\/wloczykij.org\/blog\/wp-content\/uploads\/sites\/2\/2022\/09\/podzial.jpg\" \/>\n\t<meta property=\"og:image:width\" content=\"1000\" \/>\n\t<meta property=\"og:image:height\" content=\"750\" \/>\n\t<meta property=\"og:image:type\" content=\"image\/jpeg\" \/>\n<meta name=\"author\" content=\"Roman\" \/>\n<meta name=\"twitter:label1\" content=\"Napisane przez\" \/>\n\t<meta name=\"twitter:data1\" content=\"Roman\" \/>\n\t<meta name=\"twitter:label2\" content=\"Szacowany czas czytania\" \/>\n\t<meta name=\"twitter:data2\" content=\"8 minut\" \/>\n<script type=\"application\/ld+json\" class=\"yoast-schema-graph\">{\"@context\":\"https:\\\/\\\/schema.org\",\"@graph\":[{\"@type\":\"Article\",\"@id\":\"https:\\\/\\\/wloczykij.org\\\/blog\\\/2022\\\/09\\\/17\\\/dom-kim-ir-sena-w-korei-poludniowej\\\/#article\",\"isPartOf\":{\"@id\":\"https:\\\/\\\/wloczykij.org\\\/blog\\\/2022\\\/09\\\/17\\\/dom-kim-ir-sena-w-korei-poludniowej\\\/\"},\"author\":{\"name\":\"Roman\",\"@id\":\"https:\\\/\\\/wloczykij.org\\\/blog\\\/#\\\/schema\\\/person\\\/5715e17c214052b93c6c53e27ea498e5\"},\"headline\":\"Dom letniskowy Kim Ir Sena w&#8230; Korei Po\u0142udniowej\",\"datePublished\":\"2022-09-17T17:26:28+00:00\",\"dateModified\":\"2022-09-18T16:30:45+00:00\",\"mainEntityOfPage\":{\"@id\":\"https:\\\/\\\/wloczykij.org\\\/blog\\\/2022\\\/09\\\/17\\\/dom-kim-ir-sena-w-korei-poludniowej\\\/\"},\"wordCount\":1170,\"commentCount\":0,\"image\":{\"@id\":\"https:\\\/\\\/wloczykij.org\\\/blog\\\/2022\\\/09\\\/17\\\/dom-kim-ir-sena-w-korei-poludniowej\\\/#primaryimage\"},\"thumbnailUrl\":\"https:\\\/\\\/wloczykij.org\\\/blog\\\/wp-content\\\/uploads\\\/sites\\\/2\\\/2022\\\/09\\\/podzial.jpg\",\"keywords\":[\"Gangwon-do\",\"Kim Ir Sen\",\"Korea Beyond K-pop\",\"Rhee Syngman\"],\"articleSection\":[\"Korea P\u00f3\u0142nocna\",\"Korea Po\u0142udniowa\"],\"inLanguage\":\"pl-PL\",\"potentialAction\":[{\"@type\":\"CommentAction\",\"name\":\"Comment\",\"target\":[\"https:\\\/\\\/wloczykij.org\\\/blog\\\/2022\\\/09\\\/17\\\/dom-kim-ir-sena-w-korei-poludniowej\\\/#respond\"]}]},{\"@type\":\"WebPage\",\"@id\":\"https:\\\/\\\/wloczykij.org\\\/blog\\\/2022\\\/09\\\/17\\\/dom-kim-ir-sena-w-korei-poludniowej\\\/\",\"url\":\"https:\\\/\\\/wloczykij.org\\\/blog\\\/2022\\\/09\\\/17\\\/dom-kim-ir-sena-w-korei-poludniowej\\\/\",\"name\":\"Dom letniskowy Kim Ir Sena w... Korei Po\u0142udniowej -\",\"isPartOf\":{\"@id\":\"https:\\\/\\\/wloczykij.org\\\/blog\\\/#website\"},\"primaryImageOfPage\":{\"@id\":\"https:\\\/\\\/wloczykij.org\\\/blog\\\/2022\\\/09\\\/17\\\/dom-kim-ir-sena-w-korei-poludniowej\\\/#primaryimage\"},\"image\":{\"@id\":\"https:\\\/\\\/wloczykij.org\\\/blog\\\/2022\\\/09\\\/17\\\/dom-kim-ir-sena-w-korei-poludniowej\\\/#primaryimage\"},\"thumbnailUrl\":\"https:\\\/\\\/wloczykij.org\\\/blog\\\/wp-content\\\/uploads\\\/sites\\\/2\\\/2022\\\/09\\\/podzial.jpg\",\"datePublished\":\"2022-09-17T17:26:28+00:00\",\"dateModified\":\"2022-09-18T16:30:45+00:00\",\"author\":{\"@id\":\"https:\\\/\\\/wloczykij.org\\\/blog\\\/#\\\/schema\\\/person\\\/5715e17c214052b93c6c53e27ea498e5\"},\"description\":\"Jedn\u0105 z lokalnych atrakcji jest niewielki murowany dom, kt\u00f3ry mia\u0142 nale\u017ce\u0107 przez pewien czas do Kim Ir Sena.\",\"breadcrumb\":{\"@id\":\"https:\\\/\\\/wloczykij.org\\\/blog\\\/2022\\\/09\\\/17\\\/dom-kim-ir-sena-w-korei-poludniowej\\\/#breadcrumb\"},\"inLanguage\":\"pl-PL\",\"potentialAction\":[{\"@type\":\"ReadAction\",\"target\":[\"https:\\\/\\\/wloczykij.org\\\/blog\\\/2022\\\/09\\\/17\\\/dom-kim-ir-sena-w-korei-poludniowej\\\/\"]}]},{\"@type\":\"ImageObject\",\"inLanguage\":\"pl-PL\",\"@id\":\"https:\\\/\\\/wloczykij.org\\\/blog\\\/2022\\\/09\\\/17\\\/dom-kim-ir-sena-w-korei-poludniowej\\\/#primaryimage\",\"url\":\"https:\\\/\\\/wloczykij.org\\\/blog\\\/wp-content\\\/uploads\\\/sites\\\/2\\\/2022\\\/09\\\/podzial.jpg\",\"contentUrl\":\"https:\\\/\\\/wloczykij.org\\\/blog\\\/wp-content\\\/uploads\\\/sites\\\/2\\\/2022\\\/09\\\/podzial.jpg\",\"width\":1000,\"height\":750},{\"@type\":\"BreadcrumbList\",\"@id\":\"https:\\\/\\\/wloczykij.org\\\/blog\\\/2022\\\/09\\\/17\\\/dom-kim-ir-sena-w-korei-poludniowej\\\/#breadcrumb\",\"itemListElement\":[{\"@type\":\"ListItem\",\"position\":1,\"name\":\"Strona g\u0142\u00f3wna\",\"item\":\"https:\\\/\\\/wloczykij.org\\\/blog\\\/\"},{\"@type\":\"ListItem\",\"position\":2,\"name\":\"Dom letniskowy Kim Ir Sena w&#8230; Korei Po\u0142udniowej\"}]},{\"@type\":\"WebSite\",\"@id\":\"https:\\\/\\\/wloczykij.org\\\/blog\\\/#website\",\"url\":\"https:\\\/\\\/wloczykij.org\\\/blog\\\/\",\"name\":\"W\u0142\u00f3czykij - Roman Husarski\",\"description\":\"\",\"potentialAction\":[{\"@type\":\"SearchAction\",\"target\":{\"@type\":\"EntryPoint\",\"urlTemplate\":\"https:\\\/\\\/wloczykij.org\\\/blog\\\/?s={search_term_string}\"},\"query-input\":{\"@type\":\"PropertyValueSpecification\",\"valueRequired\":true,\"valueName\":\"search_term_string\"}}],\"inLanguage\":\"pl-PL\"},{\"@type\":\"Person\",\"@id\":\"https:\\\/\\\/wloczykij.org\\\/blog\\\/#\\\/schema\\\/person\\\/5715e17c214052b93c6c53e27ea498e5\",\"name\":\"Roman\",\"image\":{\"@type\":\"ImageObject\",\"inLanguage\":\"pl-PL\",\"@id\":\"https:\\\/\\\/secure.gravatar.com\\\/avatar\\\/a4ad12ebb0eef153209fb3604f0a54cb2d9993a45803e045e020a86a4527c70b?s=96&d=mm&r=g\",\"url\":\"https:\\\/\\\/secure.gravatar.com\\\/avatar\\\/a4ad12ebb0eef153209fb3604f0a54cb2d9993a45803e045e020a86a4527c70b?s=96&d=mm&r=g\",\"contentUrl\":\"https:\\\/\\\/secure.gravatar.com\\\/avatar\\\/a4ad12ebb0eef153209fb3604f0a54cb2d9993a45803e045e020a86a4527c70b?s=96&d=mm&r=g\",\"caption\":\"Roman\"},\"url\":\"https:\\\/\\\/wloczykij.org\\\/blog\\\/author\\\/remus\\\/\"}]}<\/script>\n<!-- \/ Yoast SEO plugin. -->","yoast_head_json":{"title":"Dom letniskowy Kim Ir Sena w... Korei Po\u0142udniowej -","description":"Jedn\u0105 z lokalnych atrakcji jest niewielki murowany dom, kt\u00f3ry mia\u0142 nale\u017ce\u0107 przez pewien czas do Kim Ir Sena.","robots":{"index":"index","follow":"follow","max-snippet":"max-snippet:-1","max-image-preview":"max-image-preview:large","max-video-preview":"max-video-preview:-1"},"canonical":"https:\/\/wloczykij.org\/blog\/2022\/09\/17\/dom-kim-ir-sena-w-korei-poludniowej\/","og_locale":"pl_PL","og_type":"article","og_title":"Dom letniskowy Kim Ir Sena w... Korei Po\u0142udniowej -","og_description":"Jedn\u0105 z lokalnych atrakcji jest niewielki murowany dom, kt\u00f3ry mia\u0142 nale\u017ce\u0107 przez pewien czas do Kim Ir Sena.","og_url":"https:\/\/wloczykij.org\/blog\/2022\/09\/17\/dom-kim-ir-sena-w-korei-poludniowej\/","og_site_name":"W\u0142\u00f3czykij - Roman Husarski","article_publisher":"https:\/\/www.facebook.com\/pages\/W%c5%82%c3%b3czykij\/282838631839707","article_published_time":"2022-09-17T17:26:28+00:00","article_modified_time":"2022-09-18T16:30:45+00:00","og_image":[{"width":1000,"height":750,"url":"https:\/\/wloczykij.org\/blog\/wp-content\/uploads\/sites\/2\/2022\/09\/podzial.jpg","type":"image\/jpeg"}],"author":"Roman","twitter_misc":{"Napisane przez":"Roman","Szacowany czas czytania":"8 minut"},"schema":{"@context":"https:\/\/schema.org","@graph":[{"@type":"Article","@id":"https:\/\/wloczykij.org\/blog\/2022\/09\/17\/dom-kim-ir-sena-w-korei-poludniowej\/#article","isPartOf":{"@id":"https:\/\/wloczykij.org\/blog\/2022\/09\/17\/dom-kim-ir-sena-w-korei-poludniowej\/"},"author":{"name":"Roman","@id":"https:\/\/wloczykij.org\/blog\/#\/schema\/person\/5715e17c214052b93c6c53e27ea498e5"},"headline":"Dom letniskowy Kim Ir Sena w&#8230; Korei Po\u0142udniowej","datePublished":"2022-09-17T17:26:28+00:00","dateModified":"2022-09-18T16:30:45+00:00","mainEntityOfPage":{"@id":"https:\/\/wloczykij.org\/blog\/2022\/09\/17\/dom-kim-ir-sena-w-korei-poludniowej\/"},"wordCount":1170,"commentCount":0,"image":{"@id":"https:\/\/wloczykij.org\/blog\/2022\/09\/17\/dom-kim-ir-sena-w-korei-poludniowej\/#primaryimage"},"thumbnailUrl":"https:\/\/wloczykij.org\/blog\/wp-content\/uploads\/sites\/2\/2022\/09\/podzial.jpg","keywords":["Gangwon-do","Kim Ir Sen","Korea Beyond K-pop","Rhee Syngman"],"articleSection":["Korea P\u00f3\u0142nocna","Korea Po\u0142udniowa"],"inLanguage":"pl-PL","potentialAction":[{"@type":"CommentAction","name":"Comment","target":["https:\/\/wloczykij.org\/blog\/2022\/09\/17\/dom-kim-ir-sena-w-korei-poludniowej\/#respond"]}]},{"@type":"WebPage","@id":"https:\/\/wloczykij.org\/blog\/2022\/09\/17\/dom-kim-ir-sena-w-korei-poludniowej\/","url":"https:\/\/wloczykij.org\/blog\/2022\/09\/17\/dom-kim-ir-sena-w-korei-poludniowej\/","name":"Dom letniskowy Kim Ir Sena w... Korei Po\u0142udniowej -","isPartOf":{"@id":"https:\/\/wloczykij.org\/blog\/#website"},"primaryImageOfPage":{"@id":"https:\/\/wloczykij.org\/blog\/2022\/09\/17\/dom-kim-ir-sena-w-korei-poludniowej\/#primaryimage"},"image":{"@id":"https:\/\/wloczykij.org\/blog\/2022\/09\/17\/dom-kim-ir-sena-w-korei-poludniowej\/#primaryimage"},"thumbnailUrl":"https:\/\/wloczykij.org\/blog\/wp-content\/uploads\/sites\/2\/2022\/09\/podzial.jpg","datePublished":"2022-09-17T17:26:28+00:00","dateModified":"2022-09-18T16:30:45+00:00","author":{"@id":"https:\/\/wloczykij.org\/blog\/#\/schema\/person\/5715e17c214052b93c6c53e27ea498e5"},"description":"Jedn\u0105 z lokalnych atrakcji jest niewielki murowany dom, kt\u00f3ry mia\u0142 nale\u017ce\u0107 przez pewien czas do Kim Ir Sena.","breadcrumb":{"@id":"https:\/\/wloczykij.org\/blog\/2022\/09\/17\/dom-kim-ir-sena-w-korei-poludniowej\/#breadcrumb"},"inLanguage":"pl-PL","potentialAction":[{"@type":"ReadAction","target":["https:\/\/wloczykij.org\/blog\/2022\/09\/17\/dom-kim-ir-sena-w-korei-poludniowej\/"]}]},{"@type":"ImageObject","inLanguage":"pl-PL","@id":"https:\/\/wloczykij.org\/blog\/2022\/09\/17\/dom-kim-ir-sena-w-korei-poludniowej\/#primaryimage","url":"https:\/\/wloczykij.org\/blog\/wp-content\/uploads\/sites\/2\/2022\/09\/podzial.jpg","contentUrl":"https:\/\/wloczykij.org\/blog\/wp-content\/uploads\/sites\/2\/2022\/09\/podzial.jpg","width":1000,"height":750},{"@type":"BreadcrumbList","@id":"https:\/\/wloczykij.org\/blog\/2022\/09\/17\/dom-kim-ir-sena-w-korei-poludniowej\/#breadcrumb","itemListElement":[{"@type":"ListItem","position":1,"name":"Strona g\u0142\u00f3wna","item":"https:\/\/wloczykij.org\/blog\/"},{"@type":"ListItem","position":2,"name":"Dom letniskowy Kim Ir Sena w&#8230; Korei Po\u0142udniowej"}]},{"@type":"WebSite","@id":"https:\/\/wloczykij.org\/blog\/#website","url":"https:\/\/wloczykij.org\/blog\/","name":"W\u0142\u00f3czykij - Roman Husarski","description":"","potentialAction":[{"@type":"SearchAction","target":{"@type":"EntryPoint","urlTemplate":"https:\/\/wloczykij.org\/blog\/?s={search_term_string}"},"query-input":{"@type":"PropertyValueSpecification","valueRequired":true,"valueName":"search_term_string"}}],"inLanguage":"pl-PL"},{"@type":"Person","@id":"https:\/\/wloczykij.org\/blog\/#\/schema\/person\/5715e17c214052b93c6c53e27ea498e5","name":"Roman","image":{"@type":"ImageObject","inLanguage":"pl-PL","@id":"https:\/\/secure.gravatar.com\/avatar\/a4ad12ebb0eef153209fb3604f0a54cb2d9993a45803e045e020a86a4527c70b?s=96&d=mm&r=g","url":"https:\/\/secure.gravatar.com\/avatar\/a4ad12ebb0eef153209fb3604f0a54cb2d9993a45803e045e020a86a4527c70b?s=96&d=mm&r=g","contentUrl":"https:\/\/secure.gravatar.com\/avatar\/a4ad12ebb0eef153209fb3604f0a54cb2d9993a45803e045e020a86a4527c70b?s=96&d=mm&r=g","caption":"Roman"},"url":"https:\/\/wloczykij.org\/blog\/author\/remus\/"}]}},"jetpack_publicize_connections":[],"jetpack_featured_media_url":"https:\/\/wloczykij.org\/blog\/wp-content\/uploads\/sites\/2\/2022\/09\/podzial.jpg","jetpack_sharing_enabled":true,"_links":{"self":[{"href":"https:\/\/wloczykij.org\/blog\/wp-json\/wp\/v2\/posts\/4238","targetHints":{"allow":["GET"]}}],"collection":[{"href":"https:\/\/wloczykij.org\/blog\/wp-json\/wp\/v2\/posts"}],"about":[{"href":"https:\/\/wloczykij.org\/blog\/wp-json\/wp\/v2\/types\/post"}],"author":[{"embeddable":true,"href":"https:\/\/wloczykij.org\/blog\/wp-json\/wp\/v2\/users\/1"}],"replies":[{"embeddable":true,"href":"https:\/\/wloczykij.org\/blog\/wp-json\/wp\/v2\/comments?post=4238"}],"version-history":[{"count":21,"href":"https:\/\/wloczykij.org\/blog\/wp-json\/wp\/v2\/posts\/4238\/revisions"}],"predecessor-version":[{"id":4279,"href":"https:\/\/wloczykij.org\/blog\/wp-json\/wp\/v2\/posts\/4238\/revisions\/4279"}],"wp:featuredmedia":[{"embeddable":true,"href":"https:\/\/wloczykij.org\/blog\/wp-json\/wp\/v2\/media\/4241"}],"wp:attachment":[{"href":"https:\/\/wloczykij.org\/blog\/wp-json\/wp\/v2\/media?parent=4238"}],"wp:term":[{"taxonomy":"category","embeddable":true,"href":"https:\/\/wloczykij.org\/blog\/wp-json\/wp\/v2\/categories?post=4238"},{"taxonomy":"post_tag","embeddable":true,"href":"https:\/\/wloczykij.org\/blog\/wp-json\/wp\/v2\/tags?post=4238"}],"curies":[{"name":"wp","href":"https:\/\/api.w.org\/{rel}","templated":true}]}}