{"id":4353,"date":"2024-02-20T13:50:08","date_gmt":"2024-02-20T12:50:08","guid":{"rendered":"https:\/\/wloczykij.org\/blog\/?p=4353"},"modified":"2024-02-20T14:17:04","modified_gmt":"2024-02-20T13:17:04","slug":"yeonpyeongdo-wyspa-krabow-i-zolnierzy","status":"publish","type":"post","link":"https:\/\/wloczykij.org\/blog\/2024\/02\/20\/yeonpyeongdo-wyspa-krabow-i-zolnierzy\/","title":{"rendered":"Yeonpyeongdo &#8211; wyspa krab\u00f3w i \u017co\u0142nierzy"},"content":{"rendered":"\n<p>Wyspa Yeonpyeong (\uc5f0\ud3c9\ub3c4) to jedno z miejsc najbardziej zas\u0142uguj\u0105cych na miano 'Korea Beyond K-pop&#8217; jakie mia\u0142em okazje odwiedzi\u0107. Zasadniczo Korea posiada barwny \u015bwiat wysp (zobacz np. <a href=\"https:\/\/wloczykij.org\/blog\/2016\/11\/03\/modo-wyspa-seksualnej-ekstazy\/\">Modo<\/a> czy <a href=\"https:\/\/wloczykij.org\/blog\/2017\/04\/27\/silmido-wyspa-zabojcow-kim-ir-sena\/\">Silmido<\/a>), jednak Yeonpyeongdo wyr\u00f3\u017cnia si\u0119 problematyczn\u0105 lokalizacj\u0105. Cho\u0107 do wyspy z portu Incheon p\u0142ynie si\u0119 promem zaledwie dwie godziny, to znajduje si\u0119 ona przy granicy z Kore\u0105 P\u00f3\u0142nocn\u0105. Na przestrzeni lat dochodzi\u0142o w jej pobli\u017cu do morskich potyczek, a w 2010 toku bomby spad\u0142y nawet na sam\u0105 wysp\u0119. Niestety region pozostaje w dalszym ci\u0105gu miejscem napi\u0119\u0107. Dopiero co mieszka\u0144cy Yeonpyeong i innych pobliskich wysp <a href=\"https:\/\/www.nknews.org\/2024\/01\/north-korean-artillery-drill-reportedly-triggers-evacuation-alert-for-rok-island\/\">otrzymali nakaz ewakuacji do schron\u00f3w z powodu p\u00f3\u0142nocnokorea\u0144skich ostrza\u0142\u00f3w \u017b\u00f3\u0142tego Morza<\/a>. <\/p>\n\n\n\n<p>To w\u0142a\u015bnie dlatego wyprawa na Yeonpyeongdo, czy na inn\u0105 wysp\u0119 nale\u017c\u0105c\u0105 do 'Pi\u0105tki Morza \u017b\u00f3\u0142tego&#8217; (\uc11c\ud5745\ub3c4), podlega wi\u0119kszej kontroli. Kupuj\u0105c bilet na prom, b\u0119dziemy musieli si\u0119 wylegitymowa\u0107 dokumentem to\u017csamo\u015bci i mo\u017ce si\u0119 okaza\u0107, \u017ce z powodu aktualnej sytuacji politycznej podr\u00f3\u017c dla turyst\u00f3w czasowo niemo\u017cliwa. <\/p>\n\n\n\n<p>Czy jest wi\u0119c w og\u00f3le sens odwiedza\u0107 Yeonpyeongdo? To zale\u017cy. Wyprawa na Wysp\u0119 Yeonpyeong spodoba si\u0119 dw\u00f3m typom turysty. Po pierwsze, fanom zimnowojennej historii i konfliktu mi\u0119dzykorea\u0144skiego. Po drugie, wszystkim tym, kt\u00f3rzy chc\u0105 zobaczy\u0107 Kore\u0119 'na uboczu&#8217;. T\u0105 mniej naznaczon\u0105 p\u0119dz\u0105cym kapitalizmem i masow\u0105 turystyk\u0119. Nawet w weekend najprawdopodobniej b\u0119dziecie tu jedynymi turystami. <\/p>\n\n\n\n<p>No i s\u0105 jeszcze kraby. <\/p>\n\n\n\n<figure class=\"wp-block-image size-large\"><img loading=\"lazy\" decoding=\"async\" width=\"1000\" height=\"748\" data-attachment-id=\"4365\" data-permalink=\"https:\/\/wloczykij.org\/blog\/2024\/02\/20\/yeonpyeongdo-wyspa-krabow-i-zolnierzy\/img_20231029_085310\/\" data-orig-file=\"https:\/\/wloczykij.org\/blog\/wp-content\/uploads\/sites\/2\/2024\/02\/IMG_20231029_085310.jpg\" data-orig-size=\"1600,1197\" data-comments-opened=\"0\" data-image-meta=\"{&quot;aperture&quot;:&quot;1.79&quot;,&quot;credit&quot;:&quot;&quot;,&quot;camera&quot;:&quot;2109119DG&quot;,&quot;caption&quot;:&quot;&quot;,&quot;created_timestamp&quot;:&quot;1698569590&quot;,&quot;copyright&quot;:&quot;&quot;,&quot;focal_length&quot;:&quot;4.695&quot;,&quot;iso&quot;:&quot;50&quot;,&quot;shutter_speed&quot;:&quot;0.00068306010928962&quot;,&quot;title&quot;:&quot;&quot;,&quot;orientation&quot;:&quot;1&quot;}\" data-image-title=\"IMG_20231029_085310\" data-image-description=\"\" data-image-caption=\"\" data-large-file=\"https:\/\/wloczykij.org\/blog\/wp-content\/uploads\/sites\/2\/2024\/02\/IMG_20231029_085310-1000x748.jpg\" src=\"https:\/\/wloczykij.org\/blog\/wp-content\/uploads\/sites\/2\/2024\/02\/IMG_20231029_085310-1000x748.jpg\" alt=\"\" class=\"wp-image-4365\" srcset=\"https:\/\/wloczykij.org\/blog\/wp-content\/uploads\/sites\/2\/2024\/02\/IMG_20231029_085310-1000x748.jpg 1000w, https:\/\/wloczykij.org\/blog\/wp-content\/uploads\/sites\/2\/2024\/02\/IMG_20231029_085310-768x575.jpg 768w, https:\/\/wloczykij.org\/blog\/wp-content\/uploads\/sites\/2\/2024\/02\/IMG_20231029_085310-920x688.jpg 920w, https:\/\/wloczykij.org\/blog\/wp-content\/uploads\/sites\/2\/2024\/02\/IMG_20231029_085310-1536x1149.jpg 1536w, https:\/\/wloczykij.org\/blog\/wp-content\/uploads\/sites\/2\/2024\/02\/IMG_20231029_085310.jpg 1600w\" sizes=\"auto, (max-width: 1000px) 100vw, 1000px\" \/><figcaption class=\"wp-element-caption\">Spacer <\/figcaption><\/figure>\n\n\n\n<figure class=\"wp-block-gallery has-nested-images columns-default is-cropped wp-block-gallery-1 is-layout-flex wp-block-gallery-is-layout-flex\">\n<figure class=\"wp-block-image size-large\"><img loading=\"lazy\" decoding=\"async\" width=\"1000\" height=\"748\" data-attachment-id=\"4366\" data-permalink=\"https:\/\/wloczykij.org\/blog\/2024\/02\/20\/yeonpyeongdo-wyspa-krabow-i-zolnierzy\/img_20231028_160223\/\" data-orig-file=\"https:\/\/wloczykij.org\/blog\/wp-content\/uploads\/sites\/2\/2024\/02\/IMG_20231028_160223.jpg\" data-orig-size=\"1600,1197\" data-comments-opened=\"0\" data-image-meta=\"{&quot;aperture&quot;:&quot;1.79&quot;,&quot;credit&quot;:&quot;&quot;,&quot;camera&quot;:&quot;2109119DG&quot;,&quot;caption&quot;:&quot;&quot;,&quot;created_timestamp&quot;:&quot;1698508943&quot;,&quot;copyright&quot;:&quot;&quot;,&quot;focal_length&quot;:&quot;4.695&quot;,&quot;iso&quot;:&quot;50&quot;,&quot;shutter_speed&quot;:&quot;0.001610305958132&quot;,&quot;title&quot;:&quot;&quot;,&quot;orientation&quot;:&quot;1&quot;}\" data-image-title=\"IMG_20231028_160223\" data-image-description=\"\" data-image-caption=\"\" data-large-file=\"https:\/\/wloczykij.org\/blog\/wp-content\/uploads\/sites\/2\/2024\/02\/IMG_20231028_160223-1000x748.jpg\" data-id=\"4366\" src=\"https:\/\/wloczykij.org\/blog\/wp-content\/uploads\/sites\/2\/2024\/02\/IMG_20231028_160223-1000x748.jpg\" alt=\"\" class=\"wp-image-4366\" srcset=\"https:\/\/wloczykij.org\/blog\/wp-content\/uploads\/sites\/2\/2024\/02\/IMG_20231028_160223-1000x748.jpg 1000w, https:\/\/wloczykij.org\/blog\/wp-content\/uploads\/sites\/2\/2024\/02\/IMG_20231028_160223-768x575.jpg 768w, https:\/\/wloczykij.org\/blog\/wp-content\/uploads\/sites\/2\/2024\/02\/IMG_20231028_160223-920x688.jpg 920w, https:\/\/wloczykij.org\/blog\/wp-content\/uploads\/sites\/2\/2024\/02\/IMG_20231028_160223-1536x1149.jpg 1536w, https:\/\/wloczykij.org\/blog\/wp-content\/uploads\/sites\/2\/2024\/02\/IMG_20231028_160223.jpg 1600w\" sizes=\"auto, (max-width: 1000px) 100vw, 1000px\" \/><figcaption class=\"wp-element-caption\">Chi\u0144ska restauracja na wyspie<\/figcaption><\/figure>\n\n\n\n<figure class=\"wp-block-image size-large\"><img loading=\"lazy\" decoding=\"async\" width=\"1000\" height=\"748\" data-attachment-id=\"4367\" data-permalink=\"https:\/\/wloczykij.org\/blog\/2024\/02\/20\/yeonpyeongdo-wyspa-krabow-i-zolnierzy\/img_20231028_171135\/\" data-orig-file=\"https:\/\/wloczykij.org\/blog\/wp-content\/uploads\/sites\/2\/2024\/02\/IMG_20231028_171135.jpg\" data-orig-size=\"1600,1197\" data-comments-opened=\"0\" data-image-meta=\"{&quot;aperture&quot;:&quot;1.79&quot;,&quot;credit&quot;:&quot;&quot;,&quot;camera&quot;:&quot;2109119DG&quot;,&quot;caption&quot;:&quot;&quot;,&quot;created_timestamp&quot;:&quot;1698513095&quot;,&quot;copyright&quot;:&quot;&quot;,&quot;focal_length&quot;:&quot;4.695&quot;,&quot;iso&quot;:&quot;50&quot;,&quot;shutter_speed&quot;:&quot;0.003690036900369&quot;,&quot;title&quot;:&quot;&quot;,&quot;orientation&quot;:&quot;1&quot;}\" data-image-title=\"IMG_20231028_171135\" data-image-description=\"\" data-image-caption=\"\" data-large-file=\"https:\/\/wloczykij.org\/blog\/wp-content\/uploads\/sites\/2\/2024\/02\/IMG_20231028_171135-1000x748.jpg\" data-id=\"4367\" src=\"https:\/\/wloczykij.org\/blog\/wp-content\/uploads\/sites\/2\/2024\/02\/IMG_20231028_171135-1000x748.jpg\" alt=\"\" class=\"wp-image-4367\" srcset=\"https:\/\/wloczykij.org\/blog\/wp-content\/uploads\/sites\/2\/2024\/02\/IMG_20231028_171135-1000x748.jpg 1000w, https:\/\/wloczykij.org\/blog\/wp-content\/uploads\/sites\/2\/2024\/02\/IMG_20231028_171135-768x575.jpg 768w, https:\/\/wloczykij.org\/blog\/wp-content\/uploads\/sites\/2\/2024\/02\/IMG_20231028_171135-920x688.jpg 920w, https:\/\/wloczykij.org\/blog\/wp-content\/uploads\/sites\/2\/2024\/02\/IMG_20231028_171135-1536x1149.jpg 1536w, https:\/\/wloczykij.org\/blog\/wp-content\/uploads\/sites\/2\/2024\/02\/IMG_20231028_171135.jpg 1600w\" sizes=\"auto, (max-width: 1000px) 100vw, 1000px\" \/><figcaption class=\"wp-element-caption\">Widoczki<\/figcaption><\/figure>\n\n\n\n<figure class=\"wp-block-image size-large\"><img loading=\"lazy\" decoding=\"async\" width=\"1000\" height=\"748\" data-attachment-id=\"4368\" data-permalink=\"https:\/\/wloczykij.org\/blog\/2024\/02\/20\/yeonpyeongdo-wyspa-krabow-i-zolnierzy\/img_20231028_171811\/\" data-orig-file=\"https:\/\/wloczykij.org\/blog\/wp-content\/uploads\/sites\/2\/2024\/02\/IMG_20231028_171811.jpg\" data-orig-size=\"1600,1197\" data-comments-opened=\"0\" data-image-meta=\"{&quot;aperture&quot;:&quot;1.79&quot;,&quot;credit&quot;:&quot;&quot;,&quot;camera&quot;:&quot;2109119DG&quot;,&quot;caption&quot;:&quot;&quot;,&quot;created_timestamp&quot;:&quot;1698513491&quot;,&quot;copyright&quot;:&quot;&quot;,&quot;focal_length&quot;:&quot;4.695&quot;,&quot;iso&quot;:&quot;50&quot;,&quot;shutter_speed&quot;:&quot;0.0067567567567568&quot;,&quot;title&quot;:&quot;&quot;,&quot;orientation&quot;:&quot;1&quot;}\" data-image-title=\"IMG_20231028_171811\" data-image-description=\"\" data-image-caption=\"\" data-large-file=\"https:\/\/wloczykij.org\/blog\/wp-content\/uploads\/sites\/2\/2024\/02\/IMG_20231028_171811-1000x748.jpg\" data-id=\"4368\" src=\"https:\/\/wloczykij.org\/blog\/wp-content\/uploads\/sites\/2\/2024\/02\/IMG_20231028_171811-1000x748.jpg\" alt=\"\" class=\"wp-image-4368\" srcset=\"https:\/\/wloczykij.org\/blog\/wp-content\/uploads\/sites\/2\/2024\/02\/IMG_20231028_171811-1000x748.jpg 1000w, https:\/\/wloczykij.org\/blog\/wp-content\/uploads\/sites\/2\/2024\/02\/IMG_20231028_171811-768x575.jpg 768w, https:\/\/wloczykij.org\/blog\/wp-content\/uploads\/sites\/2\/2024\/02\/IMG_20231028_171811-920x688.jpg 920w, https:\/\/wloczykij.org\/blog\/wp-content\/uploads\/sites\/2\/2024\/02\/IMG_20231028_171811-1536x1149.jpg 1536w, https:\/\/wloczykij.org\/blog\/wp-content\/uploads\/sites\/2\/2024\/02\/IMG_20231028_171811.jpg 1600w\" sizes=\"auto, (max-width: 1000px) 100vw, 1000px\" \/><figcaption class=\"wp-element-caption\">Latarnia<\/figcaption><\/figure>\n\n\n\n<figure class=\"wp-block-image size-large\"><img loading=\"lazy\" decoding=\"async\" width=\"1000\" height=\"748\" data-attachment-id=\"4369\" data-permalink=\"https:\/\/wloczykij.org\/blog\/2024\/02\/20\/yeonpyeongdo-wyspa-krabow-i-zolnierzy\/img_20231028_173114\/\" data-orig-file=\"https:\/\/wloczykij.org\/blog\/wp-content\/uploads\/sites\/2\/2024\/02\/IMG_20231028_173114.jpg\" data-orig-size=\"1600,1197\" data-comments-opened=\"0\" data-image-meta=\"{&quot;aperture&quot;:&quot;1.79&quot;,&quot;credit&quot;:&quot;&quot;,&quot;camera&quot;:&quot;2109119DG&quot;,&quot;caption&quot;:&quot;&quot;,&quot;created_timestamp&quot;:&quot;1698514274&quot;,&quot;copyright&quot;:&quot;&quot;,&quot;focal_length&quot;:&quot;4.695&quot;,&quot;iso&quot;:&quot;109&quot;,&quot;shutter_speed&quot;:&quot;0.0083333333333333&quot;,&quot;title&quot;:&quot;&quot;,&quot;orientation&quot;:&quot;1&quot;}\" data-image-title=\"IMG_20231028_173114\" data-image-description=\"\" data-image-caption=\"\" data-large-file=\"https:\/\/wloczykij.org\/blog\/wp-content\/uploads\/sites\/2\/2024\/02\/IMG_20231028_173114-1000x748.jpg\" data-id=\"4369\" src=\"https:\/\/wloczykij.org\/blog\/wp-content\/uploads\/sites\/2\/2024\/02\/IMG_20231028_173114-1000x748.jpg\" alt=\"\" class=\"wp-image-4369\" srcset=\"https:\/\/wloczykij.org\/blog\/wp-content\/uploads\/sites\/2\/2024\/02\/IMG_20231028_173114-1000x748.jpg 1000w, https:\/\/wloczykij.org\/blog\/wp-content\/uploads\/sites\/2\/2024\/02\/IMG_20231028_173114-768x575.jpg 768w, https:\/\/wloczykij.org\/blog\/wp-content\/uploads\/sites\/2\/2024\/02\/IMG_20231028_173114-920x688.jpg 920w, https:\/\/wloczykij.org\/blog\/wp-content\/uploads\/sites\/2\/2024\/02\/IMG_20231028_173114-1536x1149.jpg 1536w, https:\/\/wloczykij.org\/blog\/wp-content\/uploads\/sites\/2\/2024\/02\/IMG_20231028_173114.jpg 1600w\" sizes=\"auto, (max-width: 1000px) 100vw, 1000px\" \/><figcaption class=\"wp-element-caption\">Widok na wysp\u0119, w tle Korea P\u00f3\u0142nocna<\/figcaption><\/figure>\n\n\n\n<figure class=\"wp-block-image size-large\"><img loading=\"lazy\" decoding=\"async\" width=\"1000\" height=\"748\" data-attachment-id=\"4370\" data-permalink=\"https:\/\/wloczykij.org\/blog\/2024\/02\/20\/yeonpyeongdo-wyspa-krabow-i-zolnierzy\/img_20231029_145245\/\" data-orig-file=\"https:\/\/wloczykij.org\/blog\/wp-content\/uploads\/sites\/2\/2024\/02\/IMG_20231029_145245.jpg\" data-orig-size=\"1600,1197\" data-comments-opened=\"0\" data-image-meta=\"{&quot;aperture&quot;:&quot;1.79&quot;,&quot;credit&quot;:&quot;&quot;,&quot;camera&quot;:&quot;2109119DG&quot;,&quot;caption&quot;:&quot;&quot;,&quot;created_timestamp&quot;:&quot;1698591165&quot;,&quot;copyright&quot;:&quot;&quot;,&quot;focal_length&quot;:&quot;4.695&quot;,&quot;iso&quot;:&quot;50&quot;,&quot;shutter_speed&quot;:&quot;0.0013888888888889&quot;,&quot;title&quot;:&quot;&quot;,&quot;orientation&quot;:&quot;1&quot;}\" data-image-title=\"IMG_20231029_145245\" data-image-description=\"\" data-image-caption=\"\" data-large-file=\"https:\/\/wloczykij.org\/blog\/wp-content\/uploads\/sites\/2\/2024\/02\/IMG_20231029_145245-1000x748.jpg\" data-id=\"4370\" src=\"https:\/\/wloczykij.org\/blog\/wp-content\/uploads\/sites\/2\/2024\/02\/IMG_20231029_145245-1000x748.jpg\" alt=\"\" class=\"wp-image-4370\" srcset=\"https:\/\/wloczykij.org\/blog\/wp-content\/uploads\/sites\/2\/2024\/02\/IMG_20231029_145245-1000x748.jpg 1000w, https:\/\/wloczykij.org\/blog\/wp-content\/uploads\/sites\/2\/2024\/02\/IMG_20231029_145245-768x575.jpg 768w, https:\/\/wloczykij.org\/blog\/wp-content\/uploads\/sites\/2\/2024\/02\/IMG_20231029_145245-920x688.jpg 920w, https:\/\/wloczykij.org\/blog\/wp-content\/uploads\/sites\/2\/2024\/02\/IMG_20231029_145245-1536x1149.jpg 1536w, https:\/\/wloczykij.org\/blog\/wp-content\/uploads\/sites\/2\/2024\/02\/IMG_20231029_145245.jpg 1600w\" sizes=\"auto, (max-width: 1000px) 100vw, 1000px\" \/><figcaption class=\"wp-element-caption\">Prywatny dom<\/figcaption><\/figure>\n<\/figure>\n\n\n\n<h2 class=\"wp-block-heading\">Kraby, czyli niebieskie z\u0142oto<\/h2>\n\n\n\n<p>Yeonpyeongdo zamieszkuje na sta\u0142e ok. 1600 os\u00f3b. Zdecydowana wi\u0119kszo\u015b\u0107 zajmuje si\u0119 szeroko rozumianym rybo\u0142\u00f3wstwem, z naciskiem na krabo\u0142\u00f3wstwo. Ot\u00f3\u017c w\u0142a\u015bnie to piaszczysto-skaliste wybrze\u017ce umi\u0142owa\u0142 sobie 'niebieski krab&#8217;, czyli portunik gazami, przysmak Korei. Po korea\u0144sku <em>kkotkke <\/em>(\uaf43\uac8c)<em>,<\/em> czyli 'kwietny krab&#8217;. Nieliczne restauracje na wyspie specjalizuj\u0105 si\u0119 w daniach z tego b\u0142\u0119kitnego skorupiaka. <\/p>\n\n\n\n<p>Od razu musz\u0119 przyzna\u0107, \u017ce krab smakowo zrobi\u0142 na mnie ogromne wra\u017cenie. Jad\u0142em tu najlepszy gulasz krabowy w \u017cyciu (\uaf43\uac8c\ud0d5), a m\u00f3j przyjaciel Ji-myeong zakupi\u0142 a\u017c cztery 3-litrowe kanistry lokalnego gejang (\uac8c\uc7a5), czyli marynowanych na surowo krab\u00f3w w sosie sojowym (zlecili\u015bmy ich wysy\u0142k\u0119 na sta\u0142y l\u0105d). Najbardziej niezwyk\u0142ym wspomnieniem z wyspy by\u0142o ogl\u0105danie o \u015bwicie samotnych staruszek poszukuj\u0105cych na pla\u017cy krab\u00f3w i innych skorupiak\u00f3w. Szczelnie zabezpieczone przed s\u0142o\u0144cem, z charakterystycznymi czapkami z ogromnym daszkiem i tr\u00f3jz\u0119bnym hakiem do grzebania w b\u0142otku w r\u0119ce, eksplorowa\u0142y wybrze\u017ce. Innym skarbem w\u00f3d otaczaj\u0105cych Yeonpyeong jest ma\u0142y \u017c\u00f3\u0142ty krakacz (\ucc38\uc870\uae30). Tej rybce postawiono tu nawet muzeum.  <\/p>\n\n\n\n<p>To mo\u017ce by\u0107 b\u0142\u0119dna ocena, ale wi\u0119kszo\u015b\u0107 mieszka\u0144c\u00f3w wyspy, kt\u00f3rych widzieli\u015bmy, to seniorzy. Na wyspie znajduje si\u0119 co prawda szko\u0142a, ale raczej nie ma za wielu dzieci. 'Je\u017celi nie pracujesz w przemy\u015ble rybnym, to ci\u0119\u017cko tu o rozw\u00f3j. Wi\u0119kszo\u015b\u0107 m\u0142odych os\u00f3b wyje\u017cd\u017ca na sta\u0142y l\u0105d&#8217; &#8211; poinformowa\u0142 nas w\u0142a\u015bciciel jednej z dw\u00f3ch kawiarni na Yeonpyeong. Tak, kawa tak silnie wpisa\u0142a si\u0119 w codzienne \u017cycie Korea\u0144czyk\u00f3w, \u017ce nawet tutaj mo\u017cna wypi\u0107 niezgorsze americano. <\/p>\n\n\n\n<p>Przy niskim przyro\u015bcie naturalnym Korei, wyspy takie jak Yeonpyeong mog\u0105 wydawa\u0107 si\u0119 skazane na opuszczenie. Kto wtedy b\u0119dzie \u0142owi\u0142 kraby? C\u00f3\u017c, spaceruj\u0105c po faktoriach wieczorem wida\u0107, jak wielu zatrudnionych pochodzi z Azji Po\u0142udniowej. Kraby s\u0105 zbyt wa\u017cne. I tak lokalny po\u0142\u00f3w nie ma szans sprosta\u0107 zapotrzebowaniu &#8211; wi\u0119kszo\u015b\u0107 krab\u00f3w importuje si\u0119 z Chin, <a href=\"https:\/\/www.koreaherald.com\/view.php?ud=20230914000841\">a obecnie rozwa\u017ca si\u0119 dodatkowy import&#8230; z W\u0142och.<\/a><\/p>\n\n\n\n<figure class=\"wp-block-gallery has-nested-images columns-default is-cropped wp-block-gallery-2 is-layout-flex wp-block-gallery-is-layout-flex\">\n<figure class=\"wp-block-image size-large\"><img loading=\"lazy\" decoding=\"async\" width=\"1000\" height=\"748\" data-attachment-id=\"4372\" data-permalink=\"https:\/\/wloczykij.org\/blog\/2024\/02\/20\/yeonpyeongdo-wyspa-krabow-i-zolnierzy\/img_20231028_175620\/\" data-orig-file=\"https:\/\/wloczykij.org\/blog\/wp-content\/uploads\/sites\/2\/2024\/02\/IMG_20231028_175620.jpg\" data-orig-size=\"1600,1197\" data-comments-opened=\"0\" data-image-meta=\"{&quot;aperture&quot;:&quot;1.79&quot;,&quot;credit&quot;:&quot;&quot;,&quot;camera&quot;:&quot;2109119DG&quot;,&quot;caption&quot;:&quot;&quot;,&quot;created_timestamp&quot;:&quot;1698515781&quot;,&quot;copyright&quot;:&quot;&quot;,&quot;focal_length&quot;:&quot;4.695&quot;,&quot;iso&quot;:&quot;2506&quot;,&quot;shutter_speed&quot;:&quot;0.041666666666667&quot;,&quot;title&quot;:&quot;&quot;,&quot;orientation&quot;:&quot;1&quot;}\" data-image-title=\"IMG_20231028_175620\" data-image-description=\"\" data-image-caption=\"\" data-large-file=\"https:\/\/wloczykij.org\/blog\/wp-content\/uploads\/sites\/2\/2024\/02\/IMG_20231028_175620-1000x748.jpg\" data-id=\"4372\" src=\"https:\/\/wloczykij.org\/blog\/wp-content\/uploads\/sites\/2\/2024\/02\/IMG_20231028_175620-1000x748.jpg\" alt=\"\" class=\"wp-image-4372\" srcset=\"https:\/\/wloczykij.org\/blog\/wp-content\/uploads\/sites\/2\/2024\/02\/IMG_20231028_175620-1000x748.jpg 1000w, https:\/\/wloczykij.org\/blog\/wp-content\/uploads\/sites\/2\/2024\/02\/IMG_20231028_175620-768x575.jpg 768w, https:\/\/wloczykij.org\/blog\/wp-content\/uploads\/sites\/2\/2024\/02\/IMG_20231028_175620-920x688.jpg 920w, https:\/\/wloczykij.org\/blog\/wp-content\/uploads\/sites\/2\/2024\/02\/IMG_20231028_175620-1536x1149.jpg 1536w, https:\/\/wloczykij.org\/blog\/wp-content\/uploads\/sites\/2\/2024\/02\/IMG_20231028_175620.jpg 1600w\" sizes=\"auto, (max-width: 1000px) 100vw, 1000px\" \/><figcaption class=\"wp-element-caption\">Mini muzeum po\u015bwi\u0119cone rybce ma\u0142y \u017c\u00f3\u0142ty krakacz<\/figcaption><\/figure>\n\n\n\n<figure class=\"wp-block-image size-large\"><img loading=\"lazy\" decoding=\"async\" width=\"1000\" height=\"748\" data-attachment-id=\"4371\" data-permalink=\"https:\/\/wloczykij.org\/blog\/2024\/02\/20\/yeonpyeongdo-wyspa-krabow-i-zolnierzy\/img_20231028_185143\/\" data-orig-file=\"https:\/\/wloczykij.org\/blog\/wp-content\/uploads\/sites\/2\/2024\/02\/IMG_20231028_185143.jpg\" data-orig-size=\"1600,1197\" data-comments-opened=\"0\" data-image-meta=\"{&quot;aperture&quot;:&quot;1.79&quot;,&quot;credit&quot;:&quot;&quot;,&quot;camera&quot;:&quot;2109119DG&quot;,&quot;caption&quot;:&quot;&quot;,&quot;created_timestamp&quot;:&quot;1698519103&quot;,&quot;copyright&quot;:&quot;&quot;,&quot;focal_length&quot;:&quot;4.695&quot;,&quot;iso&quot;:&quot;356&quot;,&quot;shutter_speed&quot;:&quot;0.016666666666667&quot;,&quot;title&quot;:&quot;&quot;,&quot;orientation&quot;:&quot;1&quot;}\" data-image-title=\"IMG_20231028_185143\" data-image-description=\"\" data-image-caption=\"\" data-large-file=\"https:\/\/wloczykij.org\/blog\/wp-content\/uploads\/sites\/2\/2024\/02\/IMG_20231028_185143-1000x748.jpg\" data-id=\"4371\" src=\"https:\/\/wloczykij.org\/blog\/wp-content\/uploads\/sites\/2\/2024\/02\/IMG_20231028_185143-1000x748.jpg\" alt=\"\" class=\"wp-image-4371\" srcset=\"https:\/\/wloczykij.org\/blog\/wp-content\/uploads\/sites\/2\/2024\/02\/IMG_20231028_185143-1000x748.jpg 1000w, https:\/\/wloczykij.org\/blog\/wp-content\/uploads\/sites\/2\/2024\/02\/IMG_20231028_185143-768x575.jpg 768w, https:\/\/wloczykij.org\/blog\/wp-content\/uploads\/sites\/2\/2024\/02\/IMG_20231028_185143-920x688.jpg 920w, https:\/\/wloczykij.org\/blog\/wp-content\/uploads\/sites\/2\/2024\/02\/IMG_20231028_185143-1536x1149.jpg 1536w, https:\/\/wloczykij.org\/blog\/wp-content\/uploads\/sites\/2\/2024\/02\/IMG_20231028_185143.jpg 1600w\" sizes=\"auto, (max-width: 1000px) 100vw, 1000px\" \/><figcaption class=\"wp-element-caption\">Gulasz krabowy<\/figcaption><\/figure>\n\n\n\n<figure class=\"wp-block-image size-large\"><img loading=\"lazy\" decoding=\"async\" width=\"1000\" height=\"748\" data-attachment-id=\"4373\" data-permalink=\"https:\/\/wloczykij.org\/blog\/2024\/02\/20\/yeonpyeongdo-wyspa-krabow-i-zolnierzy\/img_20231028_185407\/\" data-orig-file=\"https:\/\/wloczykij.org\/blog\/wp-content\/uploads\/sites\/2\/2024\/02\/IMG_20231028_185407.jpg\" data-orig-size=\"1600,1197\" data-comments-opened=\"0\" data-image-meta=\"{&quot;aperture&quot;:&quot;1.79&quot;,&quot;credit&quot;:&quot;&quot;,&quot;camera&quot;:&quot;2109119DG&quot;,&quot;caption&quot;:&quot;&quot;,&quot;created_timestamp&quot;:&quot;1698519247&quot;,&quot;copyright&quot;:&quot;&quot;,&quot;focal_length&quot;:&quot;4.695&quot;,&quot;iso&quot;:&quot;367&quot;,&quot;shutter_speed&quot;:&quot;0.016666666666667&quot;,&quot;title&quot;:&quot;&quot;,&quot;orientation&quot;:&quot;1&quot;}\" data-image-title=\"IMG_20231028_185407\" data-image-description=\"\" data-image-caption=\"\" data-large-file=\"https:\/\/wloczykij.org\/blog\/wp-content\/uploads\/sites\/2\/2024\/02\/IMG_20231028_185407-1000x748.jpg\" data-id=\"4373\" src=\"https:\/\/wloczykij.org\/blog\/wp-content\/uploads\/sites\/2\/2024\/02\/IMG_20231028_185407-1000x748.jpg\" alt=\"\" class=\"wp-image-4373\" srcset=\"https:\/\/wloczykij.org\/blog\/wp-content\/uploads\/sites\/2\/2024\/02\/IMG_20231028_185407-1000x748.jpg 1000w, https:\/\/wloczykij.org\/blog\/wp-content\/uploads\/sites\/2\/2024\/02\/IMG_20231028_185407-768x575.jpg 768w, https:\/\/wloczykij.org\/blog\/wp-content\/uploads\/sites\/2\/2024\/02\/IMG_20231028_185407-920x688.jpg 920w, https:\/\/wloczykij.org\/blog\/wp-content\/uploads\/sites\/2\/2024\/02\/IMG_20231028_185407-1536x1149.jpg 1536w, https:\/\/wloczykij.org\/blog\/wp-content\/uploads\/sites\/2\/2024\/02\/IMG_20231028_185407.jpg 1600w\" sizes=\"auto, (max-width: 1000px) 100vw, 1000px\" \/><figcaption class=\"wp-element-caption\"> Lokalny gejang, kt\u00f3ry zachwyci\u0142 mojego korea\u0144skiego przyjaciela<\/figcaption><\/figure>\n<\/figure>\n\n\n\n<h2 class=\"wp-block-heading\">Patriotyczne wychowanie na Yeonpyeongdo<\/h2>\n\n\n\n<p>Jest jeszcze jeden pow\u00f3d wyludniania si\u0119 wyspy i jest nim poczucie zagro\u017cenia. Yeonpyeong le\u017cy w pobli\u017cu P\u00f3\u0142nocnej Linii Granicznej &#8211; jej przebieg do dzi\u015b jest elementem sporu pomi\u0119dzy Koreami. Cho\u0107 re\u017cim Kim\u00f3w nie ro\u015bci praw do samej wyspy, to zupe\u0142nie inaczej wyznacza lini\u0119 graniczn\u0105 (patrz mapa poni\u017cej). Stawk\u0105 jest oczywi\u015bcie dost\u0119p do najlepszych miejsc po\u0142owu krab\u00f3w. To w\u0142a\u015bnie z tego powodu cz\u0119sto w pobli\u017cu Yeonpyeong dochodzi\u0142o do star\u0107 pomi\u0119dzy flotami obu kraj\u00f3w. Znane s\u0105 dwie 'bitwy o Yeonpyeong&#8217; (\uc5f0\ud3c9\ud574\uc804) z 1999 i 2002 roku. W obu ton\u0119\u0142y \u0142odzie patrolowe i gin\u0119li \u017co\u0142nierze po obu stronach. Ostatni powa\u017cny incydent mia\u0142 miejsce w 2010 roku, kiedy si\u0142y KRLD zatopi\u0142y po\u0142udniowokorea\u0144sk\u0105 korwet\u0119 i ostrzela\u0142y solidnie wysp\u0119. W ataku \u015bmier\u0107 ponios\u0142y cztery osoby, a kilkadziesi\u0105t zosta\u0142o rannych. <\/p>\n\n\n\n<p>Kilka zrujnowanych ostrza\u0142em budynk\u00f3w do dzi\u015b stoi w centrum miasteczka na Yeonpyeong. To cz\u0119\u015b\u0107 patriotycznego muzeum informuj\u0105cego o potrzebie obrony terytorialnej kraju i o jawnie antykomunistycznym wyd\u017awi\u0119ku. Jak si\u0119 dowiedzieli\u015bmy, muzeum bywa cz\u0119\u015bci\u0105 programu patriotycznych wycieczek szkolnych. Na ca\u0142ej wyspie znajdziemy pomniki upami\u0119tniaj\u0105ce ofiary nieszcz\u0119snego ataku lub miejsca, w kt\u00f3rym spad\u0142y bomby. To w\u0142a\u015bnie z powodu star\u0107 wyspa przypomina dzi\u015b baz\u0119 wojskow\u0105. Cho\u0107 dok\u0142adne statystyki nie s\u0105 podane, us\u0142yszeli\u015bmy, \u017ce ilo\u015b\u0107 \u017co\u0142nierzy przewy\u017csza lokaln\u0105 ludno\u015b\u0107 co najmniej o 1\/3. Z powodu wojskowych instalacji w wielu miejscach na wyspie istnieje kategoryczny zakaz robienia zdj\u0119\u0107. <\/p>\n\n\n\n<figure class=\"wp-block-image size-large\"><img loading=\"lazy\" decoding=\"async\" width=\"1000\" height=\"716\" data-attachment-id=\"4385\" data-permalink=\"https:\/\/wloczykij.org\/blog\/2024\/02\/20\/yeonpyeongdo-wyspa-krabow-i-zolnierzy\/image\/\" data-orig-file=\"https:\/\/wloczykij.org\/blog\/wp-content\/uploads\/sites\/2\/2024\/02\/image.png\" data-orig-size=\"1280,916\" data-comments-opened=\"0\" data-image-meta=\"{&quot;aperture&quot;:&quot;0&quot;,&quot;credit&quot;:&quot;&quot;,&quot;camera&quot;:&quot;&quot;,&quot;caption&quot;:&quot;&quot;,&quot;created_timestamp&quot;:&quot;0&quot;,&quot;copyright&quot;:&quot;&quot;,&quot;focal_length&quot;:&quot;0&quot;,&quot;iso&quot;:&quot;0&quot;,&quot;shutter_speed&quot;:&quot;0&quot;,&quot;title&quot;:&quot;&quot;,&quot;orientation&quot;:&quot;0&quot;}\" data-image-title=\"image\" data-image-description=\"\" data-image-caption=\"\" data-large-file=\"https:\/\/wloczykij.org\/blog\/wp-content\/uploads\/sites\/2\/2024\/02\/image-1000x716.png\" src=\"https:\/\/wloczykij.org\/blog\/wp-content\/uploads\/sites\/2\/2024\/02\/image-1000x716.png\" alt=\"\" class=\"wp-image-4385\" srcset=\"https:\/\/wloczykij.org\/blog\/wp-content\/uploads\/sites\/2\/2024\/02\/image-1000x716.png 1000w, https:\/\/wloczykij.org\/blog\/wp-content\/uploads\/sites\/2\/2024\/02\/image-768x550.png 768w, https:\/\/wloczykij.org\/blog\/wp-content\/uploads\/sites\/2\/2024\/02\/image-920x658.png 920w, https:\/\/wloczykij.org\/blog\/wp-content\/uploads\/sites\/2\/2024\/02\/image.png 1280w\" sizes=\"auto, (max-width: 1000px) 100vw, 1000px\" \/><figcaption class=\"wp-element-caption\">Sporna granica morska mi\u0119dzy Kore\u0105 P\u00f3\u0142nocn\u0105 a Kore\u0105 Po\u0142udniow\u0105 na Morzu \u017b\u00f3tym. \u017br\u00f3d\u0142o: Wiki<\/figcaption><\/figure>\n\n\n\n<figure class=\"wp-block-gallery has-nested-images columns-default is-cropped wp-block-gallery-3 is-layout-flex wp-block-gallery-is-layout-flex\">\n<figure class=\"wp-block-image size-large\"><img loading=\"lazy\" decoding=\"async\" width=\"1000\" height=\"748\" data-attachment-id=\"4376\" data-permalink=\"https:\/\/wloczykij.org\/blog\/2024\/02\/20\/yeonpyeongdo-wyspa-krabow-i-zolnierzy\/img_20231028_170616\/\" data-orig-file=\"https:\/\/wloczykij.org\/blog\/wp-content\/uploads\/sites\/2\/2024\/02\/IMG_20231028_170616.jpg\" data-orig-size=\"1600,1197\" data-comments-opened=\"0\" data-image-meta=\"{&quot;aperture&quot;:&quot;1.79&quot;,&quot;credit&quot;:&quot;&quot;,&quot;camera&quot;:&quot;2109119DG&quot;,&quot;caption&quot;:&quot;&quot;,&quot;created_timestamp&quot;:&quot;1698512776&quot;,&quot;copyright&quot;:&quot;&quot;,&quot;focal_length&quot;:&quot;4.695&quot;,&quot;iso&quot;:&quot;121&quot;,&quot;shutter_speed&quot;:&quot;0.0083333333333333&quot;,&quot;title&quot;:&quot;&quot;,&quot;orientation&quot;:&quot;1&quot;}\" data-image-title=\"IMG_20231028_170616\" data-image-description=\"\" data-image-caption=\"\" data-large-file=\"https:\/\/wloczykij.org\/blog\/wp-content\/uploads\/sites\/2\/2024\/02\/IMG_20231028_170616-1000x748.jpg\" data-id=\"4376\" src=\"https:\/\/wloczykij.org\/blog\/wp-content\/uploads\/sites\/2\/2024\/02\/IMG_20231028_170616-1000x748.jpg\" alt=\"\" class=\"wp-image-4376\" srcset=\"https:\/\/wloczykij.org\/blog\/wp-content\/uploads\/sites\/2\/2024\/02\/IMG_20231028_170616-1000x748.jpg 1000w, https:\/\/wloczykij.org\/blog\/wp-content\/uploads\/sites\/2\/2024\/02\/IMG_20231028_170616-768x575.jpg 768w, https:\/\/wloczykij.org\/blog\/wp-content\/uploads\/sites\/2\/2024\/02\/IMG_20231028_170616-920x688.jpg 920w, https:\/\/wloczykij.org\/blog\/wp-content\/uploads\/sites\/2\/2024\/02\/IMG_20231028_170616-1536x1149.jpg 1536w, https:\/\/wloczykij.org\/blog\/wp-content\/uploads\/sites\/2\/2024\/02\/IMG_20231028_170616.jpg 1600w\" sizes=\"auto, (max-width: 1000px) 100vw, 1000px\" \/><figcaption class=\"wp-element-caption\">Przyk\u0142ad infantylizacji wojny<\/figcaption><\/figure>\n\n\n\n<figure class=\"wp-block-image size-large\"><img loading=\"lazy\" decoding=\"async\" width=\"1000\" height=\"748\" data-attachment-id=\"4374\" data-permalink=\"https:\/\/wloczykij.org\/blog\/2024\/02\/20\/yeonpyeongdo-wyspa-krabow-i-zolnierzy\/img_20231028_170646-1\/\" data-orig-file=\"https:\/\/wloczykij.org\/blog\/wp-content\/uploads\/sites\/2\/2024\/02\/IMG_20231028_170646-1.jpg\" data-orig-size=\"1600,1197\" data-comments-opened=\"0\" data-image-meta=\"{&quot;aperture&quot;:&quot;1.79&quot;,&quot;credit&quot;:&quot;&quot;,&quot;camera&quot;:&quot;2109119DG&quot;,&quot;caption&quot;:&quot;&quot;,&quot;created_timestamp&quot;:&quot;1698512807&quot;,&quot;copyright&quot;:&quot;&quot;,&quot;focal_length&quot;:&quot;4.695&quot;,&quot;iso&quot;:&quot;80&quot;,&quot;shutter_speed&quot;:&quot;0.0083333333333333&quot;,&quot;title&quot;:&quot;&quot;,&quot;orientation&quot;:&quot;1&quot;}\" data-image-title=\"IMG_20231028_170646-1\" data-image-description=\"\" data-image-caption=\"\" data-large-file=\"https:\/\/wloczykij.org\/blog\/wp-content\/uploads\/sites\/2\/2024\/02\/IMG_20231028_170646-1-1000x748.jpg\" data-id=\"4374\" src=\"https:\/\/wloczykij.org\/blog\/wp-content\/uploads\/sites\/2\/2024\/02\/IMG_20231028_170646-1-1000x748.jpg\" alt=\"\" class=\"wp-image-4374\" srcset=\"https:\/\/wloczykij.org\/blog\/wp-content\/uploads\/sites\/2\/2024\/02\/IMG_20231028_170646-1-1000x748.jpg 1000w, https:\/\/wloczykij.org\/blog\/wp-content\/uploads\/sites\/2\/2024\/02\/IMG_20231028_170646-1-768x575.jpg 768w, https:\/\/wloczykij.org\/blog\/wp-content\/uploads\/sites\/2\/2024\/02\/IMG_20231028_170646-1-920x688.jpg 920w, https:\/\/wloczykij.org\/blog\/wp-content\/uploads\/sites\/2\/2024\/02\/IMG_20231028_170646-1-1536x1149.jpg 1536w, https:\/\/wloczykij.org\/blog\/wp-content\/uploads\/sites\/2\/2024\/02\/IMG_20231028_170646-1.jpg 1600w\" sizes=\"auto, (max-width: 1000px) 100vw, 1000px\" \/><figcaption class=\"wp-element-caption\">Rze\u017aba w 'Parku Pokoju&#8217; zbudowana na cze\u015b\u0107 'zwyci\u0119stwa&#8217; nad KRLD w potyczce o Yeonpyeong<\/figcaption><\/figure>\n\n\n\n<figure class=\"wp-block-image size-large\"><img loading=\"lazy\" decoding=\"async\" width=\"1000\" height=\"748\" data-attachment-id=\"4377\" data-permalink=\"https:\/\/wloczykij.org\/blog\/2024\/02\/20\/yeonpyeongdo-wyspa-krabow-i-zolnierzy\/img_20231028_171010\/\" data-orig-file=\"https:\/\/wloczykij.org\/blog\/wp-content\/uploads\/sites\/2\/2024\/02\/IMG_20231028_171010.jpg\" data-orig-size=\"1600,1197\" data-comments-opened=\"0\" data-image-meta=\"{&quot;aperture&quot;:&quot;1.79&quot;,&quot;credit&quot;:&quot;&quot;,&quot;camera&quot;:&quot;2109119DG&quot;,&quot;caption&quot;:&quot;&quot;,&quot;created_timestamp&quot;:&quot;1698513010&quot;,&quot;copyright&quot;:&quot;&quot;,&quot;focal_length&quot;:&quot;4.695&quot;,&quot;iso&quot;:&quot;50&quot;,&quot;shutter_speed&quot;:&quot;0.0054945054945055&quot;,&quot;title&quot;:&quot;&quot;,&quot;orientation&quot;:&quot;1&quot;}\" data-image-title=\"IMG_20231028_171010\" data-image-description=\"\" data-image-caption=\"\" data-large-file=\"https:\/\/wloczykij.org\/blog\/wp-content\/uploads\/sites\/2\/2024\/02\/IMG_20231028_171010-1000x748.jpg\" data-id=\"4377\" src=\"https:\/\/wloczykij.org\/blog\/wp-content\/uploads\/sites\/2\/2024\/02\/IMG_20231028_171010-1000x748.jpg\" alt=\"\" class=\"wp-image-4377\" srcset=\"https:\/\/wloczykij.org\/blog\/wp-content\/uploads\/sites\/2\/2024\/02\/IMG_20231028_171010-1000x748.jpg 1000w, https:\/\/wloczykij.org\/blog\/wp-content\/uploads\/sites\/2\/2024\/02\/IMG_20231028_171010-768x575.jpg 768w, https:\/\/wloczykij.org\/blog\/wp-content\/uploads\/sites\/2\/2024\/02\/IMG_20231028_171010-920x688.jpg 920w, https:\/\/wloczykij.org\/blog\/wp-content\/uploads\/sites\/2\/2024\/02\/IMG_20231028_171010-1536x1149.jpg 1536w, https:\/\/wloczykij.org\/blog\/wp-content\/uploads\/sites\/2\/2024\/02\/IMG_20231028_171010.jpg 1600w\" sizes=\"auto, (max-width: 1000px) 100vw, 1000px\" \/><figcaption class=\"wp-element-caption\">Pomnik ku czci ofiar<\/figcaption><\/figure>\n\n\n\n<figure class=\"wp-block-image size-large\"><img loading=\"lazy\" decoding=\"async\" width=\"1000\" height=\"748\" data-attachment-id=\"4375\" data-permalink=\"https:\/\/wloczykij.org\/blog\/2024\/02\/20\/yeonpyeongdo-wyspa-krabow-i-zolnierzy\/img_20231029_150128\/\" data-orig-file=\"https:\/\/wloczykij.org\/blog\/wp-content\/uploads\/sites\/2\/2024\/02\/IMG_20231029_150128.jpg\" data-orig-size=\"1600,1197\" data-comments-opened=\"0\" data-image-meta=\"{&quot;aperture&quot;:&quot;1.79&quot;,&quot;credit&quot;:&quot;&quot;,&quot;camera&quot;:&quot;2109119DG&quot;,&quot;caption&quot;:&quot;&quot;,&quot;created_timestamp&quot;:&quot;1698591688&quot;,&quot;copyright&quot;:&quot;&quot;,&quot;focal_length&quot;:&quot;4.695&quot;,&quot;iso&quot;:&quot;95&quot;,&quot;shutter_speed&quot;:&quot;0.0083333333333333&quot;,&quot;title&quot;:&quot;&quot;,&quot;orientation&quot;:&quot;1&quot;}\" data-image-title=\"IMG_20231029_150128\" data-image-description=\"\" data-image-caption=\"\" data-large-file=\"https:\/\/wloczykij.org\/blog\/wp-content\/uploads\/sites\/2\/2024\/02\/IMG_20231029_150128-1000x748.jpg\" data-id=\"4375\" src=\"https:\/\/wloczykij.org\/blog\/wp-content\/uploads\/sites\/2\/2024\/02\/IMG_20231029_150128-1000x748.jpg\" alt=\"\" class=\"wp-image-4375\" srcset=\"https:\/\/wloczykij.org\/blog\/wp-content\/uploads\/sites\/2\/2024\/02\/IMG_20231029_150128-1000x748.jpg 1000w, https:\/\/wloczykij.org\/blog\/wp-content\/uploads\/sites\/2\/2024\/02\/IMG_20231029_150128-768x575.jpg 768w, https:\/\/wloczykij.org\/blog\/wp-content\/uploads\/sites\/2\/2024\/02\/IMG_20231029_150128-920x688.jpg 920w, https:\/\/wloczykij.org\/blog\/wp-content\/uploads\/sites\/2\/2024\/02\/IMG_20231029_150128-1536x1149.jpg 1536w, https:\/\/wloczykij.org\/blog\/wp-content\/uploads\/sites\/2\/2024\/02\/IMG_20231029_150128.jpg 1600w\" sizes=\"auto, (max-width: 1000px) 100vw, 1000px\" \/><figcaption class=\"wp-element-caption\">Ruiny po bombardowaniu, jako cz\u0119\u015b\u0107 muzeum<\/figcaption><\/figure>\n<\/figure>\n\n\n\n<h2 class=\"wp-block-heading\">Blisko\u015b\u0107 KRLD<\/h2>\n\n\n\n<p>Yeonpyeongdo faktycznie znajduje si\u0119 zaledwie 12 km od Korei P\u00f3\u0142nocnej. Ma to te\u017c swoje plusy. Z wie\u017c obserwacyjnych mo\u017cna spojrze\u0107 przez lunety na p\u00f3\u0142nocnokorea\u0144skie miasto Haeju. Co ciekawe, wysp\u0119 otaczaj\u0105 g\u0142\u00f3wnie chi\u0144skie \u0142odzie rybackie. Korea i inne pa\u0144stwa granicz\u0105ce z Morzem \u017b\u00f3\u0142tym coraz cz\u0119\u015bciej podnosz\u0105 sprzeciw wobec \u0142amaniu praw mi\u0119dzynarodowych przez chi\u0144skich rybak\u00f3w, jednak niewiele to zmienia. \u0141odzie p\u00f3\u0142nocnokorea\u0144skie zazwyczaj nie u\u017cywaj\u0105 flagi, wi\u0119c ci\u0119\u017cko stwierdzi\u0107 czy jakie\u015b widzieli\u015bmy, czy nie. <\/p>\n\n\n\n<p>Na zachodniej pla\u017cy wyspy znale\u017ali\u015bmy jednak sporo p\u00f3\u0142nocnokorea\u0144skich <a href=\"https:\/\/www.instagram.com\/p\/Cy-x-amLJiR\/?hl=en&amp;img_index=1\">\u015bmieci<\/a>. Cho\u0107 brzmi to zabawnie, w kontek\u015bcie jednego z najbardziej zamkni\u0119tych kraj\u00f3w \u015bwiata, \u015bmieci s\u0105 pewnym no\u015bnikiem informacji. Robiono nawet na ich temat badania! Profesor Kang Dong Wan poda\u0142 analizie ponad 2000 \u015bmieci zebranych z 'Pi\u0119ciu Wysp Morza \u017b\u00f3\u0142tego&#8217; (nale\u017c\u0105 do nich \uc5f0\ud3c9, \ubc31\ub839, \ub300\uccad, \uc18c\uccad i \uc6b0\ub3c4). Wniosek? Ich r\u00f3\u017cnorodno\u015b\u0107 i ilo\u015b\u0107 wskazuj\u0105, \u017ce re\u017cim rozwija bran\u017c\u0119 konsumpcyjn\u0105 i to wzoruj\u0105c si\u0119 na twardym kapitalizmie. <\/p>\n\n\n\n<figure class=\"wp-block-image size-large\"><img loading=\"lazy\" decoding=\"async\" width=\"1000\" height=\"748\" data-attachment-id=\"4378\" data-permalink=\"https:\/\/wloczykij.org\/blog\/2024\/02\/20\/yeonpyeongdo-wyspa-krabow-i-zolnierzy\/img_20231029_085816\/\" data-orig-file=\"https:\/\/wloczykij.org\/blog\/wp-content\/uploads\/sites\/2\/2024\/02\/IMG_20231029_085816.jpg\" data-orig-size=\"1600,1197\" data-comments-opened=\"0\" data-image-meta=\"{&quot;aperture&quot;:&quot;1.79&quot;,&quot;credit&quot;:&quot;&quot;,&quot;camera&quot;:&quot;2109119DG&quot;,&quot;caption&quot;:&quot;&quot;,&quot;created_timestamp&quot;:&quot;1698569896&quot;,&quot;copyright&quot;:&quot;&quot;,&quot;focal_length&quot;:&quot;4.695&quot;,&quot;iso&quot;:&quot;50&quot;,&quot;shutter_speed&quot;:&quot;0.00390625&quot;,&quot;title&quot;:&quot;&quot;,&quot;orientation&quot;:&quot;1&quot;}\" data-image-title=\"IMG_20231029_085816\" data-image-description=\"\" data-image-caption=\"\" data-large-file=\"https:\/\/wloczykij.org\/blog\/wp-content\/uploads\/sites\/2\/2024\/02\/IMG_20231029_085816-1000x748.jpg\" src=\"https:\/\/wloczykij.org\/blog\/wp-content\/uploads\/sites\/2\/2024\/02\/IMG_20231029_085816-1000x748.jpg\" alt=\"\" class=\"wp-image-4378\" srcset=\"https:\/\/wloczykij.org\/blog\/wp-content\/uploads\/sites\/2\/2024\/02\/IMG_20231029_085816-1000x748.jpg 1000w, https:\/\/wloczykij.org\/blog\/wp-content\/uploads\/sites\/2\/2024\/02\/IMG_20231029_085816-768x575.jpg 768w, https:\/\/wloczykij.org\/blog\/wp-content\/uploads\/sites\/2\/2024\/02\/IMG_20231029_085816-920x688.jpg 920w, https:\/\/wloczykij.org\/blog\/wp-content\/uploads\/sites\/2\/2024\/02\/IMG_20231029_085816-1536x1149.jpg 1536w, https:\/\/wloczykij.org\/blog\/wp-content\/uploads\/sites\/2\/2024\/02\/IMG_20231029_085816.jpg 1600w\" sizes=\"auto, (max-width: 1000px) 100vw, 1000px\" \/><figcaption class=\"wp-element-caption\">Kosmiczny pejza\u017c Yeonpyeongdo a w tle wyspy nale\u017c\u0105ce do KRLD.<\/figcaption><\/figure>\n\n\n\n<h2 class=\"wp-block-heading\">Zapomniany szamanizm Yeonpyeongdo<\/h2>\n\n\n\n<p>Do\u015bwiadczenie Yeonpyeongdo przypomina troch\u0119 to znane z <a href=\"https:\/\/pl.wikipedia.org\/wiki\/Korea%C5%84ska_Strefa_Zdemilitaryzowana\">DMZ<\/a>, lecz bez t\u0142umu turyst\u00f3w. Jest tu du\u017co przyrody i zewsz\u0105d rozbrzmiewa g\u0142o\u015bny \u015bpiew cykad. Wyspa skrywa jeszcze jedn\u0105 tajemnic\u0119. Pono\u0107 mieszka\u0144cy wyspy jeszcze do niedawna w wi\u0119kszo\u015bci byli animistami. W latach 70. odprawiano tu publicznie rytua\u0142 do b\u00f3stw wody. Wraz z rosn\u0105c\u0105 krytyk\u0105 ze strony chrze\u015bcijan rytua\u0142 wstrzymano. Obecnie wi\u0119kszo\u015b\u0107 mieszka\u0144c\u00f3w wyspy to chrze\u015bcijanie. Cieniem tamtych wierze\u0144 jest ma\u0142y pawilon szamanistyczny na szczycie wzg\u00f3rza w pobli\u017cu centralnego miasteczka. <\/p>\n\n\n\n<p>Tablica informacyjna m\u00f3wi, \u017ce g\u0142\u00f3wnym b\u00f3stwem, kt\u00f3remu oddaje si\u0119 tu cze\u015b\u0107 jest Im Gyeong-eop, genera\u0142 Kr\u00f3lestwa Joseon (kult genera\u0142\u00f3w jest typowy dla korea\u0144skiego szamanizmu). Cho\u0107 drzwi do \u015bwi\u0105tyni by\u0142y zamkni\u0119te, to obok znalaz\u0142o si\u0119 drzewo owini\u0119te w kolorowe szarfy, charakterystyczne dla animistycznego kultu. Materia\u0142 nie m\u00f3g\u0142 by\u0107 specjalnie stary. M\u00f3j korea\u0144ski towarzysz powiedzia\u0142, \u017ce cho\u0107 nie wierzy w duchy, to w miejscach zwi\u0105zanych z szamanizmem czuje si\u0119 nieswojo i zebrali\u015bmy si\u0119 troch\u0119 szybciej ni\u017c planowa\u0142em. (Nie)wymar\u0142y szamanizm to jeszcze jeden element niezwyk\u0142ej wyspy Yeonpyeong.<\/p>\n\n\n\n<figure class=\"wp-block-gallery has-nested-images columns-default is-cropped wp-block-gallery-4 is-layout-flex wp-block-gallery-is-layout-flex\">\n<figure class=\"wp-block-image size-large\"><img loading=\"lazy\" decoding=\"async\" width=\"748\" height=\"1000\" data-attachment-id=\"4379\" data-permalink=\"https:\/\/wloczykij.org\/blog\/2024\/02\/20\/yeonpyeongdo-wyspa-krabow-i-zolnierzy\/img_20231029_104749\/\" data-orig-file=\"https:\/\/wloczykij.org\/blog\/wp-content\/uploads\/sites\/2\/2024\/02\/IMG_20231029_104749.jpg\" data-orig-size=\"1197,1600\" data-comments-opened=\"0\" data-image-meta=\"{&quot;aperture&quot;:&quot;1.79&quot;,&quot;credit&quot;:&quot;&quot;,&quot;camera&quot;:&quot;2109119DG&quot;,&quot;caption&quot;:&quot;&quot;,&quot;created_timestamp&quot;:&quot;1698576469&quot;,&quot;copyright&quot;:&quot;&quot;,&quot;focal_length&quot;:&quot;4.695&quot;,&quot;iso&quot;:&quot;50&quot;,&quot;shutter_speed&quot;:&quot;0.0010964912280702&quot;,&quot;title&quot;:&quot;&quot;,&quot;orientation&quot;:&quot;1&quot;}\" data-image-title=\"IMG_20231029_104749\" data-image-description=\"\" data-image-caption=\"\" data-large-file=\"https:\/\/wloczykij.org\/blog\/wp-content\/uploads\/sites\/2\/2024\/02\/IMG_20231029_104749-748x1000.jpg\" data-id=\"4379\" src=\"https:\/\/wloczykij.org\/blog\/wp-content\/uploads\/sites\/2\/2024\/02\/IMG_20231029_104749-748x1000.jpg\" alt=\"\" class=\"wp-image-4379\" srcset=\"https:\/\/wloczykij.org\/blog\/wp-content\/uploads\/sites\/2\/2024\/02\/IMG_20231029_104749-748x1000.jpg 748w, https:\/\/wloczykij.org\/blog\/wp-content\/uploads\/sites\/2\/2024\/02\/IMG_20231029_104749-575x768.jpg 575w, https:\/\/wloczykij.org\/blog\/wp-content\/uploads\/sites\/2\/2024\/02\/IMG_20231029_104749-920x1230.jpg 920w, https:\/\/wloczykij.org\/blog\/wp-content\/uploads\/sites\/2\/2024\/02\/IMG_20231029_104749-1149x1536.jpg 1149w, https:\/\/wloczykij.org\/blog\/wp-content\/uploads\/sites\/2\/2024\/02\/IMG_20231029_104749-1000x1337.jpg 1000w, https:\/\/wloczykij.org\/blog\/wp-content\/uploads\/sites\/2\/2024\/02\/IMG_20231029_104749.jpg 1197w\" sizes=\"auto, (max-width: 748px) 100vw, 748px\" \/><figcaption class=\"wp-element-caption\">Wi\u0119kszo\u015bc mieszka\u0144c\u00f3w wysp to chrze\u015bcijanie<\/figcaption><\/figure>\n\n\n\n<figure class=\"wp-block-image size-large\"><img loading=\"lazy\" decoding=\"async\" width=\"748\" height=\"1000\" data-attachment-id=\"4381\" data-permalink=\"https:\/\/wloczykij.org\/blog\/2024\/02\/20\/yeonpyeongdo-wyspa-krabow-i-zolnierzy\/img_20231029_105529\/\" data-orig-file=\"https:\/\/wloczykij.org\/blog\/wp-content\/uploads\/sites\/2\/2024\/02\/IMG_20231029_105529.jpg\" data-orig-size=\"1197,1600\" data-comments-opened=\"0\" data-image-meta=\"{&quot;aperture&quot;:&quot;1.79&quot;,&quot;credit&quot;:&quot;&quot;,&quot;camera&quot;:&quot;2109119DG&quot;,&quot;caption&quot;:&quot;&quot;,&quot;created_timestamp&quot;:&quot;1698576929&quot;,&quot;copyright&quot;:&quot;&quot;,&quot;focal_length&quot;:&quot;4.695&quot;,&quot;iso&quot;:&quot;50&quot;,&quot;shutter_speed&quot;:&quot;0.0029940119760479&quot;,&quot;title&quot;:&quot;&quot;,&quot;orientation&quot;:&quot;1&quot;}\" data-image-title=\"IMG_20231029_105529\" data-image-description=\"\" data-image-caption=\"\" data-large-file=\"https:\/\/wloczykij.org\/blog\/wp-content\/uploads\/sites\/2\/2024\/02\/IMG_20231029_105529-748x1000.jpg\" data-id=\"4381\" src=\"https:\/\/wloczykij.org\/blog\/wp-content\/uploads\/sites\/2\/2024\/02\/IMG_20231029_105529-748x1000.jpg\" alt=\"\" class=\"wp-image-4381\" srcset=\"https:\/\/wloczykij.org\/blog\/wp-content\/uploads\/sites\/2\/2024\/02\/IMG_20231029_105529-748x1000.jpg 748w, https:\/\/wloczykij.org\/blog\/wp-content\/uploads\/sites\/2\/2024\/02\/IMG_20231029_105529-575x768.jpg 575w, https:\/\/wloczykij.org\/blog\/wp-content\/uploads\/sites\/2\/2024\/02\/IMG_20231029_105529-920x1230.jpg 920w, https:\/\/wloczykij.org\/blog\/wp-content\/uploads\/sites\/2\/2024\/02\/IMG_20231029_105529-1149x1536.jpg 1149w, https:\/\/wloczykij.org\/blog\/wp-content\/uploads\/sites\/2\/2024\/02\/IMG_20231029_105529-1000x1337.jpg 1000w, https:\/\/wloczykij.org\/blog\/wp-content\/uploads\/sites\/2\/2024\/02\/IMG_20231029_105529.jpg 1197w\" sizes=\"auto, (max-width: 748px) 100vw, 748px\" \/><figcaption class=\"wp-element-caption\">Droga do szamanistycznej kapliczki<\/figcaption><\/figure>\n\n\n\n<figure class=\"wp-block-image size-large\"><img loading=\"lazy\" decoding=\"async\" width=\"748\" height=\"1000\" data-attachment-id=\"4380\" data-permalink=\"https:\/\/wloczykij.org\/blog\/2024\/02\/20\/yeonpyeongdo-wyspa-krabow-i-zolnierzy\/img_20231029_105955\/\" data-orig-file=\"https:\/\/wloczykij.org\/blog\/wp-content\/uploads\/sites\/2\/2024\/02\/IMG_20231029_105955.jpg\" data-orig-size=\"1197,1600\" data-comments-opened=\"0\" data-image-meta=\"{&quot;aperture&quot;:&quot;1.79&quot;,&quot;credit&quot;:&quot;&quot;,&quot;camera&quot;:&quot;2109119DG&quot;,&quot;caption&quot;:&quot;&quot;,&quot;created_timestamp&quot;:&quot;1698577195&quot;,&quot;copyright&quot;:&quot;&quot;,&quot;focal_length&quot;:&quot;4.695&quot;,&quot;iso&quot;:&quot;50&quot;,&quot;shutter_speed&quot;:&quot;0.0071428571428571&quot;,&quot;title&quot;:&quot;&quot;,&quot;orientation&quot;:&quot;1&quot;}\" data-image-title=\"IMG_20231029_105955\" data-image-description=\"\" data-image-caption=\"\" data-large-file=\"https:\/\/wloczykij.org\/blog\/wp-content\/uploads\/sites\/2\/2024\/02\/IMG_20231029_105955-748x1000.jpg\" data-id=\"4380\" src=\"https:\/\/wloczykij.org\/blog\/wp-content\/uploads\/sites\/2\/2024\/02\/IMG_20231029_105955-748x1000.jpg\" alt=\"\" class=\"wp-image-4380\" srcset=\"https:\/\/wloczykij.org\/blog\/wp-content\/uploads\/sites\/2\/2024\/02\/IMG_20231029_105955-748x1000.jpg 748w, https:\/\/wloczykij.org\/blog\/wp-content\/uploads\/sites\/2\/2024\/02\/IMG_20231029_105955-575x768.jpg 575w, https:\/\/wloczykij.org\/blog\/wp-content\/uploads\/sites\/2\/2024\/02\/IMG_20231029_105955-920x1230.jpg 920w, https:\/\/wloczykij.org\/blog\/wp-content\/uploads\/sites\/2\/2024\/02\/IMG_20231029_105955-1149x1536.jpg 1149w, https:\/\/wloczykij.org\/blog\/wp-content\/uploads\/sites\/2\/2024\/02\/IMG_20231029_105955-1000x1337.jpg 1000w, https:\/\/wloczykij.org\/blog\/wp-content\/uploads\/sites\/2\/2024\/02\/IMG_20231029_105955.jpg 1197w\" sizes=\"auto, (max-width: 748px) 100vw, 748px\" \/><figcaption class=\"wp-element-caption\">Szamanizm w czystej postaci<\/figcaption><\/figure>\n<\/figure>\n\n\n\n<p><strong>Lokalizacja Yeonpyeongdo<\/strong><\/p>\n\n\n\n<p><a href=\"http:\/\/kko.to\/r2PWDeEFxL\">KAKAO<\/a><a href=\"https:\/\/place.map.kakao.com\/7820998\"> MAPS<\/a><\/p>\n\n\n\n<p><strong>Uwaga:<\/strong> na wyspie znajduje si\u0119 kilka rodzinnych hosteli (\ubbfc\ubc15), jednak \u017cadnego z nich nie da si\u0119 zarezerwowa\u0107 przez angloj\u0119zyczne strony. Najlepiej zadzwoni\u0107 dzie\u0144 wcze\u015bniej do w\u0142a\u015bciciela. Adresy i numery telefoniczne nocleg\u00f3w na Yeonpyeong znajduj\u0105 si\u0119 <a href=\"https:\/\/www.iisland.or.kr\/info\/yeonpyeong_stay.asp\">tutaj<\/a>.<\/p>\n","protected":false},"excerpt":{"rendered":"<p>Wyspa Yeonpyeong (\uc5f0\ud3c9\ub3c4) to jedno z miejsc najbardziej zas\u0142uguj\u0105cych na miano 'Korea Beyond K-pop&#8217; jakie mia\u0142em okazje odwiedzi\u0107. Zasadniczo Korea posiada barwny \u015bwiat wysp (zobacz np. Modo czy Silmido), jednak Yeonpyeongdo wyr\u00f3\u017cnia si\u0119 problematyczn\u0105 lokalizacj\u0105. Cho\u0107 do wyspy z portu Incheon p\u0142ynie si\u0119 promem zaledwie dwie godziny, to znajduje si\u0119 ona przy granicy z Kore\u0105 &hellip; <\/p>\n","protected":false},"author":1,"featured_media":4365,"comment_status":"open","ping_status":"open","sticky":false,"template":"","format":"standard","meta":{"_jetpack_memberships_contains_paid_content":false,"footnotes":"","jetpack_publicize_message":"","jetpack_publicize_feature_enabled":true,"jetpack_social_post_already_shared":true,"jetpack_social_options":{"image_generator_settings":{"template":"highway","default_image_id":0,"font":"","enabled":false},"version":2}},"categories":[18],"tags":[340,445,446,443,444],"class_list":["post-4353","post","type-post","status-publish","format-standard","has-post-thumbnail","hentry","category-korea-poludniowa","tag-korea-beyond-k-pop","tag-wyspa","tag-wyspy","tag-yeonpyeong","tag-yeonpyeongdo"],"yoast_head":"<!-- This site is optimized with the Yoast SEO plugin v27.5 - https:\/\/yoast.com\/product\/yoast-seo-wordpress\/ -->\n<title>Yeonpyeongdo - wyspa krab\u00f3w i \u017co\u0142nierzy - W\u0142\u00f3czykij - Roman Husarski<\/title>\n<meta name=\"robots\" content=\"index, follow, max-snippet:-1, max-image-preview:large, max-video-preview:-1\" \/>\n<link rel=\"canonical\" href=\"https:\/\/wloczykij.org\/blog\/2024\/02\/20\/yeonpyeongdo-wyspa-krabow-i-zolnierzy\/\" \/>\n<meta property=\"og:locale\" content=\"pl_PL\" \/>\n<meta property=\"og:type\" content=\"article\" \/>\n<meta property=\"og:title\" content=\"Yeonpyeongdo - wyspa krab\u00f3w i \u017co\u0142nierzy - W\u0142\u00f3czykij - Roman Husarski\" \/>\n<meta property=\"og:description\" content=\"Wyspa Yeonpyeong (\uc5f0\ud3c9\ub3c4) to jedno z miejsc najbardziej zas\u0142uguj\u0105cych na miano &#039;Korea Beyond K-pop&#8217; jakie mia\u0142em okazje odwiedzi\u0107. Zasadniczo Korea posiada barwny \u015bwiat wysp (zobacz np. Modo czy Silmido), jednak Yeonpyeongdo wyr\u00f3\u017cnia si\u0119 problematyczn\u0105 lokalizacj\u0105. Cho\u0107 do wyspy z portu Incheon p\u0142ynie si\u0119 promem zaledwie dwie godziny, to znajduje si\u0119 ona przy granicy z Kore\u0105 &hellip;\" \/>\n<meta property=\"og:url\" content=\"https:\/\/wloczykij.org\/blog\/2024\/02\/20\/yeonpyeongdo-wyspa-krabow-i-zolnierzy\/\" \/>\n<meta property=\"og:site_name\" content=\"W\u0142\u00f3czykij - Roman Husarski\" \/>\n<meta property=\"article:publisher\" content=\"https:\/\/www.facebook.com\/pages\/W%c5%82%c3%b3czykij\/282838631839707\" \/>\n<meta property=\"article:published_time\" content=\"2024-02-20T12:50:08+00:00\" \/>\n<meta property=\"article:modified_time\" content=\"2024-02-20T13:17:04+00:00\" \/>\n<meta property=\"og:image\" content=\"https:\/\/wloczykij.org\/blog\/wp-content\/uploads\/sites\/2\/2024\/02\/IMG_20231029_085310.jpg\" \/>\n\t<meta property=\"og:image:width\" content=\"1600\" \/>\n\t<meta property=\"og:image:height\" content=\"1197\" \/>\n\t<meta property=\"og:image:type\" content=\"image\/jpeg\" \/>\n<meta name=\"author\" content=\"Roman\" \/>\n<meta name=\"twitter:label1\" content=\"Napisane przez\" \/>\n\t<meta name=\"twitter:data1\" content=\"Roman\" \/>\n\t<meta name=\"twitter:label2\" content=\"Szacowany czas czytania\" \/>\n\t<meta name=\"twitter:data2\" content=\"3 minuty\" \/>\n<script type=\"application\/ld+json\" class=\"yoast-schema-graph\">{\"@context\":\"https:\\\/\\\/schema.org\",\"@graph\":[{\"@type\":\"Article\",\"@id\":\"https:\\\/\\\/wloczykij.org\\\/blog\\\/2024\\\/02\\\/20\\\/yeonpyeongdo-wyspa-krabow-i-zolnierzy\\\/#article\",\"isPartOf\":{\"@id\":\"https:\\\/\\\/wloczykij.org\\\/blog\\\/2024\\\/02\\\/20\\\/yeonpyeongdo-wyspa-krabow-i-zolnierzy\\\/\"},\"author\":{\"name\":\"Roman\",\"@id\":\"https:\\\/\\\/wloczykij.org\\\/blog\\\/#\\\/schema\\\/person\\\/5715e17c214052b93c6c53e27ea498e5\"},\"headline\":\"Yeonpyeongdo &#8211; wyspa krab\u00f3w i \u017co\u0142nierzy\",\"datePublished\":\"2024-02-20T12:50:08+00:00\",\"dateModified\":\"2024-02-20T13:17:04+00:00\",\"mainEntityOfPage\":{\"@id\":\"https:\\\/\\\/wloczykij.org\\\/blog\\\/2024\\\/02\\\/20\\\/yeonpyeongdo-wyspa-krabow-i-zolnierzy\\\/\"},\"wordCount\":1409,\"commentCount\":0,\"image\":{\"@id\":\"https:\\\/\\\/wloczykij.org\\\/blog\\\/2024\\\/02\\\/20\\\/yeonpyeongdo-wyspa-krabow-i-zolnierzy\\\/#primaryimage\"},\"thumbnailUrl\":\"https:\\\/\\\/wloczykij.org\\\/blog\\\/wp-content\\\/uploads\\\/sites\\\/2\\\/2024\\\/02\\\/IMG_20231029_085310.jpg\",\"keywords\":[\"Korea Beyond K-pop\",\"Wyspa\",\"wyspy\",\"Yeonpyeong\",\"Yeonpyeongdo\"],\"articleSection\":[\"Korea Po\u0142udniowa\"],\"inLanguage\":\"pl-PL\",\"potentialAction\":[{\"@type\":\"CommentAction\",\"name\":\"Comment\",\"target\":[\"https:\\\/\\\/wloczykij.org\\\/blog\\\/2024\\\/02\\\/20\\\/yeonpyeongdo-wyspa-krabow-i-zolnierzy\\\/#respond\"]}]},{\"@type\":\"WebPage\",\"@id\":\"https:\\\/\\\/wloczykij.org\\\/blog\\\/2024\\\/02\\\/20\\\/yeonpyeongdo-wyspa-krabow-i-zolnierzy\\\/\",\"url\":\"https:\\\/\\\/wloczykij.org\\\/blog\\\/2024\\\/02\\\/20\\\/yeonpyeongdo-wyspa-krabow-i-zolnierzy\\\/\",\"name\":\"Yeonpyeongdo - wyspa krab\u00f3w i \u017co\u0142nierzy - W\u0142\u00f3czykij - Roman Husarski\",\"isPartOf\":{\"@id\":\"https:\\\/\\\/wloczykij.org\\\/blog\\\/#website\"},\"primaryImageOfPage\":{\"@id\":\"https:\\\/\\\/wloczykij.org\\\/blog\\\/2024\\\/02\\\/20\\\/yeonpyeongdo-wyspa-krabow-i-zolnierzy\\\/#primaryimage\"},\"image\":{\"@id\":\"https:\\\/\\\/wloczykij.org\\\/blog\\\/2024\\\/02\\\/20\\\/yeonpyeongdo-wyspa-krabow-i-zolnierzy\\\/#primaryimage\"},\"thumbnailUrl\":\"https:\\\/\\\/wloczykij.org\\\/blog\\\/wp-content\\\/uploads\\\/sites\\\/2\\\/2024\\\/02\\\/IMG_20231029_085310.jpg\",\"datePublished\":\"2024-02-20T12:50:08+00:00\",\"dateModified\":\"2024-02-20T13:17:04+00:00\",\"author\":{\"@id\":\"https:\\\/\\\/wloczykij.org\\\/blog\\\/#\\\/schema\\\/person\\\/5715e17c214052b93c6c53e27ea498e5\"},\"breadcrumb\":{\"@id\":\"https:\\\/\\\/wloczykij.org\\\/blog\\\/2024\\\/02\\\/20\\\/yeonpyeongdo-wyspa-krabow-i-zolnierzy\\\/#breadcrumb\"},\"inLanguage\":\"pl-PL\",\"potentialAction\":[{\"@type\":\"ReadAction\",\"target\":[\"https:\\\/\\\/wloczykij.org\\\/blog\\\/2024\\\/02\\\/20\\\/yeonpyeongdo-wyspa-krabow-i-zolnierzy\\\/\"]}]},{\"@type\":\"ImageObject\",\"inLanguage\":\"pl-PL\",\"@id\":\"https:\\\/\\\/wloczykij.org\\\/blog\\\/2024\\\/02\\\/20\\\/yeonpyeongdo-wyspa-krabow-i-zolnierzy\\\/#primaryimage\",\"url\":\"https:\\\/\\\/wloczykij.org\\\/blog\\\/wp-content\\\/uploads\\\/sites\\\/2\\\/2024\\\/02\\\/IMG_20231029_085310.jpg\",\"contentUrl\":\"https:\\\/\\\/wloczykij.org\\\/blog\\\/wp-content\\\/uploads\\\/sites\\\/2\\\/2024\\\/02\\\/IMG_20231029_085310.jpg\",\"width\":1600,\"height\":1197},{\"@type\":\"BreadcrumbList\",\"@id\":\"https:\\\/\\\/wloczykij.org\\\/blog\\\/2024\\\/02\\\/20\\\/yeonpyeongdo-wyspa-krabow-i-zolnierzy\\\/#breadcrumb\",\"itemListElement\":[{\"@type\":\"ListItem\",\"position\":1,\"name\":\"Strona g\u0142\u00f3wna\",\"item\":\"https:\\\/\\\/wloczykij.org\\\/blog\\\/\"},{\"@type\":\"ListItem\",\"position\":2,\"name\":\"Yeonpyeongdo &#8211; wyspa krab\u00f3w i \u017co\u0142nierzy\"}]},{\"@type\":\"WebSite\",\"@id\":\"https:\\\/\\\/wloczykij.org\\\/blog\\\/#website\",\"url\":\"https:\\\/\\\/wloczykij.org\\\/blog\\\/\",\"name\":\"W\u0142\u00f3czykij - Roman Husarski\",\"description\":\"\",\"potentialAction\":[{\"@type\":\"SearchAction\",\"target\":{\"@type\":\"EntryPoint\",\"urlTemplate\":\"https:\\\/\\\/wloczykij.org\\\/blog\\\/?s={search_term_string}\"},\"query-input\":{\"@type\":\"PropertyValueSpecification\",\"valueRequired\":true,\"valueName\":\"search_term_string\"}}],\"inLanguage\":\"pl-PL\"},{\"@type\":\"Person\",\"@id\":\"https:\\\/\\\/wloczykij.org\\\/blog\\\/#\\\/schema\\\/person\\\/5715e17c214052b93c6c53e27ea498e5\",\"name\":\"Roman\",\"image\":{\"@type\":\"ImageObject\",\"inLanguage\":\"pl-PL\",\"@id\":\"https:\\\/\\\/secure.gravatar.com\\\/avatar\\\/a4ad12ebb0eef153209fb3604f0a54cb2d9993a45803e045e020a86a4527c70b?s=96&d=mm&r=g\",\"url\":\"https:\\\/\\\/secure.gravatar.com\\\/avatar\\\/a4ad12ebb0eef153209fb3604f0a54cb2d9993a45803e045e020a86a4527c70b?s=96&d=mm&r=g\",\"contentUrl\":\"https:\\\/\\\/secure.gravatar.com\\\/avatar\\\/a4ad12ebb0eef153209fb3604f0a54cb2d9993a45803e045e020a86a4527c70b?s=96&d=mm&r=g\",\"caption\":\"Roman\"},\"url\":\"https:\\\/\\\/wloczykij.org\\\/blog\\\/author\\\/remus\\\/\"}]}<\/script>\n<!-- \/ Yoast SEO plugin. -->","yoast_head_json":{"title":"Yeonpyeongdo - wyspa krab\u00f3w i \u017co\u0142nierzy - W\u0142\u00f3czykij - Roman Husarski","robots":{"index":"index","follow":"follow","max-snippet":"max-snippet:-1","max-image-preview":"max-image-preview:large","max-video-preview":"max-video-preview:-1"},"canonical":"https:\/\/wloczykij.org\/blog\/2024\/02\/20\/yeonpyeongdo-wyspa-krabow-i-zolnierzy\/","og_locale":"pl_PL","og_type":"article","og_title":"Yeonpyeongdo - wyspa krab\u00f3w i \u017co\u0142nierzy - W\u0142\u00f3czykij - Roman Husarski","og_description":"Wyspa Yeonpyeong (\uc5f0\ud3c9\ub3c4) to jedno z miejsc najbardziej zas\u0142uguj\u0105cych na miano 'Korea Beyond K-pop&#8217; jakie mia\u0142em okazje odwiedzi\u0107. Zasadniczo Korea posiada barwny \u015bwiat wysp (zobacz np. Modo czy Silmido), jednak Yeonpyeongdo wyr\u00f3\u017cnia si\u0119 problematyczn\u0105 lokalizacj\u0105. Cho\u0107 do wyspy z portu Incheon p\u0142ynie si\u0119 promem zaledwie dwie godziny, to znajduje si\u0119 ona przy granicy z Kore\u0105 &hellip;","og_url":"https:\/\/wloczykij.org\/blog\/2024\/02\/20\/yeonpyeongdo-wyspa-krabow-i-zolnierzy\/","og_site_name":"W\u0142\u00f3czykij - Roman Husarski","article_publisher":"https:\/\/www.facebook.com\/pages\/W%c5%82%c3%b3czykij\/282838631839707","article_published_time":"2024-02-20T12:50:08+00:00","article_modified_time":"2024-02-20T13:17:04+00:00","og_image":[{"width":1600,"height":1197,"url":"https:\/\/wloczykij.org\/blog\/wp-content\/uploads\/sites\/2\/2024\/02\/IMG_20231029_085310.jpg","type":"image\/jpeg"}],"author":"Roman","twitter_misc":{"Napisane przez":"Roman","Szacowany czas czytania":"3 minuty"},"schema":{"@context":"https:\/\/schema.org","@graph":[{"@type":"Article","@id":"https:\/\/wloczykij.org\/blog\/2024\/02\/20\/yeonpyeongdo-wyspa-krabow-i-zolnierzy\/#article","isPartOf":{"@id":"https:\/\/wloczykij.org\/blog\/2024\/02\/20\/yeonpyeongdo-wyspa-krabow-i-zolnierzy\/"},"author":{"name":"Roman","@id":"https:\/\/wloczykij.org\/blog\/#\/schema\/person\/5715e17c214052b93c6c53e27ea498e5"},"headline":"Yeonpyeongdo &#8211; wyspa krab\u00f3w i \u017co\u0142nierzy","datePublished":"2024-02-20T12:50:08+00:00","dateModified":"2024-02-20T13:17:04+00:00","mainEntityOfPage":{"@id":"https:\/\/wloczykij.org\/blog\/2024\/02\/20\/yeonpyeongdo-wyspa-krabow-i-zolnierzy\/"},"wordCount":1409,"commentCount":0,"image":{"@id":"https:\/\/wloczykij.org\/blog\/2024\/02\/20\/yeonpyeongdo-wyspa-krabow-i-zolnierzy\/#primaryimage"},"thumbnailUrl":"https:\/\/wloczykij.org\/blog\/wp-content\/uploads\/sites\/2\/2024\/02\/IMG_20231029_085310.jpg","keywords":["Korea Beyond K-pop","Wyspa","wyspy","Yeonpyeong","Yeonpyeongdo"],"articleSection":["Korea Po\u0142udniowa"],"inLanguage":"pl-PL","potentialAction":[{"@type":"CommentAction","name":"Comment","target":["https:\/\/wloczykij.org\/blog\/2024\/02\/20\/yeonpyeongdo-wyspa-krabow-i-zolnierzy\/#respond"]}]},{"@type":"WebPage","@id":"https:\/\/wloczykij.org\/blog\/2024\/02\/20\/yeonpyeongdo-wyspa-krabow-i-zolnierzy\/","url":"https:\/\/wloczykij.org\/blog\/2024\/02\/20\/yeonpyeongdo-wyspa-krabow-i-zolnierzy\/","name":"Yeonpyeongdo - wyspa krab\u00f3w i \u017co\u0142nierzy - W\u0142\u00f3czykij - Roman Husarski","isPartOf":{"@id":"https:\/\/wloczykij.org\/blog\/#website"},"primaryImageOfPage":{"@id":"https:\/\/wloczykij.org\/blog\/2024\/02\/20\/yeonpyeongdo-wyspa-krabow-i-zolnierzy\/#primaryimage"},"image":{"@id":"https:\/\/wloczykij.org\/blog\/2024\/02\/20\/yeonpyeongdo-wyspa-krabow-i-zolnierzy\/#primaryimage"},"thumbnailUrl":"https:\/\/wloczykij.org\/blog\/wp-content\/uploads\/sites\/2\/2024\/02\/IMG_20231029_085310.jpg","datePublished":"2024-02-20T12:50:08+00:00","dateModified":"2024-02-20T13:17:04+00:00","author":{"@id":"https:\/\/wloczykij.org\/blog\/#\/schema\/person\/5715e17c214052b93c6c53e27ea498e5"},"breadcrumb":{"@id":"https:\/\/wloczykij.org\/blog\/2024\/02\/20\/yeonpyeongdo-wyspa-krabow-i-zolnierzy\/#breadcrumb"},"inLanguage":"pl-PL","potentialAction":[{"@type":"ReadAction","target":["https:\/\/wloczykij.org\/blog\/2024\/02\/20\/yeonpyeongdo-wyspa-krabow-i-zolnierzy\/"]}]},{"@type":"ImageObject","inLanguage":"pl-PL","@id":"https:\/\/wloczykij.org\/blog\/2024\/02\/20\/yeonpyeongdo-wyspa-krabow-i-zolnierzy\/#primaryimage","url":"https:\/\/wloczykij.org\/blog\/wp-content\/uploads\/sites\/2\/2024\/02\/IMG_20231029_085310.jpg","contentUrl":"https:\/\/wloczykij.org\/blog\/wp-content\/uploads\/sites\/2\/2024\/02\/IMG_20231029_085310.jpg","width":1600,"height":1197},{"@type":"BreadcrumbList","@id":"https:\/\/wloczykij.org\/blog\/2024\/02\/20\/yeonpyeongdo-wyspa-krabow-i-zolnierzy\/#breadcrumb","itemListElement":[{"@type":"ListItem","position":1,"name":"Strona g\u0142\u00f3wna","item":"https:\/\/wloczykij.org\/blog\/"},{"@type":"ListItem","position":2,"name":"Yeonpyeongdo &#8211; wyspa krab\u00f3w i \u017co\u0142nierzy"}]},{"@type":"WebSite","@id":"https:\/\/wloczykij.org\/blog\/#website","url":"https:\/\/wloczykij.org\/blog\/","name":"W\u0142\u00f3czykij - Roman Husarski","description":"","potentialAction":[{"@type":"SearchAction","target":{"@type":"EntryPoint","urlTemplate":"https:\/\/wloczykij.org\/blog\/?s={search_term_string}"},"query-input":{"@type":"PropertyValueSpecification","valueRequired":true,"valueName":"search_term_string"}}],"inLanguage":"pl-PL"},{"@type":"Person","@id":"https:\/\/wloczykij.org\/blog\/#\/schema\/person\/5715e17c214052b93c6c53e27ea498e5","name":"Roman","image":{"@type":"ImageObject","inLanguage":"pl-PL","@id":"https:\/\/secure.gravatar.com\/avatar\/a4ad12ebb0eef153209fb3604f0a54cb2d9993a45803e045e020a86a4527c70b?s=96&d=mm&r=g","url":"https:\/\/secure.gravatar.com\/avatar\/a4ad12ebb0eef153209fb3604f0a54cb2d9993a45803e045e020a86a4527c70b?s=96&d=mm&r=g","contentUrl":"https:\/\/secure.gravatar.com\/avatar\/a4ad12ebb0eef153209fb3604f0a54cb2d9993a45803e045e020a86a4527c70b?s=96&d=mm&r=g","caption":"Roman"},"url":"https:\/\/wloczykij.org\/blog\/author\/remus\/"}]}},"jetpack_publicize_connections":[],"jetpack_featured_media_url":"https:\/\/wloczykij.org\/blog\/wp-content\/uploads\/sites\/2\/2024\/02\/IMG_20231029_085310.jpg","jetpack_sharing_enabled":true,"_links":{"self":[{"href":"https:\/\/wloczykij.org\/blog\/wp-json\/wp\/v2\/posts\/4353","targetHints":{"allow":["GET"]}}],"collection":[{"href":"https:\/\/wloczykij.org\/blog\/wp-json\/wp\/v2\/posts"}],"about":[{"href":"https:\/\/wloczykij.org\/blog\/wp-json\/wp\/v2\/types\/post"}],"author":[{"embeddable":true,"href":"https:\/\/wloczykij.org\/blog\/wp-json\/wp\/v2\/users\/1"}],"replies":[{"embeddable":true,"href":"https:\/\/wloczykij.org\/blog\/wp-json\/wp\/v2\/comments?post=4353"}],"version-history":[{"count":12,"href":"https:\/\/wloczykij.org\/blog\/wp-json\/wp\/v2\/posts\/4353\/revisions"}],"predecessor-version":[{"id":4386,"href":"https:\/\/wloczykij.org\/blog\/wp-json\/wp\/v2\/posts\/4353\/revisions\/4386"}],"wp:featuredmedia":[{"embeddable":true,"href":"https:\/\/wloczykij.org\/blog\/wp-json\/wp\/v2\/media\/4365"}],"wp:attachment":[{"href":"https:\/\/wloczykij.org\/blog\/wp-json\/wp\/v2\/media?parent=4353"}],"wp:term":[{"taxonomy":"category","embeddable":true,"href":"https:\/\/wloczykij.org\/blog\/wp-json\/wp\/v2\/categories?post=4353"},{"taxonomy":"post_tag","embeddable":true,"href":"https:\/\/wloczykij.org\/blog\/wp-json\/wp\/v2\/tags?post=4353"}],"curies":[{"name":"wp","href":"https:\/\/api.w.org\/{rel}","templated":true}]}}