{"id":984,"date":"2014-09-27T16:12:24","date_gmt":"2014-09-27T14:12:24","guid":{"rendered":"http:\/\/rhusarski.wordpress.com\/?p=984"},"modified":"2022-03-20T16:20:51","modified_gmt":"2022-03-20T15:20:51","slug":"dlaczego-pojechalem-do-korei-polnocnej","status":"publish","type":"post","link":"https:\/\/wloczykij.org\/blog\/2014\/09\/27\/dlaczego-pojechalem-do-korei-polnocnej\/","title":{"rendered":"Dlaczego pojecha\u0142em do Korei P\u00f3\u0142nocnej?"},"content":{"rendered":"<p><em>* Pobyt w Korei Po\u0142udniowej, pog\u0142\u0119bione studiowanie propagandy KRLD i rozmowy z uciekinierami zmieni\u0142y moje pogl\u0105dy. Dzi\u015b nie zgadzam si\u0119 ze wszystkimi postawionymi tezami w tym tek\u015bcie.\u00a0<\/em>(RH, 2017). Etyce podr\u00f3\u017cy do Korei P\u00f3\u0142nocnej po\u015bwi\u0119ci\u0142em r\u00f3wnie\u017c <a href=\"https:\/\/www.academia.edu\/39186234\/Jecha%C4%87_czy_nie_jecha%C4%87_O_etycznych_problemach_podr%C3%B3%C5%BCy_do_Korei_P%C3%B3%C5%82nocnej\">d\u0142u\u017cszy tekst<\/a> (RH, 2018).<\/p>\n<p>Niewiele jest kraj\u00f3w, kt\u00f3rych sama nazwa wywo\u0142uje tak wiele negatywnych skojarze\u0144, jak Korea P\u00f3\u0142nocna. Wi\u0119kszo\u015b\u0107 zachodnich pa\u0144stw odradza swoim obywatelom podr\u00f3\u017c do tej cz\u0119\u015bci Azji. Wszystkie stosuj\u0105 ekonomiczne sankcje. Korea P\u00f3\u0142nocna to tabu. Samotna wyspa na mapie \u015bwiata. Spe\u0142niony koszmar Georga Orwella. Podr\u00f3\u017cowanie jest tu bardzo ograniczone i restrykcyjne. Nawet w uporz\u0105dkowanej stolicy kraju Pyongyangu, mo\u017cna zapomnie\u0107 o swobodnym spacerze (no, chyba \u017ce jest si\u0119 pracownikiem dyplomatycznym, a i wtedy r\u00f3\u017cnie to wygl\u0105da). Poza hotelem ca\u0142y czas towarzyszy\u0107 nam b\u0119dzie dw\u00f3ch oficjalnych przewodnik\u00f3w. Specjalny kierowca zawiezie nas tylko w wyznaczone miejsca. B\u0119dzie trzeba uwa\u017ca\u0107 ze zdj\u0119ciami i k\u0142ania\u0107 si\u0119 przed niekt\u00f3rymi pomnikami Wielkiego Wodza i Ukochanego Przyw\u00f3dcy. Interakcja z Korea\u0144czykami jest r\u00f3wnie\u017c bardzo ograniczona. To wszystko sprawia, \u017ce wi\u0119kszo\u015b\u0107 podr\u00f3\u017cnik\u00f3w uwa\u017ca Korea\u0144sk\u0105 Republik\u0119 Ludowo Demokratyczn\u0105 za bezsensowny cel podr\u00f3\u017cy, a odwiedzaj\u0105cych kraj za &#8222;po\u017cytecznych idiot\u00f3w&#8221; re\u017cimu.<\/p>\n<p><a href=\"https:\/\/wloczykij.org\/blog\/wp-content\/uploads\/sites\/2\/2014\/09\/93960007.jpg\"><img loading=\"lazy\" decoding=\"async\" width=\"1181\" height=\"783\" data-attachment-id=\"997\" data-permalink=\"https:\/\/wloczykij.org\/blog\/2014\/09\/27\/dlaczego-pojechalem-do-korei-polnocnej\/attachment\/93960007\/\" data-orig-file=\"https:\/\/wloczykij.org\/blog\/wp-content\/uploads\/sites\/2\/2014\/09\/93960007.jpg\" data-orig-size=\"1181,783\" data-comments-opened=\"0\" data-image-meta=\"{&quot;aperture&quot;:&quot;0&quot;,&quot;credit&quot;:&quot;&quot;,&quot;camera&quot;:&quot;&quot;,&quot;caption&quot;:&quot;&quot;,&quot;created_timestamp&quot;:&quot;0&quot;,&quot;copyright&quot;:&quot;&quot;,&quot;focal_length&quot;:&quot;0&quot;,&quot;iso&quot;:&quot;0&quot;,&quot;shutter_speed&quot;:&quot;0&quot;,&quot;title&quot;:&quot;&quot;,&quot;orientation&quot;:&quot;0&quot;}\" data-image-title=\"Fot. Roman Husarski\" data-image-description=\"\" data-image-caption=\"\" data-large-file=\"https:\/\/wloczykij.org\/blog\/wp-content\/uploads\/sites\/2\/2014\/09\/93960007-1000x663.jpg\" class=\"wp-image-997 size-large\" src=\"https:\/\/wloczykij.org\/blog\/wp-content\/uploads\/sites\/2\/2014\/09\/93960007.jpg\" alt=\"Fot. Roman Husarski\" srcset=\"https:\/\/wloczykij.org\/blog\/wp-content\/uploads\/sites\/2\/2014\/09\/93960007.jpg 1181w, https:\/\/wloczykij.org\/blog\/wp-content\/uploads\/sites\/2\/2014\/09\/93960007-1000x663.jpg 1000w, https:\/\/wloczykij.org\/blog\/wp-content\/uploads\/sites\/2\/2014\/09\/93960007-768x509.jpg 768w, https:\/\/wloczykij.org\/blog\/wp-content\/uploads\/sites\/2\/2014\/09\/93960007-920x610.jpg 920w, https:\/\/wloczykij.org\/blog\/wp-content\/uploads\/sites\/2\/2014\/09\/93960007-1024x679.jpg 1024w, https:\/\/wloczykij.org\/blog\/wp-content\/uploads\/sites\/2\/2014\/09\/93960007-300x199.jpg 300w\" sizes=\"auto, (max-width: 1181px) 100vw, 1181px\" \/><\/a><\/p>\n<p>Na wst\u0119pie zaznaczy\u0107 musz\u0119, \u017ce m\u00f3j wyjazd nie by\u0142 czysto turystyczny. Prowadz\u0119 badania na temat kina Korei P\u00f3\u0142nocnej i pojecha\u0142em zobaczy\u0107 ju\u017c XIV edycj\u0119 festiwalu filmowego w Pjongjangu. R\u00f3wnie\u017c moim celem by\u0142o zdobycie kilku brakuj\u0105cych film\u00f3w (zawiod\u0142y rosyjskie torrenty), kt\u00f3re na szcz\u0119\u015bcie uda\u0142o si\u0119 dosta\u0107 na miejscu. Pomijaj\u0105c ten fakt, chcia\u0142bym jednak zastanowi\u0107 si\u0119 nad\u00a0perspektyw\u0105 wizyty czysto turystycznej.<\/p>\n<p>Nie jest pewne czy skazywanie KRLD na ostracyzm i udawanie, \u017ce nie istnieje, poprawia sytuacj\u0119. Czy taka postawa nie sprawia, \u017ce kraj ten jeszcze bardziej utwierdza si\u0119 w swojej izolacji? Przyk\u0142adem na pogorszenie si\u0119 relacji Korei ze \u015bwiatem by\u0142 okres rz\u0105d\u00f3w George Busha. Po tym, jak by\u0142y prezydent USA zaliczy\u0142 Kor\u0119 P\u00f3\u0142nocn\u0105 do osi \u015bwiatowego z\u0142a, w pa\u0144stwie Wielkiego Wodza ruszy\u0142a nowa fala antyzachodniej propagandy. Czas te\u017c pokazuje, \u017ce sankcje ekonomiczne nie przynosz\u0105 absolutnie \u017cadnego efektu. &#8222;Rz\u0105d si\u0119 sam wy\u017cywi&#8221; jak to w 1981 roku powiedzia\u0142 <span class=\"st\">&#8222;Goebbels stanu wojennego&#8221;<\/span> Jerzy Urban.<\/p>\n<p><a href=\"https:\/\/wloczykij.org\/blog\/wp-content\/uploads\/sites\/2\/2014\/09\/93960006.jpg\"><img loading=\"lazy\" decoding=\"async\" width=\"1181\" height=\"783\" data-attachment-id=\"996\" data-permalink=\"https:\/\/wloczykij.org\/blog\/2014\/09\/27\/dlaczego-pojechalem-do-korei-polnocnej\/attachment\/93960006\/\" data-orig-file=\"https:\/\/wloczykij.org\/blog\/wp-content\/uploads\/sites\/2\/2014\/09\/93960006.jpg\" data-orig-size=\"1181,783\" data-comments-opened=\"0\" data-image-meta=\"{&quot;aperture&quot;:&quot;0&quot;,&quot;credit&quot;:&quot;&quot;,&quot;camera&quot;:&quot;&quot;,&quot;caption&quot;:&quot;&quot;,&quot;created_timestamp&quot;:&quot;0&quot;,&quot;copyright&quot;:&quot;&quot;,&quot;focal_length&quot;:&quot;0&quot;,&quot;iso&quot;:&quot;0&quot;,&quot;shutter_speed&quot;:&quot;0&quot;,&quot;title&quot;:&quot;&quot;,&quot;orientation&quot;:&quot;0&quot;}\" data-image-title=\"Fot. Roman Husarski\" data-image-description=\"\" data-image-caption=\"\" data-large-file=\"https:\/\/wloczykij.org\/blog\/wp-content\/uploads\/sites\/2\/2014\/09\/93960006-1000x663.jpg\" class=\"wp-image-996 size-large\" src=\"https:\/\/wloczykij.org\/blog\/wp-content\/uploads\/sites\/2\/2014\/09\/93960006.jpg\" alt=\"Fot. Roman Husarski\" srcset=\"https:\/\/wloczykij.org\/blog\/wp-content\/uploads\/sites\/2\/2014\/09\/93960006.jpg 1181w, https:\/\/wloczykij.org\/blog\/wp-content\/uploads\/sites\/2\/2014\/09\/93960006-1000x663.jpg 1000w, https:\/\/wloczykij.org\/blog\/wp-content\/uploads\/sites\/2\/2014\/09\/93960006-768x509.jpg 768w, https:\/\/wloczykij.org\/blog\/wp-content\/uploads\/sites\/2\/2014\/09\/93960006-920x610.jpg 920w, https:\/\/wloczykij.org\/blog\/wp-content\/uploads\/sites\/2\/2014\/09\/93960006-1024x679.jpg 1024w, https:\/\/wloczykij.org\/blog\/wp-content\/uploads\/sites\/2\/2014\/09\/93960006-300x199.jpg 300w\" sizes=\"auto, (max-width: 1181px) 100vw, 1181px\" \/><\/a><\/p>\n<p>Zdania analityk\u00f3w wobec problemu korea\u0144skiego s\u0105 zr\u00f3\u017cnicowane. Niekt\u00f3rzy uwa\u017caj\u0105, \u017ce bardziej przyjazna polityka \u015awiata Zachodu i Korei Po\u0142udniowej, mo\u017ce wp\u0142yn\u0105\u0107 na popraw\u0119 sytuacji i zmniejszenie antagonizm\u00f3w w regionie. W dalekiej perspektywie taka polityka mo\u017ce nawet doprowadzi\u0107 do zjednoczenia (cho\u0107 b\u0119dzie ono wygl\u0105da\u0107 inaczej ni\u017c w przypadku Niemiec i Jemenu. Oby tylko nie tak jak w Wietnamie). Trzeba si\u0119 liczy\u0107 z tym, \u017ce zmiany w tak hermetycznym \u015bwiecie to proces powolny, ale patrz\u0105c na zyski i straty, wydaje si\u0119, \u017ce nie ma lepszego rozwi\u0105zania. Tury\u015bci s\u0105 jednym z ma\u0142ych okien na ma\u0142o znany w Korei P\u00f3\u0142nocnej \u015bwiat Zachodu. Oficjalnie wizerunek obcokrajowc\u00f3w w propagandzie KRLD mo\u017cna sprowadzi\u0107 do wyra\u017cenia &#8222;bia\u0142e diab\u0142y&#8221;. Dobrze by\u0142oby pokaza\u0107, \u017ce jest inaczej. Ponadto maj\u0105c mo\u017cliwo\u015b\u0107, Korea\u0144czycy zadaj\u0105 wiele pyta\u0144. S\u0105 ciekawi \u015bwiata. Je\u017celi tylko tury\u015bci wyka\u017c\u0105 zrozumienie i szacunek, to maj\u0105 szans\u0119 rozpocz\u0105\u0107 budow\u0119 most\u00f3w kulturowych. By\u0107 mo\u017ce te niewielkie zmiany doprowadz\u0105 do bardziej istotnych? Zainteresowanych perspektywami Korei P\u00f3\u0142nocnej odsy\u0142am do analitycznej i wyczerpuj\u0105cej\u00a0 ksi\u0105\u017cki Andrzeja Bobera <em>Korea zjednoczona. Szansa czy utopia?<\/em>.<\/p>\n<p><a href=\"https:\/\/wloczykij.org\/blog\/wp-content\/uploads\/sites\/2\/2014\/09\/93960017.jpg\"><img loading=\"lazy\" decoding=\"async\" width=\"1181\" height=\"783\" data-attachment-id=\"1000\" data-permalink=\"https:\/\/wloczykij.org\/blog\/2014\/09\/27\/dlaczego-pojechalem-do-korei-polnocnej\/attachment\/93960017\/\" data-orig-file=\"https:\/\/wloczykij.org\/blog\/wp-content\/uploads\/sites\/2\/2014\/09\/93960017.jpg\" data-orig-size=\"1181,783\" data-comments-opened=\"0\" data-image-meta=\"{&quot;aperture&quot;:&quot;0&quot;,&quot;credit&quot;:&quot;&quot;,&quot;camera&quot;:&quot;&quot;,&quot;caption&quot;:&quot;&quot;,&quot;created_timestamp&quot;:&quot;0&quot;,&quot;copyright&quot;:&quot;&quot;,&quot;focal_length&quot;:&quot;0&quot;,&quot;iso&quot;:&quot;0&quot;,&quot;shutter_speed&quot;:&quot;0&quot;,&quot;title&quot;:&quot;&quot;,&quot;orientation&quot;:&quot;0&quot;}\" data-image-title=\"Fot. Roman Husarski\" data-image-description=\"\" data-image-caption=\"\" data-large-file=\"https:\/\/wloczykij.org\/blog\/wp-content\/uploads\/sites\/2\/2014\/09\/93960017-1000x663.jpg\" class=\"wp-image-1000 size-large\" src=\"https:\/\/wloczykij.org\/blog\/wp-content\/uploads\/sites\/2\/2014\/09\/93960017.jpg\" alt=\"Fot. Roman Husarski\" srcset=\"https:\/\/wloczykij.org\/blog\/wp-content\/uploads\/sites\/2\/2014\/09\/93960017.jpg 1181w, https:\/\/wloczykij.org\/blog\/wp-content\/uploads\/sites\/2\/2014\/09\/93960017-1000x663.jpg 1000w, https:\/\/wloczykij.org\/blog\/wp-content\/uploads\/sites\/2\/2014\/09\/93960017-768x509.jpg 768w, https:\/\/wloczykij.org\/blog\/wp-content\/uploads\/sites\/2\/2014\/09\/93960017-920x610.jpg 920w, https:\/\/wloczykij.org\/blog\/wp-content\/uploads\/sites\/2\/2014\/09\/93960017-1024x679.jpg 1024w, https:\/\/wloczykij.org\/blog\/wp-content\/uploads\/sites\/2\/2014\/09\/93960017-300x199.jpg 300w\" sizes=\"auto, (max-width: 1181px) 100vw, 1181px\" \/><\/a><\/p>\n<p>G\u0142\u00f3wnym argumentem przeciwnik\u00f3w wyjazd\u00f3w do KRLD jest kwestia praw cz\u0142owieka i polityki kraju. To jest powa\u017cny problem. Chcia\u0142bym zwr\u00f3ci\u0107 jednak uwag\u0119, \u017ce pod tym wzgl\u0119dem nie jednemu pa\u0144stwu mo\u017cemy wiele zarzuci\u0107. Nie podoba mi si\u0119 kara \u015bmierci w USA i legalny dost\u0119p do broni. Nie powstrzymuje mnie to jednak od podr\u00f3\u017cy do Ameryki. Swego czasu podobne restrykcje turystyczne dotyka\u0142y Birmy. S\u0142ynna opozycjonistka wojskowej junty Aung San Suu Kyi r\u00f3wnie\u017c opowiada\u0142a si\u0119 przeciwko podr\u00f3\u017com (umacniaj\u0105c mit o s\u0142uszno\u015bci sankcji), cho\u0107 dzi\u015b ma ju\u017c odmienne zdanie. Sankcje bowiem uderzy\u0142y przede wszystkim w zwyk\u0142ych mieszka\u0144c\u00f3w Birmy. Podczas gdy zwykli ludzie mieli problem ze zdobyciem podstawowych produkt\u00f3w, genera\u0142owie dalej pozwalali sobie na <a href=\"http:\/\/www.theguardian.com\/world\/2006\/nov\/02\/burma.jonathanwatts\">wesela warte miliony dolar\u00f3w<\/a>, a prawie nawet <a href=\"http:\/\/www.theguardian.com\/world\/2010\/dec\/06\/wikileaks-burma-manchester-united-takeover\">kupili Manchester United<\/a>. W latach 2000 powoli turystyka zacz\u0119\u0142a wzrasta\u0107, jednak wci\u0105\u017c by\u0142a na niskim poziomie. Nagle rz\u0105d uczyni\u0142 nieoczekiwany zwrot ku Zachodowi. Wiele jest powod\u00f3w zmiany birma\u0144skiej polityki, ale jednym z nich jest w\u0142a\u015bnie kalkulacja, dowodz\u0105ca, \u017ce na odwiedzaj\u0105cych mo\u017cna zarobi\u0107 krocie. Faktycznie od 2011 roku ilo\u015b\u0107 turyst\u00f3w wzros\u0142a o ponad 100% i ci\u0105gle ro\u015bnie. Cho\u0107 dzi\u015b w Birmie rz\u0105dz\u0105 w\u0142a\u015bciwie ci sami ludzie, co wcze\u015bniej (tylko zamiast wojskowych mundur\u00f3w nosz\u0105 garnitury) to wiele si\u0119 w tym kraju zmienia. Cytuj\u0105c eksperta od tego regionu Micha\u0142a Lubin\u0119: &#8222;to co by\u0142o dobre dla junty, by\u0142o te\u017c dobre dla ludu&#8221;.<\/p>\n<p><a href=\"https:\/\/wloczykij.org\/blog\/wp-content\/uploads\/sites\/2\/2014\/09\/93960021.jpg\"><img loading=\"lazy\" decoding=\"async\" width=\"1181\" height=\"783\" data-attachment-id=\"1001\" data-permalink=\"https:\/\/wloczykij.org\/blog\/2014\/09\/27\/dlaczego-pojechalem-do-korei-polnocnej\/attachment\/93960021\/\" data-orig-file=\"https:\/\/wloczykij.org\/blog\/wp-content\/uploads\/sites\/2\/2014\/09\/93960021.jpg\" data-orig-size=\"1181,783\" data-comments-opened=\"0\" data-image-meta=\"{&quot;aperture&quot;:&quot;0&quot;,&quot;credit&quot;:&quot;&quot;,&quot;camera&quot;:&quot;&quot;,&quot;caption&quot;:&quot;&quot;,&quot;created_timestamp&quot;:&quot;0&quot;,&quot;copyright&quot;:&quot;&quot;,&quot;focal_length&quot;:&quot;0&quot;,&quot;iso&quot;:&quot;0&quot;,&quot;shutter_speed&quot;:&quot;0&quot;,&quot;title&quot;:&quot;&quot;,&quot;orientation&quot;:&quot;0&quot;}\" data-image-title=\"Fot. Roman Husarski\" data-image-description=\"\" data-image-caption=\"\" data-large-file=\"https:\/\/wloczykij.org\/blog\/wp-content\/uploads\/sites\/2\/2014\/09\/93960021-1000x663.jpg\" class=\"wp-image-1001 size-large\" src=\"https:\/\/wloczykij.org\/blog\/wp-content\/uploads\/sites\/2\/2014\/09\/93960021.jpg\" alt=\"Fot. Roman Husarski\" srcset=\"https:\/\/wloczykij.org\/blog\/wp-content\/uploads\/sites\/2\/2014\/09\/93960021.jpg 1181w, https:\/\/wloczykij.org\/blog\/wp-content\/uploads\/sites\/2\/2014\/09\/93960021-1000x663.jpg 1000w, https:\/\/wloczykij.org\/blog\/wp-content\/uploads\/sites\/2\/2014\/09\/93960021-768x509.jpg 768w, https:\/\/wloczykij.org\/blog\/wp-content\/uploads\/sites\/2\/2014\/09\/93960021-920x610.jpg 920w, https:\/\/wloczykij.org\/blog\/wp-content\/uploads\/sites\/2\/2014\/09\/93960021-1024x679.jpg 1024w, https:\/\/wloczykij.org\/blog\/wp-content\/uploads\/sites\/2\/2014\/09\/93960021-300x199.jpg 300w\" sizes=\"auto, (max-width: 1181px) 100vw, 1181px\" \/><\/a><\/p>\n<p>Korea P\u00f3\u0142nocna przera\u017ca mieszka\u0144c\u00f3w Zachodu. Podczas gdy w wielu r\u00f3\u017cnych hardcorowych re\u017cimach ludzie co rusz podnosz\u0105 zaci\u015bni\u0119t\u0105 pi\u0119\u015b\u0107 przeciwko w\u0142adzy, to od utworzenia KRLD nie by\u0142o tu nigdy \u017cadnego powa\u017cnego protestu (co najwy\u017cej ma\u0142e incydenty). B\u0142\u0119dne jest przekonanie ludzi Zachodu, \u017ce Korea\u0144czycy z P\u00f3\u0142nocy popieraj\u0105 re\u017cim wy\u0142\u0105cznie dlatego, \u017ce maj\u0105 m\u0142ot nad g\u0142ow\u0105 i sierp przy gardle. Jakim cudem ponad 50% emigrant\u00f3w ekonomicznych wraca do swojego kraju? Odpowiedzi nale\u017cy szuka\u0107 w korea\u0144skiej historii oraz kulturze stawiaj\u0105cej na kolektywizm i izolacjonizm. Nie bez znaczenia s\u0105 te\u017c media KRLD i przekonanie Korea\u0144czyk\u00f3w o w\u0142asnej wyj\u0105tkowo\u015bci i wy\u017cszo\u015bci moralnej nad reszt\u0105 \u015bwiata. W Polsce w\u0142adcy nigdy nie mieli tak autorytarnego charakteru, a ostatnie stulecia (okupacja, komunizm) tylko umocni\u0142y w nas niech\u0119\u0107 do w\u0142adzy. Zupe\u0142nie inaczej wygl\u0105da\u0142o to w Korei, gdzie dominowa\u0142 model despotyczny. Przypomn\u0119 r\u00f3wnie\u017c, \u017ce w Korei Po\u0142udniowej a\u017c do 1989 roku rz\u0105dzili dyktatorzy.<\/p>\n<p><a href=\"https:\/\/wloczykij.org\/blog\/wp-content\/uploads\/sites\/2\/2014\/09\/93960016.jpg\"><img loading=\"lazy\" decoding=\"async\" width=\"1181\" height=\"783\" data-attachment-id=\"999\" data-permalink=\"https:\/\/wloczykij.org\/blog\/2014\/09\/27\/dlaczego-pojechalem-do-korei-polnocnej\/attachment\/93960016\/\" data-orig-file=\"https:\/\/wloczykij.org\/blog\/wp-content\/uploads\/sites\/2\/2014\/09\/93960016.jpg\" data-orig-size=\"1181,783\" data-comments-opened=\"0\" data-image-meta=\"{&quot;aperture&quot;:&quot;0&quot;,&quot;credit&quot;:&quot;&quot;,&quot;camera&quot;:&quot;&quot;,&quot;caption&quot;:&quot;&quot;,&quot;created_timestamp&quot;:&quot;0&quot;,&quot;copyright&quot;:&quot;&quot;,&quot;focal_length&quot;:&quot;0&quot;,&quot;iso&quot;:&quot;0&quot;,&quot;shutter_speed&quot;:&quot;0&quot;,&quot;title&quot;:&quot;&quot;,&quot;orientation&quot;:&quot;0&quot;}\" data-image-title=\"Fot. Roman Husarski\" data-image-description=\"\" data-image-caption=\"\" data-large-file=\"https:\/\/wloczykij.org\/blog\/wp-content\/uploads\/sites\/2\/2014\/09\/93960016-1000x663.jpg\" class=\"wp-image-999 size-large\" src=\"https:\/\/wloczykij.org\/blog\/wp-content\/uploads\/sites\/2\/2014\/09\/93960016.jpg\" alt=\"Fot. Roman Husarski\" srcset=\"https:\/\/wloczykij.org\/blog\/wp-content\/uploads\/sites\/2\/2014\/09\/93960016.jpg 1181w, https:\/\/wloczykij.org\/blog\/wp-content\/uploads\/sites\/2\/2014\/09\/93960016-1000x663.jpg 1000w, https:\/\/wloczykij.org\/blog\/wp-content\/uploads\/sites\/2\/2014\/09\/93960016-768x509.jpg 768w, https:\/\/wloczykij.org\/blog\/wp-content\/uploads\/sites\/2\/2014\/09\/93960016-920x610.jpg 920w, https:\/\/wloczykij.org\/blog\/wp-content\/uploads\/sites\/2\/2014\/09\/93960016-1024x679.jpg 1024w, https:\/\/wloczykij.org\/blog\/wp-content\/uploads\/sites\/2\/2014\/09\/93960016-300x199.jpg 300w\" sizes=\"auto, (max-width: 1181px) 100vw, 1181px\" \/><\/a><\/p>\n<p>KRLD to zdecydowanie nie jest miejscem dla ka\u017cdego. Z pewno\u015bci\u0105 nale\u017cy si\u0119 przygotowa\u0107 na ograniczenia w podr\u00f3\u017cy i wysokie koszta (najta\u0144sze wycieczki zaczynaj\u0105 si\u0119 od 100$ za dzie\u0144). Dobrze te\u017c mie\u0107 jakie\u015b podstawy j\u0119zykowe (cho\u0107 przewodnicy s\u0142u\u017c\u0105 nam jako t\u0142umacze, to czasem robi\u0105 to niech\u0119tnie) i plan, je\u015bli chce si\u0119 zwiedzi\u0107 jakie\u015b konkretne miejsca. Wszystko p\u00f3jdzie \u0142atwiej, gdy przekonamy do siebie naszych przewodnik\u00f3w (czyli poka\u017cemy, \u017ce nie jeste\u015bmy szpiegami lub wywrotowcami). Dzi\u015b turystyka to wci\u0105\u017c ma\u0142a bran\u017ca w ekonomii kraju, jednak\u017ce z roku na rok coraz wi\u0119cej lokalizacji staje si\u0119 dla odwiedzaj\u0105cych dost\u0119pnych. Czy turystyka jest w stanie odmieni\u0107 Kore\u0119? Nie wiem, ale z pewno\u015bci\u0105 nie pozostaje to bez wp\u0142ywu na jej spo\u0142ecze\u0144stwo.<\/p>\n<p><a href=\"https:\/\/wloczykij.org\/blog\/wp-content\/uploads\/sites\/2\/2014\/09\/93960009.jpg\"><img loading=\"lazy\" decoding=\"async\" width=\"1181\" height=\"783\" data-attachment-id=\"998\" data-permalink=\"https:\/\/wloczykij.org\/blog\/2014\/09\/27\/dlaczego-pojechalem-do-korei-polnocnej\/attachment\/93960009\/\" data-orig-file=\"https:\/\/wloczykij.org\/blog\/wp-content\/uploads\/sites\/2\/2014\/09\/93960009.jpg\" data-orig-size=\"1181,783\" data-comments-opened=\"0\" data-image-meta=\"{&quot;aperture&quot;:&quot;0&quot;,&quot;credit&quot;:&quot;&quot;,&quot;camera&quot;:&quot;&quot;,&quot;caption&quot;:&quot;&quot;,&quot;created_timestamp&quot;:&quot;0&quot;,&quot;copyright&quot;:&quot;&quot;,&quot;focal_length&quot;:&quot;0&quot;,&quot;iso&quot;:&quot;0&quot;,&quot;shutter_speed&quot;:&quot;0&quot;,&quot;title&quot;:&quot;&quot;,&quot;orientation&quot;:&quot;0&quot;}\" data-image-title=\"Fot. Roman Husarski\" data-image-description=\"\" data-image-caption=\"\" data-large-file=\"https:\/\/wloczykij.org\/blog\/wp-content\/uploads\/sites\/2\/2014\/09\/93960009-1000x663.jpg\" class=\"wp-image-998 size-large\" src=\"https:\/\/wloczykij.org\/blog\/wp-content\/uploads\/sites\/2\/2014\/09\/93960009.jpg\" alt=\"Fot. Roman Husarski\" srcset=\"https:\/\/wloczykij.org\/blog\/wp-content\/uploads\/sites\/2\/2014\/09\/93960009.jpg 1181w, https:\/\/wloczykij.org\/blog\/wp-content\/uploads\/sites\/2\/2014\/09\/93960009-1000x663.jpg 1000w, https:\/\/wloczykij.org\/blog\/wp-content\/uploads\/sites\/2\/2014\/09\/93960009-768x509.jpg 768w, https:\/\/wloczykij.org\/blog\/wp-content\/uploads\/sites\/2\/2014\/09\/93960009-920x610.jpg 920w, https:\/\/wloczykij.org\/blog\/wp-content\/uploads\/sites\/2\/2014\/09\/93960009-1024x679.jpg 1024w, https:\/\/wloczykij.org\/blog\/wp-content\/uploads\/sites\/2\/2014\/09\/93960009-300x199.jpg 300w\" sizes=\"auto, (max-width: 1181px) 100vw, 1181px\" \/><\/a><\/p>\n<p>* Pe\u0142na galeria analogowych zdj\u0119\u0107 z Korei do obejrzenia <a href=\"https:\/\/wloczykij.org\/korea-polnocna\/\">tu<\/a>.<\/p>\n","protected":false},"excerpt":{"rendered":"<p>* Pobyt w Korei Po\u0142udniowej, pog\u0142\u0119bione studiowanie propagandy KRLD i rozmowy z uciekinierami zmieni\u0142y moje pogl\u0105dy. Dzi\u015b nie zgadzam si\u0119 ze wszystkimi postawionymi tezami w tym tek\u015bcie.\u00a0(RH, 2017). Etyce podr\u00f3\u017cy do Korei P\u00f3\u0142nocnej po\u015bwi\u0119ci\u0142em r\u00f3wnie\u017c d\u0142u\u017cszy tekst (RH, 2018). Niewiele jest kraj\u00f3w, kt\u00f3rych sama nazwa wywo\u0142uje tak wiele negatywnych skojarze\u0144, jak Korea P\u00f3\u0142nocna. Wi\u0119kszo\u015b\u0107 zachodnich &hellip; <\/p>\n","protected":false},"author":1,"featured_media":996,"comment_status":"open","ping_status":"open","sticky":false,"template":"","format":"standard","meta":{"_jetpack_memberships_contains_paid_content":false,"footnotes":"","jetpack_publicize_message":"","jetpack_publicize_feature_enabled":true,"jetpack_social_post_already_shared":true,"jetpack_social_options":{"image_generator_settings":{"template":"highway","default_image_id":0,"font":"","enabled":false},"version":2}},"categories":[4,17],"tags":[154,54,174],"class_list":["post-984","post","type-post","status-publish","format-standard","has-post-thumbnail","hentry","category-o-podrozowaniu","category-korea-polnocna","tag-etyka","tag-festiwal-filmowy","tag-kino"],"yoast_head":"<!-- This site is optimized with the Yoast SEO plugin v27.5 - https:\/\/yoast.com\/product\/yoast-seo-wordpress\/ -->\n<title>Dlaczego pojecha\u0142em do Korei P\u00f3\u0142nocnej? - W\u0142\u00f3czykij - Roman Husarski<\/title>\n<meta name=\"robots\" content=\"index, follow, max-snippet:-1, max-image-preview:large, max-video-preview:-1\" \/>\n<link rel=\"canonical\" href=\"https:\/\/wloczykij.org\/blog\/2014\/09\/27\/dlaczego-pojechalem-do-korei-polnocnej\/\" \/>\n<meta property=\"og:locale\" content=\"pl_PL\" \/>\n<meta property=\"og:type\" content=\"article\" \/>\n<meta property=\"og:title\" content=\"Dlaczego pojecha\u0142em do Korei P\u00f3\u0142nocnej? - W\u0142\u00f3czykij - Roman Husarski\" \/>\n<meta property=\"og:description\" content=\"* Pobyt w Korei Po\u0142udniowej, pog\u0142\u0119bione studiowanie propagandy KRLD i rozmowy z uciekinierami zmieni\u0142y moje pogl\u0105dy. Dzi\u015b nie zgadzam si\u0119 ze wszystkimi postawionymi tezami w tym tek\u015bcie.\u00a0(RH, 2017). Etyce podr\u00f3\u017cy do Korei P\u00f3\u0142nocnej po\u015bwi\u0119ci\u0142em r\u00f3wnie\u017c d\u0142u\u017cszy tekst (RH, 2018). Niewiele jest kraj\u00f3w, kt\u00f3rych sama nazwa wywo\u0142uje tak wiele negatywnych skojarze\u0144, jak Korea P\u00f3\u0142nocna. Wi\u0119kszo\u015b\u0107 zachodnich &hellip;\" \/>\n<meta property=\"og:url\" content=\"https:\/\/wloczykij.org\/blog\/2014\/09\/27\/dlaczego-pojechalem-do-korei-polnocnej\/\" \/>\n<meta property=\"og:site_name\" content=\"W\u0142\u00f3czykij - Roman Husarski\" \/>\n<meta property=\"article:publisher\" content=\"https:\/\/www.facebook.com\/pages\/W%c5%82%c3%b3czykij\/282838631839707\" \/>\n<meta property=\"article:published_time\" content=\"2014-09-27T14:12:24+00:00\" \/>\n<meta property=\"article:modified_time\" content=\"2022-03-20T15:20:51+00:00\" \/>\n<meta property=\"og:image\" content=\"https:\/\/wloczykij.org\/blog\/wp-content\/uploads\/sites\/2\/2014\/09\/93960006.jpg\" \/>\n\t<meta property=\"og:image:width\" content=\"1181\" \/>\n\t<meta property=\"og:image:height\" content=\"783\" \/>\n\t<meta property=\"og:image:type\" content=\"image\/jpeg\" \/>\n<meta name=\"author\" content=\"Roman\" \/>\n<meta name=\"twitter:label1\" content=\"Napisane przez\" \/>\n\t<meta name=\"twitter:data1\" content=\"Roman\" \/>\n\t<meta name=\"twitter:label2\" content=\"Szacowany czas czytania\" \/>\n\t<meta name=\"twitter:data2\" content=\"6 minut\" \/>\n<script type=\"application\/ld+json\" class=\"yoast-schema-graph\">{\"@context\":\"https:\\\/\\\/schema.org\",\"@graph\":[{\"@type\":\"Article\",\"@id\":\"https:\\\/\\\/wloczykij.org\\\/blog\\\/2014\\\/09\\\/27\\\/dlaczego-pojechalem-do-korei-polnocnej\\\/#article\",\"isPartOf\":{\"@id\":\"https:\\\/\\\/wloczykij.org\\\/blog\\\/2014\\\/09\\\/27\\\/dlaczego-pojechalem-do-korei-polnocnej\\\/\"},\"author\":{\"name\":\"Roman\",\"@id\":\"https:\\\/\\\/wloczykij.org\\\/blog\\\/#\\\/schema\\\/person\\\/5715e17c214052b93c6c53e27ea498e5\"},\"headline\":\"Dlaczego pojecha\u0142em do Korei P\u00f3\u0142nocnej?\",\"datePublished\":\"2014-09-27T14:12:24+00:00\",\"dateModified\":\"2022-03-20T15:20:51+00:00\",\"mainEntityOfPage\":{\"@id\":\"https:\\\/\\\/wloczykij.org\\\/blog\\\/2014\\\/09\\\/27\\\/dlaczego-pojechalem-do-korei-polnocnej\\\/\"},\"wordCount\":1188,\"commentCount\":0,\"image\":{\"@id\":\"https:\\\/\\\/wloczykij.org\\\/blog\\\/2014\\\/09\\\/27\\\/dlaczego-pojechalem-do-korei-polnocnej\\\/#primaryimage\"},\"thumbnailUrl\":\"https:\\\/\\\/wloczykij.org\\\/blog\\\/wp-content\\\/uploads\\\/sites\\\/2\\\/2014\\\/09\\\/93960006.jpg\",\"keywords\":[\"etyka\",\"Festiwal Filmowy\",\"kino\"],\"articleSection\":[\"...O PODR\u00d3\u017bOWANIU...\",\"Korea P\u00f3\u0142nocna\"],\"inLanguage\":\"pl-PL\",\"potentialAction\":[{\"@type\":\"CommentAction\",\"name\":\"Comment\",\"target\":[\"https:\\\/\\\/wloczykij.org\\\/blog\\\/2014\\\/09\\\/27\\\/dlaczego-pojechalem-do-korei-polnocnej\\\/#respond\"]}]},{\"@type\":\"WebPage\",\"@id\":\"https:\\\/\\\/wloczykij.org\\\/blog\\\/2014\\\/09\\\/27\\\/dlaczego-pojechalem-do-korei-polnocnej\\\/\",\"url\":\"https:\\\/\\\/wloczykij.org\\\/blog\\\/2014\\\/09\\\/27\\\/dlaczego-pojechalem-do-korei-polnocnej\\\/\",\"name\":\"Dlaczego pojecha\u0142em do Korei P\u00f3\u0142nocnej? - W\u0142\u00f3czykij - Roman Husarski\",\"isPartOf\":{\"@id\":\"https:\\\/\\\/wloczykij.org\\\/blog\\\/#website\"},\"primaryImageOfPage\":{\"@id\":\"https:\\\/\\\/wloczykij.org\\\/blog\\\/2014\\\/09\\\/27\\\/dlaczego-pojechalem-do-korei-polnocnej\\\/#primaryimage\"},\"image\":{\"@id\":\"https:\\\/\\\/wloczykij.org\\\/blog\\\/2014\\\/09\\\/27\\\/dlaczego-pojechalem-do-korei-polnocnej\\\/#primaryimage\"},\"thumbnailUrl\":\"https:\\\/\\\/wloczykij.org\\\/blog\\\/wp-content\\\/uploads\\\/sites\\\/2\\\/2014\\\/09\\\/93960006.jpg\",\"datePublished\":\"2014-09-27T14:12:24+00:00\",\"dateModified\":\"2022-03-20T15:20:51+00:00\",\"author\":{\"@id\":\"https:\\\/\\\/wloczykij.org\\\/blog\\\/#\\\/schema\\\/person\\\/5715e17c214052b93c6c53e27ea498e5\"},\"breadcrumb\":{\"@id\":\"https:\\\/\\\/wloczykij.org\\\/blog\\\/2014\\\/09\\\/27\\\/dlaczego-pojechalem-do-korei-polnocnej\\\/#breadcrumb\"},\"inLanguage\":\"pl-PL\",\"potentialAction\":[{\"@type\":\"ReadAction\",\"target\":[\"https:\\\/\\\/wloczykij.org\\\/blog\\\/2014\\\/09\\\/27\\\/dlaczego-pojechalem-do-korei-polnocnej\\\/\"]}]},{\"@type\":\"ImageObject\",\"inLanguage\":\"pl-PL\",\"@id\":\"https:\\\/\\\/wloczykij.org\\\/blog\\\/2014\\\/09\\\/27\\\/dlaczego-pojechalem-do-korei-polnocnej\\\/#primaryimage\",\"url\":\"https:\\\/\\\/wloczykij.org\\\/blog\\\/wp-content\\\/uploads\\\/sites\\\/2\\\/2014\\\/09\\\/93960006.jpg\",\"contentUrl\":\"https:\\\/\\\/wloczykij.org\\\/blog\\\/wp-content\\\/uploads\\\/sites\\\/2\\\/2014\\\/09\\\/93960006.jpg\",\"width\":1181,\"height\":783},{\"@type\":\"BreadcrumbList\",\"@id\":\"https:\\\/\\\/wloczykij.org\\\/blog\\\/2014\\\/09\\\/27\\\/dlaczego-pojechalem-do-korei-polnocnej\\\/#breadcrumb\",\"itemListElement\":[{\"@type\":\"ListItem\",\"position\":1,\"name\":\"Strona g\u0142\u00f3wna\",\"item\":\"https:\\\/\\\/wloczykij.org\\\/blog\\\/\"},{\"@type\":\"ListItem\",\"position\":2,\"name\":\"Dlaczego pojecha\u0142em do Korei P\u00f3\u0142nocnej?\"}]},{\"@type\":\"WebSite\",\"@id\":\"https:\\\/\\\/wloczykij.org\\\/blog\\\/#website\",\"url\":\"https:\\\/\\\/wloczykij.org\\\/blog\\\/\",\"name\":\"W\u0142\u00f3czykij - Roman Husarski\",\"description\":\"\",\"potentialAction\":[{\"@type\":\"SearchAction\",\"target\":{\"@type\":\"EntryPoint\",\"urlTemplate\":\"https:\\\/\\\/wloczykij.org\\\/blog\\\/?s={search_term_string}\"},\"query-input\":{\"@type\":\"PropertyValueSpecification\",\"valueRequired\":true,\"valueName\":\"search_term_string\"}}],\"inLanguage\":\"pl-PL\"},{\"@type\":\"Person\",\"@id\":\"https:\\\/\\\/wloczykij.org\\\/blog\\\/#\\\/schema\\\/person\\\/5715e17c214052b93c6c53e27ea498e5\",\"name\":\"Roman\",\"image\":{\"@type\":\"ImageObject\",\"inLanguage\":\"pl-PL\",\"@id\":\"https:\\\/\\\/secure.gravatar.com\\\/avatar\\\/a4ad12ebb0eef153209fb3604f0a54cb2d9993a45803e045e020a86a4527c70b?s=96&d=mm&r=g\",\"url\":\"https:\\\/\\\/secure.gravatar.com\\\/avatar\\\/a4ad12ebb0eef153209fb3604f0a54cb2d9993a45803e045e020a86a4527c70b?s=96&d=mm&r=g\",\"contentUrl\":\"https:\\\/\\\/secure.gravatar.com\\\/avatar\\\/a4ad12ebb0eef153209fb3604f0a54cb2d9993a45803e045e020a86a4527c70b?s=96&d=mm&r=g\",\"caption\":\"Roman\"},\"url\":\"https:\\\/\\\/wloczykij.org\\\/blog\\\/author\\\/remus\\\/\"}]}<\/script>\n<!-- \/ Yoast SEO plugin. -->","yoast_head_json":{"title":"Dlaczego pojecha\u0142em do Korei P\u00f3\u0142nocnej? - W\u0142\u00f3czykij - Roman Husarski","robots":{"index":"index","follow":"follow","max-snippet":"max-snippet:-1","max-image-preview":"max-image-preview:large","max-video-preview":"max-video-preview:-1"},"canonical":"https:\/\/wloczykij.org\/blog\/2014\/09\/27\/dlaczego-pojechalem-do-korei-polnocnej\/","og_locale":"pl_PL","og_type":"article","og_title":"Dlaczego pojecha\u0142em do Korei P\u00f3\u0142nocnej? - W\u0142\u00f3czykij - Roman Husarski","og_description":"* Pobyt w Korei Po\u0142udniowej, pog\u0142\u0119bione studiowanie propagandy KRLD i rozmowy z uciekinierami zmieni\u0142y moje pogl\u0105dy. Dzi\u015b nie zgadzam si\u0119 ze wszystkimi postawionymi tezami w tym tek\u015bcie.\u00a0(RH, 2017). Etyce podr\u00f3\u017cy do Korei P\u00f3\u0142nocnej po\u015bwi\u0119ci\u0142em r\u00f3wnie\u017c d\u0142u\u017cszy tekst (RH, 2018). Niewiele jest kraj\u00f3w, kt\u00f3rych sama nazwa wywo\u0142uje tak wiele negatywnych skojarze\u0144, jak Korea P\u00f3\u0142nocna. Wi\u0119kszo\u015b\u0107 zachodnich &hellip;","og_url":"https:\/\/wloczykij.org\/blog\/2014\/09\/27\/dlaczego-pojechalem-do-korei-polnocnej\/","og_site_name":"W\u0142\u00f3czykij - Roman Husarski","article_publisher":"https:\/\/www.facebook.com\/pages\/W%c5%82%c3%b3czykij\/282838631839707","article_published_time":"2014-09-27T14:12:24+00:00","article_modified_time":"2022-03-20T15:20:51+00:00","og_image":[{"width":1181,"height":783,"url":"https:\/\/wloczykij.org\/blog\/wp-content\/uploads\/sites\/2\/2014\/09\/93960006.jpg","type":"image\/jpeg"}],"author":"Roman","twitter_misc":{"Napisane przez":"Roman","Szacowany czas czytania":"6 minut"},"schema":{"@context":"https:\/\/schema.org","@graph":[{"@type":"Article","@id":"https:\/\/wloczykij.org\/blog\/2014\/09\/27\/dlaczego-pojechalem-do-korei-polnocnej\/#article","isPartOf":{"@id":"https:\/\/wloczykij.org\/blog\/2014\/09\/27\/dlaczego-pojechalem-do-korei-polnocnej\/"},"author":{"name":"Roman","@id":"https:\/\/wloczykij.org\/blog\/#\/schema\/person\/5715e17c214052b93c6c53e27ea498e5"},"headline":"Dlaczego pojecha\u0142em do Korei P\u00f3\u0142nocnej?","datePublished":"2014-09-27T14:12:24+00:00","dateModified":"2022-03-20T15:20:51+00:00","mainEntityOfPage":{"@id":"https:\/\/wloczykij.org\/blog\/2014\/09\/27\/dlaczego-pojechalem-do-korei-polnocnej\/"},"wordCount":1188,"commentCount":0,"image":{"@id":"https:\/\/wloczykij.org\/blog\/2014\/09\/27\/dlaczego-pojechalem-do-korei-polnocnej\/#primaryimage"},"thumbnailUrl":"https:\/\/wloczykij.org\/blog\/wp-content\/uploads\/sites\/2\/2014\/09\/93960006.jpg","keywords":["etyka","Festiwal Filmowy","kino"],"articleSection":["...O PODR\u00d3\u017bOWANIU...","Korea P\u00f3\u0142nocna"],"inLanguage":"pl-PL","potentialAction":[{"@type":"CommentAction","name":"Comment","target":["https:\/\/wloczykij.org\/blog\/2014\/09\/27\/dlaczego-pojechalem-do-korei-polnocnej\/#respond"]}]},{"@type":"WebPage","@id":"https:\/\/wloczykij.org\/blog\/2014\/09\/27\/dlaczego-pojechalem-do-korei-polnocnej\/","url":"https:\/\/wloczykij.org\/blog\/2014\/09\/27\/dlaczego-pojechalem-do-korei-polnocnej\/","name":"Dlaczego pojecha\u0142em do Korei P\u00f3\u0142nocnej? - W\u0142\u00f3czykij - Roman Husarski","isPartOf":{"@id":"https:\/\/wloczykij.org\/blog\/#website"},"primaryImageOfPage":{"@id":"https:\/\/wloczykij.org\/blog\/2014\/09\/27\/dlaczego-pojechalem-do-korei-polnocnej\/#primaryimage"},"image":{"@id":"https:\/\/wloczykij.org\/blog\/2014\/09\/27\/dlaczego-pojechalem-do-korei-polnocnej\/#primaryimage"},"thumbnailUrl":"https:\/\/wloczykij.org\/blog\/wp-content\/uploads\/sites\/2\/2014\/09\/93960006.jpg","datePublished":"2014-09-27T14:12:24+00:00","dateModified":"2022-03-20T15:20:51+00:00","author":{"@id":"https:\/\/wloczykij.org\/blog\/#\/schema\/person\/5715e17c214052b93c6c53e27ea498e5"},"breadcrumb":{"@id":"https:\/\/wloczykij.org\/blog\/2014\/09\/27\/dlaczego-pojechalem-do-korei-polnocnej\/#breadcrumb"},"inLanguage":"pl-PL","potentialAction":[{"@type":"ReadAction","target":["https:\/\/wloczykij.org\/blog\/2014\/09\/27\/dlaczego-pojechalem-do-korei-polnocnej\/"]}]},{"@type":"ImageObject","inLanguage":"pl-PL","@id":"https:\/\/wloczykij.org\/blog\/2014\/09\/27\/dlaczego-pojechalem-do-korei-polnocnej\/#primaryimage","url":"https:\/\/wloczykij.org\/blog\/wp-content\/uploads\/sites\/2\/2014\/09\/93960006.jpg","contentUrl":"https:\/\/wloczykij.org\/blog\/wp-content\/uploads\/sites\/2\/2014\/09\/93960006.jpg","width":1181,"height":783},{"@type":"BreadcrumbList","@id":"https:\/\/wloczykij.org\/blog\/2014\/09\/27\/dlaczego-pojechalem-do-korei-polnocnej\/#breadcrumb","itemListElement":[{"@type":"ListItem","position":1,"name":"Strona g\u0142\u00f3wna","item":"https:\/\/wloczykij.org\/blog\/"},{"@type":"ListItem","position":2,"name":"Dlaczego pojecha\u0142em do Korei P\u00f3\u0142nocnej?"}]},{"@type":"WebSite","@id":"https:\/\/wloczykij.org\/blog\/#website","url":"https:\/\/wloczykij.org\/blog\/","name":"W\u0142\u00f3czykij - Roman Husarski","description":"","potentialAction":[{"@type":"SearchAction","target":{"@type":"EntryPoint","urlTemplate":"https:\/\/wloczykij.org\/blog\/?s={search_term_string}"},"query-input":{"@type":"PropertyValueSpecification","valueRequired":true,"valueName":"search_term_string"}}],"inLanguage":"pl-PL"},{"@type":"Person","@id":"https:\/\/wloczykij.org\/blog\/#\/schema\/person\/5715e17c214052b93c6c53e27ea498e5","name":"Roman","image":{"@type":"ImageObject","inLanguage":"pl-PL","@id":"https:\/\/secure.gravatar.com\/avatar\/a4ad12ebb0eef153209fb3604f0a54cb2d9993a45803e045e020a86a4527c70b?s=96&d=mm&r=g","url":"https:\/\/secure.gravatar.com\/avatar\/a4ad12ebb0eef153209fb3604f0a54cb2d9993a45803e045e020a86a4527c70b?s=96&d=mm&r=g","contentUrl":"https:\/\/secure.gravatar.com\/avatar\/a4ad12ebb0eef153209fb3604f0a54cb2d9993a45803e045e020a86a4527c70b?s=96&d=mm&r=g","caption":"Roman"},"url":"https:\/\/wloczykij.org\/blog\/author\/remus\/"}]}},"jetpack_publicize_connections":[],"jetpack_featured_media_url":"https:\/\/wloczykij.org\/blog\/wp-content\/uploads\/sites\/2\/2014\/09\/93960006.jpg","jetpack_sharing_enabled":true,"_links":{"self":[{"href":"https:\/\/wloczykij.org\/blog\/wp-json\/wp\/v2\/posts\/984","targetHints":{"allow":["GET"]}}],"collection":[{"href":"https:\/\/wloczykij.org\/blog\/wp-json\/wp\/v2\/posts"}],"about":[{"href":"https:\/\/wloczykij.org\/blog\/wp-json\/wp\/v2\/types\/post"}],"author":[{"embeddable":true,"href":"https:\/\/wloczykij.org\/blog\/wp-json\/wp\/v2\/users\/1"}],"replies":[{"embeddable":true,"href":"https:\/\/wloczykij.org\/blog\/wp-json\/wp\/v2\/comments?post=984"}],"version-history":[{"count":5,"href":"https:\/\/wloczykij.org\/blog\/wp-json\/wp\/v2\/posts\/984\/revisions"}],"predecessor-version":[{"id":3910,"href":"https:\/\/wloczykij.org\/blog\/wp-json\/wp\/v2\/posts\/984\/revisions\/3910"}],"wp:featuredmedia":[{"embeddable":true,"href":"https:\/\/wloczykij.org\/blog\/wp-json\/wp\/v2\/media\/996"}],"wp:attachment":[{"href":"https:\/\/wloczykij.org\/blog\/wp-json\/wp\/v2\/media?parent=984"}],"wp:term":[{"taxonomy":"category","embeddable":true,"href":"https:\/\/wloczykij.org\/blog\/wp-json\/wp\/v2\/categories?post=984"},{"taxonomy":"post_tag","embeddable":true,"href":"https:\/\/wloczykij.org\/blog\/wp-json\/wp\/v2\/tags?post=984"}],"curies":[{"name":"wp","href":"https:\/\/api.w.org\/{rel}","templated":true}]}}